{"id":117673,"date":"2024-06-13T08:15:56","date_gmt":"2024-06-13T06:15:56","guid":{"rendered":"https:\/\/wobronietradycjiiwiary.com\/?p=117673"},"modified":"2025-02-10T11:14:45","modified_gmt":"2025-02-10T10:14:45","slug":"13-go-czerwca-zywot-swietego-antoniego-z-padwy-2-2-2","status":"publish","type":"post","link":"https:\/\/wobronietradycjiiwiary.com\/en\/13-go-czerwca-zywot-swietego-antoniego-z-padwy-2-2-2\/","title":{"rendered":"13-go Czerwca. \u017bywot \u015bwi\u0119tego Antoniego z Padwy."},"content":{"rendered":"<div id=\"bsf_rt_marker\"><\/div>\n<p class=\"has-text-align-center wp-block-paragraph\"><em>(\u017by\u0142 oko\u0142o roku Pa\u0144skiego 1231).<\/em><\/p>\n\n\n\n<figure class=\"wp-block-image\"><a href=\"https:\/\/pl.wikisource.org\/wiki\/Plik:%C5%BBywoty_%C5%9Bw._Pa%C5%84skich_na_wszystkie_dnie_roku-Inicja%C5%82-B.png\"><img decoding=\"async\" src=\"https:\/\/upload.wikimedia.org\/wikipedia\/commons\/thumb\/7\/72\/%C5%BBywoty_%C5%9Bw._Pa%C5%84skich_na_wszystkie_dnie_roku-Inicja%C5%82-B.png\/55px-%C5%BBywoty_%C5%9Bw._Pa%C5%84skich_na_wszystkie_dnie_roku-Inicja%C5%82-B.png\" alt=\"B\"\/><\/a><\/figure>\n\n\n\n<p class=\"has-text-align-justify wp-block-paragraph\">By\u0142o to w roku 1230, w\u0142a\u015bnie gdy Papie\u017c Grzegorz XI udzieli\u0142 og\u00f3lnego odpustu tym wszystkim, kt\u00f3rzy odb\u0119d\u0105 wypraw\u0119 krzy\u017cow\u0105 do Ziemi \u015bwi\u0119tej. Chrze\u015bcijanie ze wszystkich kraj\u00f3w: Grecy, Francuzi, Hiszpanie, Niemcy, Anglicy, Szwajcarzy, Szkoci, S\u0142owianie i W\u0119grzy przybyli do Rzymu, \u00f3wczesnej stolicy \u015bwiata chrze\u015bcija\u0144skiego, a wszystkim, na \u017cyczenie Papie\u017ca, g\u0142osi\u0142 kazania i nauki Franciszkanin pi\u0119knej postaci, g\u0142osem silnym i pe\u0142nym, to mi\u0119kkim i d\u017awi\u0119cznym jak dzwon srebrny, to pe\u0142nym si\u0142y jakby grzmotu pot\u0119g\u0105 wzruszaj\u0105c serca s\u0142uchaczy. M\u00f3wi\u0142 j\u0119zykiem \u0142aci\u0144skim, a wszyscy go rozumieli. M\u0119\u017cem tym, zakonnikiem ubogim, by\u0142 \u015bw. Antoni.<\/p>\n\n\n\n<p class=\"has-text-align-justify wp-block-paragraph\">Urodzi\u0142 si\u0119 on w Lizbonie, stolicy Portugalskiej w roku 1195 z rodzic\u00f3w maj\u0119tnych. Otrzymawszy w domu troskliwe wychowanie, maj\u0105c lat 15 wst\u0105pi\u0142 do klasztoru Augustyan\u00f3w w pobli\u017cu miasta rodzinnego. Tam z ca\u0142ym zapa\u0142em oddawa\u0142 si\u0119 dalszym naukom a przytem i szczerej, nabo\u017cnej modlitwie. Z powodu licznych odwiedzin krewnych, uwa\u017ca\u0142 czas z nimi sp\u0119dzony za stracony dla przysz\u0142ego zbawienia, prosi\u0142 przeto, aby go przeniesiono do klasztoru wi\u0119cej oddalonego, do Koimbry. W tym w\u0142a\u015bnie czasie chowano uroczy\u015bcie w owym klasztorze \u015bwi\u0119te Cia\u0142a pierwszych pi\u0119ciu M\u0119cznnik\u00f3w zakonu \u015bw. Franciszka, kt\u00f3rych niedawno poganie zabili na misyi w Maroku.&nbsp;<a href=\"https:\/\/pl.wikisource.org\/wiki\/Plik:%C5%BBywoty_%C5%9Bw._Pa%C5%84skich_na_wszystkie_dnie_roku-picture_after_p._592.jpg\"><\/a><a href=\"https:\/\/pl.wikisource.org\/wiki\/Plik:%C5%BBywoty_%C5%9Bw._Pa%C5%84skich_na_wszystkie_dnie_roku-picture_after_p._592.jpg\"><\/a>\u015aw. Antoni Padewski.Widok tych M\u0119czennik\u00f3w \u015bwi\u0119tych zapali\u0142 23-letniego Ferdynanda \u2014 gdy\u017c takie imi\u0119 na Chrzcie \u015bwi\u0119tym otrzyma\u0142 \u2014 i zawo\u0142a\u0142: \u201eO gdybym i ja m\u00f3g\u0142 by\u0107 M\u0119czennikiem, i odda\u0107 \u017cycie za Pana Jezusa!\u201c Tem pragnieniem powodowany, wyprosi\u0142 sobie, aby mu pozwolono wst\u0105pi\u0107 do zakonu Franciszkan\u00f3w. Tam dano mu ubog\u0105 sukni\u0119 zakonn\u0105 i z ni\u0105 razem imi\u0119 Antoniego, s\u0142awnego na ca\u0142y \u015bwiat chrze\u015bcija\u0144ski Pustelnika, kt\u00f3rego wiernym mia\u0142 zosta\u0107 na\u015bladowc\u0105. Po kilku latach pokutniczego i nader pobo\u017cnego \u017cycia wyjedna\u0142 sobie, \u017ce mu pozwolono uda\u0107 si\u0119 do Afryki i tam g\u0142osi\u0107 Ewangeli\u0119 \u015bwi\u0119t\u0105. Pe\u0142en rado\u015bci i odwagi uda\u0142 si\u0119 w podr\u00f3\u017c, ale ci\u0119\u017cka choroba zniewoli\u0142a go do powrotu, a burza zap\u0119dzi\u0142a okr\u0119t do Sycylii. Ci\u0119\u017cko chory doszed\u0142 do Assy\u017cu, powodowany gor\u0105cem pragnieniem poznania osobi\u015bcie \u015bw. zakonnika Franciszka i zbudowania si\u0119 jego \u015bwi\u0119tobliwem \u017cyciem. Ten pozwoli\u0142 mu pozosta\u0107 we W\u0142oszech, ale \u017caden klasztor nie chcia\u0142 go przyj\u0105\u0107, gdy\u017c by\u0142 bardzo chory i s\u0142abowity, a po wt\u00f3re nie znano jego nauki i \u015bwi\u0119tobliwo\u015bci. Z wielk\u0105 wszak\u017ce trudno\u015bci\u0105 uzyska\u0142 ciasn\u0105, ubog\u0105 cel\u0119 w klasztorze w Bolonii. Tam odda\u0142 si\u0119 Antoni ca\u0142kiem rozmy\u015blaniom i tak by\u0142 pokornym i cichym, \u017ce go uwa\u017cano za pobo\u017cnego wprawdzie braciszka zakonnika, ale nie miano wielkiego zaufania do jego rozumu. Atoli wkr\u00f3tce si\u0119 przekonano o pomy\u0142ce.<br>.<\/p>\n\n\n\n<p class=\"has-text-align-justify wp-block-paragraph\">\u2009We Forli zebra\u0142o si\u0119 wielu m\u0142odych Franciszkan\u00f3w i Dominikan\u00f3w, w celu uzyskania \u015bwi\u0119ce\u0144 kap\u0142a\u0144skich. Gwardyan z Bolonii zabra\u0142 Antoniego z sob\u0105, a pewnego dnia po wieczerzy \u017c\u0105da\u0142, a\u017ceby kt\u00f3rykolwiek z tych m\u0142odzie\u0144c\u00f3w mia\u0142 przemow\u0119, atoli wszyscy uniewinniali si\u0119, \u017ce nie byli przygotowani. Wtedy gwardyan, nie maj\u0105c wielkiego zaufania do Antoniego, za\u017c\u0105da\u0142, tak tylko dla \u017cartu, aby on przem\u00f3wi\u0142. Antoni us\u0142ucha\u0142 rozkazu prze\u0142o\u017conego z wszelk\u0105 pokor\u0105 i przem\u00f3wi\u0142 do zebranych \u2014 ale z takim talentem, wymow\u0105 i gruntowno\u015bci\u0105, \u017ce wszyscy obecni podziwem przej\u0119ci, os\u0142upieli. Przytem prawi\u0142 Antoni tak pi\u0119knym i wybornym j\u0119zykiem w\u0142oskim, \u017ce podziw doszed\u0142 do najwy\u017cszego stopnia, a gwardyan, uniesiony tym niezwyk\u0142ym talentem, u\u015bciska\u0142 go czule i wys\u0142a\u0142 nast\u0119pnie do Verceli na dalsz\u0105 nauk\u0119 Teologii \u015bwi\u0119tej. Tam przeby\u0142 Antoni cztery lata, a potem z wielkiem odznaczeniem by\u0142 nauczycielem religii w zakonie. P\u00f3\u017aniej zosta\u0142 misyonarzem i jako taki chodzi\u0142 od wsi do wsi, od miasta do miasta po W\u0142oszech i Francyi Po\u0142udniowej. Najcz\u0119\u015bciej miewa\u0142 kazania i nauki pod go\u0142em Niebem, kt\u00f3re tak by\u0142y ciekawe i pe\u0142ne g\u0142\u0119bokiej nauki, \u017ce lud na nie t\u0142umnie \u015bpieszy\u0142 i \u017caden ko\u015bci\u00f3\u0142 zebranych nie pomie\u015bci\u0142. Cz\u0119sto do trzydziestu tysi\u0119cy nabo\u017cnych s\u0142ucha\u0142o jego kazania z nat\u0119\u017con\u0105 uwag\u0105. Szczeg\u00f3lniej pot\u0119ga wymowy jego podzia\u0142a\u0142a na Ezzelina, dow\u00f3dc\u0119 Gibellin\u00f3w w Po\u0142udniowych W\u0142oszech, kt\u00f3ry wiele miast zdoby\u0142 i przez lat pi\u0119tna\u015bcie odznacza\u0142 si\u0119 wielkiem okrucie\u0144stwem na wz\u00f3r Nerona. Antoni powodowany lito\u015bci\u0105 nad dusz\u0105 tego tyrana, przy\u015bpieszy\u0142 podr\u00f3\u017c do Werony. Spotkawszy owego&nbsp;zuchwalca, kt\u00f3ry si\u0119 \u015bmia\u0142 i szydzi\u0142 z Papie\u017ca, \u017ce go z Ko\u015bcio\u0142a wykl\u0105\u0142, stan\u0105\u0142 Antoni przed nim bez obawy i odezwa\u0142 si\u0119 do niego: \u201eJak d\u0142ugo jeszcze b\u0119dziesz Niebo zniewa\u017ca\u0142? Czy s\u0105dzisz, \u017ce ucho Boskie jest nieczu\u0142e na okrzyki zemsty za krew przez ciebie wylan\u0105? Miara zbrodni twoich ju\u017c przepe\u0142niona a B\u00f3g skruszy ci\u0119 i w niwecz obr\u00f3ci, gdy natychmiast \u017ca\u0142owa\u0107 nie b\u0119dziesz za zbrodnie twoje i nie b\u0119dziesz si\u0119 stara\u0142 zmaza\u0107 ich \u017cyciem pe\u0142nem pokuty. S\u0142uchaj g\u0142osu mojego, m\u00f3j g\u0142os jest g\u0142osem Boga!\u201c S\u0142uchacze byli pewni, \u017ce Ezzelin na Antonim za te odwa\u017cne s\u0142owa krwaw\u0105 wywrze zemst\u0119, ale ku zdziwieniu wszystkich zuchwalec \u00f3w zst\u0105pi\u0142 z tronu, na kt\u00f3rym siedzia\u0142, w\u0142o\u017cy\u0142 sobie pasek pokutniczy na szyj\u0119, ukl\u0105k\u0142 przed Antonim, uzna\u0142 swe winy, przyrzek\u0142 popraw\u0119, a potem odezwa\u0142 si\u0119 do towarzysz\u00f3w: \u201eNie dziwcie si\u0119 temu, co teraz uczyni\u0142em; spostrzeg\u0142em twarz tego m\u0119\u017ca otoczon\u0105 takim blaskiem niebieskim, \u017ce strach mnie ogarn\u0105\u0142 i s\u0105dzi\u0142em, i\u017c przed jego wzrokiem przenikliwym wypada mi ukry\u0107 si\u0119 w g\u0142\u0119binach piek\u0142a; zdawa\u0142o mi si\u0119 tak\u017ce, i\u017c czarci ju\u017c mnie tamdot\u0105d porywaj\u0105.\u201c I nawr\u00f3ci\u0142 si\u0119 zupe\u0142nie, staraj\u0105c si\u0119 potem wynagrodzi\u0107 wyrz\u0105dzone krzywdy.<\/p>\n\n\n\n<p class=\"has-text-align-justify wp-block-paragraph\">Na\u00f3wczas szkodzi\u0142y Ko\u015bcio\u0142owi \u015bwi\u0119temu tak\u017ce liczne sekty odszczepie\u0144c\u00f3w, a g\u0142\u00f3wnie owa, kt\u00f3ra przeczy\u0142a, \u017ce Jezus Chrystus jest obecnym w Przenaj\u015bwi\u0119tszym Sakramencie O\u0142tarza. Jednego z g\u0142\u00f3wnych kacerzy, Bonovila, przekona\u0142 Antoni o b\u0142\u0119dzie, w jakim ten si\u0119 znajdowa\u0142; ten wszak\u017ce tak jeszcze by\u0142 zatwardzia\u0142ym, \u017ce o\u015bwiadczy\u0142, i\u017c dopiero wtedy uwierzy, skoro spostrze\u017ce, i\u017c mu\u0142, na kt\u00f3rym siedzia\u0142, upadnie na kolana na widok Hostyi Przenaj\u015bwi\u0119tszej. Antoni nic na to nie odrzek\u0142; za trzy dni mia\u0142o si\u0119 pokaza\u0107, co mu\u0142 uczyni. Bonovil przez ca\u0142y ten czas mu\u0142owi nie da\u0142 ani \u017ad\u017ab\u0142a obroku, a potem, kiedy Antoni otoczony licznym t\u0142umem ludu zbli\u017ca\u0142 si\u0119 z Sakramentem \u015bw., poda\u0142 mu\u0142owi to, co najch\u0119tniej \u017car\u0142, mu\u0142 wszak\u017ce obroku nie tkn\u0105\u0142, lecz pad\u0142 na kolana, a \u0142eb schyli\u0142 do ziemi, niejako w uznaniu Stw\u00f3rcy swego. Z wielkim zapa\u0142em s\u0142awi\u0142 lud zebrany pot\u0119g\u0119 Boga utajonego w Przenaj\u015bwi\u0119tszej Hostyi, a Bonovil natychmiast si\u0119 nawr\u00f3ci\u0142, zawstydzony, \u017ce mu\u0142 jego by\u0142 od niego rozs\u0105dniejszym.<\/p>\n\n\n\n<p class=\"has-text-align-justify wp-block-paragraph\">Miasto Rimini by\u0142o g\u0142\u00f3wnem siedliskiem kacerzy; Antoni chcia\u0142 im prawd\u0119 g\u0142osi\u0107 ale mieszczanie zatykali uszy. Pe\u0142en smutku poszed\u0142 na brzeg morza i zawo\u0142a\u0142: \u201ePoka\u017ccie si\u0119 ryby moje i s\u0142uchajcie S\u0142owa Bo\u017cego, gdy zatwardziali ludzie s\u0142ysze\u0107 go nie chc\u0105!\u201c Natychmiast wielkie i ma\u0142e ryby powytyka\u0142y \u0142by z wody i s\u0142ucha\u0142y, jak \u015awi\u0119ty modli\u0142 si\u0119 i b\u0142aga\u0142 Stw\u00f3rcy o nawr\u00f3cenie niewiernych, poczem ryby pob\u0142ogos\u0142awi\u0142, a one zn\u00f3w w morze si\u0119 pochowa\u0142y. Tym cudem zawstydzeni odszczepie\u0144cy s\u0142uchali odt\u0105d \u015awi\u0119tego gorliwie i wielu si\u0119 nawr\u00f3ci\u0142o.<\/p>\n\n\n\n<p class=\"has-text-align-justify wp-block-paragraph\">Czynami swymi zas\u0142u\u017cy\u0142 sobie \u015bwi\u0119ty Antoni na nazw\u0119 \u201eM\u0142ota na odszczepie\u0144c\u00f3w\u201c, a sam dalej pracowa\u0142 usilnie na drodze w\u0142asnego zbawienia. Ca\u0142e noce przep\u0119dza\u0142 na modlitwie przed Sakramentem O\u0142tarza i zadawa\u0142 sobie \u0107wiczenia pokutnicze, jakkolwiek i cierpieniami Pan B\u00f3g go nawiedza\u0142.<\/p>\n\n\n\n<p class=\"has-text-align-justify wp-block-paragraph\">Gdy Eliasz, genera\u0142 zakonu a nast\u0119pca \u015bwi\u0119tego Franciszka, w urz\u0105dzeniu zakonu zmiany chcia\u0142 poczyna\u0107 i niekt\u00f3re zaprowadzi\u0107 nadu\u017cycia, natenczas Antoni zgani\u0142 to wszystko i g\u0142osowa\u0142 za dawnym porz\u0105dkiem. Za to od lekkomy\u015blniejszych braci zakonnych nazwany wichrzycielem, sponiewierany zosta\u0142 i zamkni\u0119ty w celi na do\u017cywotne wi\u0119zienie. Atoli Papie\u017c Grzegorz IX uj\u0105\u0142 si\u0119 za niewinnym i Eliaszowi w\u0142adz\u0119 nad zakonem odebra\u0142.<\/p>\n\n\n\n<p class=\"has-text-align-justify wp-block-paragraph\">Antoni na pro\u015bby swe otrzyma\u0142 od Papie\u017ca \u0142ask\u0119, \u017ce nie wolno by\u0142o zmusza\u0107 go do przyj\u0119cia jakiegokolwiek urz\u0119du w klasztorze; chocia\u017c \u0142atwo m\u00f3g\u0142 by\u0107 genera\u0142em zakonu, uczyni\u0142 to z prawdziwej pokory, \u017ce nie chcia\u0142 wywy\u017cszenia nad innymi. Uda\u0142 si\u0119 potem na wi\u0119ksz\u0105 samotno\u015b\u0107 do klasztoru w Padwie i tam po kilku miesi\u0105cach zako\u0144czy\u0142 \u017cywot doczesny dnia 13 czerwca roku 1231. Nad grobem jego dzia\u0142o si\u0119 du\u017co cud\u00f3w.<\/p>\n\n\n\n<p class=\"has-text-align-justify wp-block-paragraph\">Ju\u017c w rok po \u015bmierci Ko\u015bci\u00f3\u0142 \u015bwi\u0119ty uzna\u0142 go za \u015awi\u0119tego, a miasto Padwa na uczczenie jego zbudowa\u0142o wspania\u0142y ko\u015bci\u00f3\u0142. Przy przenoszeniu Relikwii \u015bwi\u0119tych do nowego ko\u015bcio\u0142a znaleziono cia\u0142o spr\u00f3chnia\u0142e, ale j\u0119zyk jakby u \u017cywego cz\u0142owieka. Na widok&nbsp;tego cudu genera\u0142 zakonu \u015bw. Franciszka, \u015bw. Bonawentura, ukl\u0105k\u0142 z ca\u0142ym zebranym ludem i s\u0142awi\u0142 \u015awi\u0119tego. \u2014 J\u0119zyk ten \u015awi\u0119tego jest najwi\u0119ksz\u0105 relikwi\u0105 Padwy.<\/p>\n\n\n\n<p class=\"has-text-align-justify wp-block-paragraph\"><br><strong>Nauka moralna.<\/strong><\/p>\n\n\n\n<p class=\"wp-block-paragraph\">\u2009Kimkolwiek jeste\u015b, duszo chrze\u015bcija\u0144ska, m\u0119\u017cczyzn\u0105 czy niewiast\u0105, panem czy s\u0142ug\u0105, uczonym czy prostaczkiem, zdrowym czy chorym, m\u0142odym czy starym, nie koniecznie masz by\u0107 wielkim kaznodziej\u0105 lub uczonym teologiem, ale za to ka\u017cdemu z nas w ka\u017cdym stanie udzieli\u0142 Pan B\u00f3g w j\u0119zyku w\u0142adzy, kt\u00f3rej u\u017cy\u0107 mo\u017cemy na chwa\u0142\u0119 Boga lub na pot\u0119pienie wieczne. Z tego powodu trzymaj zawsze j\u0119zyk na wodzy, albowiem tym cz\u0142onkiem cia\u0142a zdzia\u0142a\u0107 mo\u017cesz wiele z\u0142ego i zgorszenie wywo\u0142a\u0107 w bli\u017anich.<br>\u2009\u015awi\u0119ty Antoni niechaj wszystkim s\u0142u\u017cy za przyk\u0142ad; przemawia\u0142 on tylko wtedy, gdy B\u00f3g mu przez prze\u0142o\u017conych przemawia\u0107 pozwoli\u0142. J\u0119zyka natomiast u\u017cywa\u0142 tylko na s\u0142aw\u0119 i cze\u015b\u0107 Boga i na zjednanie Mu wyznawc\u00f3w. My tak samo czyni\u0107 mo\u017cemy i pokaza\u0107 bli\u017anim, \u017ce mamy serce czyste, a to ich poci\u0105gnie ku dobremu. W j\u0119zyku cz\u0142owiek ma wielk\u0105 pot\u0119g\u0119, niechaj Jej zatem u\u017cywa tylko do cel\u00f3w szlachetnych i zbawiennych.<br><strong>Modlitwa.<\/strong><\/p>\n\n\n\n<p class=\"wp-block-paragraph\">\u2009Ko\u015bci\u00f3\u0142 Tw\u00f3j, Bo\u017ce, niech uroczysto\u015b\u0107 \u015bwi\u0119tego Antoniego, Wyznawcy Twojego, rozwesela, aby\u015bmy duchownemi pomocami zawsze byli wsparci i wys\u0142u\u017cyli sobie wieczne wesele w Niebie. Przez Pana naszego Jezusa Chrystusa. Amen.<\/p>\n\n\n\n<figure class=\"wp-block-table\"><table><tbody><tr><td>\u2217&nbsp;&nbsp;&nbsp;&nbsp;&nbsp;&nbsp;&nbsp;&nbsp;&nbsp;&nbsp;&nbsp;&nbsp;&nbsp;&nbsp;&nbsp;&nbsp;&nbsp;&nbsp;&nbsp;&nbsp;\u2217<br>\u2217<\/td><\/tr><\/tbody><\/table><\/figure>\n\n\n\n<p class=\"wp-block-paragraph\">\u2009<em>Opr\u00f3cz tego obchodzi Ko\u015bci\u00f3\u0142 \u015bwi\u0119ty pami\u0105tk\u0119 nast\u0119puj\u0105cych \u015awi\u0119tych Pa\u0144skich, zamieszczonych w rzymskiem martyrologium:<\/em><\/p>\n\n\n\n<p class=\"wp-block-paragraph\">\u2009<strong>Dnia 13-go czerwca<\/strong>&nbsp;w Padwie uroczysty obch\u00f3d \u015bw.&nbsp;Antoniego&nbsp;z Portugalii, Wyznawcy z zakonu Franciszkan\u00f3w; \u017cycie jego, cuda oraz si\u0142a kaza\u0144 jego uczyni\u0142y go daleko s\u0142awnym. \u2014 W Rzymie przy Via Ardeatina \u015bmier\u0107 m\u0119cze\u0144ska \u015bw.&nbsp;Feliculi, Dziewicy. Poniewa\u017c wzbrania\u0142a si\u0119 poj\u0105\u0107 niejakiego Flakusa za m\u0119\u017ca i bogom ofiarowa\u0107, zosta\u0142a oddan\u0105 s\u0119dziemu, kt\u00f3ry dla sta\u0142o\u015bci jej w wierze kaza\u0142 j\u0105 wrzuci\u0107 do ciemnego wi\u0119zienia, g\u0142odem obra\u0107 z si\u0142 i tak d\u0142ugo m\u0119czy\u0107 na torturach, a\u017c ducha wyzion\u0119\u0142a. \u015awi\u0119te jej cia\u0142o wrzucono do ust\u0119pu, lecz \u015bw. Nikomed wydoby\u0142 je stamt\u0105d i pogrzeba\u0142 przy wspomnianej drodze. \u2014 W Afryce pami\u0105tka \u015bw. M\u0119czennik\u00f3w&nbsp;Fortunta i Lucyana. \u2014 W Byblus w Palestynie m\u0119cze\u0144stwo \u015bw.&nbsp;Akwiliny, Dziewicy. Zaledwie w wieku dwunastu lat dr\u0119czono j\u0105 za Dyoklecyana przed s\u0119dzi\u0105 Woluzyanem dla wierno\u015bci w wierze najpierw uderzeniami pi\u0119\u015bci i dyscypliny, potem k\u0142uto rozpalonymi kolcami \u017celaznymi, a wreszcie \u015bci\u0119to. Tak zyska\u0142a opr\u00f3cz wie\u0144ca dziewiczego i koron\u0119 m\u0119cze\u0144sk\u0105. \u2014 Pod San Vittorino m\u0119cze\u0144stwo \u015bwi\u0119tego Biskupa&nbsp;Peregryna, kt\u00f3rego Longobardowie dla wiary katolickiej wtr\u0105cili do Peskary. \u2014 W Kordowie \u015bmier\u0107 m\u0119cze\u0144ska \u015bw.&nbsp;Fandila, Kap\u0142ana i Mnicha, kt\u00f3ry w prze\u015bladowaniu mauryta\u0144skiem wyla\u0142 krew sw\u0105 za wiar\u0119 Chrystusa. \u2014 Na Cyprze pami\u0105tka \u015bw.&nbsp;Trifylliusa, Biskupa.<\/p>","protected":false},"excerpt":{"rendered":"<p>\u017bywot \u015bw. Antoniego dowodzi, \u017ce trzeba wielkiej wytrwa\u0142o\u015bci w odkryciu i realizacji w\u0142asnego powo\u0142ania. Tak\u017ce \u015bw. Antonii nie trafi\u0142 za pierwszym razem, bo by\u0142by zosta\u0142 kanonikiem \u015bw. Augustyna, a i \u017caden klasztor franciszka\u0144ski nie chcia\u0142 go przyj\u0105\u0107, chocia\u017c pozna\u0142 samego \u015bw. Franciszka. Pan B\u00f3g chcia\u0142 go wypr\u00f3bowa\u0107, czy naprawd\u0119 mu zale\u017cy.<\/p>","protected":false},"author":60508433,"featured_media":49012,"comment_status":"open","ping_status":"open","sticky":false,"template":"","format":"standard","meta":{"_bbp_topic_count":0,"_bbp_reply_count":0,"_bbp_total_topic_count":0,"_bbp_total_reply_count":0,"_bbp_voice_count":0,"_bbp_anonymous_reply_count":0,"_bbp_topic_count_hidden":0,"_bbp_reply_count_hidden":0,"_bbp_forum_subforum_count":0,"_editorskit_title_hidden":false,"_editorskit_reading_time":0,"_editorskit_is_block_options_detached":false,"_editorskit_block_options_position":"{}","_coblocks_attr":"","_coblocks_dimensions":"","_coblocks_responsive_height":"","_coblocks_accordion_ie_support":"","_exactmetrics_skip_tracking":false,"_jetpack_newsletter_access":"","_jetpack_dont_email_post_to_subs":false,"_jetpack_newsletter_tier_id":0,"_jetpack_memberships_contains_paywalled_content":false,"_wpcom_ai_launchpad_first_post":false,"_jetpack_feature_clip_id":0,"_jetpack_memberships_contains_paid_content":false,"footnotes":"","jetpack_publicize_message":"{title}\n\n{excerpt}\n\n{url}","jetpack_publicize_feature_enabled":true,"jetpack_social_post_already_shared":true,"jetpack_social_options":{"image_generator_settings":{"template":"highway","default_image_id":0,"font":"","enabled":false},"version":2},"_wpas_customize_per_network":false,"jetpack_post_was_ever_published":false},"categories":[610131821,610131184,336375535],"tags":[],"class_list":["post-117673","post","type-post","status-publish","format-standard","has-post-thumbnail","hentry","category-swieta-w-czerwcu","category-duchowosc","category-liturgia-i-liturgika"],"yoast_head":"<!-- This site is optimized with the Yoast SEO plugin v28.4 - https:\/\/yoast.com\/product\/yoast-seo-wordpress\/ -->\n<title>13-go Czerwca. \u017bywot \u015bwi\u0119tego Antoniego z Padwy. - Tradycja i Wiara<\/title>\n<meta name=\"robots\" content=\"index, follow, max-snippet:-1, max-image-preview:large, max-video-preview:-1\" \/>\n<link rel=\"canonical\" href=\"https:\/\/wobronietradycjiiwiary.com\/en\/13-go-czerwca-zywot-swietego-antoniego-z-padwy-2-2-2\/\" \/>\n<meta property=\"og:locale\" content=\"en_US\" \/>\n<meta property=\"og:type\" content=\"article\" \/>\n<meta property=\"og:title\" content=\"13-go Czerwca. \u017bywot \u015bwi\u0119tego Antoniego z Padwy. - Tradycja i Wiara\" \/>\n<meta property=\"og:description\" content=\"\u017bywot \u015bw. Antoniego dowodzi, \u017ce trzeba wielkiej wytrwa\u0142o\u015bci w odkryciu i realizacji w\u0142asnego powo\u0142ania. Tak\u017ce \u015bw. Antonii nie trafi\u0142 za pierwszym razem, bo by\u0142by zosta\u0142 kanonikiem \u015bw. Augustyna, a i \u017caden klasztor franciszka\u0144ski nie chcia\u0142 go przyj\u0105\u0107, chocia\u017c pozna\u0142 samego \u015bw. Franciszka. Pan B\u00f3g chcia\u0142 go wypr\u00f3bowa\u0107, czy naprawd\u0119 mu zale\u017cy.\" \/>\n<meta property=\"og:url\" content=\"https:\/\/wobronietradycjiiwiary.com\/en\/13-go-czerwca-zywot-swietego-antoniego-z-padwy-2-2-2\/\" \/>\n<meta property=\"og:site_name\" content=\"Tradycja i Wiara\" \/>\n<meta property=\"article:publisher\" content=\"https:\/\/www.facebook.com\/Tradycja-i-Wiara-108813920592249\" \/>\n<meta property=\"article:published_time\" content=\"2024-06-13T06:15:56+00:00\" \/>\n<meta property=\"article:modified_time\" content=\"2025-02-10T10:14:45+00:00\" \/>\n<meta property=\"og:image\" content=\"https:\/\/wobronietradycjiiwiary.com\/wp-content\/uploads\/2021\/06\/ANTONIUS-VON-PADUA.jpg\" \/>\n\t<meta property=\"og:image:width\" content=\"1000\" \/>\n\t<meta property=\"og:image:height\" content=\"1535\" \/>\n\t<meta property=\"og:image:type\" content=\"image\/jpeg\" \/>\n<meta name=\"author\" content=\"Traditio et Fides\" \/>\n<meta name=\"twitter:card\" content=\"summary_large_image\" \/>\n<meta name=\"twitter:label1\" content=\"Written by\" \/>\n\t<meta name=\"twitter:data1\" content=\"Traditio et Fides\" \/>\n\t<meta name=\"twitter:label2\" content=\"Est. reading time\" \/>\n\t<meta name=\"twitter:data2\" content=\"10 minutes\" \/>\n<script type=\"application\/ld+json\" class=\"yoast-schema-graph\">{\"@context\":\"https:\\\/\\\/schema.org\",\"@graph\":[{\"@type\":\"Article\",\"@id\":\"https:\\\/\\\/wobronietradycjiiwiary.com\\\/13-go-czerwca-zywot-swietego-antoniego-z-padwy-2-2-2\\\/#article\",\"isPartOf\":{\"@id\":\"https:\\\/\\\/wobronietradycjiiwiary.com\\\/13-go-czerwca-zywot-swietego-antoniego-z-padwy-2-2-2\\\/\"},\"author\":{\"name\":\"Traditio et Fides\",\"@id\":\"https:\\\/\\\/wobronietradycjiiwiary.com\\\/pl\\\/#\\\/schema\\\/person\\\/2d6180ce6abcb681fef0daab7816e8f3\"},\"headline\":\"13-go Czerwca. \u017bywot \u015bwi\u0119tego Antoniego z Padwy.\",\"datePublished\":\"2024-06-13T06:15:56+00:00\",\"dateModified\":\"2025-02-10T10:14:45+00:00\",\"mainEntityOfPage\":{\"@id\":\"https:\\\/\\\/wobronietradycjiiwiary.com\\\/13-go-czerwca-zywot-swietego-antoniego-z-padwy-2-2-2\\\/\"},\"wordCount\":2107,\"commentCount\":0,\"publisher\":{\"@id\":\"https:\\\/\\\/wobronietradycjiiwiary.com\\\/pl\\\/#organization\"},\"image\":{\"@id\":\"https:\\\/\\\/wobronietradycjiiwiary.com\\\/13-go-czerwca-zywot-swietego-antoniego-z-padwy-2-2-2\\\/#primaryimage\"},\"thumbnailUrl\":\"https:\\\/\\\/wobronietradycjiiwiary.com\\\/wp-content\\\/uploads\\\/2021\\\/06\\\/ANTONIUS-VON-PADUA.jpg\",\"articleSection\":[\"06. \u015awi\u0119ta w czerwcu\",\"Duchowo\u015b\u0107\",\"Liturgia i liturgika\"],\"inLanguage\":\"en-US\",\"potentialAction\":[{\"@type\":\"CommentAction\",\"name\":\"Comment\",\"target\":[\"https:\\\/\\\/wobronietradycjiiwiary.com\\\/13-go-czerwca-zywot-swietego-antoniego-z-padwy-2-2-2\\\/#respond\"]}]},{\"@type\":\"WebPage\",\"@id\":\"https:\\\/\\\/wobronietradycjiiwiary.com\\\/13-go-czerwca-zywot-swietego-antoniego-z-padwy-2-2-2\\\/\",\"url\":\"https:\\\/\\\/wobronietradycjiiwiary.com\\\/13-go-czerwca-zywot-swietego-antoniego-z-padwy-2-2-2\\\/\",\"name\":\"13-go Czerwca. \u017bywot \u015bwi\u0119tego Antoniego z Padwy. - Tradycja i Wiara\",\"isPartOf\":{\"@id\":\"https:\\\/\\\/wobronietradycjiiwiary.com\\\/pl\\\/#website\"},\"primaryImageOfPage\":{\"@id\":\"https:\\\/\\\/wobronietradycjiiwiary.com\\\/13-go-czerwca-zywot-swietego-antoniego-z-padwy-2-2-2\\\/#primaryimage\"},\"image\":{\"@id\":\"https:\\\/\\\/wobronietradycjiiwiary.com\\\/13-go-czerwca-zywot-swietego-antoniego-z-padwy-2-2-2\\\/#primaryimage\"},\"thumbnailUrl\":\"https:\\\/\\\/wobronietradycjiiwiary.com\\\/wp-content\\\/uploads\\\/2021\\\/06\\\/ANTONIUS-VON-PADUA.jpg\",\"datePublished\":\"2024-06-13T06:15:56+00:00\",\"dateModified\":\"2025-02-10T10:14:45+00:00\",\"breadcrumb\":{\"@id\":\"https:\\\/\\\/wobronietradycjiiwiary.com\\\/13-go-czerwca-zywot-swietego-antoniego-z-padwy-2-2-2\\\/#breadcrumb\"},\"inLanguage\":\"en-US\",\"potentialAction\":[{\"@type\":\"ReadAction\",\"target\":[\"https:\\\/\\\/wobronietradycjiiwiary.com\\\/13-go-czerwca-zywot-swietego-antoniego-z-padwy-2-2-2\\\/\"]}]},{\"@type\":\"ImageObject\",\"inLanguage\":\"en-US\",\"@id\":\"https:\\\/\\\/wobronietradycjiiwiary.com\\\/13-go-czerwca-zywot-swietego-antoniego-z-padwy-2-2-2\\\/#primaryimage\",\"url\":\"https:\\\/\\\/wobronietradycjiiwiary.com\\\/wp-content\\\/uploads\\\/2021\\\/06\\\/ANTONIUS-VON-PADUA.jpg\",\"contentUrl\":\"https:\\\/\\\/wobronietradycjiiwiary.com\\\/wp-content\\\/uploads\\\/2021\\\/06\\\/ANTONIUS-VON-PADUA.jpg\",\"width\":1000,\"height\":1535},{\"@type\":\"BreadcrumbList\",\"@id\":\"https:\\\/\\\/wobronietradycjiiwiary.com\\\/13-go-czerwca-zywot-swietego-antoniego-z-padwy-2-2-2\\\/#breadcrumb\",\"itemListElement\":[{\"@type\":\"ListItem\",\"position\":1,\"name\":\"Strona g\u0142\u00f3wna\",\"item\":\"https:\\\/\\\/wobronietradycjiiwiary.com\\\/\"},{\"@type\":\"ListItem\",\"position\":2,\"name\":\"13-go Czerwca. \u017bywot \u015bwi\u0119tego Antoniego z Padwy.\"}]},{\"@type\":\"WebSite\",\"@id\":\"https:\\\/\\\/wobronietradycjiiwiary.com\\\/pl\\\/#website\",\"url\":\"https:\\\/\\\/wobronietradycjiiwiary.com\\\/pl\\\/\",\"name\":\"Tradycja i Wiara\",\"description\":\"Portal dla katolik\u00f3w.\",\"publisher\":{\"@id\":\"https:\\\/\\\/wobronietradycjiiwiary.com\\\/pl\\\/#organization\"},\"potentialAction\":[{\"@type\":\"SearchAction\",\"target\":{\"@type\":\"EntryPoint\",\"urlTemplate\":\"https:\\\/\\\/wobronietradycjiiwiary.com\\\/pl\\\/?s={search_term_string}\"},\"query-input\":{\"@type\":\"PropertyValueSpecification\",\"valueRequired\":true,\"valueName\":\"search_term_string\"}}],\"inLanguage\":\"en-US\"},{\"@type\":\"Organization\",\"@id\":\"https:\\\/\\\/wobronietradycjiiwiary.com\\\/pl\\\/#organization\",\"name\":\"Tradycja i Wiara\",\"url\":\"https:\\\/\\\/wobronietradycjiiwiary.com\\\/pl\\\/\",\"logo\":{\"@type\":\"ImageObject\",\"inLanguage\":\"en-US\",\"@id\":\"https:\\\/\\\/wobronietradycjiiwiary.com\\\/pl\\\/#\\\/schema\\\/logo\\\/image\\\/\",\"url\":\"https:\\\/\\\/i0.wp.com\\\/wobronietradycjiiwiary.com\\\/wp-content\\\/uploads\\\/2015\\\/10\\\/cropped-st-peters-dome-vatican.jpg?fit=940%2C198&ssl=1\",\"contentUrl\":\"https:\\\/\\\/i0.wp.com\\\/wobronietradycjiiwiary.com\\\/wp-content\\\/uploads\\\/2015\\\/10\\\/cropped-st-peters-dome-vatican.jpg?fit=940%2C198&ssl=1\",\"width\":940,\"height\":198,\"caption\":\"Tradycja i Wiara\"},\"image\":{\"@id\":\"https:\\\/\\\/wobronietradycjiiwiary.com\\\/pl\\\/#\\\/schema\\\/logo\\\/image\\\/\"},\"sameAs\":[\"https:\\\/\\\/www.facebook.com\\\/Tradycja-i-Wiara-108813920592249\"]},{\"@type\":\"Person\",\"@id\":\"https:\\\/\\\/wobronietradycjiiwiary.com\\\/pl\\\/#\\\/schema\\\/person\\\/2d6180ce6abcb681fef0daab7816e8f3\",\"name\":\"Traditio et Fides\",\"sameAs\":[\"https:\\\/\\\/traditionundglauben.com\"],\"url\":\"https:\\\/\\\/wobronietradycjiiwiary.com\\\/en\\\/author\\\/wobronietradycjiiwiary\\\/\"}]}<\/script>\n<!-- \/ Yoast SEO plugin. -->","yoast_head_json":{"title":"13-go Czerwca. \u017bywot \u015bwi\u0119tego Antoniego z Padwy. - Tradycja i Wiara","robots":{"index":"index","follow":"follow","max-snippet":"max-snippet:-1","max-image-preview":"max-image-preview:large","max-video-preview":"max-video-preview:-1"},"canonical":"https:\/\/wobronietradycjiiwiary.com\/en\/13-go-czerwca-zywot-swietego-antoniego-z-padwy-2-2-2\/","og_locale":"en_US","og_type":"article","og_title":"13-go Czerwca. \u017bywot \u015bwi\u0119tego Antoniego z Padwy. - Tradycja i Wiara","og_description":"\u017bywot \u015bw. Antoniego dowodzi, \u017ce trzeba wielkiej wytrwa\u0142o\u015bci w odkryciu i realizacji w\u0142asnego powo\u0142ania. Tak\u017ce \u015bw. Antonii nie trafi\u0142 za pierwszym razem, bo by\u0142by zosta\u0142 kanonikiem \u015bw. Augustyna, a i \u017caden klasztor franciszka\u0144ski nie chcia\u0142 go przyj\u0105\u0107, chocia\u017c pozna\u0142 samego \u015bw. Franciszka. Pan B\u00f3g chcia\u0142 go wypr\u00f3bowa\u0107, czy naprawd\u0119 mu zale\u017cy.","og_url":"https:\/\/wobronietradycjiiwiary.com\/en\/13-go-czerwca-zywot-swietego-antoniego-z-padwy-2-2-2\/","og_site_name":"Tradycja i Wiara","article_publisher":"https:\/\/www.facebook.com\/Tradycja-i-Wiara-108813920592249","article_published_time":"2024-06-13T06:15:56+00:00","article_modified_time":"2025-02-10T10:14:45+00:00","og_image":[{"width":1000,"height":1535,"url":"https:\/\/wobronietradycjiiwiary.com\/wp-content\/uploads\/2021\/06\/ANTONIUS-VON-PADUA.jpg","type":"image\/jpeg"}],"author":"Traditio et Fides","twitter_card":"summary_large_image","twitter_misc":{"Written by":"Traditio et Fides","Est. reading time":"10 minutes"},"schema":{"@context":"https:\/\/schema.org","@graph":[{"@type":"Article","@id":"https:\/\/wobronietradycjiiwiary.com\/13-go-czerwca-zywot-swietego-antoniego-z-padwy-2-2-2\/#article","isPartOf":{"@id":"https:\/\/wobronietradycjiiwiary.com\/13-go-czerwca-zywot-swietego-antoniego-z-padwy-2-2-2\/"},"author":{"name":"Traditio et Fides","@id":"https:\/\/wobronietradycjiiwiary.com\/pl\/#\/schema\/person\/2d6180ce6abcb681fef0daab7816e8f3"},"headline":"13-go Czerwca. \u017bywot \u015bwi\u0119tego Antoniego z Padwy.","datePublished":"2024-06-13T06:15:56+00:00","dateModified":"2025-02-10T10:14:45+00:00","mainEntityOfPage":{"@id":"https:\/\/wobronietradycjiiwiary.com\/13-go-czerwca-zywot-swietego-antoniego-z-padwy-2-2-2\/"},"wordCount":2107,"commentCount":0,"publisher":{"@id":"https:\/\/wobronietradycjiiwiary.com\/pl\/#organization"},"image":{"@id":"https:\/\/wobronietradycjiiwiary.com\/13-go-czerwca-zywot-swietego-antoniego-z-padwy-2-2-2\/#primaryimage"},"thumbnailUrl":"https:\/\/wobronietradycjiiwiary.com\/wp-content\/uploads\/2021\/06\/ANTONIUS-VON-PADUA.jpg","articleSection":["06. \u015awi\u0119ta w czerwcu","Duchowo\u015b\u0107","Liturgia i liturgika"],"inLanguage":"en-US","potentialAction":[{"@type":"CommentAction","name":"Comment","target":["https:\/\/wobronietradycjiiwiary.com\/13-go-czerwca-zywot-swietego-antoniego-z-padwy-2-2-2\/#respond"]}]},{"@type":"WebPage","@id":"https:\/\/wobronietradycjiiwiary.com\/13-go-czerwca-zywot-swietego-antoniego-z-padwy-2-2-2\/","url":"https:\/\/wobronietradycjiiwiary.com\/13-go-czerwca-zywot-swietego-antoniego-z-padwy-2-2-2\/","name":"13-go Czerwca. \u017bywot \u015bwi\u0119tego Antoniego z Padwy. - Tradycja i Wiara","isPartOf":{"@id":"https:\/\/wobronietradycjiiwiary.com\/pl\/#website"},"primaryImageOfPage":{"@id":"https:\/\/wobronietradycjiiwiary.com\/13-go-czerwca-zywot-swietego-antoniego-z-padwy-2-2-2\/#primaryimage"},"image":{"@id":"https:\/\/wobronietradycjiiwiary.com\/13-go-czerwca-zywot-swietego-antoniego-z-padwy-2-2-2\/#primaryimage"},"thumbnailUrl":"https:\/\/wobronietradycjiiwiary.com\/wp-content\/uploads\/2021\/06\/ANTONIUS-VON-PADUA.jpg","datePublished":"2024-06-13T06:15:56+00:00","dateModified":"2025-02-10T10:14:45+00:00","breadcrumb":{"@id":"https:\/\/wobronietradycjiiwiary.com\/13-go-czerwca-zywot-swietego-antoniego-z-padwy-2-2-2\/#breadcrumb"},"inLanguage":"en-US","potentialAction":[{"@type":"ReadAction","target":["https:\/\/wobronietradycjiiwiary.com\/13-go-czerwca-zywot-swietego-antoniego-z-padwy-2-2-2\/"]}]},{"@type":"ImageObject","inLanguage":"en-US","@id":"https:\/\/wobronietradycjiiwiary.com\/13-go-czerwca-zywot-swietego-antoniego-z-padwy-2-2-2\/#primaryimage","url":"https:\/\/wobronietradycjiiwiary.com\/wp-content\/uploads\/2021\/06\/ANTONIUS-VON-PADUA.jpg","contentUrl":"https:\/\/wobronietradycjiiwiary.com\/wp-content\/uploads\/2021\/06\/ANTONIUS-VON-PADUA.jpg","width":1000,"height":1535},{"@type":"BreadcrumbList","@id":"https:\/\/wobronietradycjiiwiary.com\/13-go-czerwca-zywot-swietego-antoniego-z-padwy-2-2-2\/#breadcrumb","itemListElement":[{"@type":"ListItem","position":1,"name":"Strona g\u0142\u00f3wna","item":"https:\/\/wobronietradycjiiwiary.com\/"},{"@type":"ListItem","position":2,"name":"13-go Czerwca. \u017bywot \u015bwi\u0119tego Antoniego z Padwy."}]},{"@type":"WebSite","@id":"https:\/\/wobronietradycjiiwiary.com\/pl\/#website","url":"https:\/\/wobronietradycjiiwiary.com\/pl\/","name":"Tradycja i Wiara","description":"Portal dla katolik\u00f3w.","publisher":{"@id":"https:\/\/wobronietradycjiiwiary.com\/pl\/#organization"},"potentialAction":[{"@type":"SearchAction","target":{"@type":"EntryPoint","urlTemplate":"https:\/\/wobronietradycjiiwiary.com\/pl\/?s={search_term_string}"},"query-input":{"@type":"PropertyValueSpecification","valueRequired":true,"valueName":"search_term_string"}}],"inLanguage":"en-US"},{"@type":"Organization","@id":"https:\/\/wobronietradycjiiwiary.com\/pl\/#organization","name":"Tradycja i Wiara","url":"https:\/\/wobronietradycjiiwiary.com\/pl\/","logo":{"@type":"ImageObject","inLanguage":"en-US","@id":"https:\/\/wobronietradycjiiwiary.com\/pl\/#\/schema\/logo\/image\/","url":"https:\/\/i0.wp.com\/wobronietradycjiiwiary.com\/wp-content\/uploads\/2015\/10\/cropped-st-peters-dome-vatican.jpg?fit=940%2C198&ssl=1","contentUrl":"https:\/\/i0.wp.com\/wobronietradycjiiwiary.com\/wp-content\/uploads\/2015\/10\/cropped-st-peters-dome-vatican.jpg?fit=940%2C198&ssl=1","width":940,"height":198,"caption":"Tradycja i Wiara"},"image":{"@id":"https:\/\/wobronietradycjiiwiary.com\/pl\/#\/schema\/logo\/image\/"},"sameAs":["https:\/\/www.facebook.com\/Tradycja-i-Wiara-108813920592249"]},{"@type":"Person","@id":"https:\/\/wobronietradycjiiwiary.com\/pl\/#\/schema\/person\/2d6180ce6abcb681fef0daab7816e8f3","name":"Traditio et Fides","sameAs":["https:\/\/traditionundglauben.com"],"url":"https:\/\/wobronietradycjiiwiary.com\/en\/author\/wobronietradycjiiwiary\/"}]}},"jetpack_publicize_connections":[],"jetpack_sharing_enabled":true,"jetpack_likes_enabled":true,"jetpack_shortlink":"https:\/\/wp.me\/pc04Sd-uBX","jetpack-related-posts":[{"id":143955,"url":"https:\/\/wobronietradycjiiwiary.com\/en\/13-go-czerwca-zywot-swietego-antoniego-z-padwy-2-2-2-2\/","url_meta":{"origin":117673,"position":0},"title":"13-go Czerwca. \u017bywot \u015bwi\u0119tego Antoniego z Padwy.","author":"Traditio et Fides","date":"13 June 2025","format":false,"excerpt":"\u017bywot \u015bw. Antoniego dowodzi, \u017ce trzeba wielkiej wytrwa\u0142o\u015bci w odkryciu i realizacji w\u0142asnego powo\u0142ania. Tak\u017ce \u015bw. Antonii nie trafi\u0142 za pierwszym razem, bo by\u0142by zosta\u0142 kanonikiem \u015bw. Augustyna, a i \u017caden klasztor franciszka\u0144ski nie chcia\u0142 go przyj\u0105\u0107, chocia\u017c pozna\u0142 samego \u015bw. Franciszka. Pan B\u00f3g chcia\u0142 go wypr\u00f3bowa\u0107, czy naprawd\u0119 mu\u2026","rel":"","context":"In &quot;06. \u015awi\u0119ta w czerwcu&quot;","block_context":{"text":"06. \u015awi\u0119ta w czerwcu","link":"https:\/\/wobronietradycjiiwiary.com\/en\/category\/duchowosc\/liturgia-i-liturgika\/rozwazania\/rok-liturgiczny\/swieta-w-czerwcu\/"},"img":{"alt_text":"","src":"https:\/\/i0.wp.com\/wobronietradycjiiwiary.com\/wp-content\/uploads\/2021\/06\/ANTONIUS-VON-PADUA.jpg?resize=350%2C200&ssl=1","width":350,"height":200,"srcset":"https:\/\/i0.wp.com\/wobronietradycjiiwiary.com\/wp-content\/uploads\/2021\/06\/ANTONIUS-VON-PADUA.jpg?resize=350%2C200&ssl=1 1x, https:\/\/i0.wp.com\/wobronietradycjiiwiary.com\/wp-content\/uploads\/2021\/06\/ANTONIUS-VON-PADUA.jpg?resize=525%2C300&ssl=1 1.5x, https:\/\/i0.wp.com\/wobronietradycjiiwiary.com\/wp-content\/uploads\/2021\/06\/ANTONIUS-VON-PADUA.jpg?resize=700%2C400&ssl=1 2x"},"classes":[]},{"id":166262,"url":"https:\/\/wobronietradycjiiwiary.com\/en\/13-go-czerwca-zywot-swietego-antoniego-z-padwy-2-2-2-2-2\/","url_meta":{"origin":117673,"position":1},"title":"13-go Czerwca. \u017bywot \u015bwi\u0119tego Antoniego z Padwy.","author":"Traditio et Fides","date":"13 June 2026","format":false,"excerpt":"\u017bywot \u015bw. Antoniego dowodzi, \u017ce trzeba wielkiej wytrwa\u0142o\u015bci w odkryciu i realizacji w\u0142asnego powo\u0142ania. Tak\u017ce \u015bw. Antonii nie trafi\u0142 za pierwszym razem, bo by\u0142by zosta\u0142 kanonikiem \u015bw. Augustyna, a i \u017caden klasztor franciszka\u0144ski nie chcia\u0142 go przyj\u0105\u0107, chocia\u017c pozna\u0142 samego \u015bw. Franciszka. Pan B\u00f3g chcia\u0142 go wypr\u00f3bowa\u0107, czy naprawd\u0119 mu\u2026","rel":"","context":"In &quot;06. \u015awi\u0119ta w czerwcu&quot;","block_context":{"text":"06. \u015awi\u0119ta w czerwcu","link":"https:\/\/wobronietradycjiiwiary.com\/en\/category\/duchowosc\/liturgia-i-liturgika\/rozwazania\/rok-liturgiczny\/swieta-w-czerwcu\/"},"img":{"alt_text":"","src":"https:\/\/i0.wp.com\/wobronietradycjiiwiary.com\/wp-content\/uploads\/2021\/06\/ANTONIUS-VON-PADUA.jpg?resize=350%2C200&ssl=1","width":350,"height":200,"srcset":"https:\/\/i0.wp.com\/wobronietradycjiiwiary.com\/wp-content\/uploads\/2021\/06\/ANTONIUS-VON-PADUA.jpg?resize=350%2C200&ssl=1 1x, https:\/\/i0.wp.com\/wobronietradycjiiwiary.com\/wp-content\/uploads\/2021\/06\/ANTONIUS-VON-PADUA.jpg?resize=525%2C300&ssl=1 1.5x, https:\/\/i0.wp.com\/wobronietradycjiiwiary.com\/wp-content\/uploads\/2021\/06\/ANTONIUS-VON-PADUA.jpg?resize=700%2C400&ssl=1 2x"},"classes":[]},{"id":159672,"url":"https:\/\/wobronietradycjiiwiary.com\/en\/sw-antoni-czyli-o-sztuczkach-diabla-slow-kilka-rozdzial-52-2\/","url_meta":{"origin":117673,"position":2},"title":"\u015aw. Antoni, czyli o sztuczkach diab\u0142a s\u0142\u00f3w kilka &#8211; Rozdzia\u0142 52 (10 z 10)","author":"Traditio et Fides","date":"17 January 2026","format":false,"excerpt":"Z okazji dzisiejszego \u015bwi\u0119ta kilka s\u0142\u00f3w o przej\u015bciach \u015bw. Antoniego Pustelnika. O op\u0119taniu zwierz\u0105t.","rel":"","context":"In &quot;Autorzy \u017cycia duchowego&quot;","block_context":{"text":"Autorzy \u017cycia duchowego","link":"https:\/\/wobronietradycjiiwiary.com\/en\/category\/duchowosc\/autorzy\/"},"img":{"alt_text":"","src":"https:\/\/i0.wp.com\/wobronietradycjiiwiary.com\/wp-content\/uploads\/2019\/10\/3a1de2e9f6497a28a1e1f646d3e60f98.jpg?resize=350%2C200&ssl=1","width":350,"height":200,"srcset":"https:\/\/i0.wp.com\/wobronietradycjiiwiary.com\/wp-content\/uploads\/2019\/10\/3a1de2e9f6497a28a1e1f646d3e60f98.jpg?resize=350%2C200&ssl=1 1x, https:\/\/i0.wp.com\/wobronietradycjiiwiary.com\/wp-content\/uploads\/2019\/10\/3a1de2e9f6497a28a1e1f646d3e60f98.jpg?resize=525%2C300&ssl=1 1.5x, https:\/\/i0.wp.com\/wobronietradycjiiwiary.com\/wp-content\/uploads\/2019\/10\/3a1de2e9f6497a28a1e1f646d3e60f98.jpg?resize=700%2C400&ssl=1 2x"},"classes":[]},{"id":127366,"url":"https:\/\/wobronietradycjiiwiary.com\/en\/17-go-stycznia-zywot-swietego-antoniego-pustelnika-2-2\/","url_meta":{"origin":117673,"position":3},"title":"17-go Stycznia. \u017bywot \u015bwi\u0119tego Antoniego, Pustelnika.","author":"Traditio et Fides","date":"17 January 2025","format":false,"excerpt":"\u015bw. Antoni Pustelnik tak skutecznie podczas swojego 105 letniego \u017cycia zwalcza\u0142 demony, \u017ce samo wezwanie jego imienia pomaga\u0142u op\u0119tanym. Ale do takich zas\u0142ug dochodzi si\u0119 po wieloletnich i ci\u0119\u017ckich bojach.","rel":"","context":"In &quot;01. \u015awi\u0119ta w styczniu&quot;","block_context":{"text":"01. \u015awi\u0119ta w styczniu","link":"https:\/\/wobronietradycjiiwiary.com\/en\/category\/duchowosc\/liturgia-i-liturgika\/rozwazania\/rok-liturgiczny\/swieta-w-styczniu\/"},"img":{"alt_text":"","src":"https:\/\/i0.wp.com\/wobronietradycjiiwiary.com\/wp-content\/uploads\/2021\/01\/Antonius-Einsiedler.jpg?resize=350%2C200&ssl=1","width":350,"height":200},"classes":[]},{"id":158346,"url":"https:\/\/wobronietradycjiiwiary.com\/en\/17-go-stycznia-zywot-swietego-antoniego-pustelnika-2-2-2\/","url_meta":{"origin":117673,"position":4},"title":"17-go Stycznia. \u017bywot \u015bwi\u0119tego Antoniego, Pustelnika.","author":"Traditio et Fides","date":"17 January 2026","format":false,"excerpt":"\u015bw. Antoni Pustelnik tak skutecznie podczas swojego 105 letniego \u017cycia zwalcza\u0142 demony, \u017ce samo wezwanie jego imienia pomaga\u0142u op\u0119tanym. Ale do takich zas\u0142ug dochodzi si\u0119 po wieloletnich i ci\u0119\u017ckich bojach.","rel":"","context":"In &quot;01. \u015awi\u0119ta w styczniu&quot;","block_context":{"text":"01. \u015awi\u0119ta w styczniu","link":"https:\/\/wobronietradycjiiwiary.com\/en\/category\/duchowosc\/liturgia-i-liturgika\/rozwazania\/rok-liturgiczny\/swieta-w-styczniu\/"},"img":{"alt_text":"","src":"https:\/\/i0.wp.com\/wobronietradycjiiwiary.com\/wp-content\/uploads\/2021\/01\/Antonius-Einsiedler.jpg?resize=350%2C200&ssl=1","width":350,"height":200},"classes":[]},{"id":160136,"url":"https:\/\/wobronietradycjiiwiary.com\/en\/10-go-lutego-zywot-swietej-scholastyki-dziewicy-2-4\/","url_meta":{"origin":117673,"position":5},"title":"10-go Lutego. \u017bywot \u015bwi\u0119tej Scholastyki, Dziewicy.","author":"Traditio et Fides","date":"10 February 2026","format":false,"excerpt":"\u015aw. Scholastyka chcia\u0142a przynajmniej przed \u015bmierci\u0105 do syta \"nagada\u0107 si\u0119\" z bratem o sprawach duchowych. \u015aw. Benedykt nie chcia\u0142, a B\u00f3g jej wys\u0142ucha\u0142.","rel":"","context":"In &quot;02. \u015awi\u0119ta w lutym&quot;","block_context":{"text":"02. \u015awi\u0119ta w lutym","link":"https:\/\/wobronietradycjiiwiary.com\/en\/category\/duchowosc\/liturgia-i-liturgika\/rozwazania\/rok-liturgiczny\/swieta-w-lutym\/"},"img":{"alt_text":"","src":"https:\/\/i0.wp.com\/wobronietradycjiiwiary.com\/wp-content\/uploads\/2021\/02\/St.-scholastica.jpg?resize=350%2C200&ssl=1","width":350,"height":200,"srcset":"https:\/\/i0.wp.com\/wobronietradycjiiwiary.com\/wp-content\/uploads\/2021\/02\/St.-scholastica.jpg?resize=350%2C200&ssl=1 1x, https:\/\/i0.wp.com\/wobronietradycjiiwiary.com\/wp-content\/uploads\/2021\/02\/St.-scholastica.jpg?resize=525%2C300&ssl=1 1.5x, https:\/\/i0.wp.com\/wobronietradycjiiwiary.com\/wp-content\/uploads\/2021\/02\/St.-scholastica.jpg?resize=700%2C400&ssl=1 2x, https:\/\/i0.wp.com\/wobronietradycjiiwiary.com\/wp-content\/uploads\/2021\/02\/St.-scholastica.jpg?resize=1050%2C600&ssl=1 3x"},"classes":[]}],"amp_enabled":true,"jetpack_featured_media_url":"https:\/\/wobronietradycjiiwiary.com\/wp-content\/uploads\/2021\/06\/ANTONIUS-VON-PADUA.jpg","_links":{"self":[{"href":"https:\/\/wobronietradycjiiwiary.com\/en\/wp-json\/wp\/v2\/posts\/117673","targetHints":{"allow":["GET"]}}],"collection":[{"href":"https:\/\/wobronietradycjiiwiary.com\/en\/wp-json\/wp\/v2\/posts"}],"about":[{"href":"https:\/\/wobronietradycjiiwiary.com\/en\/wp-json\/wp\/v2\/types\/post"}],"author":[{"embeddable":true,"href":"https:\/\/wobronietradycjiiwiary.com\/en\/wp-json\/wp\/v2\/users\/60508433"}],"replies":[{"embeddable":true,"href":"https:\/\/wobronietradycjiiwiary.com\/en\/wp-json\/wp\/v2\/comments?post=117673"}],"version-history":[{"count":1,"href":"https:\/\/wobronietradycjiiwiary.com\/en\/wp-json\/wp\/v2\/posts\/117673\/revisions"}],"predecessor-version":[{"id":117693,"href":"https:\/\/wobronietradycjiiwiary.com\/en\/wp-json\/wp\/v2\/posts\/117673\/revisions\/117693"}],"wp:featuredmedia":[{"embeddable":true,"href":"https:\/\/wobronietradycjiiwiary.com\/en\/wp-json\/wp\/v2\/media\/49012"}],"wp:attachment":[{"href":"https:\/\/wobronietradycjiiwiary.com\/en\/wp-json\/wp\/v2\/media?parent=117673"}],"wp:term":[{"taxonomy":"category","embeddable":true,"href":"https:\/\/wobronietradycjiiwiary.com\/en\/wp-json\/wp\/v2\/categories?post=117673"},{"taxonomy":"post_tag","embeddable":true,"href":"https:\/\/wobronietradycjiiwiary.com\/en\/wp-json\/wp\/v2\/tags?post=117673"}],"curies":[{"name":"wp","href":"https:\/\/api.w.org\/{rel}","templated":true}]}}