{"id":11734,"date":"2017-03-31T08:00:25","date_gmt":"2017-03-31T06:00:25","guid":{"rendered":"https:\/\/wobronietradycjiiwiary.com\/?p=11734"},"modified":"2025-02-07T16:01:22","modified_gmt":"2025-02-07T15:01:22","slug":"ks-martin-lugmayr-fssp-historia-obrzedu-udzielania-komunii-swietej-4-z-4","status":"publish","type":"post","link":"https:\/\/wobronietradycjiiwiary.com\/en\/ks-martin-lugmayr-fssp-historia-obrzedu-udzielania-komunii-swietej-4-z-4\/","title":{"rendered":"Ks. Martin Lugmayr FSSP, Historia obrz\u0119du udzielania Komunii \u015bwi\u0119tej (4 z 4)"},"content":{"rendered":"<div id=\"bsf_rt_marker\"><\/div><p style=\"text-align: justify;\">\n<h2 style=\"text-align: justify;\"><strong>4. Podsumowanie<\/strong><\/h2>\n<p style=\"text-align: justify;\">Nie by\u0142o nigdy obrz\u0119du Komunii na r\u0119k\u0119 w tej postaci, jak jest ona praktykowana dzisiaj. W sensie \u015bcis\u0142ym w komentowanych wy\u017cej tekstach Ojc\u00f3w nie chodzi o Komuni\u0119 na r\u0119k\u0119, ale raczej o Komuni\u0119 do ust, gdzie prawa r\u0119ka s\u0142u\u017cy za paten\u0119. To stwierdzenie znajduje dodatkowe poparcie w obrz\u0119dzie Komunii diakona w liturgii bizanty\u0144skiej: g\u0142\u0119boko pochylony, przyjmuje on Cia\u0142o Pa\u0144skie ustami z prawej r\u0119ki. Pe\u0142ne szacunku przyjmowanie Cia\u0142a Pa\u0144skiego do ust, w pozycji pochylonej, ukazuje jasno, \u017ce cz\u0142owiek jest tutaj tym, kt\u00f3ry otrzymuje, a nie tym, kt\u00f3ry sam si\u0119 obs\u0142uguje i robi sobie sam podarunek.<!--more Keep on reading!--><\/p>\n<p>To samo by\u0142o przestrzegane nawet w przypadku Komunii na r\u0119k\u0119 &#8211; tam, gdzie by\u0142a ona przez jaki\u015b czas dozwolona. Kardyna\u0142 Ratzinger przedstawi\u0142 kiedy\u015b fundamentalne uwagi na temat natury sakramentalnego spotkania stworzenia z niesko\u0144czonym Bogiem, kt\u00f3ry w\u0142a\u015bnie si\u0119 objawia:<\/p>\n<blockquote>\n<p style=\"text-align: justify;\">&#8220;To w\u0142a\u015bnie dlatego do istotnej formy sakramentu nale\u017cy i to, \u017ce jest on przyjmowany, a nikt nie mo\u017ce go da\u0107 sam sobie. Nikt nie mo\u017ce sam siebie ochrzci\u0107, udzieli\u0107 sobie \u015bwi\u0119ce\u0144 kap\u0142a\u0144skich, siebie samego rozgrzeszy\u0107. Z tej struktury spotkania wynika to, \u017ce doskona\u0142a skrucha ze swej natury nie mo\u017ce pozosta\u0107 wewn\u0119trzna, lecz wymaga tej formy spotkania, kt\u00f3r\u0105 jest sakrament. Dlatego dopuszczanie do tego, by Eucharystia kr\u0105\u017cy\u0142a mi\u0119dzy lud\u017ami, lub \u017ceby j\u0105 bra\u0107 samemu, nie jest tylko przekroczeniem przepis\u00f3w ko\u015bcielnych, ale r\u00f3wnie\u017c zamachem na najg\u0142\u0119bsz\u0105 struktur\u0119 sakramentu. To, \u017ce w wypadku tego jednego sakramentu kap\u0142an ma prawo udzieli\u0107 sobie samemu \u015bwi\u0119tego daru, wynika z mysterium tremendum, z kt\u00f3rym zostaje on skonfrontowany w Eucharystii: misterium dzia\u0142ania in persona Christi, polegaj\u0105ce na tym, \u017ce kap\u0142an zast\u0119puje Chrystusa, b\u0119d\u0105c r\u00f3wnocze\u015bnie grzesznym cz\u0142owiekiem, kt\u00f3ry \u017cyje ca\u0142kowicie z otrzymywania Jego daru&#8221; .<\/p>\n<\/blockquote>\n<p style=\"text-align: justify;\">Poza tym od pocz\u0105tku zabiegano w Ko\u015bciele staro\u017cytnym o to, by nie straci\u0107 nawet najmniejszej cz\u0105stki Hostii. Teoretycznie rzecz bior\u0105c, tak\u017ce dzisiaj to staranie obowi\u0105zuje. W instrukcji z 1973 r. mo\u017cemy przeczyta\u0107:<\/p>\n<blockquote>\n<p style=\"text-align: justify;\">&#8220;Od czasu wydanej przed trzema laty instrukcji Memoriale Domini niekt\u00f3re konferencje episkopatu prosi\u0142y Stolic\u0119 Apostolsk\u0105 o pozwolenie na to, by ci, kt\u00f3rzy udzielaj\u0105 Komunii \u015bw., mogli k\u0142a\u015b\u0107 Postacie eucharystyczne na r\u0119ce wiernych. Jak to przypomina owa instrukcja, przepisy Ko\u015bcio\u0142a i teksty Ojc\u00f3w dostarczaj\u0105 obfitego \u015bwiadectwa o bardzo g\u0142\u0119bokim uszanowaniu i bardzo du\u017cej ostro\u017cno\u015bci, kt\u00f3re otacza\u0142y Naj\u015bwi\u0119tsz\u0105 Eucharysti\u0119 i nadal powinny j\u0105 otacza\u0107. W szczeg\u00f3lno\u015bci, kiedy przyjmuje si\u0119 Komuni\u0119 we wspomniany spos\u00f3b, nale\u017cy zachowa\u0107 pewne \u015brodki ostro\u017cno\u015bci, tak jak tego wymaga samo do\u015bwiadczenie. Powinno si\u0119 zachowywa\u0107 ci\u0105g\u0142e staranie i uwag\u0119, zw\u0142aszcza w odniesieniu do cz\u0105stek, kt\u00f3re mog\u0142yby odpa\u015b\u0107 z Hostii. Dotyczy to zar\u00f3wno szafarza, jak i wiernego, o ile \u015bwi\u0119ta Posta\u0107 zostanie po\u0142o\u017cona na d\u0142oni komunikuj\u0105cego&#8221; .<\/p>\n<\/blockquote>\n<p style=\"text-align: justify;\">Nied\u0142ugo potem Kongregacja Nauki Wiary w deklaracja dotycz\u0105cej rozmaitych w\u0105tpliwo\u015bci potwierdzi\u0142a raz jeszcze, \u017ce realna obecno\u015b\u0107, a zatem prawdziwa obecno\u015b\u0107 Chrystusa, dotyczy r\u00f3wnie\u017c cz\u0105stek, kt\u00f3re oddzieli\u0142y si\u0119 od konsekrowanej Hostii, i \u017ce w konsekwencji przepisy odnosz\u0105ce si\u0119 do puryfikacji pateny i kielicha powinny by\u0107 szanowane .<\/p>\n<p style=\"text-align: justify;\">Czy dzi\u015b otacza si\u0119 &#8220;Naj\u015bwi\u0119tsz\u0105 Eucharysti\u0119 najg\u0142\u0119bszym uszanowaniem i najwi\u0119ksz\u0105 ostro\u017cno\u015bci\u0105&#8221;, jak to czynili Ojcowie? Czy zachowuje si\u0119 &#8220;ci\u0105g\u0142e staranie i uwag\u0119&#8221;, zw\u0142aszcza w odniesieniu do cz\u0105stek? Wszyscy ci, kt\u00f3rzy mog\u0105 i chc\u0105 dobrze si\u0119 przyjrze\u0107, wiedz\u0105 jak mo\u017cna odpowiedzie\u0107 na te pytania. Nie chodzi o kilka nadu\u017cy\u0107 lub wykrocze\u0144, kt\u00f3re zdarza\u0142yby si\u0119 tu i \u00f3wdzie. Notoryczna beztroska sta\u0142a si\u0119 regu\u0142\u0105, a to pozwala wnioskowa\u0107 o braku szacunku i o niewystarczaj\u0105cej wierze w Realn\u0105 Obecno\u015b\u0107. Wszystkie niebezpiecze\u0144stwa wi\u0105\u017c\u0105ce si\u0119 z Komuni\u0105 na r\u0119k\u0119, kt\u00f3re zosta\u0142y wymienione przez instrukcj\u0119 <em>Memoriale Domini<\/em> (umniejszenie szacunku, zniewa\u017cenie sakramentu i zmiana wiary ), ujawni\u0142y si\u0119 i ujawniaj\u0105 si\u0119 w dalszym ci\u0105gu.<\/p>\n<p style=\"text-align: justify;\">Dlaczego we wszystkich Ko\u015bcio\u0142ach chrze\u015bcija\u0144skich, we wszystkich rytach zrezygnowano z udzielania Komunii na r\u0119k\u0119? Nie dlatego, \u017ce zmieni\u0142 si\u0119 kszta\u0142t hostii, jak s\u0105dz\u0105 niekt\u00f3rzy (np. Jungmann my\u015bla\u0142, \u017ce jedna z przyczyn polega\u0142a na wprowadzeniu chleba nie kwaszonego ). Nie mo\u017ce by\u0107 to prawd\u0105, chocia\u017cby w odniesieniu do Wschodu, gdzie to nie nast\u0105pi\u0142o: z zasady u\u017cywano tam zawsze chleba nie kwaszonego. Je\u015bli &#8211; jak Nussbaum &#8211; chciano by wyja\u015bni\u0107 modyfikacj\u0119 praktyki eucharystycznej zmian\u0105 kszta\u0142tu hostii (kt\u00f3re stawa\u0142y si\u0119 p\u0142askim op\u0142atkiem), trzeba by wzi\u0105\u0107 pod uwag\u0119 pewn\u0105 decyduj\u0105c\u0105 okoliczno\u015b\u0107: na Wschodzie ten kszta\u0142t si\u0119 nie zmieni\u0142. Czemu zatem zmiana nie nast\u0105pi\u0142a we wszystkich obrz\u0105dkach?<\/p>\n<blockquote>\n<p style=\"text-align: justify;\">&#8220;Prawdziwej przyczyny nale\u017ca\u0142oby szuka\u0107 raczej w tym, \u017ce z Komuni\u0105 udzielan\u0105 na r\u0119ce \u015bwieckich by\u0142y z\u0142e do\u015bwiadczenia. [&#8230;] S\u0105 to te same do\u015bwiadczenia, kt\u00f3re mamy i dzisiaj, i to w coraz wi\u0119kszym stopniu: do\u015bwiadczenia wynikaj\u0105ce z braku szacunku, poczynaj\u0105c od samego przyj\u0119cia a\u017c do charakterystycznych wykrocze\u0144, w kt\u00f3rych Naj\u015bwi\u0119tsza Eucharystia jest wykorzystywana do cel\u00f3w zabobonnych, a nawet satanicznych (czarne msze)&#8221;.<\/p>\n<\/blockquote>\n<p style=\"text-align: justify;\">Klaus Gamber napisa\u0142 to w roku 1970. Jego prorocze s\u0142owa ca\u0142kowicie si\u0119 spe\u0142ni\u0142y.<\/p>\n<p style=\"text-align: justify;\">Szacunek przejawiany przez Ojc\u00f3w oraz ci\u0105gle pog\u0142\u0119biaj\u0105ca si\u0119 wiara, wytworzy\u0142y &#8211; zar\u00f3wno na Wschodzie, jak na Zachodzie &#8211; Komuni\u0119 do ust, czyli spos\u00f3b przyjmowania Komunii, kt\u00f3ry wyra\u017ca lepiej wiar\u0119 w Realn\u0105 Obecno\u015b\u0107 oraz szacunek nale\u017cny oddzielonym cz\u0105stkom postaci eucharystycznych.<\/p>\n<p style=\"text-align: justify;\">Szacunek i wiara oraz staranie o to, aby obie te rzeczywisto\u015bci zawsze by\u0142y w pe\u0142ni wyra\u017cane przez obrz\u0119d &#8211; oto jaki jest duch Ko\u015bcio\u0142a pierwotnego, duch Ojc\u00f3w. Komunia do ust jest owocem tego starania, zwi\u0105zanego z mi\u0142o\u015bci\u0105. Instrukcja <em>Memoriale Domini<\/em> k\u0142adzie nacisk na to, \u017ce Komunia do ust powinna by\u0107 zachowana,<\/p>\n<blockquote>\n<p style=\"text-align: justify;\">&#8220;nie tylko dlatego, \u017ce ma za sob\u0105 wielowiekow\u0105 tradycj\u0119, ale przede wszystkim dlatego, \u017ce wyra\u017ca szacunek wiernych wzgl\u0119dem Eucharystii&#8221; .<\/p>\n<\/blockquote>\n<p style=\"text-align: justify;\">Komunia do ust<\/p>\n<blockquote>\n<p style=\"text-align: justify;\">&#8220;skuteczniej gwarantuje, \u017ce Komunia \u015bw. b\u0119dzie rozdzielana z czci\u0105, pi\u0119knem i godno\u015bci\u0105, oraz \u017ce oddalone zostanie wszelkie niebezpiecze\u0144stwo profanacji postaci eucharystycznych, w kt\u00f3rych &#8220;jest obecny w szczeg\u00f3lny spos\u00f3b substancjalnie oraz trwale ca\u0142y i niepodzielony Chrystus, B\u00f3g i cz\u0142owiek&#8221; , aby w ko\u0144cu zachowana by\u0142a pilna troska o cz\u0105stki konsekrowanej Hostii, kt\u00f3rej Ko\u015bci\u00f3\u0142 zawsze wymaga\u0142&#8221; .<\/p>\n<\/blockquote>\n<p style=\"text-align: justify;\">(t\u0142um. Pawe\u0142 Milcarek)<\/p>\n<p style=\"text-align: justify;\">Artyku\u0142 ukaza\u0142 si\u0119 w numerze 1\/2 kwartalnika &#8220;Christianitas&#8221;.<\/p>\n<p style=\"text-align: justify;\"><em>Na podstawie: Histoire du rite de la distribution de la communion, w: V\u00e9n\u00e9ration et administration de l&#8217;Eucharistie. Actes du second colloque d&#8217;\u00e9tudes historiques, th\u00e9ologiques et canoniques sur le rite catholique romain, Pary\u017c 1997<\/em><\/p>\n","protected":false},"excerpt":{"rendered":"<p>4. Podsumowanie Nie by\u0142o nigdy obrz\u0119du Komunii na r\u0119k\u0119 w tej postaci, jak jest ona praktykowana dzisiaj. W sensie \u015bcis\u0142ym w komentowanych wy\u017cej tekstach Ojc\u00f3w nie chodzi o Komuni\u0119 na r\u0119k\u0119, ale raczej o Komuni\u0119 do ust, gdzie prawa r\u0119ka s\u0142u\u017cy za paten\u0119. To stwierdzenie znajduje dodatkowe poparcie w obrz\u0119dzie Komunii diakona w liturgii bizanty\u0144skiej: [&hellip;]<\/p>\n","protected":false},"author":60508433,"featured_media":11667,"comment_status":"closed","ping_status":"closed","sticky":false,"template":"","format":"standard","meta":{"_bbp_topic_count":0,"_bbp_reply_count":0,"_bbp_total_topic_count":0,"_bbp_total_reply_count":0,"_bbp_voice_count":0,"_bbp_anonymous_reply_count":0,"_bbp_topic_count_hidden":0,"_bbp_reply_count_hidden":0,"_bbp_forum_subforum_count":0,"_editorskit_title_hidden":false,"_editorskit_reading_time":3,"_editorskit_is_block_options_detached":false,"_editorskit_block_options_position":"{}","_coblocks_attr":"","_coblocks_dimensions":"","_coblocks_responsive_height":"","_coblocks_accordion_ie_support":"","_exactmetrics_skip_tracking":false,"_jetpack_newsletter_access":"","_jetpack_dont_email_post_to_subs":false,"_jetpack_newsletter_tier_id":0,"_jetpack_memberships_contains_paywalled_content":false,"_wpcom_ai_launchpad_first_post":false,"_jetpack_feature_clip_id":0,"_jetpack_memberships_contains_paid_content":false,"footnotes":"","jetpack_publicize_message":"{title}\n\n{excerpt}\n\n{url}","jetpack_publicize_feature_enabled":true,"jetpack_social_post_already_shared":true,"jetpack_social_options":{"image_generator_settings":{"template":"highway","default_image_id":0,"font":"","enabled":false},"version":2},"_wpas_customize_per_network":false,"jetpack_post_was_ever_published":false},"categories":[3257026,336375535],"tags":[32170827,565857761,7900684,565856196],"class_list":["post-11734","post","type-post","status-publish","format-standard","has-post-thumbnail","hentry","category-komunia-sw","category-liturgia-i-liturgika","tag-komunia-na-kleczaco","tag-komunia-w-starozytnosci","tag-komunia-swieta","tag-komunia-swieta-na-reke"],"yoast_head":"<!-- This site is optimized with the Yoast SEO plugin v28.4 - https:\/\/yoast.com\/product\/yoast-seo-wordpress\/ -->\n<title>Ks. Martin Lugmayr FSSP, Historia obrz\u0119du udzielania Komunii \u015bwi\u0119tej (4 z 4) - Tradycja i Wiara<\/title>\n<meta name=\"robots\" content=\"index, follow, max-snippet:-1, max-image-preview:large, max-video-preview:-1\" \/>\n<link rel=\"canonical\" href=\"https:\/\/wobronietradycjiiwiary.com\/en\/ks-martin-lugmayr-fssp-historia-obrzedu-udzielania-komunii-swietej-4-z-4\/\" \/>\n<meta property=\"og:locale\" content=\"en_US\" \/>\n<meta property=\"og:type\" content=\"article\" \/>\n<meta property=\"og:title\" content=\"Ks. Martin Lugmayr FSSP, Historia obrz\u0119du udzielania Komunii \u015bwi\u0119tej (4 z 4) - Tradycja i Wiara\" \/>\n<meta property=\"og:description\" content=\"4. Podsumowanie Nie by\u0142o nigdy obrz\u0119du Komunii na r\u0119k\u0119 w tej postaci, jak jest ona praktykowana dzisiaj. W sensie \u015bcis\u0142ym w komentowanych wy\u017cej tekstach Ojc\u00f3w nie chodzi o Komuni\u0119 na r\u0119k\u0119, ale raczej o Komuni\u0119 do ust, gdzie prawa r\u0119ka s\u0142u\u017cy za paten\u0119. To stwierdzenie znajduje dodatkowe poparcie w obrz\u0119dzie Komunii diakona w liturgii bizanty\u0144skiej: [&hellip;]\" \/>\n<meta property=\"og:url\" content=\"https:\/\/wobronietradycjiiwiary.com\/en\/ks-martin-lugmayr-fssp-historia-obrzedu-udzielania-komunii-swietej-4-z-4\/\" \/>\n<meta property=\"og:site_name\" content=\"Tradycja i Wiara\" \/>\n<meta property=\"article:publisher\" content=\"https:\/\/www.facebook.com\/Tradycja-i-Wiara-108813920592249\" \/>\n<meta property=\"article:published_time\" content=\"2017-03-31T06:00:25+00:00\" \/>\n<meta property=\"article:modified_time\" content=\"2025-02-07T15:01:22+00:00\" \/>\n<meta property=\"og:image\" content=\"https:\/\/wobronietradycjiiwiary.com\/wp-content\/uploads\/2017\/03\/komunia-na-rc499kc499.jpg\" \/>\n\t<meta property=\"og:image:width\" content=\"640\" \/>\n\t<meta property=\"og:image:height\" content=\"580\" \/>\n\t<meta property=\"og:image:type\" content=\"image\/jpeg\" \/>\n<meta name=\"author\" content=\"Traditio et Fides\" \/>\n<meta name=\"twitter:card\" content=\"summary_large_image\" \/>\n<meta name=\"twitter:label1\" content=\"Written by\" \/>\n\t<meta name=\"twitter:data1\" content=\"Traditio et Fides\" \/>\n\t<meta name=\"twitter:label2\" content=\"Est. reading time\" \/>\n\t<meta name=\"twitter:data2\" content=\"5 minutes\" \/>\n<script type=\"application\/ld+json\" class=\"yoast-schema-graph\">{\"@context\":\"https:\\\/\\\/schema.org\",\"@graph\":[{\"@type\":\"Article\",\"@id\":\"https:\\\/\\\/wobronietradycjiiwiary.com\\\/ks-martin-lugmayr-fssp-historia-obrzedu-udzielania-komunii-swietej-4-z-4\\\/#article\",\"isPartOf\":{\"@id\":\"https:\\\/\\\/wobronietradycjiiwiary.com\\\/ks-martin-lugmayr-fssp-historia-obrzedu-udzielania-komunii-swietej-4-z-4\\\/\"},\"author\":{\"name\":\"Traditio et Fides\",\"@id\":\"https:\\\/\\\/wobronietradycjiiwiary.com\\\/pl\\\/#\\\/schema\\\/person\\\/2d6180ce6abcb681fef0daab7816e8f3\"},\"headline\":\"Ks. Martin Lugmayr FSSP, Historia obrz\u0119du udzielania Komunii \u015bwi\u0119tej (4 z 4)\",\"datePublished\":\"2017-03-31T06:00:25+00:00\",\"dateModified\":\"2025-02-07T15:01:22+00:00\",\"mainEntityOfPage\":{\"@id\":\"https:\\\/\\\/wobronietradycjiiwiary.com\\\/ks-martin-lugmayr-fssp-historia-obrzedu-udzielania-komunii-swietej-4-z-4\\\/\"},\"wordCount\":1191,\"publisher\":{\"@id\":\"https:\\\/\\\/wobronietradycjiiwiary.com\\\/pl\\\/#organization\"},\"image\":{\"@id\":\"https:\\\/\\\/wobronietradycjiiwiary.com\\\/ks-martin-lugmayr-fssp-historia-obrzedu-udzielania-komunii-swietej-4-z-4\\\/#primaryimage\"},\"thumbnailUrl\":\"https:\\\/\\\/wobronietradycjiiwiary.com\\\/wp-content\\\/uploads\\\/2017\\\/03\\\/komunia-na-rc499kc499.jpg\",\"keywords\":[\"Komunia na kl\u0119cz\u0105co\",\"Komunia w Staro\u017cytno\u015bci\",\"Komunia \u015bwieta\",\"Komunia \u015bwi\u0119ta na r\u0119k\u0119\"],\"articleSection\":[\"Komunia \u015aw.\",\"Liturgia i liturgika\"],\"inLanguage\":\"en-US\"},{\"@type\":\"WebPage\",\"@id\":\"https:\\\/\\\/wobronietradycjiiwiary.com\\\/ks-martin-lugmayr-fssp-historia-obrzedu-udzielania-komunii-swietej-4-z-4\\\/\",\"url\":\"https:\\\/\\\/wobronietradycjiiwiary.com\\\/ks-martin-lugmayr-fssp-historia-obrzedu-udzielania-komunii-swietej-4-z-4\\\/\",\"name\":\"Ks. Martin Lugmayr FSSP, Historia obrz\u0119du udzielania Komunii \u015bwi\u0119tej (4 z 4) - Tradycja i Wiara\",\"isPartOf\":{\"@id\":\"https:\\\/\\\/wobronietradycjiiwiary.com\\\/pl\\\/#website\"},\"primaryImageOfPage\":{\"@id\":\"https:\\\/\\\/wobronietradycjiiwiary.com\\\/ks-martin-lugmayr-fssp-historia-obrzedu-udzielania-komunii-swietej-4-z-4\\\/#primaryimage\"},\"image\":{\"@id\":\"https:\\\/\\\/wobronietradycjiiwiary.com\\\/ks-martin-lugmayr-fssp-historia-obrzedu-udzielania-komunii-swietej-4-z-4\\\/#primaryimage\"},\"thumbnailUrl\":\"https:\\\/\\\/wobronietradycjiiwiary.com\\\/wp-content\\\/uploads\\\/2017\\\/03\\\/komunia-na-rc499kc499.jpg\",\"datePublished\":\"2017-03-31T06:00:25+00:00\",\"dateModified\":\"2025-02-07T15:01:22+00:00\",\"breadcrumb\":{\"@id\":\"https:\\\/\\\/wobronietradycjiiwiary.com\\\/ks-martin-lugmayr-fssp-historia-obrzedu-udzielania-komunii-swietej-4-z-4\\\/#breadcrumb\"},\"inLanguage\":\"en-US\",\"potentialAction\":[{\"@type\":\"ReadAction\",\"target\":[\"https:\\\/\\\/wobronietradycjiiwiary.com\\\/ks-martin-lugmayr-fssp-historia-obrzedu-udzielania-komunii-swietej-4-z-4\\\/\"]}]},{\"@type\":\"ImageObject\",\"inLanguage\":\"en-US\",\"@id\":\"https:\\\/\\\/wobronietradycjiiwiary.com\\\/ks-martin-lugmayr-fssp-historia-obrzedu-udzielania-komunii-swietej-4-z-4\\\/#primaryimage\",\"url\":\"https:\\\/\\\/wobronietradycjiiwiary.com\\\/wp-content\\\/uploads\\\/2017\\\/03\\\/komunia-na-rc499kc499.jpg\",\"contentUrl\":\"https:\\\/\\\/wobronietradycjiiwiary.com\\\/wp-content\\\/uploads\\\/2017\\\/03\\\/komunia-na-rc499kc499.jpg\",\"width\":640,\"height\":580},{\"@type\":\"BreadcrumbList\",\"@id\":\"https:\\\/\\\/wobronietradycjiiwiary.com\\\/ks-martin-lugmayr-fssp-historia-obrzedu-udzielania-komunii-swietej-4-z-4\\\/#breadcrumb\",\"itemListElement\":[{\"@type\":\"ListItem\",\"position\":1,\"name\":\"Strona g\u0142\u00f3wna\",\"item\":\"https:\\\/\\\/wobronietradycjiiwiary.com\\\/\"},{\"@type\":\"ListItem\",\"position\":2,\"name\":\"Ks. Martin Lugmayr FSSP, Historia obrz\u0119du udzielania Komunii \u015bwi\u0119tej (4 z 4)\"}]},{\"@type\":\"WebSite\",\"@id\":\"https:\\\/\\\/wobronietradycjiiwiary.com\\\/pl\\\/#website\",\"url\":\"https:\\\/\\\/wobronietradycjiiwiary.com\\\/pl\\\/\",\"name\":\"Tradycja i Wiara\",\"description\":\"Portal dla katolik\u00f3w.\",\"publisher\":{\"@id\":\"https:\\\/\\\/wobronietradycjiiwiary.com\\\/pl\\\/#organization\"},\"potentialAction\":[{\"@type\":\"SearchAction\",\"target\":{\"@type\":\"EntryPoint\",\"urlTemplate\":\"https:\\\/\\\/wobronietradycjiiwiary.com\\\/pl\\\/?s={search_term_string}\"},\"query-input\":{\"@type\":\"PropertyValueSpecification\",\"valueRequired\":true,\"valueName\":\"search_term_string\"}}],\"inLanguage\":\"en-US\"},{\"@type\":\"Organization\",\"@id\":\"https:\\\/\\\/wobronietradycjiiwiary.com\\\/pl\\\/#organization\",\"name\":\"Tradycja i Wiara\",\"url\":\"https:\\\/\\\/wobronietradycjiiwiary.com\\\/pl\\\/\",\"logo\":{\"@type\":\"ImageObject\",\"inLanguage\":\"en-US\",\"@id\":\"https:\\\/\\\/wobronietradycjiiwiary.com\\\/pl\\\/#\\\/schema\\\/logo\\\/image\\\/\",\"url\":\"https:\\\/\\\/i0.wp.com\\\/wobronietradycjiiwiary.com\\\/wp-content\\\/uploads\\\/2015\\\/10\\\/cropped-st-peters-dome-vatican.jpg?fit=940%2C198&ssl=1\",\"contentUrl\":\"https:\\\/\\\/i0.wp.com\\\/wobronietradycjiiwiary.com\\\/wp-content\\\/uploads\\\/2015\\\/10\\\/cropped-st-peters-dome-vatican.jpg?fit=940%2C198&ssl=1\",\"width\":940,\"height\":198,\"caption\":\"Tradycja i Wiara\"},\"image\":{\"@id\":\"https:\\\/\\\/wobronietradycjiiwiary.com\\\/pl\\\/#\\\/schema\\\/logo\\\/image\\\/\"},\"sameAs\":[\"https:\\\/\\\/www.facebook.com\\\/Tradycja-i-Wiara-108813920592249\"]},{\"@type\":\"Person\",\"@id\":\"https:\\\/\\\/wobronietradycjiiwiary.com\\\/pl\\\/#\\\/schema\\\/person\\\/2d6180ce6abcb681fef0daab7816e8f3\",\"name\":\"Traditio et Fides\",\"sameAs\":[\"https:\\\/\\\/traditionundglauben.com\"],\"url\":\"https:\\\/\\\/wobronietradycjiiwiary.com\\\/en\\\/author\\\/wobronietradycjiiwiary\\\/\"}]}<\/script>\n<!-- \/ Yoast SEO plugin. -->","yoast_head_json":{"title":"Ks. Martin Lugmayr FSSP, Historia obrz\u0119du udzielania Komunii \u015bwi\u0119tej (4 z 4) - Tradycja i Wiara","robots":{"index":"index","follow":"follow","max-snippet":"max-snippet:-1","max-image-preview":"max-image-preview:large","max-video-preview":"max-video-preview:-1"},"canonical":"https:\/\/wobronietradycjiiwiary.com\/en\/ks-martin-lugmayr-fssp-historia-obrzedu-udzielania-komunii-swietej-4-z-4\/","og_locale":"en_US","og_type":"article","og_title":"Ks. Martin Lugmayr FSSP, Historia obrz\u0119du udzielania Komunii \u015bwi\u0119tej (4 z 4) - Tradycja i Wiara","og_description":"4. Podsumowanie Nie by\u0142o nigdy obrz\u0119du Komunii na r\u0119k\u0119 w tej postaci, jak jest ona praktykowana dzisiaj. W sensie \u015bcis\u0142ym w komentowanych wy\u017cej tekstach Ojc\u00f3w nie chodzi o Komuni\u0119 na r\u0119k\u0119, ale raczej o Komuni\u0119 do ust, gdzie prawa r\u0119ka s\u0142u\u017cy za paten\u0119. To stwierdzenie znajduje dodatkowe poparcie w obrz\u0119dzie Komunii diakona w liturgii bizanty\u0144skiej: [&hellip;]","og_url":"https:\/\/wobronietradycjiiwiary.com\/en\/ks-martin-lugmayr-fssp-historia-obrzedu-udzielania-komunii-swietej-4-z-4\/","og_site_name":"Tradycja i Wiara","article_publisher":"https:\/\/www.facebook.com\/Tradycja-i-Wiara-108813920592249","article_published_time":"2017-03-31T06:00:25+00:00","article_modified_time":"2025-02-07T15:01:22+00:00","og_image":[{"width":640,"height":580,"url":"https:\/\/wobronietradycjiiwiary.com\/wp-content\/uploads\/2017\/03\/komunia-na-rc499kc499.jpg","type":"image\/jpeg"}],"author":"Traditio et Fides","twitter_card":"summary_large_image","twitter_misc":{"Written by":"Traditio et Fides","Est. reading time":"5 minutes"},"schema":{"@context":"https:\/\/schema.org","@graph":[{"@type":"Article","@id":"https:\/\/wobronietradycjiiwiary.com\/ks-martin-lugmayr-fssp-historia-obrzedu-udzielania-komunii-swietej-4-z-4\/#article","isPartOf":{"@id":"https:\/\/wobronietradycjiiwiary.com\/ks-martin-lugmayr-fssp-historia-obrzedu-udzielania-komunii-swietej-4-z-4\/"},"author":{"name":"Traditio et Fides","@id":"https:\/\/wobronietradycjiiwiary.com\/pl\/#\/schema\/person\/2d6180ce6abcb681fef0daab7816e8f3"},"headline":"Ks. Martin Lugmayr FSSP, Historia obrz\u0119du udzielania Komunii \u015bwi\u0119tej (4 z 4)","datePublished":"2017-03-31T06:00:25+00:00","dateModified":"2025-02-07T15:01:22+00:00","mainEntityOfPage":{"@id":"https:\/\/wobronietradycjiiwiary.com\/ks-martin-lugmayr-fssp-historia-obrzedu-udzielania-komunii-swietej-4-z-4\/"},"wordCount":1191,"publisher":{"@id":"https:\/\/wobronietradycjiiwiary.com\/pl\/#organization"},"image":{"@id":"https:\/\/wobronietradycjiiwiary.com\/ks-martin-lugmayr-fssp-historia-obrzedu-udzielania-komunii-swietej-4-z-4\/#primaryimage"},"thumbnailUrl":"https:\/\/wobronietradycjiiwiary.com\/wp-content\/uploads\/2017\/03\/komunia-na-rc499kc499.jpg","keywords":["Komunia na kl\u0119cz\u0105co","Komunia w Staro\u017cytno\u015bci","Komunia \u015bwieta","Komunia \u015bwi\u0119ta na r\u0119k\u0119"],"articleSection":["Komunia \u015aw.","Liturgia i liturgika"],"inLanguage":"en-US"},{"@type":"WebPage","@id":"https:\/\/wobronietradycjiiwiary.com\/ks-martin-lugmayr-fssp-historia-obrzedu-udzielania-komunii-swietej-4-z-4\/","url":"https:\/\/wobronietradycjiiwiary.com\/ks-martin-lugmayr-fssp-historia-obrzedu-udzielania-komunii-swietej-4-z-4\/","name":"Ks. Martin Lugmayr FSSP, Historia obrz\u0119du udzielania Komunii \u015bwi\u0119tej (4 z 4) - Tradycja i Wiara","isPartOf":{"@id":"https:\/\/wobronietradycjiiwiary.com\/pl\/#website"},"primaryImageOfPage":{"@id":"https:\/\/wobronietradycjiiwiary.com\/ks-martin-lugmayr-fssp-historia-obrzedu-udzielania-komunii-swietej-4-z-4\/#primaryimage"},"image":{"@id":"https:\/\/wobronietradycjiiwiary.com\/ks-martin-lugmayr-fssp-historia-obrzedu-udzielania-komunii-swietej-4-z-4\/#primaryimage"},"thumbnailUrl":"https:\/\/wobronietradycjiiwiary.com\/wp-content\/uploads\/2017\/03\/komunia-na-rc499kc499.jpg","datePublished":"2017-03-31T06:00:25+00:00","dateModified":"2025-02-07T15:01:22+00:00","breadcrumb":{"@id":"https:\/\/wobronietradycjiiwiary.com\/ks-martin-lugmayr-fssp-historia-obrzedu-udzielania-komunii-swietej-4-z-4\/#breadcrumb"},"inLanguage":"en-US","potentialAction":[{"@type":"ReadAction","target":["https:\/\/wobronietradycjiiwiary.com\/ks-martin-lugmayr-fssp-historia-obrzedu-udzielania-komunii-swietej-4-z-4\/"]}]},{"@type":"ImageObject","inLanguage":"en-US","@id":"https:\/\/wobronietradycjiiwiary.com\/ks-martin-lugmayr-fssp-historia-obrzedu-udzielania-komunii-swietej-4-z-4\/#primaryimage","url":"https:\/\/wobronietradycjiiwiary.com\/wp-content\/uploads\/2017\/03\/komunia-na-rc499kc499.jpg","contentUrl":"https:\/\/wobronietradycjiiwiary.com\/wp-content\/uploads\/2017\/03\/komunia-na-rc499kc499.jpg","width":640,"height":580},{"@type":"BreadcrumbList","@id":"https:\/\/wobronietradycjiiwiary.com\/ks-martin-lugmayr-fssp-historia-obrzedu-udzielania-komunii-swietej-4-z-4\/#breadcrumb","itemListElement":[{"@type":"ListItem","position":1,"name":"Strona g\u0142\u00f3wna","item":"https:\/\/wobronietradycjiiwiary.com\/"},{"@type":"ListItem","position":2,"name":"Ks. Martin Lugmayr FSSP, Historia obrz\u0119du udzielania Komunii \u015bwi\u0119tej (4 z 4)"}]},{"@type":"WebSite","@id":"https:\/\/wobronietradycjiiwiary.com\/pl\/#website","url":"https:\/\/wobronietradycjiiwiary.com\/pl\/","name":"Tradycja i Wiara","description":"Portal dla katolik\u00f3w.","publisher":{"@id":"https:\/\/wobronietradycjiiwiary.com\/pl\/#organization"},"potentialAction":[{"@type":"SearchAction","target":{"@type":"EntryPoint","urlTemplate":"https:\/\/wobronietradycjiiwiary.com\/pl\/?s={search_term_string}"},"query-input":{"@type":"PropertyValueSpecification","valueRequired":true,"valueName":"search_term_string"}}],"inLanguage":"en-US"},{"@type":"Organization","@id":"https:\/\/wobronietradycjiiwiary.com\/pl\/#organization","name":"Tradycja i Wiara","url":"https:\/\/wobronietradycjiiwiary.com\/pl\/","logo":{"@type":"ImageObject","inLanguage":"en-US","@id":"https:\/\/wobronietradycjiiwiary.com\/pl\/#\/schema\/logo\/image\/","url":"https:\/\/i0.wp.com\/wobronietradycjiiwiary.com\/wp-content\/uploads\/2015\/10\/cropped-st-peters-dome-vatican.jpg?fit=940%2C198&ssl=1","contentUrl":"https:\/\/i0.wp.com\/wobronietradycjiiwiary.com\/wp-content\/uploads\/2015\/10\/cropped-st-peters-dome-vatican.jpg?fit=940%2C198&ssl=1","width":940,"height":198,"caption":"Tradycja i Wiara"},"image":{"@id":"https:\/\/wobronietradycjiiwiary.com\/pl\/#\/schema\/logo\/image\/"},"sameAs":["https:\/\/www.facebook.com\/Tradycja-i-Wiara-108813920592249"]},{"@type":"Person","@id":"https:\/\/wobronietradycjiiwiary.com\/pl\/#\/schema\/person\/2d6180ce6abcb681fef0daab7816e8f3","name":"Traditio et Fides","sameAs":["https:\/\/traditionundglauben.com"],"url":"https:\/\/wobronietradycjiiwiary.com\/en\/author\/wobronietradycjiiwiary\/"}]}},"jetpack_publicize_connections":[],"jetpack_sharing_enabled":true,"jetpack_likes_enabled":true,"jetpack_shortlink":"https:\/\/wp.me\/pc04Sd-33g","jetpack-related-posts":[{"id":113424,"url":"https:\/\/wobronietradycjiiwiary.com\/en\/o-przyjmowaniu-komunii-sw-przed-reformami-piusa-x\/","url_meta":{"origin":11734,"position":0},"title":"O przyjmowaniu komunii \u015bw. przed reformami Piusa X","author":"Traditio et Fides","date":"27 February 2024","format":false,"excerpt":"O tym, \u017ce komunia przed reformami Piusa X udzielana by\u0142a po Mszy i o zaletach tego rozwi\u0105zania.","rel":"","context":"In &quot;Doktryna&quot;","block_context":{"text":"Doktryna","link":"https:\/\/wobronietradycjiiwiary.com\/en\/category\/doktryna\/"},"img":{"alt_text":"","src":"https:\/\/i0.wp.com\/wobronietradycjiiwiary.com\/wp-content\/uploads\/2024\/02\/1006px-Harriet_Backer_-_The_Holy_Communion_celebrated_in_Stange_Church_-_NG.M.00905_-_National_Museum_of_Art_Architecture_and_Design.jpg?resize=350%2C200&ssl=1","width":350,"height":200,"srcset":"https:\/\/i0.wp.com\/wobronietradycjiiwiary.com\/wp-content\/uploads\/2024\/02\/1006px-Harriet_Backer_-_The_Holy_Communion_celebrated_in_Stange_Church_-_NG.M.00905_-_National_Museum_of_Art_Architecture_and_Design.jpg?resize=350%2C200&ssl=1 1x, https:\/\/i0.wp.com\/wobronietradycjiiwiary.com\/wp-content\/uploads\/2024\/02\/1006px-Harriet_Backer_-_The_Holy_Communion_celebrated_in_Stange_Church_-_NG.M.00905_-_National_Museum_of_Art_Architecture_and_Design.jpg?resize=525%2C300&ssl=1 1.5x, https:\/\/i0.wp.com\/wobronietradycjiiwiary.com\/wp-content\/uploads\/2024\/02\/1006px-Harriet_Backer_-_The_Holy_Communion_celebrated_in_Stange_Church_-_NG.M.00905_-_National_Museum_of_Art_Architecture_and_Design.jpg?resize=700%2C400&ssl=1 2x"},"classes":[]},{"id":113583,"url":"https:\/\/wobronietradycjiiwiary.com\/en\/o-przyjmowaniu-komunii-sw-poza-msza-sw-przed-piusem-x-uwag-kilka-4\/","url_meta":{"origin":11734,"position":1},"title":"O przyjmowaniu komunii \u015bw. poza Msz\u0105 \u015aw. przed Piusem X uwag kilka (4 z 4)","author":"Traditio et Fides","date":"18 March 2024","format":false,"excerpt":"Cykl o tym, jak wygl\u0105da\u0142a praktyka przyjmowania komunii \u015bw. przed reformami Piusa X z lat 1905-1910.","rel":"","context":"In &quot;Doktryna&quot;","block_context":{"text":"Doktryna","link":"https:\/\/wobronietradycjiiwiary.com\/en\/category\/doktryna\/"},"img":{"alt_text":"","src":"https:\/\/i0.wp.com\/wobronietradycjiiwiary.com\/wp-content\/uploads\/2024\/02\/French-First-Communion.webp?resize=350%2C200&ssl=1","width":350,"height":200,"srcset":"https:\/\/i0.wp.com\/wobronietradycjiiwiary.com\/wp-content\/uploads\/2024\/02\/French-First-Communion.webp?resize=350%2C200&ssl=1 1x, https:\/\/i0.wp.com\/wobronietradycjiiwiary.com\/wp-content\/uploads\/2024\/02\/French-First-Communion.webp?resize=525%2C300&ssl=1 1.5x"},"classes":[]},{"id":107594,"url":"https:\/\/wobronietradycjiiwiary.com\/en\/carol-byrne-msza-dialogowana-82-1-z-129-kanon-z-1962-r-wywolal-kryzys-ii\/","url_meta":{"origin":11734,"position":2},"title":"Carol Byrne, &#8220;Msza dialogowana&#8221;. (82.2 z 129). Kanon z 1962 r. wywo\u0142a\u0142 kryzys (ii)","author":"Traditio et Fides","date":"21 November 2023","format":false,"excerpt":"O zniesieniu Confiteor przed komuni\u0105.","rel":"","context":"In &quot;2. Stopniowe zmiany liturgii: Kanon, kalendarz, znikaj\u0105ce \u015bwi\u0119ta&quot;","block_context":{"text":"2. Stopniowe zmiany liturgii: Kanon, kalendarz, znikaj\u0105ce \u015bwi\u0119ta","link":"https:\/\/wobronietradycjiiwiary.com\/en\/category\/doktryna\/teologia-liturgii\/byrne-doktryna\/byrne\/4-jan-xxiii\/2-stopniowe-zmiany-liturgii\/"},"img":{"alt_text":"","src":"https:\/\/i0.wp.com\/wobronietradycjiiwiary.com\/wp-content\/uploads\/2019\/10\/carreno-de-miranda.jpg?resize=350%2C200&ssl=1","width":350,"height":200,"srcset":"https:\/\/i0.wp.com\/wobronietradycjiiwiary.com\/wp-content\/uploads\/2019\/10\/carreno-de-miranda.jpg?resize=350%2C200&ssl=1 1x, https:\/\/i0.wp.com\/wobronietradycjiiwiary.com\/wp-content\/uploads\/2019\/10\/carreno-de-miranda.jpg?resize=525%2C300&ssl=1 1.5x, https:\/\/i0.wp.com\/wobronietradycjiiwiary.com\/wp-content\/uploads\/2019\/10\/carreno-de-miranda.jpg?resize=700%2C400&ssl=1 2x"},"classes":[]},{"id":107629,"url":"https:\/\/wobronietradycjiiwiary.com\/en\/eliminacja-confiteor-krokiem-ku-swietokradczej-komunii\/","url_meta":{"origin":11734,"position":3},"title":"Eliminacja Confiteor krokiem ku \u015bwi\u0119tokradczej komunii","author":"Traditio et Fides","date":"21 November 2023","format":false,"excerpt":"O tym, ja zach\u0119canie do cz\u0119stej komunii doprowadzi\u0142o do komunii \u015bwi\u0119tokradczej.","rel":"","context":"In &quot;Ad 4) 2. Stopniowe zmiany liturgii: Kanon, kalendarz, znikaj\u0105ce \u015bwi\u0119ta&quot;","block_context":{"text":"Ad 4) 2. Stopniowe zmiany liturgii: Kanon, kalendarz, znikaj\u0105ce \u015bwi\u0119ta","link":"https:\/\/wobronietradycjiiwiary.com\/en\/category\/doktryna\/teologia-liturgii\/byrne-doktryna\/byrne\/komentarze-do-byrne\/ad-4-jan-xxiii\/ad-4-2-stopniowe-zmiany-liturgii\/"},"img":{"alt_text":"","src":"https:\/\/i0.wp.com\/wobronietradycjiiwiary.com\/wp-content\/uploads\/2023\/11\/1200px-Juan_Martin_Cabezalero_-_The_Communion_of_Saint_Theresa_-_Google_Art_Project.jpg?resize=350%2C200&ssl=1","width":350,"height":200,"srcset":"https:\/\/i0.wp.com\/wobronietradycjiiwiary.com\/wp-content\/uploads\/2023\/11\/1200px-Juan_Martin_Cabezalero_-_The_Communion_of_Saint_Theresa_-_Google_Art_Project.jpg?resize=350%2C200&ssl=1 1x, https:\/\/i0.wp.com\/wobronietradycjiiwiary.com\/wp-content\/uploads\/2023\/11\/1200px-Juan_Martin_Cabezalero_-_The_Communion_of_Saint_Theresa_-_Google_Art_Project.jpg?resize=525%2C300&ssl=1 1.5x, https:\/\/i0.wp.com\/wobronietradycjiiwiary.com\/wp-content\/uploads\/2023\/11\/1200px-Juan_Martin_Cabezalero_-_The_Communion_of_Saint_Theresa_-_Google_Art_Project.jpg?resize=700%2C400&ssl=1 2x, https:\/\/i0.wp.com\/wobronietradycjiiwiary.com\/wp-content\/uploads\/2023\/11\/1200px-Juan_Martin_Cabezalero_-_The_Communion_of_Saint_Theresa_-_Google_Art_Project.jpg?resize=1050%2C600&ssl=1 3x"},"classes":[]},{"id":113578,"url":"https:\/\/wobronietradycjiiwiary.com\/en\/o-przyjmowaniu-komunii-sw-poza-msza-sw-przed-piusem-x-uwag-kilka-3\/","url_meta":{"origin":11734,"position":4},"title":"O przyjmowaniu komunii \u015bw. poza Msz\u0105 \u015aw. przed Piusem X uwag kilka (3 z 4)","author":"Traditio et Fides","date":"11 March 2024","format":false,"excerpt":"Cykl o tym, jak wygl\u0105da\u0142a praktyka przyjmowania komunii \u015bw. przed reformami Piusa X z lat 1905-1910.","rel":"","context":"In &quot;Doktryna&quot;","block_context":{"text":"Doktryna","link":"https:\/\/wobronietradycjiiwiary.com\/en\/category\/doktryna\/"},"img":{"alt_text":"","src":"https:\/\/i0.wp.com\/wobronietradycjiiwiary.com\/wp-content\/uploads\/2024\/02\/French-First-Communion.webp?resize=350%2C200&ssl=1","width":350,"height":200,"srcset":"https:\/\/i0.wp.com\/wobronietradycjiiwiary.com\/wp-content\/uploads\/2024\/02\/French-First-Communion.webp?resize=350%2C200&ssl=1 1x, https:\/\/i0.wp.com\/wobronietradycjiiwiary.com\/wp-content\/uploads\/2024\/02\/French-First-Communion.webp?resize=525%2C300&ssl=1 1.5x"},"classes":[]},{"id":107900,"url":"https:\/\/wobronietradycjiiwiary.com\/en\/sw-alfons-liguori-o-czestej-komuniii\/","url_meta":{"origin":11734,"position":5},"title":"\u015aw. Alfons Liguori  o cz\u0119stej komunii \u015bwi\u0119tej","author":"Traditio et Fides","date":"27 November 2023","format":false,"excerpt":"Rozwa\u017cania na temat cz\u0119stej komunii \u015bw. w \u015bwietle pism \u015bw. Alfonsa Liguori.","rel":"","context":"In &quot;Doktryna&quot;","block_context":{"text":"Doktryna","link":"https:\/\/wobronietradycjiiwiary.com\/en\/category\/doktryna\/"},"img":{"alt_text":"","src":"https:\/\/i0.wp.com\/wobronietradycjiiwiary.com\/wp-content\/uploads\/2023\/11\/The-first-communion-Mariano-Barbasan-Lagueruela-Oil-Painting.jpg?resize=350%2C200&ssl=1","width":350,"height":200,"srcset":"https:\/\/i0.wp.com\/wobronietradycjiiwiary.com\/wp-content\/uploads\/2023\/11\/The-first-communion-Mariano-Barbasan-Lagueruela-Oil-Painting.jpg?resize=350%2C200&ssl=1 1x, https:\/\/i0.wp.com\/wobronietradycjiiwiary.com\/wp-content\/uploads\/2023\/11\/The-first-communion-Mariano-Barbasan-Lagueruela-Oil-Painting.jpg?resize=525%2C300&ssl=1 1.5x, https:\/\/i0.wp.com\/wobronietradycjiiwiary.com\/wp-content\/uploads\/2023\/11\/The-first-communion-Mariano-Barbasan-Lagueruela-Oil-Painting.jpg?resize=700%2C400&ssl=1 2x"},"classes":[]}],"amp_enabled":true,"jetpack_featured_media_url":"https:\/\/wobronietradycjiiwiary.com\/wp-content\/uploads\/2017\/03\/komunia-na-rc499kc499.jpg","_links":{"self":[{"href":"https:\/\/wobronietradycjiiwiary.com\/en\/wp-json\/wp\/v2\/posts\/11734","targetHints":{"allow":["GET"]}}],"collection":[{"href":"https:\/\/wobronietradycjiiwiary.com\/en\/wp-json\/wp\/v2\/posts"}],"about":[{"href":"https:\/\/wobronietradycjiiwiary.com\/en\/wp-json\/wp\/v2\/types\/post"}],"author":[{"embeddable":true,"href":"https:\/\/wobronietradycjiiwiary.com\/en\/wp-json\/wp\/v2\/users\/60508433"}],"replies":[{"embeddable":true,"href":"https:\/\/wobronietradycjiiwiary.com\/en\/wp-json\/wp\/v2\/comments?post=11734"}],"version-history":[{"count":3,"href":"https:\/\/wobronietradycjiiwiary.com\/en\/wp-json\/wp\/v2\/posts\/11734\/revisions"}],"predecessor-version":[{"id":57391,"href":"https:\/\/wobronietradycjiiwiary.com\/en\/wp-json\/wp\/v2\/posts\/11734\/revisions\/57391"}],"wp:featuredmedia":[{"embeddable":true,"href":"https:\/\/wobronietradycjiiwiary.com\/en\/wp-json\/wp\/v2\/media\/11667"}],"wp:attachment":[{"href":"https:\/\/wobronietradycjiiwiary.com\/en\/wp-json\/wp\/v2\/media?parent=11734"}],"wp:term":[{"taxonomy":"category","embeddable":true,"href":"https:\/\/wobronietradycjiiwiary.com\/en\/wp-json\/wp\/v2\/categories?post=11734"},{"taxonomy":"post_tag","embeddable":true,"href":"https:\/\/wobronietradycjiiwiary.com\/en\/wp-json\/wp\/v2\/tags?post=11734"}],"curies":[{"name":"wp","href":"https:\/\/api.w.org\/{rel}","templated":true}]}}