{"id":116577,"date":"2024-05-02T08:15:01","date_gmt":"2024-05-02T06:15:01","guid":{"rendered":"https:\/\/wobronietradycjiiwiary.com\/?p=116577"},"modified":"2025-02-12T10:50:43","modified_gmt":"2025-02-12T09:50:43","slug":"2-go-maja-zywot-swietobliwego-jana-dlugosza-nominata-arcybiskupa-lwowskiego-2-2-2","status":"publish","type":"post","link":"https:\/\/wobronietradycjiiwiary.com\/en\/2-go-maja-zywot-swietobliwego-jana-dlugosza-nominata-arcybiskupa-lwowskiego-2-2-2\/","title":{"rendered":"2-go Maja. \u017bywot \u015bwi\u0119tobliwego Jana D\u0142ugosza, Nominata Arcybiskupa Lwowskiego."},"content":{"rendered":"<div id=\"bsf_rt_marker\"><\/div>\n<p class=\"has-text-align-justify wp-block-paragraph\">an D\u0142ugosz, pierwszy wielki dziejopis polski, urodzi\u0142 si\u0119 roku 1415 w Brze\u017anicy z ziemi Sieradzkiej, z ojca Jana, kt\u00f3ry walczy\u0142 pod Grunwaldem przeciw Krzy\u017cakom. W m\u0142odych leciech oddany do szk\u00f3\u0142, najprz\u00f3d w nowym Korczynie tak\u0105 zapa\u0142a\u0142 ch\u0119ci\u0105 zyskania \u015bwiadomo\u015bci, \u017ce wszelkie zabawy dziecinne porzuci\u0142. W Krakowskiej potem akademii z wielkiem cnoty i nauki zaleceniem kilka lat przep\u0119dziwszy, przyszed\u0142 do wielkiej doskona\u0142o\u015bci. A gdy si\u0119 dosta\u0142 na dw\u00f3r Zbigniewa Ole\u015bnickiego, Biskupa krakowskiego, tak mu przypad\u0142 do serca dla wielkiego przezoru i dowcipu, \u017ce mu pan, siedmna\u015bcie lat maj\u0105cemu, rz\u0105d ca\u0142ego dworu swojego poleci\u0142, co mu u niekt\u00f3rych domowych zazdro\u015b\u0107, ale u m\u0105drych ludzi wielk\u0105 powag\u0119 sprawi\u0142o.<\/p>\n\n\n\n<p class=\"has-text-align-justify wp-block-paragraph\">Mimo wieku m\u0142odzie\u0144czego na tym urz\u0119dzie zdzia\u0142a\u0142 wiele dobrego, zbieraj\u0105c pilnie i spisuj\u0105c pi\u0119knym porz\u0105dkiem wszystkie prawa, dochody, fundacye Biskup\u00f3w krakowskich, kt\u00f3re przez niedoz\u00f3r zarzucone, zaniedbane i prawie zagubione by\u0142y. T\u0119\u017c sam\u0105 przys\u0142ug\u0119 uczyni\u0142 ca\u0142ej dyecezyi krakowskiej, kiedy wszystkie fundacye i zapisy ko\u015bcio\u0142\u00f3w, plebanii, prebend w jedn\u0105 ksi\u0119g\u0119 zebra\u0142, i pilno wypisa\u0142, \u017ceby jak\u0105 niepami\u0119ci\u0105 albo przygod\u0105 nie zgin\u0119\u0142y. T\u0119 prac\u0119 D\u0142ugosza zachowuje dot\u0105d u siebie Kapitu\u0142a krakowska.<\/p>\n\n\n\n<p class=\"has-text-align-justify wp-block-paragraph\">Cho\u0107 m\u0142ody by\u0142 D\u0142ugosz i zawsze weso\u0142y, nie gasi\u0142 w sobie ducha nabo\u017ce\u0144stwa i owszem mi\u0119dzy ustawicznemi jego pracami najmilsz\u0105 mu by\u0142o rozrywk\u0105 ko\u015bcio\u0142y obchodzi\u0107, modlitw\u0105 si\u0119 bawi\u0107, a osobliwie rozmy\u015bla\u0107 o M\u0119ce Pa\u0144skiej. Mia\u0142 te\u017c st\u0105d jak\u0105\u015b osobliwsz\u0105 rozkosz na umy\u015ble, patrze\u0107 na obrz\u0119dy i ceremonie ko\u015bcielne, s\u0142ysze\u0107 duchowie\u0144stwo \u015bpiewaj\u0105ce chwa\u0142\u0119 Bogu. Przeto st\u0105d mia\u0142 natchnienie do przyj\u0119cia stanu kap\u0142a\u0144skiego, na co si\u0119, a oraz na wieczn\u0105 czysto\u015b\u0107 \u015blubem obowi\u0105za\u0142 Bogu, dla kt\u00f3rej zachowania \u0107wiczy\u0142 si\u0119 w wielkiej wstrzemi\u0119\u017aliwo\u015bci. W roku 21 zosta\u0142 subdyakonem, a nie kwapi\u0142 si\u0119 do kap\u0142a\u0144skiego stopnia, lecz przez lat cztery sposobi\u0142 si\u0119 do \u0107wiczenia w cnotach i czytania ksi\u0105g potrzebnych, a dopiero w roku 25 wieku swego od Zbigniewa Biskupa otrzyma\u0142 po\u015bwi\u0119cenie kap\u0142a\u0144skie. Nikt nad niego nie przestrzega\u0142 pilniej obrz\u0119d\u00f3w i ceremonii ko\u015bcielnych, nikt godno\u015bci kap\u0142a\u0144skiej nie zachowa\u0142 usilniej od wszelkiej zmazy duszy i cia\u0142a.<\/p>\n\n\n\n<p class=\"has-text-align-justify wp-block-paragraph\">Zostawszy kanonikiem krakowskim tak nienaganne i czyste \u017cycie prowadzi\u0142, \u017ce nie tylko w swojej katedrze doznawa\u0142 osobliwej czci, ale i poza jej granicami o przyja\u017a\u0144 jego si\u0119 starano. W kollegiacie Wi\u015blickiej zosta\u0142 kustoszem, w sandomierskiej kanonikiem, i inne cho\u0107 ubogie prebendy przyjmowa\u0142, co mu u niekt\u00f3rych podejrzenie \u0142akomstwa sprawowa\u0142o. Ale to D\u0142ugosz i przed Bogiem i przed \u015bwiatem usprawiedliwi\u0142, albowiem gdziekolwiek zasta\u0142 ruin\u0119, nieporz\u0105dek, albo niedostatek, to do lepszej pory przyprowadza\u0142. W Kotlu, wiosce nale\u017c\u0105cej do kustodyi wi\u015blickiej, wystawi\u0142 na pi\u0119knej g\u00f3rze ko\u015bci\u00f3\u0142 murowany, tak wspania\u0142y i ozdobny, \u017ce i w najwi\u0119kszem mie\u015bcie s\u0142u\u017cy\u0142by za ozdob\u0119. W Wi\u015blicy przy kollegiacie wie\u017c\u0119 wspania\u0142\u0105 wyni\u00f3s\u0142, a wikaryuszom tego ko\u015bcio\u0142a mieszkanie wygodne wystawi\u0142. Pod Sandomierzem w Odanchowie, gdzie mia\u0142 prebend\u0119 kanoniczn\u0105, wspania\u0142y ko\u015bci\u00f3\u0142 pod tytu\u0142em Naj\u015bwi\u0119tszej Maryi Panny z muru wystawi\u0142 i uposa\u017cy\u0142, a wiosk\u0119 ma\u0142\u0105 powa\u017cn\u0105 struktur\u0105 przyozdobi\u0142.<\/p>\n\n\n\n<p class=\"has-text-align-justify wp-block-paragraph\">Z nabo\u017ce\u0144stwa osobliwego, kt\u00f3re mia\u0142 do \u015bw. Stanis\u0142awa, Biskupa krakowskiego, wystawi\u0142 w Szczepanowie, miejscu rodzinnem \u015bw. M\u0119czennika, w\u0142asnym nak\u0142adem i innych pobo\u017cnych wspania\u0142y ko\u015bci\u00f3\u0142 i w dochody znaczne opatrzy\u0142. Kollegium krakowskie, w kt\u00f3rem do dzi\u015b dnia ucz\u0105 prawa ko\u015bcielnego i koronnego, cz\u0119\u015bci\u0105 zreparowa\u0142, cz\u0119\u015bci\u0105 z fundamentu wyni\u00f3s\u0142, i wiele innych budynk\u00f3w wystawi\u0142.<br>\u2009Kollegiacie Wi\u015blickiej bardzo bogate aparaty darowa\u0142, nadto szczeroz\u0142oty kielich z paten\u0105 i tak\u0105\u017c monstrancy\u0119, na co wy\u0142o\u017cy\u0142 5000 grzywien pieni\u0119dzy. W K\u0142obucku, gdzie\u00a0<a href=\"https:\/\/pl.wikisource.org\/wiki\/Plik:%C5%BBywoty_%C5%9Bw._Pa%C5%84skich_na_wszystkie_dnie_roku-p._437.jpg\"><\/a><a href=\"https:\/\/pl.wikisource.org\/wiki\/Plik:%C5%BBywoty_%C5%9Bw._Pa%C5%84skich_na_wszystkie_dnie_roku-p._437.jpg\"><\/a>Jan D\u0142ugosz.najprz\u00f3d by\u0142 plebanem, wystawiwszy ko\u015bci\u00f3\u0142 nowy, aby w nim g\u0142o\u015bniej brzmia\u0142a s\u0142u\u017cba Boska, fundowa\u0142 przy nim kanonik\u00f3w regularnych, kt\u00f3rych \u015bwi\u0119tobliwo\u015b\u0107 i nabo\u017ce\u0144stwo za jego czas\u00f3w wielk\u0105 mia\u0142o wzi\u0119to\u015b\u0107.<\/p>\n\n\n\n<p class=\"has-text-align-justify wp-block-paragraph\">\u2009Na Ska\u0142ce przy Krakowie, miejscu, na kt\u00f3rem zabity by\u0142 \u015bwi\u0119ty Stanis\u0142aw, Biskup, i cia\u0142o jego przez wiele lat spoczywa\u0142o, jeden tylko by\u0142 pleban, wi\u0119c aby wi\u0119ksza na tak \u015bwi\u0119tem miejscu chwa\u0142a Bogu i \u015awi\u0119temu Jego brzmia\u0142a, dokaza\u0142 D\u0142ugosz cho\u0107 z niewymown\u0105 prac\u0105, \u017ce przy tym ko\u015bciele osiedli OO. Paulini, a na ich wy\u017cywienie, opr\u00f3cz innych nak\u0142ad\u00f3w, wie\u015b kupi\u0142. W niej dot\u0105d maj\u0105 klasztor wspania\u0142y, a maj\u0105c w nim studyum teologiczne, w wielkiej liczbie chwal\u0105 Boga we dnie i w nocy. A za naszych czas\u00f3w zrzuciwszy stary ko\u015bci\u00f3\u0142ek, wspania\u0142y i ozdobny staraniem swojem wystawili.<\/p>\n\n\n\n<p class=\"has-text-align-justify wp-block-paragraph\">W Sandomierskiej kollegiacie, do kt\u00f3rej mia\u0142 osobliwsze przywi\u0105zanie i nabo\u017ce\u0144stwo, aby Matce Boskiej (pod kt\u00f3rej imieniem jest ten ko\u015bci\u00f3\u0142) wi\u0119ksza cze\u015b\u0107 by\u0142a, kupiwszy dwie wsi, o\u015bm mansyonarz\u00f3w fundowa\u0142, kt\u00f3rzy codziennie kurs albo godziny o Niej \u015bpiewaj\u0105. Gdy za\u015b na te i inne pobo\u017cne uczynki wylewa\u0142 si\u0119 ten \u015bwi\u0119tobliwy pra\u0142at, wzbudzi\u0142 na niego szatan niema\u0142e prze\u015bladowanie, zaostrzy\u0142 j\u0119zyki zazdrosnych i \u0142akomych ludzi, osobliwie z tej przyczyny, \u017ce b\u0119d\u0105c postanowiony egzekutorem testamentu Zbigniewa, Kardyna\u0142a i Biskupa krakowskiego, wol\u0119 jego do najmniejszego punktu wiernie wykonywa\u0142, co brata jego i innych krewnych, ob\u0142owu swego pragn\u0105cych, srodze bola\u0142o. I przysz\u0142o do tego, \u017ce Piotr ze Skrocina, podkanclerzy koronny niewinnego D\u0142ugosza tak niezbo\u017cnie przed kr\u00f3lem obczerni\u0142, i\u017c gniew monarchy na niego zapali\u0142; ale gdy na s\u0105d stan\u0105\u0142 D\u0142ugosz i z wszelk\u0105 skromno\u015bci\u0105 zbi\u0142 zarzuty nieprzyjacielskie, zawstydzony i sumieniem przekonany delator wyprzysi\u0105g\u0142 si\u0119 powie\u015bci swoich, a D\u0142ugosz nie chcia\u0142 \u017cadnej z niego zemsty.<\/p>\n\n\n\n<p class=\"has-text-align-justify wp-block-paragraph\">By\u0142a i inna okazya, za kt\u00f3r\u0105 gniew kr\u00f3lewski na siebie obruszy\u0142, tak \u017ce musia\u0142 uchodzi\u0107 i kry\u0107 si\u0119 u dobrych przyjaci\u00f3\u0142. Wszak\u017ce gdy jego sprawiedliwo\u015b\u0107 z czasem si\u0119 wyja\u015bni\u0142a, kr\u00f3l Kazimierz odt\u0105d tak go pocz\u0105\u0142 szacowa\u0107, \u017ce nie tylko do najtrudniejszych spraw go przyci\u0105ga\u0142, ale jego z mi\u0119dzy wielu innych obra\u0142 na kierownika w naukach i obyczajach sze\u015bciu syn\u00f3w swoich. Jako\u017c takie im da\u0142 wychowanie, \u017ce wszyscy z nich byli panowie cnotliwi, a jeden z nich \u015bwi\u0119ty Kazimierz kr\u00f3lewicz, do tak wysokiej doszed\u0142 \u015bwi\u0119tobliwo\u015bci, \u017ce Ko\u015bci\u00f3\u0142 Bo\u017cy policzy\u0142 go mi\u0119dzy \u015awi\u0119tych.<\/p>\n\n\n\n<p class=\"has-text-align-justify wp-block-paragraph\">Gdy pierwszego z tych uczni\u00f3w D\u0142ugosza, W\u0142adys\u0142awa kr\u00f3lewicza na tron sw\u00f3j zaprosili Czechowie, Kazimierz IV kr\u00f3l Polski chcia\u0142, aby D\u0142ugosz z nim jecha\u0142 do Pragi. Wzbrania\u0142 si\u0119 tego mocno, wiedz\u0105c \u017ce to k\u0142\u00f3tliwa by\u0142a sprawa, a gdy go kr\u00f3l inaczej nie m\u00f3g\u0142 przywie\u015b\u0107 do tego, rzek\u0142 do niego: \u201eI jak\u017ce to b\u0119dzie, kiedy syn m\u00f3j razem obu ojc\u00f3w straci? mnie, kt\u00f3rym go na \u015bwiat zrodzi\u0142 i ciebie, kt\u00f3ry\u015b go w duchu zrodzi\u0142.\u201c Temi tedy s\u0142owy wzruszony D\u0142ugosz sk\u0142oni\u0142 si\u0119 do woli pana, a rad\u0105 swoj\u0105 dokaza\u0142, \u017ce w tak zak\u0142\u00f3conem i rozerwanem pa\u0144stwie, W\u0142adys\u0142aw tron spokojnie osiad\u0142.<\/p>\n\n\n\n<p class=\"has-text-align-justify wp-block-paragraph\">Ofiarowa\u0142 W\u0142adys\u0142aw tam\u017ce nauczycielowi swemu D\u0142ugoszowi Arcybiskupstwo Praskie, bardzo obfite w dochody, ale nie chcia\u0142 przyj\u0105\u0107 inaczej tylko pod tym warunkiem, aby pierwej Czechowie do jedno\u015bci ze \u015bw. Ko\u015bcio\u0142em Rzymskim przyszli; ale \u017ce oni na to nie przystali, on te\u017c ich pasterzem by\u0107 nie chcia\u0142, to przydaj\u0105c, \u017ce bardzo dobrze \u015bwiadom ci\u0119\u017caru Biskupiego, gdy\u017c dwadzie\u015bcia i cztery lat na dworze Biskupa krakowskiego zostawa\u0142. I sam Kazimierz kr\u00f3l ofiarowa\u0142 mu to podkanclerstwo, to podskarbstwo wielkie koronne (bo tamtych czas\u00f3w dawano je i duchownym), ale D\u0142ugosz pokornie si\u0119 z tego wyprosi\u0142 boj\u0105c si\u0119 na takich urz\u0119dach jakiego zawodu sumienia.<\/p>\n\n\n\n<p class=\"has-text-align-justify wp-block-paragraph\">Mia\u0142 do uniknienia tak wysokich urz\u0119d\u00f3w i inne przyczyny. Najprz\u00f3d \u017ce pracowicie z r\u00f3\u017cnych autor\u00f3w polskich i cudzoziemskich zbiera\u0142 history\u0119 Polsk\u0105, a po wt\u00f3re \u017ce bardzo dba\u0142 o to, i\u017c jego stan duchowny po nim wymaga\u0142, aby raczej Boskiemi rzeczami si\u0119 zabawia\u0142 ni\u017c doczesnymi zabiegami. Przeto\u017c czego od m\u0142odo\u015bci pragn\u0105\u0142 i cz\u0119sto mawia\u0142: \u201eDot\u0105d marnie czas trawi\u0119 i darmo \u017cyj\u0119 na \u015bwiecie, kiedy tego miejsca nie widz\u0119, na kt\u00f3rem Zbawiciel m\u00f3j narodzi\u0142 si\u0119 i umar\u0142 za mnie\u201c, tego za okazy\u0105 dokaza\u0142. Albowiem gdy w wielkiej sprawie pos\u0142em by\u0142\u00a0do Rzymu i od Miko\u0142aja V, Papie\u017ca, mile by\u0142 przyj\u0119ty, tak dalece, \u017ce za tak godnego pos\u0142a dzi\u0119kowa\u0142 Papie\u017c kr\u00f3lowi polskiemu, zlecone sobie dzie\u0142o szcz\u0119\u015bliwie sprawiwszy, tam\u017ce Jubileusz wielki nabo\u017cnie odprawi\u0142, a wsiad\u0142szy na okr\u0119t, zajecha\u0142 do Ziemi \u015bwi\u0119tej i tam wszystkie miejsca tajemnicami zbawienia naszego po\u015bwi\u0119cone, tudzie\u017c krwi\u0105 Jezusow\u0105 skropione, z nabo\u017ce\u0144stwem i \u0142ez wylaniem nawiedza\u0142. Pragn\u0105\u0142 tam na zawsze \u017cy\u0107 albo umiera\u0107, ale cz\u0119\u015bci\u0105, \u017ce zlecone interesa inaczej kaza\u0142y, cz\u0119\u015bci\u0105 \u017ce okr\u0119t \u015bpieszniej odchodzi\u0142, z \u017calem stamt\u0105d odje\u017cd\u017ca\u0142.<\/p>\n\n\n\n<p class=\"has-text-align-justify wp-block-paragraph\">Powr\u00f3ciwszy do ojczyzny, sprowadzi\u0142 z sob\u0105 apostolskiego m\u0119\u017ca naszego zakonu \u015bw. Jana Kapistrana, t\u0105 najbardziej intency\u0105, aby jako ten \u015bwi\u0119ty M\u0105\u017c w Czechach, Morawie i Austryi tak ognistemi s\u0142owy, jako rozlicznemi cudy, niewymownie wielki po\u017cytek czyni\u0142 i Husyt\u00f3w herezy\u0119 wsz\u0119dzie wyt\u0119pia\u0142, tak te\u017c szata\u0144skie nasienie z naszych niw polskich skutecznie wykorzeni\u0142.<\/p>\n\n\n\n<p class=\"has-text-align-justify wp-block-paragraph\">Gdy ju\u017c D\u0142ugosz by\u0142 podesz\u0142y w latach, ca\u0142y rz\u0105d domu swego i dochod\u00f3w zleci\u0142 rodzonemu bratu swemu tak\u017ce kanonikowi krakowskiemu, a sam na uczynkach pokutnych i mi\u0142osiernych reszt\u0119 \u017cycia swego z wielk\u0105 ducha rado\u015bci\u0105 zacz\u0105\u0142 prowadzi\u0107. Ale \u017ce nad nadziej\u0119 swoj\u0105 pr\u0119dzej brat mu umar\u0142, niepomiernie \u015bmierci jego \u017ca\u0142owa\u0142 i dziwowali si\u0119 wszyscy, \u017ce m\u0105\u017c wspania\u0142ego umys\u0142u we wszystkich niepomy\u015blnych przypadkach, w tym jednym mi\u0119kko\u015b\u0107 i s\u0142abo\u015b\u0107 serca pokazywa\u0142. Ale \u017ce takiego brata postrada\u0142, kt\u00f3ry jego ci\u0119\u017car na sobie d\u017awiga\u0142, a jemu do zabawienia si\u0119 z samym Bogiem pomaga\u0142, ka\u017cdy go z m\u0105drych wymawia\u0142.<\/p>\n\n\n\n<p class=\"has-text-align-justify wp-block-paragraph\">Przed \u015bmierci\u0105, \u017ce go ju\u017c kr\u00f3l utrzyma\u0107 przy boku swoim nie m\u00f3g\u0142, wm\u00f3wi\u0142 w niego aby przyj\u0105\u0142 Arcybiskupstwo lwowskie i ju\u017c go na nie nominowa\u0142, ale \u015bmier\u0107 do tego przeszkodzi\u0142a, \u017ce Biskupiego po\u015bwi\u0119cenia i possessyi tej katedry nie doszed\u0142. Zachorowawszy \u015bmiertelnie, gotowa\u0142 si\u0119 nabo\u017cnie do szcz\u0119\u015bliwej wieczno\u015bci; co mia\u0142 z ruchomo\u015bci i pieni\u0119dzy na uczynki pobo\u017cne cz\u0119\u015bci\u0105 rozda\u0142, cz\u0119\u015bci\u0105 testamentem legowa\u0142, a Sakramenta \u015bw. przyj\u0105wszy, Bogu ducha odda\u0142.<\/p>\n\n\n\n<p class=\"has-text-align-justify wp-block-paragraph\">Przez osobliwe nabo\u017ce\u0144stwo, kt\u00f3re mia\u0142 do \u015bw. Stanis\u0142awa, Biskupa i M\u0119czennika, rozrz\u0105dzi\u0142, aby cia\u0142o jego po \u015bmierci na Ska\u0142ce spoczywa\u0142o, gdzie i ten \u015awi\u0119ty d\u0142ugo spoczywa\u0142 i tam z wielk\u0105 uczciwo\u015bci\u0105 pochowane by\u0142o, gdzie uwielbienia swego od Boga oczekuje, kt\u00f3ry wiernych i pracowitych s\u0142ug swoich jest zap\u0142at\u0105 wielk\u0105 i koron\u0105 wieczn\u0105.<\/p>","protected":false},"excerpt":{"rendered":"<p>R\u00f3wnocze\u015bnie ze \u015bwi\u0119tem \u015bw. Atanazego biskupa w po\u0142owie XIX wieku jak\u0105\u015b przynajmniej czci\u0105, gdy\u017c venerabilis &#8211; \u015bwi\u0119tobliwy jest najni\u017cszym stopniem kultu, cieszy\u0142 si\u0119 najwyra\u017aniej Jan D\u0142ugosz, skoro zosta\u0142 w tym \u017bywotach \u015awi\u0119tych umieszczony. Dobrze jest w dzisiejszych czasach przypomnie\u0107, zw\u0142aszcza, gdy wiadomo , co si\u0119 w archidiecezji krakowskiej dzieje, \u017ce mo\u017cna by\u0107 ksi\u0119dzem, kanonikiem, dyplomat\u0105 i historykiem, a mimo to \u015bwi\u0119tobliwym i porz\u0105dnym.<\/p>","protected":false},"author":60508433,"featured_media":46518,"comment_status":"open","ping_status":"open","sticky":false,"template":"","format":"standard","meta":{"_bbp_topic_count":0,"_bbp_reply_count":0,"_bbp_total_topic_count":0,"_bbp_total_reply_count":0,"_bbp_voice_count":0,"_bbp_anonymous_reply_count":0,"_bbp_topic_count_hidden":0,"_bbp_reply_count_hidden":0,"_bbp_forum_subforum_count":0,"_editorskit_title_hidden":false,"_editorskit_reading_time":0,"_editorskit_is_block_options_detached":false,"_editorskit_block_options_position":"{}","_coblocks_attr":"","_coblocks_dimensions":"","_coblocks_responsive_height":"","_coblocks_accordion_ie_support":"","_exactmetrics_skip_tracking":false,"_jetpack_newsletter_access":"","_jetpack_dont_email_post_to_subs":false,"_jetpack_newsletter_tier_id":0,"_jetpack_memberships_contains_paywalled_content":false,"_wpcom_ai_launchpad_first_post":false,"_jetpack_feature_clip_id":0,"_jetpack_memberships_contains_paid_content":false,"footnotes":"","jetpack_publicize_message":"{title}\n\n{excerpt}\n\n{url}","jetpack_publicize_feature_enabled":true,"jetpack_social_post_already_shared":true,"jetpack_social_options":{"image_generator_settings":{"template":"highway","default_image_id":0,"font":"","enabled":false},"version":2},"_wpas_customize_per_network":false,"jetpack_post_was_ever_published":false},"categories":[610131820,610131184,336375535,610134932,610131268,610131155,610132042],"tags":[610133352],"class_list":["post-116577","post","type-post","status-publish","format-standard","has-post-thumbnail","hentry","category-swieta-w-maju","category-duchowosc","category-liturgia-i-liturgika","category-mescy-swieci","category-rok-liturgiczny","category-rozwazania","category-zywoty-swietych","tag-mescy-swieci"],"yoast_head":"<!-- This site is optimized with the Yoast SEO plugin v28.4 - https:\/\/yoast.com\/product\/yoast-seo-wordpress\/ -->\n<title>2-go Maja. \u017bywot \u015bwi\u0119tobliwego Jana D\u0142ugosza, Nominata Arcybiskupa Lwowskiego. - Tradycja i Wiara<\/title>\n<meta name=\"robots\" content=\"index, follow, max-snippet:-1, max-image-preview:large, max-video-preview:-1\" \/>\n<link rel=\"canonical\" href=\"https:\/\/wobronietradycjiiwiary.com\/en\/2-go-maja-zywot-swietobliwego-jana-dlugosza-nominata-arcybiskupa-lwowskiego-2-2-2\/\" \/>\n<meta property=\"og:locale\" content=\"en_US\" \/>\n<meta property=\"og:type\" content=\"article\" \/>\n<meta property=\"og:title\" content=\"2-go Maja. \u017bywot \u015bwi\u0119tobliwego Jana D\u0142ugosza, Nominata Arcybiskupa Lwowskiego. - Tradycja i Wiara\" \/>\n<meta property=\"og:description\" content=\"R\u00f3wnocze\u015bnie ze \u015bwi\u0119tem \u015bw. Atanazego biskupa w po\u0142owie XIX wieku jak\u0105\u015b przynajmniej czci\u0105, gdy\u017c venerabilis - \u015bwi\u0119tobliwy jest najni\u017cszym stopniem kultu, cieszy\u0142 si\u0119 najwyra\u017aniej Jan D\u0142ugosz, skoro zosta\u0142 w tym \u017bywotach \u015awi\u0119tych umieszczony. Dobrze jest w dzisiejszych czasach przypomnie\u0107, zw\u0142aszcza, gdy wiadomo , co si\u0119 w archidiecezji krakowskiej dzieje, \u017ce mo\u017cna by\u0107 ksi\u0119dzem, kanonikiem, dyplomat\u0105 i historykiem, a mimo to \u015bwi\u0119tobliwym i porz\u0105dnym.\" \/>\n<meta property=\"og:url\" content=\"https:\/\/wobronietradycjiiwiary.com\/en\/2-go-maja-zywot-swietobliwego-jana-dlugosza-nominata-arcybiskupa-lwowskiego-2-2-2\/\" \/>\n<meta property=\"og:site_name\" content=\"Tradycja i Wiara\" \/>\n<meta property=\"article:publisher\" content=\"https:\/\/www.facebook.com\/Tradycja-i-Wiara-108813920592249\" \/>\n<meta property=\"article:published_time\" content=\"2024-05-02T06:15:01+00:00\" \/>\n<meta property=\"article:modified_time\" content=\"2025-02-12T09:50:43+00:00\" \/>\n<meta property=\"og:image\" content=\"https:\/\/wobronietradycjiiwiary.com\/wp-content\/uploads\/2021\/05\/Jan-Dlugosz.jpg\" \/>\n\t<meta property=\"og:image:width\" content=\"620\" \/>\n\t<meta property=\"og:image:height\" content=\"375\" \/>\n\t<meta property=\"og:image:type\" content=\"image\/jpeg\" \/>\n<meta name=\"author\" content=\"Traditio et Fides\" \/>\n<meta name=\"twitter:card\" content=\"summary_large_image\" \/>\n<meta name=\"twitter:label1\" content=\"Written by\" \/>\n\t<meta name=\"twitter:data1\" content=\"Traditio et Fides\" \/>\n\t<meta name=\"twitter:label2\" content=\"Est. reading time\" \/>\n\t<meta name=\"twitter:data2\" content=\"9 minutes\" \/>\n<script type=\"application\/ld+json\" class=\"yoast-schema-graph\">{\"@context\":\"https:\\\/\\\/schema.org\",\"@graph\":[{\"@type\":\"Article\",\"@id\":\"https:\\\/\\\/wobronietradycjiiwiary.com\\\/2-go-maja-zywot-swietobliwego-jana-dlugosza-nominata-arcybiskupa-lwowskiego-2-2-2\\\/#article\",\"isPartOf\":{\"@id\":\"https:\\\/\\\/wobronietradycjiiwiary.com\\\/2-go-maja-zywot-swietobliwego-jana-dlugosza-nominata-arcybiskupa-lwowskiego-2-2-2\\\/\"},\"author\":{\"name\":\"Traditio et Fides\",\"@id\":\"https:\\\/\\\/wobronietradycjiiwiary.com\\\/pl\\\/#\\\/schema\\\/person\\\/2d6180ce6abcb681fef0daab7816e8f3\"},\"headline\":\"2-go Maja. \u017bywot \u015bwi\u0119tobliwego Jana D\u0142ugosza, Nominata Arcybiskupa Lwowskiego.\",\"datePublished\":\"2024-05-02T06:15:01+00:00\",\"dateModified\":\"2025-02-12T09:50:43+00:00\",\"mainEntityOfPage\":{\"@id\":\"https:\\\/\\\/wobronietradycjiiwiary.com\\\/2-go-maja-zywot-swietobliwego-jana-dlugosza-nominata-arcybiskupa-lwowskiego-2-2-2\\\/\"},\"wordCount\":1883,\"commentCount\":0,\"publisher\":{\"@id\":\"https:\\\/\\\/wobronietradycjiiwiary.com\\\/pl\\\/#organization\"},\"image\":{\"@id\":\"https:\\\/\\\/wobronietradycjiiwiary.com\\\/2-go-maja-zywot-swietobliwego-jana-dlugosza-nominata-arcybiskupa-lwowskiego-2-2-2\\\/#primaryimage\"},\"thumbnailUrl\":\"https:\\\/\\\/wobronietradycjiiwiary.com\\\/wp-content\\\/uploads\\\/2021\\\/05\\\/Jan-Dlugosz.jpg\",\"keywords\":[\"m\u0119scy \u015bwi\u0119ci\"],\"articleSection\":[\"05. \u015awi\u0119ta w maju\",\"Duchowo\u015b\u0107\",\"Liturgia i liturgika\",\"M\u0119scy \u015bwi\u0119ci\",\"Rok liturgiczny\",\"Rozwa\u017cania liturgiczne\",\"\u017bywoty \u015awi\u0119tych\"],\"inLanguage\":\"en-US\",\"potentialAction\":[{\"@type\":\"CommentAction\",\"name\":\"Comment\",\"target\":[\"https:\\\/\\\/wobronietradycjiiwiary.com\\\/2-go-maja-zywot-swietobliwego-jana-dlugosza-nominata-arcybiskupa-lwowskiego-2-2-2\\\/#respond\"]}]},{\"@type\":\"WebPage\",\"@id\":\"https:\\\/\\\/wobronietradycjiiwiary.com\\\/2-go-maja-zywot-swietobliwego-jana-dlugosza-nominata-arcybiskupa-lwowskiego-2-2-2\\\/\",\"url\":\"https:\\\/\\\/wobronietradycjiiwiary.com\\\/2-go-maja-zywot-swietobliwego-jana-dlugosza-nominata-arcybiskupa-lwowskiego-2-2-2\\\/\",\"name\":\"2-go Maja. \u017bywot \u015bwi\u0119tobliwego Jana D\u0142ugosza, Nominata Arcybiskupa Lwowskiego. - Tradycja i Wiara\",\"isPartOf\":{\"@id\":\"https:\\\/\\\/wobronietradycjiiwiary.com\\\/pl\\\/#website\"},\"primaryImageOfPage\":{\"@id\":\"https:\\\/\\\/wobronietradycjiiwiary.com\\\/2-go-maja-zywot-swietobliwego-jana-dlugosza-nominata-arcybiskupa-lwowskiego-2-2-2\\\/#primaryimage\"},\"image\":{\"@id\":\"https:\\\/\\\/wobronietradycjiiwiary.com\\\/2-go-maja-zywot-swietobliwego-jana-dlugosza-nominata-arcybiskupa-lwowskiego-2-2-2\\\/#primaryimage\"},\"thumbnailUrl\":\"https:\\\/\\\/wobronietradycjiiwiary.com\\\/wp-content\\\/uploads\\\/2021\\\/05\\\/Jan-Dlugosz.jpg\",\"datePublished\":\"2024-05-02T06:15:01+00:00\",\"dateModified\":\"2025-02-12T09:50:43+00:00\",\"breadcrumb\":{\"@id\":\"https:\\\/\\\/wobronietradycjiiwiary.com\\\/2-go-maja-zywot-swietobliwego-jana-dlugosza-nominata-arcybiskupa-lwowskiego-2-2-2\\\/#breadcrumb\"},\"inLanguage\":\"en-US\",\"potentialAction\":[{\"@type\":\"ReadAction\",\"target\":[\"https:\\\/\\\/wobronietradycjiiwiary.com\\\/2-go-maja-zywot-swietobliwego-jana-dlugosza-nominata-arcybiskupa-lwowskiego-2-2-2\\\/\"]}]},{\"@type\":\"ImageObject\",\"inLanguage\":\"en-US\",\"@id\":\"https:\\\/\\\/wobronietradycjiiwiary.com\\\/2-go-maja-zywot-swietobliwego-jana-dlugosza-nominata-arcybiskupa-lwowskiego-2-2-2\\\/#primaryimage\",\"url\":\"https:\\\/\\\/wobronietradycjiiwiary.com\\\/wp-content\\\/uploads\\\/2021\\\/05\\\/Jan-Dlugosz.jpg\",\"contentUrl\":\"https:\\\/\\\/wobronietradycjiiwiary.com\\\/wp-content\\\/uploads\\\/2021\\\/05\\\/Jan-Dlugosz.jpg\",\"width\":620,\"height\":375},{\"@type\":\"BreadcrumbList\",\"@id\":\"https:\\\/\\\/wobronietradycjiiwiary.com\\\/2-go-maja-zywot-swietobliwego-jana-dlugosza-nominata-arcybiskupa-lwowskiego-2-2-2\\\/#breadcrumb\",\"itemListElement\":[{\"@type\":\"ListItem\",\"position\":1,\"name\":\"Strona g\u0142\u00f3wna\",\"item\":\"https:\\\/\\\/wobronietradycjiiwiary.com\\\/\"},{\"@type\":\"ListItem\",\"position\":2,\"name\":\"2-go Maja. \u017bywot \u015bwi\u0119tobliwego Jana D\u0142ugosza, Nominata Arcybiskupa Lwowskiego.\"}]},{\"@type\":\"WebSite\",\"@id\":\"https:\\\/\\\/wobronietradycjiiwiary.com\\\/pl\\\/#website\",\"url\":\"https:\\\/\\\/wobronietradycjiiwiary.com\\\/pl\\\/\",\"name\":\"Tradycja i Wiara\",\"description\":\"Portal dla katolik\u00f3w.\",\"publisher\":{\"@id\":\"https:\\\/\\\/wobronietradycjiiwiary.com\\\/pl\\\/#organization\"},\"potentialAction\":[{\"@type\":\"SearchAction\",\"target\":{\"@type\":\"EntryPoint\",\"urlTemplate\":\"https:\\\/\\\/wobronietradycjiiwiary.com\\\/pl\\\/?s={search_term_string}\"},\"query-input\":{\"@type\":\"PropertyValueSpecification\",\"valueRequired\":true,\"valueName\":\"search_term_string\"}}],\"inLanguage\":\"en-US\"},{\"@type\":\"Organization\",\"@id\":\"https:\\\/\\\/wobronietradycjiiwiary.com\\\/pl\\\/#organization\",\"name\":\"Tradycja i Wiara\",\"url\":\"https:\\\/\\\/wobronietradycjiiwiary.com\\\/pl\\\/\",\"logo\":{\"@type\":\"ImageObject\",\"inLanguage\":\"en-US\",\"@id\":\"https:\\\/\\\/wobronietradycjiiwiary.com\\\/pl\\\/#\\\/schema\\\/logo\\\/image\\\/\",\"url\":\"https:\\\/\\\/i0.wp.com\\\/wobronietradycjiiwiary.com\\\/wp-content\\\/uploads\\\/2015\\\/10\\\/cropped-st-peters-dome-vatican.jpg?fit=940%2C198&ssl=1\",\"contentUrl\":\"https:\\\/\\\/i0.wp.com\\\/wobronietradycjiiwiary.com\\\/wp-content\\\/uploads\\\/2015\\\/10\\\/cropped-st-peters-dome-vatican.jpg?fit=940%2C198&ssl=1\",\"width\":940,\"height\":198,\"caption\":\"Tradycja i Wiara\"},\"image\":{\"@id\":\"https:\\\/\\\/wobronietradycjiiwiary.com\\\/pl\\\/#\\\/schema\\\/logo\\\/image\\\/\"},\"sameAs\":[\"https:\\\/\\\/www.facebook.com\\\/Tradycja-i-Wiara-108813920592249\"]},{\"@type\":\"Person\",\"@id\":\"https:\\\/\\\/wobronietradycjiiwiary.com\\\/pl\\\/#\\\/schema\\\/person\\\/2d6180ce6abcb681fef0daab7816e8f3\",\"name\":\"Traditio et Fides\",\"sameAs\":[\"https:\\\/\\\/traditionundglauben.com\"],\"url\":\"https:\\\/\\\/wobronietradycjiiwiary.com\\\/en\\\/author\\\/wobronietradycjiiwiary\\\/\"}]}<\/script>\n<!-- \/ Yoast SEO plugin. -->","yoast_head_json":{"title":"2-go Maja. \u017bywot \u015bwi\u0119tobliwego Jana D\u0142ugosza, Nominata Arcybiskupa Lwowskiego. - Tradycja i Wiara","robots":{"index":"index","follow":"follow","max-snippet":"max-snippet:-1","max-image-preview":"max-image-preview:large","max-video-preview":"max-video-preview:-1"},"canonical":"https:\/\/wobronietradycjiiwiary.com\/en\/2-go-maja-zywot-swietobliwego-jana-dlugosza-nominata-arcybiskupa-lwowskiego-2-2-2\/","og_locale":"en_US","og_type":"article","og_title":"2-go Maja. \u017bywot \u015bwi\u0119tobliwego Jana D\u0142ugosza, Nominata Arcybiskupa Lwowskiego. - Tradycja i Wiara","og_description":"R\u00f3wnocze\u015bnie ze \u015bwi\u0119tem \u015bw. Atanazego biskupa w po\u0142owie XIX wieku jak\u0105\u015b przynajmniej czci\u0105, gdy\u017c venerabilis - \u015bwi\u0119tobliwy jest najni\u017cszym stopniem kultu, cieszy\u0142 si\u0119 najwyra\u017aniej Jan D\u0142ugosz, skoro zosta\u0142 w tym \u017bywotach \u015awi\u0119tych umieszczony. Dobrze jest w dzisiejszych czasach przypomnie\u0107, zw\u0142aszcza, gdy wiadomo , co si\u0119 w archidiecezji krakowskiej dzieje, \u017ce mo\u017cna by\u0107 ksi\u0119dzem, kanonikiem, dyplomat\u0105 i historykiem, a mimo to \u015bwi\u0119tobliwym i porz\u0105dnym.","og_url":"https:\/\/wobronietradycjiiwiary.com\/en\/2-go-maja-zywot-swietobliwego-jana-dlugosza-nominata-arcybiskupa-lwowskiego-2-2-2\/","og_site_name":"Tradycja i Wiara","article_publisher":"https:\/\/www.facebook.com\/Tradycja-i-Wiara-108813920592249","article_published_time":"2024-05-02T06:15:01+00:00","article_modified_time":"2025-02-12T09:50:43+00:00","og_image":[{"width":620,"height":375,"url":"https:\/\/wobronietradycjiiwiary.com\/wp-content\/uploads\/2021\/05\/Jan-Dlugosz.jpg","type":"image\/jpeg"}],"author":"Traditio et Fides","twitter_card":"summary_large_image","twitter_misc":{"Written by":"Traditio et Fides","Est. reading time":"9 minutes"},"schema":{"@context":"https:\/\/schema.org","@graph":[{"@type":"Article","@id":"https:\/\/wobronietradycjiiwiary.com\/2-go-maja-zywot-swietobliwego-jana-dlugosza-nominata-arcybiskupa-lwowskiego-2-2-2\/#article","isPartOf":{"@id":"https:\/\/wobronietradycjiiwiary.com\/2-go-maja-zywot-swietobliwego-jana-dlugosza-nominata-arcybiskupa-lwowskiego-2-2-2\/"},"author":{"name":"Traditio et Fides","@id":"https:\/\/wobronietradycjiiwiary.com\/pl\/#\/schema\/person\/2d6180ce6abcb681fef0daab7816e8f3"},"headline":"2-go Maja. \u017bywot \u015bwi\u0119tobliwego Jana D\u0142ugosza, Nominata Arcybiskupa Lwowskiego.","datePublished":"2024-05-02T06:15:01+00:00","dateModified":"2025-02-12T09:50:43+00:00","mainEntityOfPage":{"@id":"https:\/\/wobronietradycjiiwiary.com\/2-go-maja-zywot-swietobliwego-jana-dlugosza-nominata-arcybiskupa-lwowskiego-2-2-2\/"},"wordCount":1883,"commentCount":0,"publisher":{"@id":"https:\/\/wobronietradycjiiwiary.com\/pl\/#organization"},"image":{"@id":"https:\/\/wobronietradycjiiwiary.com\/2-go-maja-zywot-swietobliwego-jana-dlugosza-nominata-arcybiskupa-lwowskiego-2-2-2\/#primaryimage"},"thumbnailUrl":"https:\/\/wobronietradycjiiwiary.com\/wp-content\/uploads\/2021\/05\/Jan-Dlugosz.jpg","keywords":["m\u0119scy \u015bwi\u0119ci"],"articleSection":["05. \u015awi\u0119ta w maju","Duchowo\u015b\u0107","Liturgia i liturgika","M\u0119scy \u015bwi\u0119ci","Rok liturgiczny","Rozwa\u017cania liturgiczne","\u017bywoty \u015awi\u0119tych"],"inLanguage":"en-US","potentialAction":[{"@type":"CommentAction","name":"Comment","target":["https:\/\/wobronietradycjiiwiary.com\/2-go-maja-zywot-swietobliwego-jana-dlugosza-nominata-arcybiskupa-lwowskiego-2-2-2\/#respond"]}]},{"@type":"WebPage","@id":"https:\/\/wobronietradycjiiwiary.com\/2-go-maja-zywot-swietobliwego-jana-dlugosza-nominata-arcybiskupa-lwowskiego-2-2-2\/","url":"https:\/\/wobronietradycjiiwiary.com\/2-go-maja-zywot-swietobliwego-jana-dlugosza-nominata-arcybiskupa-lwowskiego-2-2-2\/","name":"2-go Maja. \u017bywot \u015bwi\u0119tobliwego Jana D\u0142ugosza, Nominata Arcybiskupa Lwowskiego. - Tradycja i Wiara","isPartOf":{"@id":"https:\/\/wobronietradycjiiwiary.com\/pl\/#website"},"primaryImageOfPage":{"@id":"https:\/\/wobronietradycjiiwiary.com\/2-go-maja-zywot-swietobliwego-jana-dlugosza-nominata-arcybiskupa-lwowskiego-2-2-2\/#primaryimage"},"image":{"@id":"https:\/\/wobronietradycjiiwiary.com\/2-go-maja-zywot-swietobliwego-jana-dlugosza-nominata-arcybiskupa-lwowskiego-2-2-2\/#primaryimage"},"thumbnailUrl":"https:\/\/wobronietradycjiiwiary.com\/wp-content\/uploads\/2021\/05\/Jan-Dlugosz.jpg","datePublished":"2024-05-02T06:15:01+00:00","dateModified":"2025-02-12T09:50:43+00:00","breadcrumb":{"@id":"https:\/\/wobronietradycjiiwiary.com\/2-go-maja-zywot-swietobliwego-jana-dlugosza-nominata-arcybiskupa-lwowskiego-2-2-2\/#breadcrumb"},"inLanguage":"en-US","potentialAction":[{"@type":"ReadAction","target":["https:\/\/wobronietradycjiiwiary.com\/2-go-maja-zywot-swietobliwego-jana-dlugosza-nominata-arcybiskupa-lwowskiego-2-2-2\/"]}]},{"@type":"ImageObject","inLanguage":"en-US","@id":"https:\/\/wobronietradycjiiwiary.com\/2-go-maja-zywot-swietobliwego-jana-dlugosza-nominata-arcybiskupa-lwowskiego-2-2-2\/#primaryimage","url":"https:\/\/wobronietradycjiiwiary.com\/wp-content\/uploads\/2021\/05\/Jan-Dlugosz.jpg","contentUrl":"https:\/\/wobronietradycjiiwiary.com\/wp-content\/uploads\/2021\/05\/Jan-Dlugosz.jpg","width":620,"height":375},{"@type":"BreadcrumbList","@id":"https:\/\/wobronietradycjiiwiary.com\/2-go-maja-zywot-swietobliwego-jana-dlugosza-nominata-arcybiskupa-lwowskiego-2-2-2\/#breadcrumb","itemListElement":[{"@type":"ListItem","position":1,"name":"Strona g\u0142\u00f3wna","item":"https:\/\/wobronietradycjiiwiary.com\/"},{"@type":"ListItem","position":2,"name":"2-go Maja. \u017bywot \u015bwi\u0119tobliwego Jana D\u0142ugosza, Nominata Arcybiskupa Lwowskiego."}]},{"@type":"WebSite","@id":"https:\/\/wobronietradycjiiwiary.com\/pl\/#website","url":"https:\/\/wobronietradycjiiwiary.com\/pl\/","name":"Tradycja i Wiara","description":"Portal dla katolik\u00f3w.","publisher":{"@id":"https:\/\/wobronietradycjiiwiary.com\/pl\/#organization"},"potentialAction":[{"@type":"SearchAction","target":{"@type":"EntryPoint","urlTemplate":"https:\/\/wobronietradycjiiwiary.com\/pl\/?s={search_term_string}"},"query-input":{"@type":"PropertyValueSpecification","valueRequired":true,"valueName":"search_term_string"}}],"inLanguage":"en-US"},{"@type":"Organization","@id":"https:\/\/wobronietradycjiiwiary.com\/pl\/#organization","name":"Tradycja i Wiara","url":"https:\/\/wobronietradycjiiwiary.com\/pl\/","logo":{"@type":"ImageObject","inLanguage":"en-US","@id":"https:\/\/wobronietradycjiiwiary.com\/pl\/#\/schema\/logo\/image\/","url":"https:\/\/i0.wp.com\/wobronietradycjiiwiary.com\/wp-content\/uploads\/2015\/10\/cropped-st-peters-dome-vatican.jpg?fit=940%2C198&ssl=1","contentUrl":"https:\/\/i0.wp.com\/wobronietradycjiiwiary.com\/wp-content\/uploads\/2015\/10\/cropped-st-peters-dome-vatican.jpg?fit=940%2C198&ssl=1","width":940,"height":198,"caption":"Tradycja i Wiara"},"image":{"@id":"https:\/\/wobronietradycjiiwiary.com\/pl\/#\/schema\/logo\/image\/"},"sameAs":["https:\/\/www.facebook.com\/Tradycja-i-Wiara-108813920592249"]},{"@type":"Person","@id":"https:\/\/wobronietradycjiiwiary.com\/pl\/#\/schema\/person\/2d6180ce6abcb681fef0daab7816e8f3","name":"Traditio et Fides","sameAs":["https:\/\/traditionundglauben.com"],"url":"https:\/\/wobronietradycjiiwiary.com\/en\/author\/wobronietradycjiiwiary\/"}]}},"jetpack_publicize_connections":[],"jetpack_sharing_enabled":true,"jetpack_likes_enabled":true,"jetpack_shortlink":"https:\/\/wp.me\/pc04Sd-ukh","jetpack-related-posts":[{"id":140923,"url":"https:\/\/wobronietradycjiiwiary.com\/en\/2-go-maja-zywot-swietobliwego-jana-dlugosza-nominata-arcybiskupa-lwowskiego-2-2-2-2\/","url_meta":{"origin":116577,"position":0},"title":"2-go Maja. \u017bywot \u015bwi\u0119tobliwego Jana D\u0142ugosza, Nominata Arcybiskupa Lwowskiego.","author":"Traditio et Fides","date":"2 May 2025","format":false,"excerpt":"R\u00f3wnocze\u015bnie ze \u015bwi\u0119tem \u015bw. Atanazego biskupa w po\u0142owie XIX wieku jak\u0105\u015b przynajmniej czci\u0105, gdy\u017c venerabilis - \u015bwi\u0119tobliwy jest najni\u017cszym stopniem kultu, cieszy\u0142 si\u0119 najwyra\u017aniej Jan D\u0142ugosz, skoro zosta\u0142 w tym \u017bywotach \u015awi\u0119tych umieszczony. Dobrze jest w dzisiejszych czasach przypomnie\u0107, zw\u0142aszcza, gdy wiadomo , co si\u0119 w archidiecezji krakowskiej dzieje, \u017ce\u2026","rel":"","context":"In &quot;05. \u015awi\u0119ta w maju&quot;","block_context":{"text":"05. \u015awi\u0119ta w maju","link":"https:\/\/wobronietradycjiiwiary.com\/en\/category\/duchowosc\/liturgia-i-liturgika\/rozwazania\/rok-liturgiczny\/swieta-w-maju\/"},"img":{"alt_text":"","src":"https:\/\/i0.wp.com\/wobronietradycjiiwiary.com\/wp-content\/uploads\/2021\/05\/Jan-Dlugosz.jpg?resize=350%2C200&ssl=1","width":350,"height":200,"srcset":"https:\/\/i0.wp.com\/wobronietradycjiiwiary.com\/wp-content\/uploads\/2021\/05\/Jan-Dlugosz.jpg?resize=350%2C200&ssl=1 1x, https:\/\/i0.wp.com\/wobronietradycjiiwiary.com\/wp-content\/uploads\/2021\/05\/Jan-Dlugosz.jpg?resize=525%2C300&ssl=1 1.5x"},"classes":[]},{"id":164887,"url":"https:\/\/wobronietradycjiiwiary.com\/en\/2-go-maja-zywot-swietobliwego-jana-dlugosza-nominata-arcybiskupa-lwowskiego-2-2-2-2-2\/","url_meta":{"origin":116577,"position":1},"title":"2-go Maja. \u017bywot \u015bwi\u0119tobliwego Jana D\u0142ugosza, Nominata Arcybiskupa Lwowskiego.","author":"Traditio et Fides","date":"2 May 2026","format":false,"excerpt":"R\u00f3wnocze\u015bnie ze \u015bwi\u0119tem \u015bw. Atanazego biskupa w po\u0142owie XIX wieku jak\u0105\u015b przynajmniej czci\u0105, gdy\u017c venerabilis - \u015bwi\u0119tobliwy jest najni\u017cszym stopniem kultu, cieszy\u0142 si\u0119 najwyra\u017aniej Jan D\u0142ugosz, skoro zosta\u0142 w tym \u017bywotach \u015awi\u0119tych umieszczony. Dobrze jest w dzisiejszych czasach przypomnie\u0107, zw\u0142aszcza, gdy wiadomo , co si\u0119 w archidiecezji krakowskiej dzieje, \u017ce\u2026","rel":"","context":"In &quot;05. \u015awi\u0119ta w maju&quot;","block_context":{"text":"05. \u015awi\u0119ta w maju","link":"https:\/\/wobronietradycjiiwiary.com\/en\/category\/duchowosc\/liturgia-i-liturgika\/rozwazania\/rok-liturgiczny\/swieta-w-maju\/"},"img":{"alt_text":"","src":"https:\/\/i0.wp.com\/wobronietradycjiiwiary.com\/wp-content\/uploads\/2021\/05\/Jan-Dlugosz.jpg?resize=350%2C200&ssl=1","width":350,"height":200,"srcset":"https:\/\/i0.wp.com\/wobronietradycjiiwiary.com\/wp-content\/uploads\/2021\/05\/Jan-Dlugosz.jpg?resize=350%2C200&ssl=1 1x, https:\/\/i0.wp.com\/wobronietradycjiiwiary.com\/wp-content\/uploads\/2021\/05\/Jan-Dlugosz.jpg?resize=525%2C300&ssl=1 1.5x"},"classes":[]},{"id":116553,"url":"https:\/\/wobronietradycjiiwiary.com\/en\/13-go-maja-zywot-swietego-jana-biskupa-zwanego-milczacym-2-2-2\/","url_meta":{"origin":116577,"position":2},"title":"13-go Maja. \u017bywot \u015bwi\u0119tego Jana, Biskupa, zwanego \u201eMilcz\u0105cym.\u201c","author":"Traditio et Fides","date":"13 May 2024","format":false,"excerpt":"We pewnej sztuce Oskara Wilde'a pada zdanie: \"Ona u\u017cywa tak wielu s\u0142\u00f3w, by powiedzie\u0107 tak ma\u0142o\". I oczywi\u015bcie tak jest, \u017ce ka\u017cdy s\u0142owotok ma si\u0119 odwrotnie proporcjonalnie do tre\u015bci. Nic dziwnego, \u017ce \u015bw. Jan Biskup milcza\u0142 i swoj\u0105 godno\u015b\u0107 zatai\u0142, bo wiedzia\u0142, \u017ce jak odkryj\u0105, to go ponownie do pos\u0142ugi\u2026","rel":"","context":"In &quot;05. \u015awi\u0119ta w maju&quot;","block_context":{"text":"05. \u015awi\u0119ta w maju","link":"https:\/\/wobronietradycjiiwiary.com\/en\/category\/duchowosc\/liturgia-i-liturgika\/rozwazania\/rok-liturgiczny\/swieta-w-maju\/"},"img":{"alt_text":"","src":"https:\/\/i0.wp.com\/wobronietradycjiiwiary.com\/wp-content\/uploads\/2021\/05\/John_the_Silent_of_St._Sabbas_Monastery_Menologion_of_Basil_II.jpg?resize=350%2C200&ssl=1","width":350,"height":200,"srcset":"https:\/\/i0.wp.com\/wobronietradycjiiwiary.com\/wp-content\/uploads\/2021\/05\/John_the_Silent_of_St._Sabbas_Monastery_Menologion_of_Basil_II.jpg?resize=350%2C200&ssl=1 1x, https:\/\/i0.wp.com\/wobronietradycjiiwiary.com\/wp-content\/uploads\/2021\/05\/John_the_Silent_of_St._Sabbas_Monastery_Menologion_of_Basil_II.jpg?resize=525%2C300&ssl=1 1.5x, https:\/\/i0.wp.com\/wobronietradycjiiwiary.com\/wp-content\/uploads\/2021\/05\/John_the_Silent_of_St._Sabbas_Monastery_Menologion_of_Basil_II.jpg?resize=700%2C400&ssl=1 2x, https:\/\/i0.wp.com\/wobronietradycjiiwiary.com\/wp-content\/uploads\/2021\/05\/John_the_Silent_of_St._Sabbas_Monastery_Menologion_of_Basil_II.jpg?resize=1050%2C600&ssl=1 3x"},"classes":[]},{"id":140911,"url":"https:\/\/wobronietradycjiiwiary.com\/en\/13-go-maja-zywot-swietego-jana-biskupa-zwanego-milczacym-2-2-2-2\/","url_meta":{"origin":116577,"position":3},"title":"13-go Maja. \u017bywot \u015bwi\u0119tego Jana, Biskupa, zwanego \u201eMilcz\u0105cym.\u201c","author":"Traditio et Fides","date":"13 May 2025","format":false,"excerpt":"We pewnej sztuce Oskara Wilde'a pada zdanie: \"Ona u\u017cywa tak wielu s\u0142\u00f3w, by powiedzie\u0107 tak ma\u0142o\". I oczywi\u015bcie tak jest, \u017ce ka\u017cdy s\u0142owotok ma si\u0119 odwrotnie proporcjonalnie do tre\u015bci. Nic dziwnego, \u017ce \u015bw. Jan Biskup milcza\u0142 i swoj\u0105 godno\u015b\u0107 zatai\u0142, bo wiedzia\u0142, \u017ce jak odkryj\u0105, to go ponownie do pos\u0142ugi\u2026","rel":"","context":"In &quot;05. \u015awi\u0119ta w maju&quot;","block_context":{"text":"05. \u015awi\u0119ta w maju","link":"https:\/\/wobronietradycjiiwiary.com\/en\/category\/duchowosc\/liturgia-i-liturgika\/rozwazania\/rok-liturgiczny\/swieta-w-maju\/"},"img":{"alt_text":"","src":"https:\/\/i0.wp.com\/wobronietradycjiiwiary.com\/wp-content\/uploads\/2021\/05\/John_the_Silent_of_St._Sabbas_Monastery_Menologion_of_Basil_II.jpg?resize=350%2C200&ssl=1","width":350,"height":200,"srcset":"https:\/\/i0.wp.com\/wobronietradycjiiwiary.com\/wp-content\/uploads\/2021\/05\/John_the_Silent_of_St._Sabbas_Monastery_Menologion_of_Basil_II.jpg?resize=350%2C200&ssl=1 1x, https:\/\/i0.wp.com\/wobronietradycjiiwiary.com\/wp-content\/uploads\/2021\/05\/John_the_Silent_of_St._Sabbas_Monastery_Menologion_of_Basil_II.jpg?resize=525%2C300&ssl=1 1.5x, https:\/\/i0.wp.com\/wobronietradycjiiwiary.com\/wp-content\/uploads\/2021\/05\/John_the_Silent_of_St._Sabbas_Monastery_Menologion_of_Basil_II.jpg?resize=700%2C400&ssl=1 2x, https:\/\/i0.wp.com\/wobronietradycjiiwiary.com\/wp-content\/uploads\/2021\/05\/John_the_Silent_of_St._Sabbas_Monastery_Menologion_of_Basil_II.jpg?resize=1050%2C600&ssl=1 3x"},"classes":[]},{"id":164881,"url":"https:\/\/wobronietradycjiiwiary.com\/en\/13-go-maja-zywot-swietego-jana-biskupa-zwanego-milczacym-2-2-2-2-2\/","url_meta":{"origin":116577,"position":4},"title":"13-go Maja. \u017bywot \u015bwi\u0119tego Jana, Biskupa, zwanego \u201eMilcz\u0105cym.\u201c","author":"Traditio et Fides","date":"13 May 2026","format":false,"excerpt":"We pewnej sztuce Oskara Wilde'a pada zdanie: \"Ona u\u017cywa tak wielu s\u0142\u00f3w, by powiedzie\u0107 tak ma\u0142o\". I oczywi\u015bcie tak jest, \u017ce ka\u017cdy s\u0142owotok ma si\u0119 odwrotnie proporcjonalnie do tre\u015bci. Nic dziwnego, \u017ce \u015bw. Jan Biskup milcza\u0142 i swoj\u0105 godno\u015b\u0107 zatai\u0142, bo wiedzia\u0142, \u017ce jak odkryj\u0105, to go ponownie do pos\u0142ugi\u2026","rel":"","context":"In &quot;05. \u015awi\u0119ta w maju&quot;","block_context":{"text":"05. \u015awi\u0119ta w maju","link":"https:\/\/wobronietradycjiiwiary.com\/en\/category\/duchowosc\/liturgia-i-liturgika\/rozwazania\/rok-liturgiczny\/swieta-w-maju\/"},"img":{"alt_text":"","src":"https:\/\/i0.wp.com\/wobronietradycjiiwiary.com\/wp-content\/uploads\/2021\/05\/John_the_Silent_of_St._Sabbas_Monastery_Menologion_of_Basil_II.jpg?resize=350%2C200&ssl=1","width":350,"height":200,"srcset":"https:\/\/i0.wp.com\/wobronietradycjiiwiary.com\/wp-content\/uploads\/2021\/05\/John_the_Silent_of_St._Sabbas_Monastery_Menologion_of_Basil_II.jpg?resize=350%2C200&ssl=1 1x, https:\/\/i0.wp.com\/wobronietradycjiiwiary.com\/wp-content\/uploads\/2021\/05\/John_the_Silent_of_St._Sabbas_Monastery_Menologion_of_Basil_II.jpg?resize=525%2C300&ssl=1 1.5x, https:\/\/i0.wp.com\/wobronietradycjiiwiary.com\/wp-content\/uploads\/2021\/05\/John_the_Silent_of_St._Sabbas_Monastery_Menologion_of_Basil_II.jpg?resize=700%2C400&ssl=1 2x, https:\/\/i0.wp.com\/wobronietradycjiiwiary.com\/wp-content\/uploads\/2021\/05\/John_the_Silent_of_St._Sabbas_Monastery_Menologion_of_Basil_II.jpg?resize=1050%2C600&ssl=1 3x"},"classes":[]},{"id":133412,"url":"https:\/\/wobronietradycjiiwiary.com\/en\/8-go-marca-zywot-swietego-jana-bozego-zalozyciela-zakonu-2-2-2-2\/","url_meta":{"origin":116577,"position":5},"title":"8-go Marca. \u017bywot \u015bwi\u0119tego Jana Bo\u017cego, Za\u0142o\u017cyciela Zakonu.","author":"Traditio et Fides","date":"8 March 2025","format":false,"excerpt":"Ile\u017c przyg\u00f3d i upokorze\u0144 musia\u0142 prze\u017cy\u0107 \u015bw. Jan Bo\u017cy, by z \u017co\u0142daka sta\u0107 si\u0119 opiekunem chorych. I Pan B\u00f3g przygotowywa\u0142 go krok po kroku na zamierzonego dzie\u0142a.","rel":"","context":"In &quot;03. \u015awi\u0119ta w marcu&quot;","block_context":{"text":"03. \u015awi\u0119ta w marcu","link":"https:\/\/wobronietradycjiiwiary.com\/en\/category\/duchowosc\/liturgia-i-liturgika\/rozwazania\/rok-liturgiczny\/swieta-w-marcu\/"},"img":{"alt_text":"","src":"https:\/\/i0.wp.com\/wobronietradycjiiwiary.com\/wp-content\/uploads\/2021\/03\/John_of_god_murillo.jpg?resize=350%2C200&ssl=1","width":350,"height":200,"srcset":"https:\/\/i0.wp.com\/wobronietradycjiiwiary.com\/wp-content\/uploads\/2021\/03\/John_of_god_murillo.jpg?resize=350%2C200&ssl=1 1x, https:\/\/i0.wp.com\/wobronietradycjiiwiary.com\/wp-content\/uploads\/2021\/03\/John_of_god_murillo.jpg?resize=525%2C300&ssl=1 1.5x, https:\/\/i0.wp.com\/wobronietradycjiiwiary.com\/wp-content\/uploads\/2021\/03\/John_of_god_murillo.jpg?resize=700%2C400&ssl=1 2x"},"classes":[]}],"amp_enabled":true,"jetpack_featured_media_url":"https:\/\/wobronietradycjiiwiary.com\/wp-content\/uploads\/2021\/05\/Jan-Dlugosz.jpg","_links":{"self":[{"href":"https:\/\/wobronietradycjiiwiary.com\/en\/wp-json\/wp\/v2\/posts\/116577","targetHints":{"allow":["GET"]}}],"collection":[{"href":"https:\/\/wobronietradycjiiwiary.com\/en\/wp-json\/wp\/v2\/posts"}],"about":[{"href":"https:\/\/wobronietradycjiiwiary.com\/en\/wp-json\/wp\/v2\/types\/post"}],"author":[{"embeddable":true,"href":"https:\/\/wobronietradycjiiwiary.com\/en\/wp-json\/wp\/v2\/users\/60508433"}],"replies":[{"embeddable":true,"href":"https:\/\/wobronietradycjiiwiary.com\/en\/wp-json\/wp\/v2\/comments?post=116577"}],"version-history":[{"count":1,"href":"https:\/\/wobronietradycjiiwiary.com\/en\/wp-json\/wp\/v2\/posts\/116577\/revisions"}],"predecessor-version":[{"id":116600,"href":"https:\/\/wobronietradycjiiwiary.com\/en\/wp-json\/wp\/v2\/posts\/116577\/revisions\/116600"}],"wp:featuredmedia":[{"embeddable":true,"href":"https:\/\/wobronietradycjiiwiary.com\/en\/wp-json\/wp\/v2\/media\/46518"}],"wp:attachment":[{"href":"https:\/\/wobronietradycjiiwiary.com\/en\/wp-json\/wp\/v2\/media?parent=116577"}],"wp:term":[{"taxonomy":"category","embeddable":true,"href":"https:\/\/wobronietradycjiiwiary.com\/en\/wp-json\/wp\/v2\/categories?post=116577"},{"taxonomy":"post_tag","embeddable":true,"href":"https:\/\/wobronietradycjiiwiary.com\/en\/wp-json\/wp\/v2\/tags?post=116577"}],"curies":[{"name":"wp","href":"https:\/\/api.w.org\/{rel}","templated":true}]}}