{"id":116524,"date":"2024-05-09T08:05:48","date_gmt":"2024-05-09T06:05:48","guid":{"rendered":"https:\/\/wobronietradycjiiwiary.com\/?p=116524"},"modified":"2025-02-10T11:14:45","modified_gmt":"2025-02-10T10:14:45","slug":"rozmyslania-na-kazdy-dzien-maja-dzien-9-2-2","status":"publish","type":"post","link":"https:\/\/wobronietradycjiiwiary.com\/en\/rozmyslania-na-kazdy-dzien-maja-dzien-9-2-2\/","title":{"rendered":"Rozmy\u015blania na ka\u017cdy dzie\u0144 maja \u2013 DZIE\u0143 9"},"content":{"rendered":"<div id=\"bsf_rt_marker\"><\/div><hr \/>\n<p><img fetchpriority=\"high\" decoding=\"async\" class=\"size-full wp-image-17449 aligncenter\" src=\"https:\/\/wobronietradycjiiwiary.com\/wp-content\/uploads\/2018\/04\/madonna-and-child-401x500.jpg\" alt=\"Madonna-and-Child-401x500\" width=\"401\" height=\"500\" \/><\/p>\n<h1 style=\"text-align:center;\">&#8220;Mi\u0142o\u015b\u0107 bli\u017aniego w Maryi&#8221;<\/h1>\n<p style=\"text-align:justify;\">I. Przypatrzmy si\u0119 mi\u0142o\u015bci bli\u017aniego w Naj\u015bwi\u0119tszej Pannie. Przybra\u0142a Ona nas za swoje potomstwo, gdy\u017c urodzi\u0142a nas powt\u00f3rnie na \u017cywot wieczny, daj\u0105c nam Syna swego i Syna Bo\u017cego.<\/p>\n<p style=\"text-align:justify;\">Istot\u0105 i fundamentem mi\u0142o\u015bci bli\u017aniego, jest mi\u0142o\u015b\u0107 Bo\u017ca; tylko w Bogu i dla Boga mo\u017cna kocha\u0107 wszystkich, nie t\u0105 mi\u0142o\u015bci\u0105 ziemsk\u0105 i \u015blep\u0105, kt\u00f3ra si\u0119 zowie pasj\u0105 i kt\u00f3ra ma wszystkie cechy pasji, nami\u0119tno\u015bci, tj. wy\u0142\u0105czno\u015b\u0107, za\u015blepienie i zwrot na siebie, egoizm. Taka z\u0142a, nieporz\u0105dna mi\u0142o\u015b\u0107 nie uszcz\u0119\u015bliwia, nie uspokaja, zawsze czego\u015b pragnie, na co\u015b si\u0119 \u017cali.<\/p>\n<p style=\"text-align:justify;\">Przedmiotem mi\u0142o\u015bci naszej po Bogu, ma by\u0107 bli\u017ani. Kt\u00f3\u017c jest bli\u017ani? To bliski nasz, a bliski jest ka\u017cdy. Najbli\u017csi s\u0105 najdro\u017csi, ale wszyscy s\u0105 bliscy, \u2013 wszyscy odkupieni Krwi\u0105 przenajdro\u017csz\u0105 Zbawicielow\u0105 \u2013 wszyscy dusz\u0105 nie\u015bmierteln\u0105, z Boga wysz\u0142\u0105, obdarzeni. Maryja nie przebiera\u0142a w bli\u017anich; \u2013 w Nazarecie \u017cyj\u0105c pomi\u0119dzy najubo\u017csz\u0105 klas\u0105 ludzi, Ona objawieniem anielskim o\u015bwiecona o godno\u015bci macierzy\u0144stwa Boskiego, \u2013 Ona si\u0119 nie wynosi\u0142a nigdy, nie por\u00f3wnywa\u0142a si\u0119 z drugimi \u2013 wszystkich szanowa\u0142a. Obecno\u015b\u0107 Jej na godach w Kanie i zachowanie si\u0119 Jej w tych okoliczno\u015bciach, jakie przytacza Ewangelia, mog\u0105 nam wystarczy\u0107 na d\u0142ugie rozmy\u015blanie i doskonale obja\u015bni\u0107 mi\u0142o\u015b\u0107 bli\u017aniego w Naj\u015bwi\u0119tszej Pannie. Wezwana, idzie aby drugich uradowa\u0107; dla Niej nie by\u0142o to ani odpowiednim miejscem, ani powodem jakiejkolwiek przyjemno\u015bci, \u2013 \u017cycie Jej zanadto by\u0142o powa\u017cne, zanadto przej\u0119te obcowaniem z Bogiem, aby si\u0119 mog\u0142a dostroi\u0107 do t\u0142umu ucztuj\u0105cego na weselu. A jednak posz\u0142a tam, bo Jezus przyj\u0105\u0142 wezwanie. Gdyby\u017c to, co uczyni\u0142 Pan Jezus, by\u0142o dla nas miar\u0105 post\u0119powania! Gdyby\u015bmy sobie stawiali pytania co by uczyni\u0142 na naszym miejscu?<\/p>\n<p>Jak\u017ce\u015bmy daleko jeszcze od mi\u0142o\u015bci Maryi dla bli\u017anich! Od tego Jej chodzenia za Jezusem!<\/p>\n<p style=\"text-align:justify;\">II. C\u00f3\u017c dalej czyni Maryja? Nie zaj\u0119\u0142a pierwszego miejsca i nie czeka\u0142a na nim spokojnie, aby Jej wszystkie oddawano zaszczyty; nie pilnowa\u0142a wcale swego honoru, jak ka\u017cdy, co wejdzie w liczniejsze towarzystwo. Ona si\u0119 wmiesza\u0142a pomi\u0119dzy ci\u017cb\u0119, aby widzie\u0107 jej potrzeby, jej braki \u2013 i wkr\u00f3tce si\u0119 o nich przekona\u0142a. Na ka\u017cdym miejscu jest co\u015b do zrobienia dla bli\u017anich, byle dusza po Bo\u017cemu na \u015bwiat i na ludzi patrzy\u0142a i nie szuka\u0142a siebie.<\/p>\n<p style=\"text-align:justify;\">&#8220;Wina nie maj\u0105&#8221;, rzek\u0142a Maryja do Jezusa z wyrazem pro\u015bby w g\u0142osie. \u017be by\u0142 ten ton pro\u015bby w Jej g\u0142osie, o tym \u015bwiadczy odpowied\u017a Pana Jezusa, zrazu odmowna. Jak\u017ce my czynimy, widz\u0105c brak jaki u bli\u017anich naszych? Zaczynamy od skarg i narzekania. W stosunkach najbli\u017cszych, zawsze nam si\u0119 zdaje, \u017ce\u015bmy nie do\u015b\u0107 kochani, nie do\u015b\u0107 uznani. Nie patrzmy na to, nie zwracajmy uwagi na siebie, tylko, aby si\u0119 przekona\u0107 czy my kochamy, \u017calmy si\u0119 na siebie, \u017ce nie do\u015b\u0107 kochamy, \u2013 ale starajmy si\u0119 kocha\u0107 w Bogu i dla Boga, \u2013 i po Bogu, nie przed Bogiem, to oczy\u015bci i u\u015bwi\u0119ci ka\u017cde nasze uczucie, istot\u0119 naszego kochania. Je\u017celi bli\u017ani nasz ma braki i usterki, tym biedniejszy; je\u017celi nam przykro\u015b\u0107 czyni, tym pilniej niech nam b\u0119dzie przejedna\u0107 go i w przychylnego zmieni\u0107; je\u017celi si\u0119 gubi b\u0142\u0105dz\u0105c, tym wi\u0119cej nas potrzebuje. O, gdyby\u015bmy tak kocha\u0107 byli zdolni! Nasza wina je\u017celi inaczej kochamy. Wina i nieszcz\u0119\u015bcie! Bo tylko taka mi\u0142o\u015b\u0107 uszcz\u0119\u015bliwia, rozja\u015bnia, tylko do takiej d\u0105\u017cy\u0107 warto. Trzeba jak Samarytanin, nie zwa\u017ca\u0107 na przedzia\u0142y plemienia, przekona\u0144, wyobra\u017ce\u0144, stopni towarzyskich. Kto zraniony, ten bli\u017ani, kto cierpi, kto opuszczony, komu mo\u017cemy przynie\u015b\u0107 pociech\u0119, cho\u0107by najmniejsz\u0105! O, nie tra\u0107my na mi\u0142o\u015b\u0107 Bosk\u0105 tych sposobno\u015bci! Je\u017celi braki bli\u017anich nas uderzaj\u0105, nie m\u00f3wmy o nich przed lud\u017ami, lecz zwr\u00f3\u0107my si\u0119 do Jezusa w tonie b\u0142agania, m\u00f3wi\u0105c: &#8220;Wina nie maj\u0105!&#8221; A te s\u0142owa przypomn\u0105 Mu anielski wyraz s\u0142\u00f3w Maryi i przemieni najprz\u00f3d nasz\u0105 nieudolno\u015b\u0107 w pozyskaniu sobie drugich, a potem ich serca md\u0142e, wodniste lub zepsute, kordia\u0142em swego Boskiego natchnienia o\u017cywi.<\/p>\n<p style=\"text-align:justify;\"><strong><em>Westchnienie<\/em>.<\/strong> Od Ciebie, o Matko nasza wsp\u00f3lna, po\u017cyczy\u0107 chcemy i serca i g\u0142osu, aby\u015bmy mogli wzruszy\u0107 serca nieprzychylne nam, aby\u015bmy post\u0119powaniem naszym nie odstraszali drugich od mi\u0142o\u015bci Bo\u017cej, ale owszem, aby\u015bmy siebie ma\u0142o wa\u017c\u0105c, cenili dusze drugich a szanuj\u0105c je, aby\u015bmy z nimi razem w jak najliczniejszym gronie u st\u00f3p Twoich dla Jezusa \u017cyli.<\/p>\n<p><strong><em>Praktyka:<\/em><\/strong> B\u0119d\u0119 dzi\u015b uwa\u017ca\u0142(a) nie tylko na s\u0142owa ale i na ton mowy mojej.<\/p>\n<p>\u2013\u2013\u2013\u2013\u2013\u2013\u2013\u2013\u2013\u2013\u2013<\/p>\n<p style=\"text-align:justify;\"><em>Rozmy\u015blania na ka\u017cdy dzie\u0144 maja<\/em>. Zapiski z konferencyj majowych ks. Zygmunta Goliana. Dodano najwyborniejsze modlitwy i pie\u015bni do Matki Naj\u015bwi\u0119tszej. Krak\u00f3w 1931. Wydawnictwo Ksi\u0119\u017cy Jezuit\u00f3w, ss. 47-52.<\/p>","protected":false},"excerpt":{"rendered":"<p>&#8220;Mi\u0142o\u015b\u0107 bli\u017aniego w Maryi&#8221; I. Przypatrzmy si\u0119 mi\u0142o\u015bci bli\u017aniego w Naj\u015bwi\u0119tszej Pannie. Przybra\u0142a Ona nas za swoje potomstwo, gdy\u017c urodzi\u0142a nas powt\u00f3rnie na \u017cywot wieczny, daj\u0105c nam Syna swego i Syna Bo\u017cego. Istot\u0105 i fundamentem mi\u0142o\u015bci bli\u017aniego, jest mi\u0142o\u015b\u0107 Bo\u017ca; tylko w Bogu i dla Boga mo\u017cna kocha\u0107 wszystkich, nie t\u0105 mi\u0142o\u015bci\u0105 ziemsk\u0105 i \u015blep\u0105, [&hellip;]<\/p>\n","protected":false},"author":119394841,"featured_media":116637,"comment_status":"open","ping_status":"open","sticky":false,"template":"","format":"standard","meta":{"_bbp_topic_count":0,"_bbp_reply_count":0,"_bbp_total_topic_count":0,"_bbp_total_reply_count":0,"_bbp_voice_count":0,"_bbp_anonymous_reply_count":0,"_bbp_topic_count_hidden":0,"_bbp_reply_count_hidden":0,"_bbp_forum_subforum_count":0,"_editorskit_title_hidden":false,"_editorskit_reading_time":0,"_editorskit_is_block_options_detached":false,"_editorskit_block_options_position":"{}","_coblocks_attr":"","_coblocks_dimensions":"","_coblocks_responsive_height":"","_coblocks_accordion_ie_support":"","_exactmetrics_skip_tracking":false,"_jetpack_newsletter_access":"","_jetpack_dont_email_post_to_subs":false,"_jetpack_newsletter_tier_id":0,"_jetpack_memberships_contains_paywalled_content":false,"_wpcom_ai_launchpad_first_post":false,"_jetpack_feature_clip_id":0,"_jetpack_memberships_contains_paid_content":false,"footnotes":"","jetpack_publicize_message":"{title}\n\n{excerpt}\n\n{url}","jetpack_publicize_feature_enabled":true,"jetpack_social_post_already_shared":false,"jetpack_social_options":{"image_generator_settings":{"template":"highway","default_image_id":0,"font":"","enabled":false},"version":2},"_wpas_customize_per_network":false,"jetpack_post_was_ever_published":false},"categories":[610131184,336375535,610131268,610131155,610131047],"tags":[],"class_list":["post-116524","post","type-post","status-publish","format-standard","has-post-thumbnail","hentry","category-duchowosc","category-liturgia-i-liturgika","category-rok-liturgiczny","category-rozwazania","category-rozwazania-majowe"],"yoast_head":"<!-- This site is optimized with the Yoast SEO plugin v28.4 - https:\/\/yoast.com\/product\/yoast-seo-wordpress\/ -->\n<title>Rozmy\u015blania na ka\u017cdy dzie\u0144 maja \u2013 DZIE\u0143 9 - Tradycja i Wiara<\/title>\n<meta name=\"robots\" content=\"index, follow, max-snippet:-1, max-image-preview:large, max-video-preview:-1\" \/>\n<link rel=\"canonical\" href=\"https:\/\/wobronietradycjiiwiary.com\/en\/rozmyslania-na-kazdy-dzien-maja-dzien-9-2-2\/\" \/>\n<meta property=\"og:locale\" content=\"en_US\" \/>\n<meta property=\"og:type\" content=\"article\" \/>\n<meta property=\"og:title\" content=\"Rozmy\u015blania na ka\u017cdy dzie\u0144 maja \u2013 DZIE\u0143 9 - Tradycja i Wiara\" \/>\n<meta property=\"og:description\" content=\"&#8220;Mi\u0142o\u015b\u0107 bli\u017aniego w Maryi&#8221; I. Przypatrzmy si\u0119 mi\u0142o\u015bci bli\u017aniego w Naj\u015bwi\u0119tszej Pannie. Przybra\u0142a Ona nas za swoje potomstwo, gdy\u017c urodzi\u0142a nas powt\u00f3rnie na \u017cywot wieczny, daj\u0105c nam Syna swego i Syna Bo\u017cego. Istot\u0105 i fundamentem mi\u0142o\u015bci bli\u017aniego, jest mi\u0142o\u015b\u0107 Bo\u017ca; tylko w Bogu i dla Boga mo\u017cna kocha\u0107 wszystkich, nie t\u0105 mi\u0142o\u015bci\u0105 ziemsk\u0105 i \u015blep\u0105, [&hellip;]\" \/>\n<meta property=\"og:url\" content=\"https:\/\/wobronietradycjiiwiary.com\/en\/rozmyslania-na-kazdy-dzien-maja-dzien-9-2-2\/\" \/>\n<meta property=\"og:site_name\" content=\"Tradycja i Wiara\" \/>\n<meta property=\"article:publisher\" content=\"https:\/\/www.facebook.com\/Tradycja-i-Wiara-108813920592249\" \/>\n<meta property=\"article:published_time\" content=\"2024-05-09T06:05:48+00:00\" \/>\n<meta property=\"article:modified_time\" content=\"2025-02-10T10:14:45+00:00\" \/>\n<meta property=\"og:image\" content=\"https:\/\/wobronietradycjiiwiary.com\/wp-content\/uploads\/2024\/05\/Madonna-and-Child-401x500-1.jpg\" \/>\n\t<meta property=\"og:image:width\" content=\"401\" \/>\n\t<meta property=\"og:image:height\" content=\"500\" \/>\n\t<meta property=\"og:image:type\" content=\"image\/jpeg\" \/>\n<meta name=\"author\" content=\"mariuszjerzy\" \/>\n<meta name=\"twitter:card\" content=\"summary_large_image\" \/>\n<meta name=\"twitter:label1\" content=\"Written by\" \/>\n\t<meta name=\"twitter:data1\" content=\"mariuszjerzy\" \/>\n\t<meta name=\"twitter:label2\" content=\"Est. reading time\" \/>\n\t<meta name=\"twitter:data2\" content=\"4 minutes\" \/>\n<script type=\"application\/ld+json\" class=\"yoast-schema-graph\">{\"@context\":\"https:\\\/\\\/schema.org\",\"@graph\":[{\"@type\":\"Article\",\"@id\":\"https:\\\/\\\/wobronietradycjiiwiary.com\\\/rozmyslania-na-kazdy-dzien-maja-dzien-9-2-2\\\/#article\",\"isPartOf\":{\"@id\":\"https:\\\/\\\/wobronietradycjiiwiary.com\\\/rozmyslania-na-kazdy-dzien-maja-dzien-9-2-2\\\/\"},\"author\":{\"name\":\"mariuszjerzy\",\"@id\":\"https:\\\/\\\/wobronietradycjiiwiary.com\\\/pl\\\/#\\\/schema\\\/person\\\/595d3fb6f55eae9326175d092b63d851\"},\"headline\":\"Rozmy\u015blania na ka\u017cdy dzie\u0144 maja \u2013 DZIE\u0143 9\",\"datePublished\":\"2024-05-09T06:05:48+00:00\",\"dateModified\":\"2025-02-10T10:14:45+00:00\",\"mainEntityOfPage\":{\"@id\":\"https:\\\/\\\/wobronietradycjiiwiary.com\\\/rozmyslania-na-kazdy-dzien-maja-dzien-9-2-2\\\/\"},\"wordCount\":860,\"commentCount\":0,\"publisher\":{\"@id\":\"https:\\\/\\\/wobronietradycjiiwiary.com\\\/pl\\\/#organization\"},\"image\":{\"@id\":\"https:\\\/\\\/wobronietradycjiiwiary.com\\\/rozmyslania-na-kazdy-dzien-maja-dzien-9-2-2\\\/#primaryimage\"},\"thumbnailUrl\":\"https:\\\/\\\/wobronietradycjiiwiary.com\\\/wp-content\\\/uploads\\\/2024\\\/05\\\/Madonna-and-Child-401x500-1.jpg\",\"articleSection\":[\"Duchowo\u015b\u0107\",\"Liturgia i liturgika\",\"Rok liturgiczny\",\"Rozwa\u017cania liturgiczne\",\"Rozwa\u017cania majowe\"],\"inLanguage\":\"en-US\",\"potentialAction\":[{\"@type\":\"CommentAction\",\"name\":\"Comment\",\"target\":[\"https:\\\/\\\/wobronietradycjiiwiary.com\\\/rozmyslania-na-kazdy-dzien-maja-dzien-9-2-2\\\/#respond\"]}]},{\"@type\":\"WebPage\",\"@id\":\"https:\\\/\\\/wobronietradycjiiwiary.com\\\/rozmyslania-na-kazdy-dzien-maja-dzien-9-2-2\\\/\",\"url\":\"https:\\\/\\\/wobronietradycjiiwiary.com\\\/rozmyslania-na-kazdy-dzien-maja-dzien-9-2-2\\\/\",\"name\":\"Rozmy\u015blania na ka\u017cdy dzie\u0144 maja \u2013 DZIE\u0143 9 - Tradycja i Wiara\",\"isPartOf\":{\"@id\":\"https:\\\/\\\/wobronietradycjiiwiary.com\\\/pl\\\/#website\"},\"primaryImageOfPage\":{\"@id\":\"https:\\\/\\\/wobronietradycjiiwiary.com\\\/rozmyslania-na-kazdy-dzien-maja-dzien-9-2-2\\\/#primaryimage\"},\"image\":{\"@id\":\"https:\\\/\\\/wobronietradycjiiwiary.com\\\/rozmyslania-na-kazdy-dzien-maja-dzien-9-2-2\\\/#primaryimage\"},\"thumbnailUrl\":\"https:\\\/\\\/wobronietradycjiiwiary.com\\\/wp-content\\\/uploads\\\/2024\\\/05\\\/Madonna-and-Child-401x500-1.jpg\",\"datePublished\":\"2024-05-09T06:05:48+00:00\",\"dateModified\":\"2025-02-10T10:14:45+00:00\",\"breadcrumb\":{\"@id\":\"https:\\\/\\\/wobronietradycjiiwiary.com\\\/rozmyslania-na-kazdy-dzien-maja-dzien-9-2-2\\\/#breadcrumb\"},\"inLanguage\":\"en-US\",\"potentialAction\":[{\"@type\":\"ReadAction\",\"target\":[\"https:\\\/\\\/wobronietradycjiiwiary.com\\\/rozmyslania-na-kazdy-dzien-maja-dzien-9-2-2\\\/\"]}]},{\"@type\":\"ImageObject\",\"inLanguage\":\"en-US\",\"@id\":\"https:\\\/\\\/wobronietradycjiiwiary.com\\\/rozmyslania-na-kazdy-dzien-maja-dzien-9-2-2\\\/#primaryimage\",\"url\":\"https:\\\/\\\/wobronietradycjiiwiary.com\\\/wp-content\\\/uploads\\\/2024\\\/05\\\/Madonna-and-Child-401x500-1.jpg\",\"contentUrl\":\"https:\\\/\\\/wobronietradycjiiwiary.com\\\/wp-content\\\/uploads\\\/2024\\\/05\\\/Madonna-and-Child-401x500-1.jpg\",\"width\":401,\"height\":500},{\"@type\":\"BreadcrumbList\",\"@id\":\"https:\\\/\\\/wobronietradycjiiwiary.com\\\/rozmyslania-na-kazdy-dzien-maja-dzien-9-2-2\\\/#breadcrumb\",\"itemListElement\":[{\"@type\":\"ListItem\",\"position\":1,\"name\":\"Strona g\u0142\u00f3wna\",\"item\":\"https:\\\/\\\/wobronietradycjiiwiary.com\\\/\"},{\"@type\":\"ListItem\",\"position\":2,\"name\":\"Rozmy\u015blania na ka\u017cdy dzie\u0144 maja \u2013 DZIE\u0143 9\"}]},{\"@type\":\"WebSite\",\"@id\":\"https:\\\/\\\/wobronietradycjiiwiary.com\\\/pl\\\/#website\",\"url\":\"https:\\\/\\\/wobronietradycjiiwiary.com\\\/pl\\\/\",\"name\":\"Tradycja i Wiara\",\"description\":\"Portal dla katolik\u00f3w.\",\"publisher\":{\"@id\":\"https:\\\/\\\/wobronietradycjiiwiary.com\\\/pl\\\/#organization\"},\"potentialAction\":[{\"@type\":\"SearchAction\",\"target\":{\"@type\":\"EntryPoint\",\"urlTemplate\":\"https:\\\/\\\/wobronietradycjiiwiary.com\\\/pl\\\/?s={search_term_string}\"},\"query-input\":{\"@type\":\"PropertyValueSpecification\",\"valueRequired\":true,\"valueName\":\"search_term_string\"}}],\"inLanguage\":\"en-US\"},{\"@type\":\"Organization\",\"@id\":\"https:\\\/\\\/wobronietradycjiiwiary.com\\\/pl\\\/#organization\",\"name\":\"Tradycja i Wiara\",\"url\":\"https:\\\/\\\/wobronietradycjiiwiary.com\\\/pl\\\/\",\"logo\":{\"@type\":\"ImageObject\",\"inLanguage\":\"en-US\",\"@id\":\"https:\\\/\\\/wobronietradycjiiwiary.com\\\/pl\\\/#\\\/schema\\\/logo\\\/image\\\/\",\"url\":\"https:\\\/\\\/i0.wp.com\\\/wobronietradycjiiwiary.com\\\/wp-content\\\/uploads\\\/2015\\\/10\\\/cropped-st-peters-dome-vatican.jpg?fit=940%2C198&ssl=1\",\"contentUrl\":\"https:\\\/\\\/i0.wp.com\\\/wobronietradycjiiwiary.com\\\/wp-content\\\/uploads\\\/2015\\\/10\\\/cropped-st-peters-dome-vatican.jpg?fit=940%2C198&ssl=1\",\"width\":940,\"height\":198,\"caption\":\"Tradycja i Wiara\"},\"image\":{\"@id\":\"https:\\\/\\\/wobronietradycjiiwiary.com\\\/pl\\\/#\\\/schema\\\/logo\\\/image\\\/\"},\"sameAs\":[\"https:\\\/\\\/www.facebook.com\\\/Tradycja-i-Wiara-108813920592249\"]},{\"@type\":\"Person\",\"@id\":\"https:\\\/\\\/wobronietradycjiiwiary.com\\\/pl\\\/#\\\/schema\\\/person\\\/595d3fb6f55eae9326175d092b63d851\",\"name\":\"mariuszjerzy\",\"url\":\"https:\\\/\\\/wobronietradycjiiwiary.com\\\/en\\\/author\\\/mariuszjerzy\\\/\"}]}<\/script>\n<!-- \/ Yoast SEO plugin. -->","yoast_head_json":{"title":"Rozmy\u015blania na ka\u017cdy dzie\u0144 maja \u2013 DZIE\u0143 9 - Tradycja i Wiara","robots":{"index":"index","follow":"follow","max-snippet":"max-snippet:-1","max-image-preview":"max-image-preview:large","max-video-preview":"max-video-preview:-1"},"canonical":"https:\/\/wobronietradycjiiwiary.com\/en\/rozmyslania-na-kazdy-dzien-maja-dzien-9-2-2\/","og_locale":"en_US","og_type":"article","og_title":"Rozmy\u015blania na ka\u017cdy dzie\u0144 maja \u2013 DZIE\u0143 9 - Tradycja i Wiara","og_description":"&#8220;Mi\u0142o\u015b\u0107 bli\u017aniego w Maryi&#8221; I. Przypatrzmy si\u0119 mi\u0142o\u015bci bli\u017aniego w Naj\u015bwi\u0119tszej Pannie. Przybra\u0142a Ona nas za swoje potomstwo, gdy\u017c urodzi\u0142a nas powt\u00f3rnie na \u017cywot wieczny, daj\u0105c nam Syna swego i Syna Bo\u017cego. Istot\u0105 i fundamentem mi\u0142o\u015bci bli\u017aniego, jest mi\u0142o\u015b\u0107 Bo\u017ca; tylko w Bogu i dla Boga mo\u017cna kocha\u0107 wszystkich, nie t\u0105 mi\u0142o\u015bci\u0105 ziemsk\u0105 i \u015blep\u0105, [&hellip;]","og_url":"https:\/\/wobronietradycjiiwiary.com\/en\/rozmyslania-na-kazdy-dzien-maja-dzien-9-2-2\/","og_site_name":"Tradycja i Wiara","article_publisher":"https:\/\/www.facebook.com\/Tradycja-i-Wiara-108813920592249","article_published_time":"2024-05-09T06:05:48+00:00","article_modified_time":"2025-02-10T10:14:45+00:00","og_image":[{"width":401,"height":500,"url":"https:\/\/wobronietradycjiiwiary.com\/wp-content\/uploads\/2024\/05\/Madonna-and-Child-401x500-1.jpg","type":"image\/jpeg"}],"author":"mariuszjerzy","twitter_card":"summary_large_image","twitter_misc":{"Written by":"mariuszjerzy","Est. reading time":"4 minutes"},"schema":{"@context":"https:\/\/schema.org","@graph":[{"@type":"Article","@id":"https:\/\/wobronietradycjiiwiary.com\/rozmyslania-na-kazdy-dzien-maja-dzien-9-2-2\/#article","isPartOf":{"@id":"https:\/\/wobronietradycjiiwiary.com\/rozmyslania-na-kazdy-dzien-maja-dzien-9-2-2\/"},"author":{"name":"mariuszjerzy","@id":"https:\/\/wobronietradycjiiwiary.com\/pl\/#\/schema\/person\/595d3fb6f55eae9326175d092b63d851"},"headline":"Rozmy\u015blania na ka\u017cdy dzie\u0144 maja \u2013 DZIE\u0143 9","datePublished":"2024-05-09T06:05:48+00:00","dateModified":"2025-02-10T10:14:45+00:00","mainEntityOfPage":{"@id":"https:\/\/wobronietradycjiiwiary.com\/rozmyslania-na-kazdy-dzien-maja-dzien-9-2-2\/"},"wordCount":860,"commentCount":0,"publisher":{"@id":"https:\/\/wobronietradycjiiwiary.com\/pl\/#organization"},"image":{"@id":"https:\/\/wobronietradycjiiwiary.com\/rozmyslania-na-kazdy-dzien-maja-dzien-9-2-2\/#primaryimage"},"thumbnailUrl":"https:\/\/wobronietradycjiiwiary.com\/wp-content\/uploads\/2024\/05\/Madonna-and-Child-401x500-1.jpg","articleSection":["Duchowo\u015b\u0107","Liturgia i liturgika","Rok liturgiczny","Rozwa\u017cania liturgiczne","Rozwa\u017cania majowe"],"inLanguage":"en-US","potentialAction":[{"@type":"CommentAction","name":"Comment","target":["https:\/\/wobronietradycjiiwiary.com\/rozmyslania-na-kazdy-dzien-maja-dzien-9-2-2\/#respond"]}]},{"@type":"WebPage","@id":"https:\/\/wobronietradycjiiwiary.com\/rozmyslania-na-kazdy-dzien-maja-dzien-9-2-2\/","url":"https:\/\/wobronietradycjiiwiary.com\/rozmyslania-na-kazdy-dzien-maja-dzien-9-2-2\/","name":"Rozmy\u015blania na ka\u017cdy dzie\u0144 maja \u2013 DZIE\u0143 9 - Tradycja i Wiara","isPartOf":{"@id":"https:\/\/wobronietradycjiiwiary.com\/pl\/#website"},"primaryImageOfPage":{"@id":"https:\/\/wobronietradycjiiwiary.com\/rozmyslania-na-kazdy-dzien-maja-dzien-9-2-2\/#primaryimage"},"image":{"@id":"https:\/\/wobronietradycjiiwiary.com\/rozmyslania-na-kazdy-dzien-maja-dzien-9-2-2\/#primaryimage"},"thumbnailUrl":"https:\/\/wobronietradycjiiwiary.com\/wp-content\/uploads\/2024\/05\/Madonna-and-Child-401x500-1.jpg","datePublished":"2024-05-09T06:05:48+00:00","dateModified":"2025-02-10T10:14:45+00:00","breadcrumb":{"@id":"https:\/\/wobronietradycjiiwiary.com\/rozmyslania-na-kazdy-dzien-maja-dzien-9-2-2\/#breadcrumb"},"inLanguage":"en-US","potentialAction":[{"@type":"ReadAction","target":["https:\/\/wobronietradycjiiwiary.com\/rozmyslania-na-kazdy-dzien-maja-dzien-9-2-2\/"]}]},{"@type":"ImageObject","inLanguage":"en-US","@id":"https:\/\/wobronietradycjiiwiary.com\/rozmyslania-na-kazdy-dzien-maja-dzien-9-2-2\/#primaryimage","url":"https:\/\/wobronietradycjiiwiary.com\/wp-content\/uploads\/2024\/05\/Madonna-and-Child-401x500-1.jpg","contentUrl":"https:\/\/wobronietradycjiiwiary.com\/wp-content\/uploads\/2024\/05\/Madonna-and-Child-401x500-1.jpg","width":401,"height":500},{"@type":"BreadcrumbList","@id":"https:\/\/wobronietradycjiiwiary.com\/rozmyslania-na-kazdy-dzien-maja-dzien-9-2-2\/#breadcrumb","itemListElement":[{"@type":"ListItem","position":1,"name":"Strona g\u0142\u00f3wna","item":"https:\/\/wobronietradycjiiwiary.com\/"},{"@type":"ListItem","position":2,"name":"Rozmy\u015blania na ka\u017cdy dzie\u0144 maja \u2013 DZIE\u0143 9"}]},{"@type":"WebSite","@id":"https:\/\/wobronietradycjiiwiary.com\/pl\/#website","url":"https:\/\/wobronietradycjiiwiary.com\/pl\/","name":"Tradycja i Wiara","description":"Portal dla katolik\u00f3w.","publisher":{"@id":"https:\/\/wobronietradycjiiwiary.com\/pl\/#organization"},"potentialAction":[{"@type":"SearchAction","target":{"@type":"EntryPoint","urlTemplate":"https:\/\/wobronietradycjiiwiary.com\/pl\/?s={search_term_string}"},"query-input":{"@type":"PropertyValueSpecification","valueRequired":true,"valueName":"search_term_string"}}],"inLanguage":"en-US"},{"@type":"Organization","@id":"https:\/\/wobronietradycjiiwiary.com\/pl\/#organization","name":"Tradycja i Wiara","url":"https:\/\/wobronietradycjiiwiary.com\/pl\/","logo":{"@type":"ImageObject","inLanguage":"en-US","@id":"https:\/\/wobronietradycjiiwiary.com\/pl\/#\/schema\/logo\/image\/","url":"https:\/\/i0.wp.com\/wobronietradycjiiwiary.com\/wp-content\/uploads\/2015\/10\/cropped-st-peters-dome-vatican.jpg?fit=940%2C198&ssl=1","contentUrl":"https:\/\/i0.wp.com\/wobronietradycjiiwiary.com\/wp-content\/uploads\/2015\/10\/cropped-st-peters-dome-vatican.jpg?fit=940%2C198&ssl=1","width":940,"height":198,"caption":"Tradycja i Wiara"},"image":{"@id":"https:\/\/wobronietradycjiiwiary.com\/pl\/#\/schema\/logo\/image\/"},"sameAs":["https:\/\/www.facebook.com\/Tradycja-i-Wiara-108813920592249"]},{"@type":"Person","@id":"https:\/\/wobronietradycjiiwiary.com\/pl\/#\/schema\/person\/595d3fb6f55eae9326175d092b63d851","name":"mariuszjerzy","url":"https:\/\/wobronietradycjiiwiary.com\/en\/author\/mariuszjerzy\/"}]}},"jetpack_publicize_connections":[],"jetpack_sharing_enabled":true,"jetpack_likes_enabled":true,"jetpack_shortlink":"https:\/\/wp.me\/pc04Sd-ujq","jetpack-related-posts":[{"id":140781,"url":"https:\/\/wobronietradycjiiwiary.com\/en\/rozmyslania-na-kazdy-dzien-maja-dzien-9-2-2-2\/","url_meta":{"origin":116524,"position":0},"title":"Rozmy\u015blania na ka\u017cdy dzie\u0144 maja \u2013 DZIE\u0143 9","author":"mariuszjerzy","date":"9 May 2025","format":false,"excerpt":"\"Mi\u0142o\u015b\u0107 bli\u017aniego w Maryi\" I. Przypatrzmy si\u0119 mi\u0142o\u015bci bli\u017aniego w Naj\u015bwi\u0119tszej Pannie. Przybra\u0142a Ona nas za swoje potomstwo, gdy\u017c urodzi\u0142a nas powt\u00f3rnie na \u017cywot wieczny, daj\u0105c nam Syna swego i Syna Bo\u017cego. Istot\u0105 i fundamentem mi\u0142o\u015bci bli\u017aniego, jest mi\u0142o\u015b\u0107 Bo\u017ca; tylko w Bogu i dla Boga mo\u017cna kocha\u0107 wszystkich, nie\u2026","rel":"","context":"In &quot;Duchowo\u015b\u0107&quot;","block_context":{"text":"Duchowo\u015b\u0107","link":"https:\/\/wobronietradycjiiwiary.com\/en\/category\/duchowosc\/"},"img":{"alt_text":"","src":"https:\/\/i0.wp.com\/wobronietradycjiiwiary.com\/wp-content\/uploads\/2024\/05\/Madonna-and-Child-401x500-1.jpg?resize=350%2C200&ssl=1","width":350,"height":200},"classes":[]},{"id":68322,"url":"https:\/\/wobronietradycjiiwiary.com\/en\/rozmyslania-na-kazdy-dzien-maja-dzien-9-2\/","url_meta":{"origin":116524,"position":1},"title":"Rozmy\u015blania na ka\u017cdy dzie\u0144 maja \u2013 DZIE\u0143 9","author":"mariuszjerzy","date":"9 May 2022","format":false,"excerpt":"\"Mi\u0142o\u015b\u0107 bli\u017aniego w Maryi\" I. Przypatrzmy si\u0119 mi\u0142o\u015bci bli\u017aniego w Naj\u015bwi\u0119tszej Pannie. Przybra\u0142a Ona nas za swoje potomstwo, gdy\u017c urodzi\u0142a nas powt\u00f3rnie na \u017cywot wieczny, daj\u0105c nam Syna swego i Syna Bo\u017cego. Istot\u0105 i fundamentem mi\u0142o\u015bci bli\u017aniego, jest mi\u0142o\u015b\u0107 Bo\u017ca; tylko w Bogu i dla Boga mo\u017cna kocha\u0107 wszystkich, nie\u2026","rel":"","context":"In &quot;Liturgia i liturgika&quot;","block_context":{"text":"Liturgia i liturgika","link":"https:\/\/wobronietradycjiiwiary.com\/en\/category\/duchowosc\/liturgia-i-liturgika\/"},"img":{"alt_text":"","src":"https:\/\/i0.wp.com\/wobronietradycjiiwiary.com\/wp-content\/uploads\/2024\/05\/Madonna-and-Child-401x500-1.jpg?resize=350%2C200&ssl=1","width":350,"height":200},"classes":[]},{"id":22198,"url":"https:\/\/wobronietradycjiiwiary.com\/en\/rozmyslania-na-kazdy-dzien-maja-dzien-9\/","url_meta":{"origin":116524,"position":2},"title":"Rozmy\u015blania na ka\u017cdy dzie\u0144 maja \u2013 DZIE\u0143 9","author":"mariuszjerzy","date":"9 May 2018","format":false,"excerpt":"\"Mi\u0142o\u015b\u0107 bli\u017aniego w Maryi\" I. Przypatrzmy si\u0119 mi\u0142o\u015bci bli\u017aniego w Naj\u015bwi\u0119tszej Pannie. Przybra\u0142a Ona nas za swoje potomstwo, gdy\u017c urodzi\u0142a nas powt\u00f3rnie na \u017cywot wieczny, daj\u0105c nam Syna swego i Syna Bo\u017cego. Istot\u0105 i fundamentem mi\u0142o\u015bci bli\u017aniego, jest mi\u0142o\u015b\u0107 Bo\u017ca; tylko w Bogu i dla Boga mo\u017cna kocha\u0107 wszystkich, nie\u2026","rel":"","context":"In &quot;Liturgia i liturgika&quot;","block_context":{"text":"Liturgia i liturgika","link":"https:\/\/wobronietradycjiiwiary.com\/en\/category\/duchowosc\/liturgia-i-liturgika\/"},"img":{"alt_text":"","src":"https:\/\/i0.wp.com\/wobronietradycjiiwiary.com\/wp-content\/uploads\/2024\/05\/Madonna-and-Child-401x500-1.jpg?resize=350%2C200&ssl=1","width":350,"height":200},"classes":[]},{"id":116527,"url":"https:\/\/wobronietradycjiiwiary.com\/en\/rozmyslania-na-kazdy-dzien-maja-dzien-6-2-2\/","url_meta":{"origin":116524,"position":3},"title":"Rozmy\u015blania na ka\u017cdy dzie\u0144 maja \u2013 DZIE\u0143 6","author":"mariuszjerzy","date":"6 May 2024","format":false,"excerpt":"\"O mi\u0142o\u015bci Maryi\" I. Cz\u0142owiek n\u0119dzny, u\u0142omny, nie umiej\u0105cy kocha\u0107 jakby chcia\u0142 i jakby powinien, z nie\u015bmia\u0142o\u015bci\u0105 tylko m\u00f3wi\u0107 mo\u017ce o takim przed\u00admiocie jak mi\u0142o\u015b\u0107 Naj\u015bwi\u0119tszej Panny Maryi. Trzeba by s\u0142\u00f3w aniel\u00adskich i pie\u0144 anielskich, aby wys\u0142awi\u0107 uczucia Serca Maryi dla Pana Jezusa. Widzia\u0142a w Nim jednocze\u015bnie swego Boga, Stw\u00f3rc\u0119\u2026","rel":"","context":"In &quot;Duchowo\u015b\u0107&quot;","block_context":{"text":"Duchowo\u015b\u0107","link":"https:\/\/wobronietradycjiiwiary.com\/en\/category\/duchowosc\/"},"img":{"alt_text":"","src":"https:\/\/i0.wp.com\/wobronietradycjiiwiary.com\/wp-content\/uploads\/2024\/05\/Madonna-and-Child-401x500-1.jpg?resize=350%2C200&ssl=1","width":350,"height":200},"classes":[]},{"id":116525,"url":"https:\/\/wobronietradycjiiwiary.com\/en\/rozmyslania-na-kazdy-dzien-maja-dzien-8-2-2\/","url_meta":{"origin":116524,"position":4},"title":"Rozmy\u015blania na ka\u017cdy dzie\u0144 maja \u2013 DZIE\u0143 8","author":"mariuszjerzy","date":"8 May 2024","format":false,"excerpt":"\"Maryja jest matk\u0105 pi\u0119knej mi\u0142o\u015bci\" I. C\u00f3\u017c to jest pi\u0119kna mi\u0142o\u015b\u0107? To jest ta, kt\u00f3rej przedmiot jest pi\u0119kny i kt\u00f3rej objawy i dowody s\u0105 pi\u0119kne, \u2013 wi\u0119c mi\u0142o\u015b\u0107 Boga i wszystko w nas, co z niej p\u0142ynie. Bywaj\u0105 brzydkie mi\u0142o\u015bci. Mi\u0142o\u015b\u0107 siebie samego, swego dobra, swojej chwa\u0142y, swoich wyg\u00f3d i\u2026","rel":"","context":"In &quot;Duchowo\u015b\u0107&quot;","block_context":{"text":"Duchowo\u015b\u0107","link":"https:\/\/wobronietradycjiiwiary.com\/en\/category\/duchowosc\/"},"img":{"alt_text":"","src":"https:\/\/i0.wp.com\/wobronietradycjiiwiary.com\/wp-content\/uploads\/2024\/05\/Madonna-and-Child-401x500-1.jpg?resize=350%2C200&ssl=1","width":350,"height":200},"classes":[]},{"id":140773,"url":"https:\/\/wobronietradycjiiwiary.com\/en\/rozmyslania-na-kazdy-dzien-maja-dzien-8-2-2-2\/","url_meta":{"origin":116524,"position":5},"title":"Rozmy\u015blania na ka\u017cdy dzie\u0144 maja \u2013 DZIE\u0143 8","author":"mariuszjerzy","date":"8 May 2025","format":false,"excerpt":"\"Maryja jest matk\u0105 pi\u0119knej mi\u0142o\u015bci\" I. C\u00f3\u017c to jest pi\u0119kna mi\u0142o\u015b\u0107? To jest ta, kt\u00f3rej przedmiot jest pi\u0119kny i kt\u00f3rej objawy i dowody s\u0105 pi\u0119kne, \u2013 wi\u0119c mi\u0142o\u015b\u0107 Boga i wszystko w nas, co z niej p\u0142ynie. Bywaj\u0105 brzydkie mi\u0142o\u015bci. Mi\u0142o\u015b\u0107 siebie samego, swego dobra, swojej chwa\u0142y, swoich wyg\u00f3d i\u2026","rel":"","context":"In &quot;Duchowo\u015b\u0107&quot;","block_context":{"text":"Duchowo\u015b\u0107","link":"https:\/\/wobronietradycjiiwiary.com\/en\/category\/duchowosc\/"},"img":{"alt_text":"","src":"https:\/\/i0.wp.com\/wobronietradycjiiwiary.com\/wp-content\/uploads\/2024\/05\/Madonna-and-Child-401x500-1.jpg?resize=350%2C200&ssl=1","width":350,"height":200},"classes":[]}],"amp_enabled":true,"jetpack_featured_media_url":"https:\/\/wobronietradycjiiwiary.com\/wp-content\/uploads\/2024\/05\/Madonna-and-Child-401x500-1.jpg","_links":{"self":[{"href":"https:\/\/wobronietradycjiiwiary.com\/en\/wp-json\/wp\/v2\/posts\/116524","targetHints":{"allow":["GET"]}}],"collection":[{"href":"https:\/\/wobronietradycjiiwiary.com\/en\/wp-json\/wp\/v2\/posts"}],"about":[{"href":"https:\/\/wobronietradycjiiwiary.com\/en\/wp-json\/wp\/v2\/types\/post"}],"author":[{"embeddable":true,"href":"https:\/\/wobronietradycjiiwiary.com\/en\/wp-json\/wp\/v2\/users\/119394841"}],"replies":[{"embeddable":true,"href":"https:\/\/wobronietradycjiiwiary.com\/en\/wp-json\/wp\/v2\/comments?post=116524"}],"version-history":[{"count":1,"href":"https:\/\/wobronietradycjiiwiary.com\/en\/wp-json\/wp\/v2\/posts\/116524\/revisions"}],"predecessor-version":[{"id":116611,"href":"https:\/\/wobronietradycjiiwiary.com\/en\/wp-json\/wp\/v2\/posts\/116524\/revisions\/116611"}],"wp:featuredmedia":[{"embeddable":true,"href":"https:\/\/wobronietradycjiiwiary.com\/en\/wp-json\/wp\/v2\/media\/116637"}],"wp:attachment":[{"href":"https:\/\/wobronietradycjiiwiary.com\/en\/wp-json\/wp\/v2\/media?parent=116524"}],"wp:term":[{"taxonomy":"category","embeddable":true,"href":"https:\/\/wobronietradycjiiwiary.com\/en\/wp-json\/wp\/v2\/categories?post=116524"},{"taxonomy":"post_tag","embeddable":true,"href":"https:\/\/wobronietradycjiiwiary.com\/en\/wp-json\/wp\/v2\/tags?post=116524"}],"curies":[{"name":"wp","href":"https:\/\/api.w.org\/{rel}","templated":true}]}}