{"id":113401,"date":"2024-03-03T08:15:16","date_gmt":"2024-03-03T07:15:16","guid":{"rendered":"https:\/\/wobronietradycjiiwiary.com\/?p=113401"},"modified":"2025-02-10T11:55:07","modified_gmt":"2025-02-10T10:55:07","slug":"3-go-marca-zywot-swietej-kunegundy-cesarzowej-2-2-2","status":"publish","type":"post","link":"https:\/\/wobronietradycjiiwiary.com\/en\/3-go-marca-zywot-swietej-kunegundy-cesarzowej-2-2-2\/","title":{"rendered":"3-go Marca. \u017bywot \u015bwi\u0119tej Kunegundy, Cesarzowej."},"content":{"rendered":"<div id=\"bsf_rt_marker\"><\/div>\n<p class=\"has-text-align-center wp-block-paragraph\"><em>(\u017by\u0142a oko\u0142o roku Pa\u0144skiego 1030).<\/em><\/p>\n\n\n\n<figure class=\"wp-block-image\"><a href=\"https:\/\/pl.wikisource.org\/wiki\/Plik:%C5%BBywoty_%C5%9Bw._Pa%C5%84skich_na_wszystkie_dnie_roku-Inicja%C5%82-K.png\"><img decoding=\"async\" src=\"https:\/\/upload.wikimedia.org\/wikipedia\/commons\/thumb\/a\/ab\/%C5%BBywoty_%C5%9Bw._Pa%C5%84skich_na_wszystkie_dnie_roku-Inicja%C5%82-K.png\/55px-%C5%BBywoty_%C5%9Bw._Pa%C5%84skich_na_wszystkie_dnie_roku-Inicja%C5%82-K.png\" alt=\"K\"\/><\/a><\/figure>\n\n\n\n<p class=\"has-text-align-justify wp-block-paragraph\">Kunegunda, c\u00f3rka Zygfryda, hrabiego Luksemburskiego, odebra\u0142a od matki staranne wychowanie. Pi\u0119kno\u015b\u0107 jej, oraz inne wielkie zalety by\u0142y powodem, \u017ce wszyscy poblizcy ksi\u0105\u017c\u0119ta starali si\u0119 o jej r\u0119k\u0119. W ko\u0144cu posz\u0142a za Henryka, ksi\u0119cia Bawarskiego, kt\u00f3rego uwa\u017ca\u0142a za najgodniejszego swej r\u0119ki, i w czem si\u0119 te\u017c nie omyli\u0142a. W dzie\u0144 \u015blubu m\u0142odzi ma\u0142\u017conkowie przyrzekli sobie dozgonn\u0105 czysto\u015b\u0107, chc\u0105c na\u015bladowa\u0107 Naj\u015bw. Mary\u0119 Pann\u0119 i \u015bwi\u0119tego J\u00f3zefa. Oboje odt\u0105d pocz\u0119li si\u0119 ubiega\u0107, kt\u00f3re z nich najwi\u0119cej dobrego czyni\u0107 b\u0119dzie.<\/p>\n\n\n\n<p class=\"has-text-align-justify wp-block-paragraph\"><br>\u2009W roku 1002 obrano w Moguncyi Henryka kr\u00f3lem, a w dwa miesi\u0105ce p\u00f3\u017aniej koronowano Kunegund\u0119 w Paderbornie na kr\u00f3low\u0105. W roku za\u015b 1014 otrzymali oboje z r\u0105k Papie\u017ca Benedykta VIII cesarsk\u0105 koron\u0119. To wyniesienie by\u0142o jeszcze wi\u0119kszym bod\u017acem do dobroczynno\u015bci. Zacz\u0119\u0142y si\u0119 wznosi\u0107 ko\u015bcio\u0142y, klasztory, szpitale, i dot\u0105d nawet liczne znajduj\u0105 si\u0119 jeszcze pomniki jej pobo\u017cno\u015bci. Aby za\u015b mog\u0142a czyni\u0107 jak najwi\u0119cej dobrego, \u017cy\u0142a nadzwyczaj skromnie.<\/p>\n\n\n\n<p class=\"has-text-align-justify wp-block-paragraph\"><br>\u2009B\u00f3g zsy\u0142a krzy\u017cyki na tych, kt\u00f3rzy Go kochaj\u0105, czego i Kunegunda mia\u0142a do\u015bwiadczy\u0107. Szatan w sercach kilku dworzan wznieci\u0142 bowiem nienawi\u015b\u0107. Pos\u0105dzona o sprzeniewierzenie si\u0119 m\u0119\u017cowi, cierpia\u0142a Kunegunda niewymownie, ale i cesarz nie mniej si\u0119 martwi\u0142. Widz\u0105c coraz wi\u0119kszy smutek m\u0119\u017ca, zar\u0119czy\u0142a Kunegunda o swej niewinno\u015bci, o\u015bwiadczaj\u0105c si\u0119 gotow\u0105 odby\u0107 pr\u00f3b\u0119 ognia, w\u00f3wczas u\u017cywan\u0105.<\/p>\n\n\n\n<p class=\"has-text-align-justify wp-block-paragraph\"><br>\u2009W dniu naznaczonym uda\u0142a si\u0119 w odzieniu pokutnicy, w towarzystwie cesarza i dostojnik\u00f3w pa\u0144stwa tak duchownych, jak \u015bwieckich i mn\u00f3stwa ludu, do ko\u015bcio\u0142a. Po Mszy \u015bwi\u0119tej odm\u00f3wi\u0142 nad ni\u0105 Biskup modlitwy, poda\u0142 Ewangeli\u0119 i krzy\u017c do poca\u0142owania, napominaj\u0105c, aby je\u015bli si\u0119 czuje winn\u0105, nie kusi\u0142a Pana Boga. Nast\u0119pnie da\u0142 jej Komuni\u0119 \u015bwi\u0119t\u0105. Tymczasem zabrano si\u0119 do przygotowa\u0144. Pewn\u0105 ilo\u015b\u0107 lemieszy, rozpalonych w ogniu do czerwono\u015bci, u\u0142o\u017cono w szereg pi\u0119tna\u015bcie st\u00f3p d\u0142ugi. Odczytano teraz cesarzowej publicznie oskar\u017cenie, poczem pad\u0142a na kolana, modl\u0105c si\u0119: \u201ePanie i Bo\u017ce m\u00f3j, b\u0105d\u017a mi \u015bwiadkiem, jakom nie z\u0142ama\u0142a wiary po\u015blubionej memu ma\u0142\u017conkowi.\u201c W tej chwili da\u0142 si\u0119 s\u0142ysze\u0107 g\u0142os: \u201eB\u0105d\u017a odwa\u017cn\u0105, dziewico Kunegundo, Marya Panna wys\u0142ucha\u0142a twej modlitwy!\u201c Cesarzowa zdj\u0119\u0142a nast\u0119pnie obuwie i przesz\u0142a boso po rozpalonych \u017celazach. Lekarze natychmiast badali jej nogi i po\u015bwiadczyli, \u017ce niema ani znaku oparzelizny. Wszystek lud wraz z cesarzem byli tego \u015bwiadkami i wszystkim w oczach stan\u0119\u0142y \u0142zy; tak cudem B\u00f3g po\u015bwiadczy\u0142 niewinno\u015b\u0107 Kunegundy. Tysi\u0105czne okrzyki rado\u015bci zagrzmia\u0142y w ko\u015bciele: \u201eNasza kochana cesarzowa jest niewinn\u0105!&#8230; w ogie\u0144 oszczerc\u00f3w!\u201c Lecz cesarzowa najprz\u00f3d podzi\u0119kowawszy Bogu, rzuci\u0142a si\u0119 potem m\u0119\u017cowi na szyj\u0119, a wko\u0144cu o\u015bwiadczy\u0142a, \u017ce swym prze\u015bladowcom przebacza, i prosi\u0142a cesarza, aby im darowa\u0142 win\u0119.<\/p>\n\n\n\n<p class=\"has-text-align-justify wp-block-paragraph\">\u2009W czasie pobytu w Hessyi Kunegunda ci\u0119\u017cko zachorowa\u0142a i wonczas \u015blubowa\u0142a\u00a0wystawi\u0107 klasztor dla Panien Benedyktynek w Kaufungen. Jeszcze klasztor nie by\u0142 ca\u0142kiem uko\u0144czony, kiedy cesarz r. 1024 umar\u0142. W rok za\u015b po \u015bmierci m\u0119\u017ca odby\u0142o si\u0119 uroczyste po\u015bwi\u0119cenie klasztoru. By\u0142a temu przytomn\u0105 tak\u017ce cesarzowa w wspania\u0142em cesarskiem ubraniu i z koron\u0105 na g\u0142owie. W czasie Mszy \u015bwi\u0119tej zesz\u0142a po Ewangelii z tronu, z\u0142o\u017cy\u0142a ubranie cesarskie, a przywdziawszy we\u0142niane, da\u0142a si\u0119 ostrzydz na znak wyrzeczenia si\u0119 \u015bwiata; Biskup da\u0142 jej nast\u0119pnie zakonn\u0105 zas\u0142on\u0119 i pier\u015bcie\u0144 na znak zar\u0119czenia si\u0119 z Jezusem Chrystusem.<br><\/p>\n\n\n\n<p class=\"has-text-align-justify wp-block-paragraph\">\u2009W klasztornem zaciszu prze\u017cy\u0142a jeszcze pi\u0119tna\u015bcie lat, nie chc\u0105c by\u0107 niczem wi\u0119cej, jak inne siostry. Podejmowa\u0142a si\u0119 najpospolitszych rob\u00f3t tak ch\u0119tnie, jakby nigdy nie by\u0142a cesarzow\u0105. Szczeg\u00f3lnie w dogl\u0105daniu chorych zakonnic przewy\u017csza\u0142a inne w troskliwo\u015bci, mi\u0142o\u015bci i zr\u0119czno\u015bci w obchodzeniu si\u0119 z niemi. Darem modlitwy obdarzona, zwykle wi\u0119ksz\u0105 cz\u0119\u015b\u0107 nocy na niej przep\u0119dza\u0142a. W u\u017cywaniu pokarm\u00f3w coraz wi\u0119cej sobie ujmuj\u0105c, przysz\u0142a by\u0142a do tego, i\u017c ju\u017c prawie cudem \u017cy\u0142a. Kiedy, le\u017c\u0105c na \u015bmiertelnem \u0142o\u017cu, zauwa\u017cy\u0142a, \u017ce na jej pogrzeb przygotowuj\u0105 z\u0142otem haftowane nakrycie, zabroni\u0142a tego, prosz\u0105c, by jej trumn\u0119 postawiono obok trumny ma\u0142\u017conka. Umar\u0142a 3 marca 1040 r. Pogrzeb odby\u0142 si\u0119 w Bamberdze, a lud przytomny ujrza\u0142 cud wielki, bo trumna Henryka sama na lew\u0105 stron\u0119 si\u0119 przenios\u0142a, tworz\u0105c miejsce prawe dla Kunegundy. Dla licznych cud\u00f3w, gdy\u017c nawet ju\u017c za \u017cycia ugasi\u0142a znakiem Krzy\u017ca \u015bwi\u0119tego po\u017car w klasztorze, wyni\u00f3s\u0142 j\u0105 Papie\u017c Innocenty III do liczby \u015awi\u0119tych Pa\u0144skich roku 1200.<\/p>\n\n\n\n<p class=\"has-text-align-justify wp-block-paragraph\"><br><strong>Nauka moralna.<\/strong><\/p>\n\n\n\n<p class=\"wp-block-paragraph\">\u2009Rzucone na Kunegund\u0119 podejrzenie by\u0142o bardzo bolesne, ale jak wspania\u0142y da\u0142a przyk\u0142ad chrze\u015bcija\u0144skiej mi\u0142o\u015bci! Mia\u0142a w r\u0119ku wszelk\u0105 moc do zemsty, mog\u0142a swych nieprzyjaci\u00f3\u0142 zniszczy\u0107, zdepta\u0107, nawet sam lud domaga\u0142 si\u0119 \u015bmierci oszczerc\u00f3w, ale \u015bwi\u0119ta Kunegunda, pomna s\u0142\u00f3w Zbawiciela, kt\u00f3ry kaza\u0142 si\u0119 modli\u0107: \u201eI odpu\u015b\u0107 nam nasze winy, jako i my odpuszczamy naszym winowajcom\u201c, r\u00f3wnie\u017c i s\u0142\u00f3w Zbawiciela: \u201eOjcze, odpu\u015b\u0107 im (blu\u017aniercom),\u00a0bo nie wiedz\u0105, co czyni\u0105!\u201c przebaczy\u0142a wszystkim wspania\u0142omy\u015blnie. A jak\u017ce si\u0119 dzieje mi\u0119dzy nami? &#8211; Skargi, procesa, zemsty, \u2014 oto, co si\u0119 dzi\u015b prawie wsz\u0119dzie dzieje. Trzeba pami\u0119ta\u0107, \u017ce od oszczerstw i prze\u015bladowa\u0144 nikt nie jest wolnym, mianowicie, je\u015bli wy\u017csze zajmuje stanowisko. Ale tem wi\u0119ksz\u0105 ma zas\u0142ug\u0119, gdy prze\u015bladowcom swoim przebaczy.<\/p>\n\n\n\n<p class=\"wp-block-paragraph\"><br><strong>Modlitwa.<\/strong><\/p>\n\n\n\n<blockquote class=\"wp-block-quote is-layout-flow wp-block-quote-is-layout-flow\"><p>\u2009Bo\u017ce, kt\u00f3ry pomi\u0119dzy innemi przedziwnemi dzie\u0142ami Twojemi, \u015bwi\u0119t\u0105 Kunegund\u0119, Dziewic\u0119, takiemi cnotami przyozdobi\u0142e\u015b, \u017ce ona i w ma\u0142\u017ce\u0144stwie dziewictwo przechowa\u0142a, a po \u015bmierci ma\u0142\u017conka wst\u0105piwszy do Zakonu, wysokiemi cnotami zaja\u015bnia\u0142a, daj mi\u0142o\u015bciwie, aby\u015bmy staraj\u0105c si\u0119 godnie J\u0105 uczci\u0107, za Jej po\u015brednictwem wedle mo\u017cno\u015bci naszej, cnoty Jej na\u015bladowali. Przez Pana\u00a0naszego Jezusa Chrystusa, kt\u00f3ry kr\u00f3luje w Niebie i na ziemi. Amen.<\/p><\/blockquote>\n\n\n\n<figure class=\"wp-block-table\"><table><tbody><tr><td>\u2217&nbsp;&nbsp;&nbsp;&nbsp;&nbsp;&nbsp;&nbsp;&nbsp;&nbsp;&nbsp;&nbsp;&nbsp;&nbsp;&nbsp;&nbsp;&nbsp;&nbsp;&nbsp;&nbsp;&nbsp;\u2217<br>\u2217<\/td><\/tr><\/tbody><\/table><\/figure>\n\n\n\n<p class=\"wp-block-paragraph\"><em>Opr\u00f3cz tego obchodzi Ko\u015bci\u00f3\u0142 \u015bwi\u0119ty pami\u0105tk\u0119 nast\u0119puj\u0105cych \u015awi\u0119tych Pa\u0144skich, zamieszczonych w rzymskiem martyrologium:<\/em><\/p>\n\n\n\n<p class=\"has-text-align-justify wp-block-paragraph\">\u2009<strong>Dnia 3-go marca<\/strong>&nbsp;w Cezarei w Palestynie m\u0119cze\u0144stwo \u015bw.&nbsp;Marynusa, \u017bo\u0142nierza i&nbsp;Asteryusza, Senatora; dzia\u0142o si\u0119 to za czas\u00f3w prze\u015bladowania Waleryana. Marynus przez innych \u017co\u0142nierzy og\u0142oszony chrze\u015bcijaninem, wyzna\u0142 przed s\u0119dzi\u0105 otwarcie sw\u0105 wiar\u0119, za co go \u015bci\u0119to mieczem; gdy tedy Asteryusz martwe cia\u0142o \u017co\u0142nierza w p\u0142aszcz sw\u00f3j obwin\u0105\u0142 i na plecach chcia\u0142 precz zanie\u015b\u0107 aby takowe pochowa\u0107, za takie uczczenie M\u0119czennika sam dost\u0105pi\u0142 chwa\u0142y ofiarowania \u017cycia swego za Jezusa Chrystusa. \u2014 W Hiszpanii dzie\u0144 \u015bmierci \u015bw.&nbsp;Hemiteryusza i Chelidoniusza, M\u0119czennik\u00f3w; obydwaj jako \u017co\u0142nierze w\u0142a\u015bnie byli na kwaterze w Leonie, gdy wybuch\u0142o prze\u015bladowanie. Natychmiast udali si\u0119 wi\u0119c do Kalahorry, aby wyzna\u0107 \u017ce s\u0105 chrze\u015bcijaninami, gdzie te\u017c po wielorakich katuszach zdobyli sobie palm\u0119 m\u0119cze\u0144sk\u0105. \u2014 Tego samego dnia pami\u0105tka \u015bw. M\u0119czennik\u00f3w&nbsp;Feliksa, Luciolusa, Fortunata, Marcyi i ich towarzyszy. &#8211; R\u00f3wnie\u017c \u015bw.&nbsp;Kleonikusa, Eutropiusza i Bazylizeusza, \u017bo\u0142nierzy, kt\u00f3rzy prze\u015bladowanie Maksymia\u0144skie z czas\u00f3w namiestnika Asclepiadesa przez \u015bmier\u0107 na krzy\u017cu chwalebnie zwyci\u0119\u017cyli. \u2014 W Brescyi \u015bw.&nbsp;Tycyana, Biskupa i Wyznawcy. \u2014 W Bamberdze \u015bw.&nbsp;Kunegundy, Cesarzowej; zam\u0119\u017cna z \u015bw.&nbsp;Henrykiem, za jego przyzwoleniem zachowa\u0142a dziewiczo\u015b\u0107 w stanie ma\u0142\u017ce\u0144skim; zas\u0142u\u017cony sw\u00f3j \u017cywot zako\u0144czy\u0142a spokojnie w Panu, b\u0119d\u0105c u\u015bwietnion\u0105 wielu cudami.<\/p>","protected":false},"excerpt":{"rendered":"<p>\u017bywot \u015bw. Kunegundy i jej m\u0119\u017ca Henryka II Bawarskiego jest tym bardziej heroiczny, gdy\u017c mia\u0142 miejsce w okresie saeculum obscurum, wieku upadku papiestwa. \u017badne z nich nie powiedzia\u0142o: &#8220;papie\u017c nie \u017cyje po Bo\u017cemu, to ja te\u017c nie musz\u0105&#8221;. A czy wszystko wiedzieli? Mo\u017ce nie wszystko, ale wystarczaj\u0105co wiele, by si\u0119 zgorszy\u0107. Bierzmy z nich przyk\u0142ad, nie gorszmy si\u0119 papie\u017cami!<\/p>","protected":false},"author":60508433,"featured_media":42627,"comment_status":"open","ping_status":"open","sticky":false,"template":"","format":"standard","meta":{"_bbp_topic_count":0,"_bbp_reply_count":0,"_bbp_total_topic_count":0,"_bbp_total_reply_count":0,"_bbp_voice_count":0,"_bbp_anonymous_reply_count":0,"_bbp_topic_count_hidden":0,"_bbp_reply_count_hidden":0,"_bbp_forum_subforum_count":0,"_editorskit_title_hidden":false,"_editorskit_reading_time":0,"_editorskit_is_block_options_detached":false,"_editorskit_block_options_position":"{}","_coblocks_attr":"","_coblocks_dimensions":"","_coblocks_responsive_height":"","_coblocks_accordion_ie_support":"","_exactmetrics_skip_tracking":false,"_jetpack_newsletter_access":"","_jetpack_dont_email_post_to_subs":false,"_jetpack_newsletter_tier_id":0,"_jetpack_memberships_contains_paywalled_content":false,"_wpcom_ai_launchpad_first_post":false,"_jetpack_feature_clip_id":0,"_jetpack_memberships_contains_paid_content":false,"footnotes":"","jetpack_publicize_message":"{title}\n\n{excerpt}\n\n{url}","jetpack_publicize_feature_enabled":true,"jetpack_social_post_already_shared":true,"jetpack_social_options":{"image_generator_settings":{"template":"highway","default_image_id":0,"font":"","enabled":false},"version":2},"_wpas_customize_per_network":false,"jetpack_post_was_ever_published":false},"categories":[610131818,610131184,336375535,610131155,610134933,610132042],"tags":[610133246],"class_list":["post-113401","post","type-post","status-publish","format-standard","has-post-thumbnail","hentry","category-swieta-w-marcu","category-duchowosc","category-liturgia-i-liturgika","category-rozwazania","category-zenskie-swiete","category-zywoty-swietych","tag-zenskie-swiete"],"yoast_head":"<!-- This site is optimized with the Yoast SEO plugin v28.4 - https:\/\/yoast.com\/product\/yoast-seo-wordpress\/ -->\n<title>3-go Marca. \u017bywot \u015bwi\u0119tej Kunegundy, Cesarzowej. - Tradycja i Wiara<\/title>\n<meta name=\"robots\" content=\"index, follow, max-snippet:-1, max-image-preview:large, max-video-preview:-1\" \/>\n<link rel=\"canonical\" href=\"https:\/\/wobronietradycjiiwiary.com\/en\/3-go-marca-zywot-swietej-kunegundy-cesarzowej-2-2-2\/\" \/>\n<meta property=\"og:locale\" content=\"en_US\" \/>\n<meta property=\"og:type\" content=\"article\" \/>\n<meta property=\"og:title\" content=\"3-go Marca. \u017bywot \u015bwi\u0119tej Kunegundy, Cesarzowej. - Tradycja i Wiara\" \/>\n<meta property=\"og:description\" content=\"\u017bywot \u015bw. Kunegundy i jej m\u0119\u017ca Henryka II Bawarskiego jest tym bardziej heroiczny, gdy\u017c mia\u0142 miejsce w okresie saeculum obscurum, wieku upadku papiestwa. \u017badne z nich nie powiedzia\u0142o: &quot;papie\u017c nie \u017cyje po Bo\u017cemu, to ja te\u017c nie musz\u0105&quot;. A czy wszystko wiedzieli? Mo\u017ce nie wszystko, ale wystarczaj\u0105co wiele, by si\u0119 zgorszy\u0107. Bierzmy z nich przyk\u0142ad, nie gorszmy si\u0119 papie\u017cami!\" \/>\n<meta property=\"og:url\" content=\"https:\/\/wobronietradycjiiwiary.com\/en\/3-go-marca-zywot-swietej-kunegundy-cesarzowej-2-2-2\/\" \/>\n<meta property=\"og:site_name\" content=\"Tradycja i Wiara\" \/>\n<meta property=\"article:publisher\" content=\"https:\/\/www.facebook.com\/Tradycja-i-Wiara-108813920592249\" \/>\n<meta property=\"article:published_time\" content=\"2024-03-03T07:15:16+00:00\" \/>\n<meta property=\"article:modified_time\" content=\"2025-02-10T10:55:07+00:00\" \/>\n<meta property=\"og:image\" content=\"https:\/\/wobronietradycjiiwiary.com\/wp-content\/uploads\/2021\/03\/Kunegunde.jpg\" \/>\n\t<meta property=\"og:image:width\" content=\"1200\" \/>\n\t<meta property=\"og:image:height\" content=\"1198\" \/>\n\t<meta property=\"og:image:type\" content=\"image\/jpeg\" \/>\n<meta name=\"author\" content=\"Traditio et Fides\" \/>\n<meta name=\"twitter:card\" content=\"summary_large_image\" \/>\n<meta name=\"twitter:label1\" content=\"Written by\" \/>\n\t<meta name=\"twitter:data1\" content=\"Traditio et Fides\" \/>\n\t<meta name=\"twitter:label2\" content=\"Est. reading time\" \/>\n\t<meta name=\"twitter:data2\" content=\"7 minutes\" \/>\n<script type=\"application\/ld+json\" class=\"yoast-schema-graph\">{\"@context\":\"https:\\\/\\\/schema.org\",\"@graph\":[{\"@type\":\"Article\",\"@id\":\"https:\\\/\\\/wobronietradycjiiwiary.com\\\/3-go-marca-zywot-swietej-kunegundy-cesarzowej-2-2-2\\\/#article\",\"isPartOf\":{\"@id\":\"https:\\\/\\\/wobronietradycjiiwiary.com\\\/3-go-marca-zywot-swietej-kunegundy-cesarzowej-2-2-2\\\/\"},\"author\":{\"name\":\"Traditio et Fides\",\"@id\":\"https:\\\/\\\/wobronietradycjiiwiary.com\\\/pl\\\/#\\\/schema\\\/person\\\/2d6180ce6abcb681fef0daab7816e8f3\"},\"headline\":\"3-go Marca. \u017bywot \u015bwi\u0119tej Kunegundy, Cesarzowej.\",\"datePublished\":\"2024-03-03T07:15:16+00:00\",\"dateModified\":\"2025-02-10T10:55:07+00:00\",\"mainEntityOfPage\":{\"@id\":\"https:\\\/\\\/wobronietradycjiiwiary.com\\\/3-go-marca-zywot-swietej-kunegundy-cesarzowej-2-2-2\\\/\"},\"wordCount\":1344,\"commentCount\":0,\"publisher\":{\"@id\":\"https:\\\/\\\/wobronietradycjiiwiary.com\\\/pl\\\/#organization\"},\"image\":{\"@id\":\"https:\\\/\\\/wobronietradycjiiwiary.com\\\/3-go-marca-zywot-swietej-kunegundy-cesarzowej-2-2-2\\\/#primaryimage\"},\"thumbnailUrl\":\"https:\\\/\\\/wobronietradycjiiwiary.com\\\/wp-content\\\/uploads\\\/2021\\\/03\\\/Kunegunde.jpg\",\"keywords\":[\"\u017ce\u0144skie \u015bwi\u0119te\"],\"articleSection\":[\"03. \u015awi\u0119ta w marcu\",\"Duchowo\u015b\u0107\",\"Liturgia i liturgika\",\"Rozwa\u017cania liturgiczne\",\"\u017be\u0144skie \u015bwi\u0119te\",\"\u017bywoty \u015awi\u0119tych\"],\"inLanguage\":\"en-US\",\"potentialAction\":[{\"@type\":\"CommentAction\",\"name\":\"Comment\",\"target\":[\"https:\\\/\\\/wobronietradycjiiwiary.com\\\/3-go-marca-zywot-swietej-kunegundy-cesarzowej-2-2-2\\\/#respond\"]}]},{\"@type\":\"WebPage\",\"@id\":\"https:\\\/\\\/wobronietradycjiiwiary.com\\\/3-go-marca-zywot-swietej-kunegundy-cesarzowej-2-2-2\\\/\",\"url\":\"https:\\\/\\\/wobronietradycjiiwiary.com\\\/3-go-marca-zywot-swietej-kunegundy-cesarzowej-2-2-2\\\/\",\"name\":\"3-go Marca. \u017bywot \u015bwi\u0119tej Kunegundy, Cesarzowej. - Tradycja i Wiara\",\"isPartOf\":{\"@id\":\"https:\\\/\\\/wobronietradycjiiwiary.com\\\/pl\\\/#website\"},\"primaryImageOfPage\":{\"@id\":\"https:\\\/\\\/wobronietradycjiiwiary.com\\\/3-go-marca-zywot-swietej-kunegundy-cesarzowej-2-2-2\\\/#primaryimage\"},\"image\":{\"@id\":\"https:\\\/\\\/wobronietradycjiiwiary.com\\\/3-go-marca-zywot-swietej-kunegundy-cesarzowej-2-2-2\\\/#primaryimage\"},\"thumbnailUrl\":\"https:\\\/\\\/wobronietradycjiiwiary.com\\\/wp-content\\\/uploads\\\/2021\\\/03\\\/Kunegunde.jpg\",\"datePublished\":\"2024-03-03T07:15:16+00:00\",\"dateModified\":\"2025-02-10T10:55:07+00:00\",\"breadcrumb\":{\"@id\":\"https:\\\/\\\/wobronietradycjiiwiary.com\\\/3-go-marca-zywot-swietej-kunegundy-cesarzowej-2-2-2\\\/#breadcrumb\"},\"inLanguage\":\"en-US\",\"potentialAction\":[{\"@type\":\"ReadAction\",\"target\":[\"https:\\\/\\\/wobronietradycjiiwiary.com\\\/3-go-marca-zywot-swietej-kunegundy-cesarzowej-2-2-2\\\/\"]}]},{\"@type\":\"ImageObject\",\"inLanguage\":\"en-US\",\"@id\":\"https:\\\/\\\/wobronietradycjiiwiary.com\\\/3-go-marca-zywot-swietej-kunegundy-cesarzowej-2-2-2\\\/#primaryimage\",\"url\":\"https:\\\/\\\/wobronietradycjiiwiary.com\\\/wp-content\\\/uploads\\\/2021\\\/03\\\/Kunegunde.jpg\",\"contentUrl\":\"https:\\\/\\\/wobronietradycjiiwiary.com\\\/wp-content\\\/uploads\\\/2021\\\/03\\\/Kunegunde.jpg\",\"width\":1200,\"height\":1198},{\"@type\":\"BreadcrumbList\",\"@id\":\"https:\\\/\\\/wobronietradycjiiwiary.com\\\/3-go-marca-zywot-swietej-kunegundy-cesarzowej-2-2-2\\\/#breadcrumb\",\"itemListElement\":[{\"@type\":\"ListItem\",\"position\":1,\"name\":\"Strona g\u0142\u00f3wna\",\"item\":\"https:\\\/\\\/wobronietradycjiiwiary.com\\\/\"},{\"@type\":\"ListItem\",\"position\":2,\"name\":\"3-go Marca. \u017bywot \u015bwi\u0119tej Kunegundy, Cesarzowej.\"}]},{\"@type\":\"WebSite\",\"@id\":\"https:\\\/\\\/wobronietradycjiiwiary.com\\\/pl\\\/#website\",\"url\":\"https:\\\/\\\/wobronietradycjiiwiary.com\\\/pl\\\/\",\"name\":\"Tradycja i Wiara\",\"description\":\"Portal dla katolik\u00f3w.\",\"publisher\":{\"@id\":\"https:\\\/\\\/wobronietradycjiiwiary.com\\\/pl\\\/#organization\"},\"potentialAction\":[{\"@type\":\"SearchAction\",\"target\":{\"@type\":\"EntryPoint\",\"urlTemplate\":\"https:\\\/\\\/wobronietradycjiiwiary.com\\\/pl\\\/?s={search_term_string}\"},\"query-input\":{\"@type\":\"PropertyValueSpecification\",\"valueRequired\":true,\"valueName\":\"search_term_string\"}}],\"inLanguage\":\"en-US\"},{\"@type\":\"Organization\",\"@id\":\"https:\\\/\\\/wobronietradycjiiwiary.com\\\/pl\\\/#organization\",\"name\":\"Tradycja i Wiara\",\"url\":\"https:\\\/\\\/wobronietradycjiiwiary.com\\\/pl\\\/\",\"logo\":{\"@type\":\"ImageObject\",\"inLanguage\":\"en-US\",\"@id\":\"https:\\\/\\\/wobronietradycjiiwiary.com\\\/pl\\\/#\\\/schema\\\/logo\\\/image\\\/\",\"url\":\"https:\\\/\\\/i0.wp.com\\\/wobronietradycjiiwiary.com\\\/wp-content\\\/uploads\\\/2015\\\/10\\\/cropped-st-peters-dome-vatican.jpg?fit=940%2C198&ssl=1\",\"contentUrl\":\"https:\\\/\\\/i0.wp.com\\\/wobronietradycjiiwiary.com\\\/wp-content\\\/uploads\\\/2015\\\/10\\\/cropped-st-peters-dome-vatican.jpg?fit=940%2C198&ssl=1\",\"width\":940,\"height\":198,\"caption\":\"Tradycja i Wiara\"},\"image\":{\"@id\":\"https:\\\/\\\/wobronietradycjiiwiary.com\\\/pl\\\/#\\\/schema\\\/logo\\\/image\\\/\"},\"sameAs\":[\"https:\\\/\\\/www.facebook.com\\\/Tradycja-i-Wiara-108813920592249\"]},{\"@type\":\"Person\",\"@id\":\"https:\\\/\\\/wobronietradycjiiwiary.com\\\/pl\\\/#\\\/schema\\\/person\\\/2d6180ce6abcb681fef0daab7816e8f3\",\"name\":\"Traditio et Fides\",\"sameAs\":[\"https:\\\/\\\/traditionundglauben.com\"],\"url\":\"https:\\\/\\\/wobronietradycjiiwiary.com\\\/en\\\/author\\\/wobronietradycjiiwiary\\\/\"}]}<\/script>\n<!-- \/ Yoast SEO plugin. -->","yoast_head_json":{"title":"3-go Marca. \u017bywot \u015bwi\u0119tej Kunegundy, Cesarzowej. - Tradycja i Wiara","robots":{"index":"index","follow":"follow","max-snippet":"max-snippet:-1","max-image-preview":"max-image-preview:large","max-video-preview":"max-video-preview:-1"},"canonical":"https:\/\/wobronietradycjiiwiary.com\/en\/3-go-marca-zywot-swietej-kunegundy-cesarzowej-2-2-2\/","og_locale":"en_US","og_type":"article","og_title":"3-go Marca. \u017bywot \u015bwi\u0119tej Kunegundy, Cesarzowej. - Tradycja i Wiara","og_description":"\u017bywot \u015bw. Kunegundy i jej m\u0119\u017ca Henryka II Bawarskiego jest tym bardziej heroiczny, gdy\u017c mia\u0142 miejsce w okresie saeculum obscurum, wieku upadku papiestwa. \u017badne z nich nie powiedzia\u0142o: \"papie\u017c nie \u017cyje po Bo\u017cemu, to ja te\u017c nie musz\u0105\". A czy wszystko wiedzieli? Mo\u017ce nie wszystko, ale wystarczaj\u0105co wiele, by si\u0119 zgorszy\u0107. Bierzmy z nich przyk\u0142ad, nie gorszmy si\u0119 papie\u017cami!","og_url":"https:\/\/wobronietradycjiiwiary.com\/en\/3-go-marca-zywot-swietej-kunegundy-cesarzowej-2-2-2\/","og_site_name":"Tradycja i Wiara","article_publisher":"https:\/\/www.facebook.com\/Tradycja-i-Wiara-108813920592249","article_published_time":"2024-03-03T07:15:16+00:00","article_modified_time":"2025-02-10T10:55:07+00:00","og_image":[{"width":1200,"height":1198,"url":"https:\/\/wobronietradycjiiwiary.com\/wp-content\/uploads\/2021\/03\/Kunegunde.jpg","type":"image\/jpeg"}],"author":"Traditio et Fides","twitter_card":"summary_large_image","twitter_misc":{"Written by":"Traditio et Fides","Est. reading time":"7 minutes"},"schema":{"@context":"https:\/\/schema.org","@graph":[{"@type":"Article","@id":"https:\/\/wobronietradycjiiwiary.com\/3-go-marca-zywot-swietej-kunegundy-cesarzowej-2-2-2\/#article","isPartOf":{"@id":"https:\/\/wobronietradycjiiwiary.com\/3-go-marca-zywot-swietej-kunegundy-cesarzowej-2-2-2\/"},"author":{"name":"Traditio et Fides","@id":"https:\/\/wobronietradycjiiwiary.com\/pl\/#\/schema\/person\/2d6180ce6abcb681fef0daab7816e8f3"},"headline":"3-go Marca. \u017bywot \u015bwi\u0119tej Kunegundy, Cesarzowej.","datePublished":"2024-03-03T07:15:16+00:00","dateModified":"2025-02-10T10:55:07+00:00","mainEntityOfPage":{"@id":"https:\/\/wobronietradycjiiwiary.com\/3-go-marca-zywot-swietej-kunegundy-cesarzowej-2-2-2\/"},"wordCount":1344,"commentCount":0,"publisher":{"@id":"https:\/\/wobronietradycjiiwiary.com\/pl\/#organization"},"image":{"@id":"https:\/\/wobronietradycjiiwiary.com\/3-go-marca-zywot-swietej-kunegundy-cesarzowej-2-2-2\/#primaryimage"},"thumbnailUrl":"https:\/\/wobronietradycjiiwiary.com\/wp-content\/uploads\/2021\/03\/Kunegunde.jpg","keywords":["\u017ce\u0144skie \u015bwi\u0119te"],"articleSection":["03. \u015awi\u0119ta w marcu","Duchowo\u015b\u0107","Liturgia i liturgika","Rozwa\u017cania liturgiczne","\u017be\u0144skie \u015bwi\u0119te","\u017bywoty \u015awi\u0119tych"],"inLanguage":"en-US","potentialAction":[{"@type":"CommentAction","name":"Comment","target":["https:\/\/wobronietradycjiiwiary.com\/3-go-marca-zywot-swietej-kunegundy-cesarzowej-2-2-2\/#respond"]}]},{"@type":"WebPage","@id":"https:\/\/wobronietradycjiiwiary.com\/3-go-marca-zywot-swietej-kunegundy-cesarzowej-2-2-2\/","url":"https:\/\/wobronietradycjiiwiary.com\/3-go-marca-zywot-swietej-kunegundy-cesarzowej-2-2-2\/","name":"3-go Marca. \u017bywot \u015bwi\u0119tej Kunegundy, Cesarzowej. - Tradycja i Wiara","isPartOf":{"@id":"https:\/\/wobronietradycjiiwiary.com\/pl\/#website"},"primaryImageOfPage":{"@id":"https:\/\/wobronietradycjiiwiary.com\/3-go-marca-zywot-swietej-kunegundy-cesarzowej-2-2-2\/#primaryimage"},"image":{"@id":"https:\/\/wobronietradycjiiwiary.com\/3-go-marca-zywot-swietej-kunegundy-cesarzowej-2-2-2\/#primaryimage"},"thumbnailUrl":"https:\/\/wobronietradycjiiwiary.com\/wp-content\/uploads\/2021\/03\/Kunegunde.jpg","datePublished":"2024-03-03T07:15:16+00:00","dateModified":"2025-02-10T10:55:07+00:00","breadcrumb":{"@id":"https:\/\/wobronietradycjiiwiary.com\/3-go-marca-zywot-swietej-kunegundy-cesarzowej-2-2-2\/#breadcrumb"},"inLanguage":"en-US","potentialAction":[{"@type":"ReadAction","target":["https:\/\/wobronietradycjiiwiary.com\/3-go-marca-zywot-swietej-kunegundy-cesarzowej-2-2-2\/"]}]},{"@type":"ImageObject","inLanguage":"en-US","@id":"https:\/\/wobronietradycjiiwiary.com\/3-go-marca-zywot-swietej-kunegundy-cesarzowej-2-2-2\/#primaryimage","url":"https:\/\/wobronietradycjiiwiary.com\/wp-content\/uploads\/2021\/03\/Kunegunde.jpg","contentUrl":"https:\/\/wobronietradycjiiwiary.com\/wp-content\/uploads\/2021\/03\/Kunegunde.jpg","width":1200,"height":1198},{"@type":"BreadcrumbList","@id":"https:\/\/wobronietradycjiiwiary.com\/3-go-marca-zywot-swietej-kunegundy-cesarzowej-2-2-2\/#breadcrumb","itemListElement":[{"@type":"ListItem","position":1,"name":"Strona g\u0142\u00f3wna","item":"https:\/\/wobronietradycjiiwiary.com\/"},{"@type":"ListItem","position":2,"name":"3-go Marca. \u017bywot \u015bwi\u0119tej Kunegundy, Cesarzowej."}]},{"@type":"WebSite","@id":"https:\/\/wobronietradycjiiwiary.com\/pl\/#website","url":"https:\/\/wobronietradycjiiwiary.com\/pl\/","name":"Tradycja i Wiara","description":"Portal dla katolik\u00f3w.","publisher":{"@id":"https:\/\/wobronietradycjiiwiary.com\/pl\/#organization"},"potentialAction":[{"@type":"SearchAction","target":{"@type":"EntryPoint","urlTemplate":"https:\/\/wobronietradycjiiwiary.com\/pl\/?s={search_term_string}"},"query-input":{"@type":"PropertyValueSpecification","valueRequired":true,"valueName":"search_term_string"}}],"inLanguage":"en-US"},{"@type":"Organization","@id":"https:\/\/wobronietradycjiiwiary.com\/pl\/#organization","name":"Tradycja i Wiara","url":"https:\/\/wobronietradycjiiwiary.com\/pl\/","logo":{"@type":"ImageObject","inLanguage":"en-US","@id":"https:\/\/wobronietradycjiiwiary.com\/pl\/#\/schema\/logo\/image\/","url":"https:\/\/i0.wp.com\/wobronietradycjiiwiary.com\/wp-content\/uploads\/2015\/10\/cropped-st-peters-dome-vatican.jpg?fit=940%2C198&ssl=1","contentUrl":"https:\/\/i0.wp.com\/wobronietradycjiiwiary.com\/wp-content\/uploads\/2015\/10\/cropped-st-peters-dome-vatican.jpg?fit=940%2C198&ssl=1","width":940,"height":198,"caption":"Tradycja i Wiara"},"image":{"@id":"https:\/\/wobronietradycjiiwiary.com\/pl\/#\/schema\/logo\/image\/"},"sameAs":["https:\/\/www.facebook.com\/Tradycja-i-Wiara-108813920592249"]},{"@type":"Person","@id":"https:\/\/wobronietradycjiiwiary.com\/pl\/#\/schema\/person\/2d6180ce6abcb681fef0daab7816e8f3","name":"Traditio et Fides","sameAs":["https:\/\/traditionundglauben.com"],"url":"https:\/\/wobronietradycjiiwiary.com\/en\/author\/wobronietradycjiiwiary\/"}]}},"jetpack_publicize_connections":[],"jetpack_sharing_enabled":true,"jetpack_likes_enabled":true,"jetpack_shortlink":"https:\/\/wp.me\/pc04Sd-tv3","jetpack-related-posts":[{"id":133417,"url":"https:\/\/wobronietradycjiiwiary.com\/en\/3-go-marca-zywot-swietej-kunegundy-cesarzowej-2-2-2-2\/","url_meta":{"origin":113401,"position":0},"title":"3-go Marca. \u017bywot \u015bwi\u0119tej Kunegundy, Cesarzowej.","author":"Traditio et Fides","date":"3 March 2025","format":false,"excerpt":"\u017bywot \u015bw. Kunegundy i jej m\u0119\u017ca Henryka II Bawarskiego jest tym bardziej heroiczny, gdy\u017c mia\u0142 miejsce w okresie saeculum obscurum, wieku upadku papiestwa. \u017badne z nich nie powiedzia\u0142o: \"papie\u017c nie \u017cyje po Bo\u017cemu, to ja te\u017c nie musz\u0105\". A czy wszystko wiedzieli? Mo\u017ce nie wszystko, ale wystarczaj\u0105co wiele, by si\u0119\u2026","rel":"","context":"In &quot;03. \u015awi\u0119ta w marcu&quot;","block_context":{"text":"03. \u015awi\u0119ta w marcu","link":"https:\/\/wobronietradycjiiwiary.com\/en\/category\/duchowosc\/liturgia-i-liturgika\/rozwazania\/rok-liturgiczny\/swieta-w-marcu\/"},"img":{"alt_text":"","src":"https:\/\/i0.wp.com\/wobronietradycjiiwiary.com\/wp-content\/uploads\/2021\/03\/Kunegunde.jpg?resize=350%2C200&ssl=1","width":350,"height":200,"srcset":"https:\/\/i0.wp.com\/wobronietradycjiiwiary.com\/wp-content\/uploads\/2021\/03\/Kunegunde.jpg?resize=350%2C200&ssl=1 1x, https:\/\/i0.wp.com\/wobronietradycjiiwiary.com\/wp-content\/uploads\/2021\/03\/Kunegunde.jpg?resize=525%2C300&ssl=1 1.5x, https:\/\/i0.wp.com\/wobronietradycjiiwiary.com\/wp-content\/uploads\/2021\/03\/Kunegunde.jpg?resize=700%2C400&ssl=1 2x, https:\/\/i0.wp.com\/wobronietradycjiiwiary.com\/wp-content\/uploads\/2021\/03\/Kunegunde.jpg?resize=1050%2C600&ssl=1 3x"},"classes":[]},{"id":162163,"url":"https:\/\/wobronietradycjiiwiary.com\/en\/3-go-marca-zywot-swietej-kunegundy-cesarzowej-2-2-2-2-2\/","url_meta":{"origin":113401,"position":1},"title":"3-go Marca. \u017bywot \u015bwi\u0119tej Kunegundy, Cesarzowej.","author":"Traditio et Fides","date":"3 March 2026","format":false,"excerpt":"\u017bywot \u015bw. Kunegundy i jej m\u0119\u017ca Henryka II Bawarskiego jest tym bardziej heroiczny, gdy\u017c mia\u0142 miejsce w okresie saeculum obscurum, wieku upadku papiestwa. \u017badne z nich nie powiedzia\u0142o: \"papie\u017c nie \u017cyje po Bo\u017cemu, to ja te\u017c nie musz\u0105\". A czy wszystko wiedzieli? Mo\u017ce nie wszystko, ale wystarczaj\u0105co wiele, by si\u0119\u2026","rel":"","context":"In &quot;03. \u015awi\u0119ta w marcu&quot;","block_context":{"text":"03. \u015awi\u0119ta w marcu","link":"https:\/\/wobronietradycjiiwiary.com\/en\/category\/duchowosc\/liturgia-i-liturgika\/rozwazania\/rok-liturgiczny\/swieta-w-marcu\/"},"img":{"alt_text":"","src":"https:\/\/i0.wp.com\/wobronietradycjiiwiary.com\/wp-content\/uploads\/2021\/03\/Kunegunde.jpg?resize=350%2C200&ssl=1","width":350,"height":200,"srcset":"https:\/\/i0.wp.com\/wobronietradycjiiwiary.com\/wp-content\/uploads\/2021\/03\/Kunegunde.jpg?resize=350%2C200&ssl=1 1x, https:\/\/i0.wp.com\/wobronietradycjiiwiary.com\/wp-content\/uploads\/2021\/03\/Kunegunde.jpg?resize=525%2C300&ssl=1 1.5x, https:\/\/i0.wp.com\/wobronietradycjiiwiary.com\/wp-content\/uploads\/2021\/03\/Kunegunde.jpg?resize=700%2C400&ssl=1 2x, https:\/\/i0.wp.com\/wobronietradycjiiwiary.com\/wp-content\/uploads\/2021\/03\/Kunegunde.jpg?resize=1050%2C600&ssl=1 3x"},"classes":[]},{"id":86365,"url":"https:\/\/wobronietradycjiiwiary.com\/en\/3-go-marca-zywot-swietej-kunegundy-cesarzowej-2-2\/","url_meta":{"origin":113401,"position":2},"title":"3-go Marca. \u017bywot \u015bwi\u0119tej Kunegundy, Cesarzowej.","author":"Traditio et Fides","date":"3 March 2023","format":false,"excerpt":"\u017bywot \u015bw. Kunegundy i jej m\u0119\u017ca Henryka II Bawarskiego jest tym bardziej heroiczny, gdy\u017c mia\u0142 miejsce w okresie saeculum obscurum, wieku upadku papiestwa. \u017badne z nich nie powiedzia\u0142o: \"papie\u017c nie \u017cyje po Bo\u017cemu, to ja te\u017c nie musz\u0105\". A czy wszystko wiedzieli? Mo\u017ce nie wszystko, ale wystarczaj\u0105co wiele, by si\u0119\u2026","rel":"","context":"In &quot;03. \u015awi\u0119ta w marcu&quot;","block_context":{"text":"03. \u015awi\u0119ta w marcu","link":"https:\/\/wobronietradycjiiwiary.com\/en\/category\/duchowosc\/liturgia-i-liturgika\/rozwazania\/rok-liturgiczny\/swieta-w-marcu\/"},"img":{"alt_text":"","src":"https:\/\/i0.wp.com\/wobronietradycjiiwiary.com\/wp-content\/uploads\/2021\/03\/Kunegunde.jpg?resize=350%2C200&ssl=1","width":350,"height":200,"srcset":"https:\/\/i0.wp.com\/wobronietradycjiiwiary.com\/wp-content\/uploads\/2021\/03\/Kunegunde.jpg?resize=350%2C200&ssl=1 1x, https:\/\/i0.wp.com\/wobronietradycjiiwiary.com\/wp-content\/uploads\/2021\/03\/Kunegunde.jpg?resize=525%2C300&ssl=1 1.5x, https:\/\/i0.wp.com\/wobronietradycjiiwiary.com\/wp-content\/uploads\/2021\/03\/Kunegunde.jpg?resize=700%2C400&ssl=1 2x, https:\/\/i0.wp.com\/wobronietradycjiiwiary.com\/wp-content\/uploads\/2021\/03\/Kunegunde.jpg?resize=1050%2C600&ssl=1 3x"},"classes":[]},{"id":44630,"url":"https:\/\/wobronietradycjiiwiary.com\/en\/3-go-marca-zywot-swietej-kunegundy-cesarzowej-2\/","url_meta":{"origin":113401,"position":3},"title":"3-go Marca. \u017bywot \u015bwi\u0119tej Kunegundy, Cesarzowej.","author":"Traditio et Fides","date":"3 March 2022","format":false,"excerpt":"\u017bywot \u015bw. Kunegundy i jej m\u0119\u017ca Henryka II Bawarskiego jest tym bardziej heroiczny, gdy\u017c mia\u0142 miejsce w okresie saeculum obscurum, wieku upadku papiestwa. \u017badne z nich nie powiedzia\u0142o: \"papie\u017c nie \u017cyje po Bo\u017cemu, to ja te\u017c nie musz\u0105\". A czy wszystko wiedzieli? Mo\u017ce nie wszystko, ale wystarczaj\u0105co wiele, by si\u0119\u2026","rel":"","context":"In &quot;03. \u015awi\u0119ta w marcu&quot;","block_context":{"text":"03. \u015awi\u0119ta w marcu","link":"https:\/\/wobronietradycjiiwiary.com\/en\/category\/duchowosc\/liturgia-i-liturgika\/rozwazania\/rok-liturgiczny\/swieta-w-marcu\/"},"img":{"alt_text":"","src":"https:\/\/i0.wp.com\/wobronietradycjiiwiary.com\/wp-content\/uploads\/2021\/03\/Kunegunde.jpg?resize=350%2C200&ssl=1","width":350,"height":200,"srcset":"https:\/\/i0.wp.com\/wobronietradycjiiwiary.com\/wp-content\/uploads\/2021\/03\/Kunegunde.jpg?resize=350%2C200&ssl=1 1x, https:\/\/i0.wp.com\/wobronietradycjiiwiary.com\/wp-content\/uploads\/2021\/03\/Kunegunde.jpg?resize=525%2C300&ssl=1 1.5x, https:\/\/i0.wp.com\/wobronietradycjiiwiary.com\/wp-content\/uploads\/2021\/03\/Kunegunde.jpg?resize=700%2C400&ssl=1 2x, https:\/\/i0.wp.com\/wobronietradycjiiwiary.com\/wp-content\/uploads\/2021\/03\/Kunegunde.jpg?resize=1050%2C600&ssl=1 3x"},"classes":[]},{"id":42622,"url":"https:\/\/wobronietradycjiiwiary.com\/en\/3-go-marca-zywot-swietej-kunegundy-cesarzowej\/","url_meta":{"origin":113401,"position":4},"title":"3-go Marca. \u017bywot \u015bwi\u0119tej Kunegundy, Cesarzowej.","author":"Traditio et Fides","date":"3 March 2021","format":false,"excerpt":"\u017bywot \u015bw. Kunegundy i jej m\u0119\u017ca Henryka II Bawarskiego jest tym bardziej heroiczny, gdy\u017c mia\u0142 miejsce w okresie saeculum obscurum, wieku upadku papiestwa. \u017badne z nich nie powiedzia\u0142o: \"papie\u017c nie \u017cyje po Bo\u017cemu, to ja te\u017c nie musz\u0105\". A czy wszystko wiedzieli? Mo\u017ce nie wszystko, ale wystarczaj\u0105co wiele, by si\u0119\u2026","rel":"","context":"In &quot;03. \u015awi\u0119ta w marcu&quot;","block_context":{"text":"03. \u015awi\u0119ta w marcu","link":"https:\/\/wobronietradycjiiwiary.com\/en\/category\/duchowosc\/liturgia-i-liturgika\/rozwazania\/rok-liturgiczny\/swieta-w-marcu\/"},"img":{"alt_text":"","src":"https:\/\/i0.wp.com\/wobronietradycjiiwiary.com\/wp-content\/uploads\/2021\/03\/Kunegunde.jpg?resize=350%2C200&ssl=1","width":350,"height":200,"srcset":"https:\/\/i0.wp.com\/wobronietradycjiiwiary.com\/wp-content\/uploads\/2021\/03\/Kunegunde.jpg?resize=350%2C200&ssl=1 1x, https:\/\/i0.wp.com\/wobronietradycjiiwiary.com\/wp-content\/uploads\/2021\/03\/Kunegunde.jpg?resize=525%2C300&ssl=1 1.5x, https:\/\/i0.wp.com\/wobronietradycjiiwiary.com\/wp-content\/uploads\/2021\/03\/Kunegunde.jpg?resize=700%2C400&ssl=1 2x, https:\/\/i0.wp.com\/wobronietradycjiiwiary.com\/wp-content\/uploads\/2021\/03\/Kunegunde.jpg?resize=1050%2C600&ssl=1 3x"},"classes":[]},{"id":118533,"url":"https:\/\/wobronietradycjiiwiary.com\/en\/21-go-lipca-zywot-swietej-kunegundy-kingi-ksieznej-polskiej-2-2-2\/","url_meta":{"origin":113401,"position":5},"title":"21-go Lipca. \u017bywot \u015bwi\u0119tej Kunegundy\/Kingi, Ksi\u0119\u017cnej Polskiej.","author":"Traditio et Fides","date":"21 July 2026","format":false,"excerpt":"\u015bw. Kungegunda lub Kinga polska, dla odr\u00f3\u017cnienia od \u015bw. Kunegundy Luksemburskiej tak skutecznie wymigiwa\u0142a si\u0119 od obowi\u0105zk\u00f3w ma\u0142\u017ce\u0144skich, \u017ce jej m\u0105\u017c dla w ko\u0144cu za wygran\u0105. Ba\u0142a si\u0119 w\u0142asnej zmys\u0142owo\u015bci i wiedzia\u0142a, \u017ce \u015bwi\u0119t\u0105 nie jest. Pan B\u00f3g nagrodzi\u0142, bo znalaz\u0142a s\u00f3l w Wieliczce.","rel":"","context":"In &quot;07. \u015awi\u0119ta w lipcu&quot;","block_context":{"text":"07. \u015awi\u0119ta w lipcu","link":"https:\/\/wobronietradycjiiwiary.com\/en\/category\/duchowosc\/liturgia-i-liturgika\/rozwazania\/rok-liturgiczny\/swieta-w-lipcu\/"},"img":{"alt_text":"","src":"https:\/\/i0.wp.com\/wobronietradycjiiwiary.com\/wp-content\/uploads\/2021\/07\/Kinga1.jpeg?resize=350%2C200&ssl=1","width":350,"height":200},"classes":[]}],"amp_enabled":true,"jetpack_featured_media_url":"https:\/\/wobronietradycjiiwiary.com\/wp-content\/uploads\/2021\/03\/Kunegunde.jpg","_links":{"self":[{"href":"https:\/\/wobronietradycjiiwiary.com\/en\/wp-json\/wp\/v2\/posts\/113401","targetHints":{"allow":["GET"]}}],"collection":[{"href":"https:\/\/wobronietradycjiiwiary.com\/en\/wp-json\/wp\/v2\/posts"}],"about":[{"href":"https:\/\/wobronietradycjiiwiary.com\/en\/wp-json\/wp\/v2\/types\/post"}],"author":[{"embeddable":true,"href":"https:\/\/wobronietradycjiiwiary.com\/en\/wp-json\/wp\/v2\/users\/60508433"}],"replies":[{"embeddable":true,"href":"https:\/\/wobronietradycjiiwiary.com\/en\/wp-json\/wp\/v2\/comments?post=113401"}],"version-history":[{"count":1,"href":"https:\/\/wobronietradycjiiwiary.com\/en\/wp-json\/wp\/v2\/posts\/113401\/revisions"}],"predecessor-version":[{"id":113406,"href":"https:\/\/wobronietradycjiiwiary.com\/en\/wp-json\/wp\/v2\/posts\/113401\/revisions\/113406"}],"wp:featuredmedia":[{"embeddable":true,"href":"https:\/\/wobronietradycjiiwiary.com\/en\/wp-json\/wp\/v2\/media\/42627"}],"wp:attachment":[{"href":"https:\/\/wobronietradycjiiwiary.com\/en\/wp-json\/wp\/v2\/media?parent=113401"}],"wp:term":[{"taxonomy":"category","embeddable":true,"href":"https:\/\/wobronietradycjiiwiary.com\/en\/wp-json\/wp\/v2\/categories?post=113401"},{"taxonomy":"post_tag","embeddable":true,"href":"https:\/\/wobronietradycjiiwiary.com\/en\/wp-json\/wp\/v2\/tags?post=113401"}],"curies":[{"name":"wp","href":"https:\/\/api.w.org\/{rel}","templated":true}]}}