{"id":11324,"date":"2017-01-28T15:48:23","date_gmt":"2017-01-28T14:48:23","guid":{"rendered":"https:\/\/wobronietradycjiiwiary.com\/?p=11324"},"modified":"2025-02-07T15:52:11","modified_gmt":"2025-02-07T14:52:11","slug":"ann-barnhardt-i-analityczne-ciecie-miecza","status":"publish","type":"post","link":"https:\/\/wobronietradycjiiwiary.com\/en\/ann-barnhardt-i-analityczne-ciecie-miecza\/","title":{"rendered":"Ann Barnhardt i analityczne ci\u0119cie miecza"},"content":{"rendered":"<div id=\"bsf_rt_marker\"><\/div><p>Niniejszym przedstawiamy w kolejnym bardzo dobrym t\u0142umaczeniu naszego czytelnika efati tekst Ann Barnhardt Poci\u0105\u0107 ten bzdet rozwiewaj\u0105cy wi\u0119kszo\u015b\u0107 w\u0105tpliwo\u015bci, z&hellip;<\/p>\n<div style=\"text-align: center\">\n<p>&nbsp;<\/p>\n<\/div>\n<h2 style=\"border: 5px solid #0000A0;padding: 1em;text-align: center\"><span style=\"color: #000000\">Pe\u0142en dost\u0119p dla <span style=\"color: #00ccff\"><a style=\"color: #00ccff\" href=\"https:\/\/wobronietradycjiiwiary.com\/en\/subskrypcje-2\/\" target=\"_blank\" rel=\"noopener\">subskrybent\u00f3w<\/a><\/span>.<\/span><br \/>\n<span style=\"color: #3366ff\"><a style=\"color: #3366ff\" href=\"https:\/\/wobronietradycjiiwiary.com\/en\/account\/login\/\" target=\"_blank\" rel=\"noopener\"><span style=\"color: #00ccff\">Zaloguj<\/span><\/a> <\/span>si\u0119 lub przejd\u017a do <a href=\"https:\/\/wobronietradycjiiwiary.com\/en\/register\/\"><span style=\"color: #3366ff\">Rejestracji<\/span><\/a>.<\/h2>\n<div>\n<p style=\"text-align: center\"><a href=\"https:\/\/wobronietradycjiiwiary.com\/en\/subskrypcje-2\/cennik\/\" target=\"_blank\" rel=\"noopener\"><span style=\"color: #000080;font-size: 24pt\"><strong>Nowe ni\u017csze ceny<\/strong><\/span><\/a><\/p>\n<p style=\"text-align: center\"><strong><span style=\"font-size: 18pt;color: #000080\">P\u0142atno\u015b\u0107 kart\u0105<\/span><\/strong><\/p>\n<\/div>\n<h3 style=\"text-align: center\"><a href=\"https:\/\/wobronietradycjiiwiary.com\/en\/subskrypcje-2\/automatyczne\/indywidualne\/\" target=\"_blank\" rel=\"noopener\"><img fetchpriority=\"high\" decoding=\"async\" class=\"alignnone size-medium wp-image-80433\" src=\"https:\/\/wobronietradycjiiwiary.com\/wp-content\/uploads\/2022\/11\/Unbenannt-1-Online-1-300x202.jpg\" alt=\"\" width=\"300\" height=\"202\" srcset=\"https:\/\/wobronietradycjiiwiary.com\/wp-content\/uploads\/2022\/11\/Unbenannt-1-Online-1-300x202.jpg 300w, https:\/\/wobronietradycjiiwiary.com\/wp-content\/uploads\/2022\/11\/Unbenannt-1-Online-1-150x101.jpg 150w, https:\/\/wobronietradycjiiwiary.com\/wp-content\/uploads\/2022\/11\/Unbenannt-1-Online-1-18x12.jpg 18w, https:\/\/wobronietradycjiiwiary.com\/wp-content\/uploads\/2022\/11\/Unbenannt-1-Online-1.jpg 446w\" sizes=\"(max-width: 300px) 100vw, 300px\" \/><\/a><\/h3>\n<p style=\"text-align: center\"><strong><span style=\"font-size: 18pt;color: #000080\">P\u0142atno\u015b\u0107 przelewem<\/span><\/strong><\/p>\n<p><a href=\"https:\/\/wobronietradycjiiwiary.com\/en\/subskrypcje-2\/automatyczne\/indywidualne\/\" target=\"_blank\" rel=\"noopener\"><img decoding=\"async\" class=\"size-medium wp-image-80434 aligncenter\" src=\"https:\/\/wobronietradycjiiwiary.com\/wp-content\/uploads\/2022\/11\/Unbenannt-1-Przelewem-300x137.jpg\" alt=\"\" width=\"300\" height=\"137\" srcset=\"https:\/\/wobronietradycjiiwiary.com\/wp-content\/uploads\/2022\/11\/Unbenannt-1-Przelewem-300x137.jpg 300w, https:\/\/wobronietradycjiiwiary.com\/wp-content\/uploads\/2022\/11\/Unbenannt-1-Przelewem-450x206.jpg 450w, https:\/\/wobronietradycjiiwiary.com\/wp-content\/uploads\/2022\/11\/Unbenannt-1-Przelewem-600x274.jpg 600w, https:\/\/wobronietradycjiiwiary.com\/wp-content\/uploads\/2022\/11\/Unbenannt-1-Przelewem-150x69.jpg 150w, https:\/\/wobronietradycjiiwiary.com\/wp-content\/uploads\/2022\/11\/Unbenannt-1-Przelewem-18x8.jpg 18w, https:\/\/wobronietradycjiiwiary.com\/wp-content\/uploads\/2022\/11\/Unbenannt-1-Przelewem.jpg 676w\" sizes=\"(max-width: 300px) 100vw, 300px\" \/><\/a><\/p>\n<p style=\"text-align: center\"><strong><span style=\"font-size: 18pt;color: #000080\">P\u0142atno\u015b\u0107 kart\u0105 do 6 os\u00f3b<\/span><\/strong><\/p>\n<p><a href=\"https:\/\/wobronietradycjiiwiary.com\/en\/rodzinne\/\" target=\"_blank\" rel=\"noopener\"><img decoding=\"async\" class=\"size-medium wp-image-80435 aligncenter\" src=\"https:\/\/wobronietradycjiiwiary.com\/wp-content\/uploads\/2022\/11\/Unbenannt-1-Rodzinna-300x208.jpg\" alt=\"\" width=\"300\" height=\"208\" srcset=\"https:\/\/wobronietradycjiiwiary.com\/wp-content\/uploads\/2022\/11\/Unbenannt-1-Rodzinna-300x208.jpg 300w, https:\/\/wobronietradycjiiwiary.com\/wp-content\/uploads\/2022\/11\/Unbenannt-1-Rodzinna-150x104.jpg 150w, https:\/\/wobronietradycjiiwiary.com\/wp-content\/uploads\/2022\/11\/Unbenannt-1-Rodzinna-18x12.jpg 18w, https:\/\/wobronietradycjiiwiary.com\/wp-content\/uploads\/2022\/11\/Unbenannt-1-Rodzinna.jpg 448w\" sizes=\"(max-width: 300px) 100vw, 300px\" \/><\/a><\/p>\n<h3 style=\"text-align: center\"><\/h3>\n<h1 style=\"text-align: center\"><\/h1>","protected":false},"excerpt":{"rendered":"<p>Niniejszym przedstawiamy w kolejnym bardzo dobrym t\u0142umaczeniu naszego czytelnika efati tekst Ann Barnhardt Poci\u0105\u0107 ten bzdet rozwiewaj\u0105cy wi\u0119kszo\u015b\u0107 w\u0105tpliwo\u015bci, z&hellip; &nbsp; Pe\u0142en dost\u0119p dla subskrybent\u00f3w. Zaloguj si\u0119 lub przejd\u017a do Rejestracji. Nowe ni\u017csze ceny P\u0142atno\u015b\u0107 kart\u0105 P\u0142atno\u015b\u0107 przelewem P\u0142atno\u015b\u0107 kart\u0105 do 6 os\u00f3b<\/p>","protected":false},"author":60508433,"featured_media":0,"comment_status":"closed","ping_status":"closed","sticky":false,"template":"","format":"standard","meta":{"_bbp_topic_count":0,"_bbp_reply_count":0,"_bbp_total_topic_count":0,"_bbp_total_reply_count":0,"_bbp_voice_count":0,"_bbp_anonymous_reply_count":0,"_bbp_topic_count_hidden":0,"_bbp_reply_count_hidden":0,"_bbp_forum_subforum_count":0,"_editorskit_title_hidden":false,"_editorskit_reading_time":0,"_editorskit_is_block_options_detached":false,"_editorskit_block_options_position":"{}","_coblocks_attr":"","_coblocks_dimensions":"","_coblocks_responsive_height":"","_coblocks_accordion_ie_support":"","_exactmetrics_skip_tracking":false,"_jetpack_newsletter_access":"","_jetpack_dont_email_post_to_subs":false,"_jetpack_newsletter_tier_id":0,"_jetpack_memberships_contains_paywalled_content":false,"_wpcom_ai_launchpad_first_post":false,"_jetpack_feature_clip_id":0,"_jetpack_memberships_contains_paid_content":false,"footnotes":"","jetpack_publicize_message":"{title}\n\n{excerpt}\n\n{url}","jetpack_publicize_feature_enabled":true,"jetpack_social_post_already_shared":true,"jetpack_social_options":{"image_generator_settings":{"template":"highway","default_image_id":0,"font":"","enabled":false},"version":2},"_wpas_customize_per_network":false,"jetpack_post_was_ever_published":false},"categories":[54581283],"tags":[59936161,610130690,610132562,610132133],"class_list":["post-11324","post","type-post","status-publish","format-standard","hentry","category-ann-barnhardt","tag-antypapiez","tag-papiez-franciszek","tag-premium","tag-restricted"],"yoast_head":"<!-- This site is optimized with the Yoast SEO plugin v28.4 - https:\/\/yoast.com\/product\/yoast-seo-wordpress\/ -->\n<title>Ann Barnhardt i analityczne ci\u0119cie miecza - Tradycja i Wiara<\/title>\n<meta name=\"robots\" content=\"index, follow, max-snippet:-1, max-image-preview:large, max-video-preview:-1\" \/>\n<link rel=\"canonical\" href=\"https:\/\/wobronietradycjiiwiary.com\/en\/ann-barnhardt-i-analityczne-ciecie-miecza\/\" \/>\n<meta property=\"og:locale\" content=\"en_US\" \/>\n<meta property=\"og:type\" content=\"article\" \/>\n<meta property=\"og:title\" content=\"Ann Barnhardt i analityczne ci\u0119cie miecza - Tradycja i Wiara\" \/>\n<meta property=\"og:description\" content=\"Niniejszym przedstawiamy w kolejnym bardzo dobrym t\u0142umaczeniu naszego czytelnika efati tekst Ann Barnhardt Poci\u0105\u0107 ten bzdet rozwiewaj\u0105cy wi\u0119kszo\u015b\u0107 w\u0105tpliwo\u015bci, z&hellip; &nbsp; Pe\u0142en dost\u0119p dla subskrybent\u00f3w. Zaloguj si\u0119 lub przejd\u017a do Rejestracji. Nowe ni\u017csze ceny P\u0142atno\u015b\u0107 kart\u0105 P\u0142atno\u015b\u0107 przelewem P\u0142atno\u015b\u0107 kart\u0105 do 6 os\u00f3b\" \/>\n<meta property=\"og:url\" content=\"https:\/\/wobronietradycjiiwiary.com\/en\/ann-barnhardt-i-analityczne-ciecie-miecza\/\" \/>\n<meta property=\"og:site_name\" content=\"Tradycja i Wiara\" \/>\n<meta property=\"article:publisher\" content=\"https:\/\/www.facebook.com\/Tradycja-i-Wiara-108813920592249\" \/>\n<meta property=\"article:published_time\" content=\"2017-01-28T14:48:23+00:00\" \/>\n<meta property=\"article:modified_time\" content=\"2025-02-07T14:52:11+00:00\" \/>\n<meta property=\"og:image\" content=\"https:\/\/wobronietradycjiiwiary.com\/wp-content\/uploads\/2017\/01\/1-15-judith-titian_1515-1.jpg\" \/>\n<meta name=\"author\" content=\"Traditio et Fides\" \/>\n<meta name=\"twitter:card\" content=\"summary_large_image\" \/>\n<meta name=\"twitter:label1\" content=\"Written by\" \/>\n\t<meta name=\"twitter:data1\" content=\"Traditio et Fides\" \/>\n\t<meta name=\"twitter:label2\" content=\"Est. reading time\" \/>\n\t<meta name=\"twitter:data2\" content=\"2 minutes\" \/>\n<script type=\"application\/ld+json\" class=\"yoast-schema-graph\">{\"@context\":\"https:\\\/\\\/schema.org\",\"@graph\":[{\"@type\":\"Article\",\"@id\":\"https:\\\/\\\/wobronietradycjiiwiary.com\\\/ann-barnhardt-i-analityczne-ciecie-miecza\\\/#article\",\"isPartOf\":{\"@id\":\"https:\\\/\\\/wobronietradycjiiwiary.com\\\/ann-barnhardt-i-analityczne-ciecie-miecza\\\/\"},\"author\":{\"name\":\"Traditio et Fides\",\"@id\":\"https:\\\/\\\/wobronietradycjiiwiary.com\\\/pl\\\/#\\\/schema\\\/person\\\/2d6180ce6abcb681fef0daab7816e8f3\"},\"headline\":\"Ann Barnhardt i analityczne ci\u0119cie miecza\",\"datePublished\":\"2017-01-28T14:48:23+00:00\",\"dateModified\":\"2025-02-07T14:52:11+00:00\",\"mainEntityOfPage\":{\"@id\":\"https:\\\/\\\/wobronietradycjiiwiary.com\\\/ann-barnhardt-i-analityczne-ciecie-miecza\\\/\"},\"wordCount\":413,\"publisher\":{\"@id\":\"https:\\\/\\\/wobronietradycjiiwiary.com\\\/pl\\\/#organization\"},\"image\":{\"@id\":\"https:\\\/\\\/wobronietradycjiiwiary.com\\\/ann-barnhardt-i-analityczne-ciecie-miecza\\\/#primaryimage\"},\"thumbnailUrl\":\"https:\\\/\\\/wobronietradycjiiwiary.com\\\/wp-content\\\/uploads\\\/2017\\\/01\\\/1-15-judith-titian_1515-1.jpg\",\"keywords\":[\"antypapie\u017c\",\"Papie\u017c Franciszek\",\"Premium\",\"Restricted\"],\"articleSection\":[\"Ann Barnhardt\"],\"inLanguage\":\"en-US\"},{\"@type\":\"WebPage\",\"@id\":\"https:\\\/\\\/wobronietradycjiiwiary.com\\\/ann-barnhardt-i-analityczne-ciecie-miecza\\\/\",\"url\":\"https:\\\/\\\/wobronietradycjiiwiary.com\\\/ann-barnhardt-i-analityczne-ciecie-miecza\\\/\",\"name\":\"Ann Barnhardt i analityczne ci\u0119cie miecza - Tradycja i Wiara\",\"isPartOf\":{\"@id\":\"https:\\\/\\\/wobronietradycjiiwiary.com\\\/pl\\\/#website\"},\"primaryImageOfPage\":{\"@id\":\"https:\\\/\\\/wobronietradycjiiwiary.com\\\/ann-barnhardt-i-analityczne-ciecie-miecza\\\/#primaryimage\"},\"image\":{\"@id\":\"https:\\\/\\\/wobronietradycjiiwiary.com\\\/ann-barnhardt-i-analityczne-ciecie-miecza\\\/#primaryimage\"},\"thumbnailUrl\":\"https:\\\/\\\/wobronietradycjiiwiary.com\\\/wp-content\\\/uploads\\\/2017\\\/01\\\/1-15-judith-titian_1515-1.jpg\",\"datePublished\":\"2017-01-28T14:48:23+00:00\",\"dateModified\":\"2025-02-07T14:52:11+00:00\",\"breadcrumb\":{\"@id\":\"https:\\\/\\\/wobronietradycjiiwiary.com\\\/ann-barnhardt-i-analityczne-ciecie-miecza\\\/#breadcrumb\"},\"inLanguage\":\"en-US\",\"potentialAction\":[{\"@type\":\"ReadAction\",\"target\":[\"https:\\\/\\\/wobronietradycjiiwiary.com\\\/ann-barnhardt-i-analityczne-ciecie-miecza\\\/\"]}]},{\"@type\":\"ImageObject\",\"inLanguage\":\"en-US\",\"@id\":\"https:\\\/\\\/wobronietradycjiiwiary.com\\\/ann-barnhardt-i-analityczne-ciecie-miecza\\\/#primaryimage\",\"url\":\"https:\\\/\\\/wobronietradycjiiwiary.com\\\/wp-content\\\/uploads\\\/2017\\\/01\\\/1-15-judith-titian_1515-1.jpg\",\"contentUrl\":\"https:\\\/\\\/wobronietradycjiiwiary.com\\\/wp-content\\\/uploads\\\/2017\\\/01\\\/1-15-judith-titian_1515-1.jpg\"},{\"@type\":\"BreadcrumbList\",\"@id\":\"https:\\\/\\\/wobronietradycjiiwiary.com\\\/ann-barnhardt-i-analityczne-ciecie-miecza\\\/#breadcrumb\",\"itemListElement\":[{\"@type\":\"ListItem\",\"position\":1,\"name\":\"Strona g\u0142\u00f3wna\",\"item\":\"https:\\\/\\\/wobronietradycjiiwiary.com\\\/\"},{\"@type\":\"ListItem\",\"position\":2,\"name\":\"Ann Barnhardt i analityczne ci\u0119cie miecza\"}]},{\"@type\":\"WebSite\",\"@id\":\"https:\\\/\\\/wobronietradycjiiwiary.com\\\/pl\\\/#website\",\"url\":\"https:\\\/\\\/wobronietradycjiiwiary.com\\\/pl\\\/\",\"name\":\"Tradycja i Wiara\",\"description\":\"Portal dla katolik\u00f3w.\",\"publisher\":{\"@id\":\"https:\\\/\\\/wobronietradycjiiwiary.com\\\/pl\\\/#organization\"},\"potentialAction\":[{\"@type\":\"SearchAction\",\"target\":{\"@type\":\"EntryPoint\",\"urlTemplate\":\"https:\\\/\\\/wobronietradycjiiwiary.com\\\/pl\\\/?s={search_term_string}\"},\"query-input\":{\"@type\":\"PropertyValueSpecification\",\"valueRequired\":true,\"valueName\":\"search_term_string\"}}],\"inLanguage\":\"en-US\"},{\"@type\":\"Organization\",\"@id\":\"https:\\\/\\\/wobronietradycjiiwiary.com\\\/pl\\\/#organization\",\"name\":\"Tradycja i Wiara\",\"url\":\"https:\\\/\\\/wobronietradycjiiwiary.com\\\/pl\\\/\",\"logo\":{\"@type\":\"ImageObject\",\"inLanguage\":\"en-US\",\"@id\":\"https:\\\/\\\/wobronietradycjiiwiary.com\\\/pl\\\/#\\\/schema\\\/logo\\\/image\\\/\",\"url\":\"https:\\\/\\\/i0.wp.com\\\/wobronietradycjiiwiary.com\\\/wp-content\\\/uploads\\\/2015\\\/10\\\/cropped-st-peters-dome-vatican.jpg?fit=940%2C198&ssl=1\",\"contentUrl\":\"https:\\\/\\\/i0.wp.com\\\/wobronietradycjiiwiary.com\\\/wp-content\\\/uploads\\\/2015\\\/10\\\/cropped-st-peters-dome-vatican.jpg?fit=940%2C198&ssl=1\",\"width\":940,\"height\":198,\"caption\":\"Tradycja i Wiara\"},\"image\":{\"@id\":\"https:\\\/\\\/wobronietradycjiiwiary.com\\\/pl\\\/#\\\/schema\\\/logo\\\/image\\\/\"},\"sameAs\":[\"https:\\\/\\\/www.facebook.com\\\/Tradycja-i-Wiara-108813920592249\"]},{\"@type\":\"Person\",\"@id\":\"https:\\\/\\\/wobronietradycjiiwiary.com\\\/pl\\\/#\\\/schema\\\/person\\\/2d6180ce6abcb681fef0daab7816e8f3\",\"name\":\"Traditio et Fides\",\"sameAs\":[\"https:\\\/\\\/traditionundglauben.com\"],\"url\":\"https:\\\/\\\/wobronietradycjiiwiary.com\\\/en\\\/author\\\/wobronietradycjiiwiary\\\/\"}]}<\/script>\n<!-- \/ Yoast SEO plugin. -->","yoast_head_json":{"title":"Ann Barnhardt i analityczne ci\u0119cie miecza - Tradycja i Wiara","robots":{"index":"index","follow":"follow","max-snippet":"max-snippet:-1","max-image-preview":"max-image-preview:large","max-video-preview":"max-video-preview:-1"},"canonical":"https:\/\/wobronietradycjiiwiary.com\/en\/ann-barnhardt-i-analityczne-ciecie-miecza\/","og_locale":"en_US","og_type":"article","og_title":"Ann Barnhardt i analityczne ci\u0119cie miecza - Tradycja i Wiara","og_description":"Niniejszym przedstawiamy w kolejnym bardzo dobrym t\u0142umaczeniu naszego czytelnika efati tekst Ann Barnhardt Poci\u0105\u0107 ten bzdet rozwiewaj\u0105cy wi\u0119kszo\u015b\u0107 w\u0105tpliwo\u015bci, z&hellip; &nbsp; Pe\u0142en dost\u0119p dla subskrybent\u00f3w. Zaloguj si\u0119 lub przejd\u017a do Rejestracji. Nowe ni\u017csze ceny P\u0142atno\u015b\u0107 kart\u0105 P\u0142atno\u015b\u0107 przelewem P\u0142atno\u015b\u0107 kart\u0105 do 6 os\u00f3b","og_url":"https:\/\/wobronietradycjiiwiary.com\/en\/ann-barnhardt-i-analityczne-ciecie-miecza\/","og_site_name":"Tradycja i Wiara","article_publisher":"https:\/\/www.facebook.com\/Tradycja-i-Wiara-108813920592249","article_published_time":"2017-01-28T14:48:23+00:00","article_modified_time":"2025-02-07T14:52:11+00:00","og_image":[{"url":"https:\/\/wobronietradycjiiwiary.com\/wp-content\/uploads\/2017\/01\/1-15-judith-titian_1515-1.jpg","type":"","width":"","height":""}],"author":"Traditio et Fides","twitter_card":"summary_large_image","twitter_misc":{"Written by":"Traditio et Fides","Est. reading time":"2 minutes"},"schema":{"@context":"https:\/\/schema.org","@graph":[{"@type":"Article","@id":"https:\/\/wobronietradycjiiwiary.com\/ann-barnhardt-i-analityczne-ciecie-miecza\/#article","isPartOf":{"@id":"https:\/\/wobronietradycjiiwiary.com\/ann-barnhardt-i-analityczne-ciecie-miecza\/"},"author":{"name":"Traditio et Fides","@id":"https:\/\/wobronietradycjiiwiary.com\/pl\/#\/schema\/person\/2d6180ce6abcb681fef0daab7816e8f3"},"headline":"Ann Barnhardt i analityczne ci\u0119cie miecza","datePublished":"2017-01-28T14:48:23+00:00","dateModified":"2025-02-07T14:52:11+00:00","mainEntityOfPage":{"@id":"https:\/\/wobronietradycjiiwiary.com\/ann-barnhardt-i-analityczne-ciecie-miecza\/"},"wordCount":413,"publisher":{"@id":"https:\/\/wobronietradycjiiwiary.com\/pl\/#organization"},"image":{"@id":"https:\/\/wobronietradycjiiwiary.com\/ann-barnhardt-i-analityczne-ciecie-miecza\/#primaryimage"},"thumbnailUrl":"https:\/\/wobronietradycjiiwiary.com\/wp-content\/uploads\/2017\/01\/1-15-judith-titian_1515-1.jpg","keywords":["antypapie\u017c","Papie\u017c Franciszek","Premium","Restricted"],"articleSection":["Ann Barnhardt"],"inLanguage":"en-US"},{"@type":"WebPage","@id":"https:\/\/wobronietradycjiiwiary.com\/ann-barnhardt-i-analityczne-ciecie-miecza\/","url":"https:\/\/wobronietradycjiiwiary.com\/ann-barnhardt-i-analityczne-ciecie-miecza\/","name":"Ann Barnhardt i analityczne ci\u0119cie miecza - Tradycja i Wiara","isPartOf":{"@id":"https:\/\/wobronietradycjiiwiary.com\/pl\/#website"},"primaryImageOfPage":{"@id":"https:\/\/wobronietradycjiiwiary.com\/ann-barnhardt-i-analityczne-ciecie-miecza\/#primaryimage"},"image":{"@id":"https:\/\/wobronietradycjiiwiary.com\/ann-barnhardt-i-analityczne-ciecie-miecza\/#primaryimage"},"thumbnailUrl":"https:\/\/wobronietradycjiiwiary.com\/wp-content\/uploads\/2017\/01\/1-15-judith-titian_1515-1.jpg","datePublished":"2017-01-28T14:48:23+00:00","dateModified":"2025-02-07T14:52:11+00:00","breadcrumb":{"@id":"https:\/\/wobronietradycjiiwiary.com\/ann-barnhardt-i-analityczne-ciecie-miecza\/#breadcrumb"},"inLanguage":"en-US","potentialAction":[{"@type":"ReadAction","target":["https:\/\/wobronietradycjiiwiary.com\/ann-barnhardt-i-analityczne-ciecie-miecza\/"]}]},{"@type":"ImageObject","inLanguage":"en-US","@id":"https:\/\/wobronietradycjiiwiary.com\/ann-barnhardt-i-analityczne-ciecie-miecza\/#primaryimage","url":"https:\/\/wobronietradycjiiwiary.com\/wp-content\/uploads\/2017\/01\/1-15-judith-titian_1515-1.jpg","contentUrl":"https:\/\/wobronietradycjiiwiary.com\/wp-content\/uploads\/2017\/01\/1-15-judith-titian_1515-1.jpg"},{"@type":"BreadcrumbList","@id":"https:\/\/wobronietradycjiiwiary.com\/ann-barnhardt-i-analityczne-ciecie-miecza\/#breadcrumb","itemListElement":[{"@type":"ListItem","position":1,"name":"Strona g\u0142\u00f3wna","item":"https:\/\/wobronietradycjiiwiary.com\/"},{"@type":"ListItem","position":2,"name":"Ann Barnhardt i analityczne ci\u0119cie miecza"}]},{"@type":"WebSite","@id":"https:\/\/wobronietradycjiiwiary.com\/pl\/#website","url":"https:\/\/wobronietradycjiiwiary.com\/pl\/","name":"Tradycja i Wiara","description":"Portal dla katolik\u00f3w.","publisher":{"@id":"https:\/\/wobronietradycjiiwiary.com\/pl\/#organization"},"potentialAction":[{"@type":"SearchAction","target":{"@type":"EntryPoint","urlTemplate":"https:\/\/wobronietradycjiiwiary.com\/pl\/?s={search_term_string}"},"query-input":{"@type":"PropertyValueSpecification","valueRequired":true,"valueName":"search_term_string"}}],"inLanguage":"en-US"},{"@type":"Organization","@id":"https:\/\/wobronietradycjiiwiary.com\/pl\/#organization","name":"Tradycja i Wiara","url":"https:\/\/wobronietradycjiiwiary.com\/pl\/","logo":{"@type":"ImageObject","inLanguage":"en-US","@id":"https:\/\/wobronietradycjiiwiary.com\/pl\/#\/schema\/logo\/image\/","url":"https:\/\/i0.wp.com\/wobronietradycjiiwiary.com\/wp-content\/uploads\/2015\/10\/cropped-st-peters-dome-vatican.jpg?fit=940%2C198&ssl=1","contentUrl":"https:\/\/i0.wp.com\/wobronietradycjiiwiary.com\/wp-content\/uploads\/2015\/10\/cropped-st-peters-dome-vatican.jpg?fit=940%2C198&ssl=1","width":940,"height":198,"caption":"Tradycja i Wiara"},"image":{"@id":"https:\/\/wobronietradycjiiwiary.com\/pl\/#\/schema\/logo\/image\/"},"sameAs":["https:\/\/www.facebook.com\/Tradycja-i-Wiara-108813920592249"]},{"@type":"Person","@id":"https:\/\/wobronietradycjiiwiary.com\/pl\/#\/schema\/person\/2d6180ce6abcb681fef0daab7816e8f3","name":"Traditio et Fides","sameAs":["https:\/\/traditionundglauben.com"],"url":"https:\/\/wobronietradycjiiwiary.com\/en\/author\/wobronietradycjiiwiary\/"}]}},"jetpack_publicize_connections":[],"jetpack_sharing_enabled":true,"jetpack_likes_enabled":true,"jetpack_shortlink":"https:\/\/wp.me\/pc04Sd-2WE","jetpack-related-posts":[{"id":14043,"url":"https:\/\/wobronietradycjiiwiary.com\/en\/ann-barnhardt-podcasts\/","url_meta":{"origin":11324,"position":0},"title":"Ann Barnhardt Podcasts","author":"Traditio et Fides","date":"14 June 2017","format":false,"excerpt":"Poniewa\u017c natura nie znosi pr\u00f3\u017cni, a my si\u0119 realistycznie z tym liczymy, \u017ce wi\u0119kszo\u015b\u0107 czytelnik\u00f3w stracimy, skoro wp\u0142ata 10 z\u0142 miesi\u0119cznie (nie m\u00f3wimy tu o dziesi\u0119cinie, tylko o 10 z\u0142), stanowi niepokonywaln\u0105 trudno\u015b\u0107, w kraju, w kt\u00f3rym przeci\u0119tne wynagrodzenie brutto wynios\u0142o w pierwszym kwartale 2017 4277,32 z\u0142, a pensa minimalna\u2026","rel":"","context":"In &quot;Ann Barnhardt&quot;","block_context":{"text":"Ann Barnhardt","link":"https:\/\/wobronietradycjiiwiary.com\/en\/category\/polemika\/autorzy-polemiczni\/ann-barnhardt\/"},"img":{"alt_text":"","src":"https:\/\/i0.wp.com\/wobronietradycjiiwiary.com\/wp-content\/uploads\/2017\/06\/hb_59-40.jpg?resize=350%2C200&ssl=1","width":350,"height":200,"srcset":"https:\/\/i0.wp.com\/wobronietradycjiiwiary.com\/wp-content\/uploads\/2017\/06\/hb_59-40.jpg?resize=350%2C200&ssl=1 1x, https:\/\/i0.wp.com\/wobronietradycjiiwiary.com\/wp-content\/uploads\/2017\/06\/hb_59-40.jpg?resize=525%2C300&ssl=1 1.5x, https:\/\/i0.wp.com\/wobronietradycjiiwiary.com\/wp-content\/uploads\/2017\/06\/hb_59-40.jpg?resize=700%2C400&ssl=1 2x, https:\/\/i0.wp.com\/wobronietradycjiiwiary.com\/wp-content\/uploads\/2017\/06\/hb_59-40.jpg?resize=1050%2C600&ssl=1 3x"},"classes":[]},{"id":14165,"url":"https:\/\/wobronietradycjiiwiary.com\/en\/ann-barnhardt-w-aferze-kawalerow-maltanskich-chodzi-o-pranie-brudnych-pieniedzy\/","url_meta":{"origin":11324,"position":1},"title":"Ann Barnhardt: W aferze Kawaler\u00f3w Malta\u0144skich chodzi o pranie brudnych pieni\u0119dzy","author":"Traditio et Fides","date":"17 June 2017","format":false,"excerpt":"\u00a0 Jako \u017ar\u00f3d\u0142o i uzupe\u0142nienie do naszego wpisu o za\u0142atwianiu sobie 30 milion\u00f3w euro poprzez kardyna\u0142a Parolina b\u0119d\u0105cego wst\u0119pem do artyku\u0142u Hilary White\u00a0\u00a0pragniemy \u00a0na poparcie naszych tez zacytowa\u0107 trzeci podcast Ann Barnhardt. \u00a0Barnhardt twierdzi (od ca. 35 minuty tego podcastu), i\u017c ca\u0142a afera z przej\u0119ciem w\u0142adzy w Zakonie Malta\u0144skim przez\u2026","rel":"","context":"In &quot;Ann Barnhardt&quot;","block_context":{"text":"Ann Barnhardt","link":"https:\/\/wobronietradycjiiwiary.com\/en\/category\/polemika\/autorzy-polemiczni\/ann-barnhardt\/"},"img":{"alt_text":"hb_59.40","src":"https:\/\/i0.wp.com\/wobronietradycjiiwiary.com\/wp-content\/uploads\/2017\/06\/hb_59-40.jpg?resize=350%2C200&ssl=1","width":350,"height":200,"srcset":"https:\/\/i0.wp.com\/wobronietradycjiiwiary.com\/wp-content\/uploads\/2017\/06\/hb_59-40.jpg?resize=350%2C200&ssl=1 1x, https:\/\/i0.wp.com\/wobronietradycjiiwiary.com\/wp-content\/uploads\/2017\/06\/hb_59-40.jpg?resize=525%2C300&ssl=1 1.5x, https:\/\/i0.wp.com\/wobronietradycjiiwiary.com\/wp-content\/uploads\/2017\/06\/hb_59-40.jpg?resize=700%2C400&ssl=1 2x, https:\/\/i0.wp.com\/wobronietradycjiiwiary.com\/wp-content\/uploads\/2017\/06\/hb_59-40.jpg?resize=1050%2C600&ssl=1 3x"},"classes":[]},{"id":12217,"url":"https:\/\/wobronietradycjiiwiary.com\/en\/poslowie-po-demonicznych-narcystach-lub-czy-ann-barnhardt-jest-opetana\/","url_meta":{"origin":11324,"position":2},"title":"Pos\u0142owie po \u201edemonicznych narcystach\u201d lub czy Ann Barnhardt jest op\u0119tana?","author":"Traditio et Fides","date":"19 April 2017","format":false,"excerpt":"Cieszy nas wra\u017cliwo\u015b\u0107 duchowa i reakcja naszych czytelnik\u00f3w, kt\u00f3rzy pisz\u0105, \u017ce po lekturze \u201eDiabolicznych narcyst\u00f3w\u201d Ann Barnhardt czuj\u0105 dyskomfort duchowy, a niekt\u00f3rzy nawet prze\u017cywaj\u0105 dr\u0119czenia. Czy cieszy nas, \u017ce cierpi\u0105? Nie, ale cieszy nas, \u017ce na tre\u015bci przedstawiaj\u0105ce ciemn\u0105 stron\u0119 rzeczywisto\u015bci reaguj\u0119 poprawnie. Je\u017celi bowiem ameryka\u0144ska autorka pisze o ludziach,\u2026","rel":"","context":"In &quot;Ann Barnhardt&quot;","block_context":{"text":"Ann Barnhardt","link":"https:\/\/wobronietradycjiiwiary.com\/en\/category\/polemika\/autorzy-polemiczni\/ann-barnhardt\/"},"img":{"alt_text":"66b472721b111743d8a52d864c818f40","src":"https:\/\/i0.wp.com\/wobronietradycjiiwiary.com\/wp-content\/uploads\/2017\/04\/66b472721b111743d8a52d864c818f40.jpg?resize=350%2C200&ssl=1","width":350,"height":200,"srcset":"https:\/\/i0.wp.com\/wobronietradycjiiwiary.com\/wp-content\/uploads\/2017\/04\/66b472721b111743d8a52d864c818f40.jpg?resize=350%2C200&ssl=1 1x, https:\/\/i0.wp.com\/wobronietradycjiiwiary.com\/wp-content\/uploads\/2017\/04\/66b472721b111743d8a52d864c818f40.jpg?resize=525%2C300&ssl=1 1.5x"},"classes":[]},{"id":15253,"url":"https:\/\/wobronietradycjiiwiary.com\/en\/od-kacika-modlitewnego-do-oltarzy-przenosnych-lub-ann-barnhardt-radzi\/","url_meta":{"origin":11324,"position":3},"title":"Od k\u0105cika modlitewnego do o\u0142tarzy przeno\u015bnych lub Ann Barnhardt radzi","author":"Traditio et Fides","date":"2 October 2017","format":false,"excerpt":"Pisz\u0105cy te s\u0142owa stwierdzi\u0142 ju\u017c wielokrotnie ciekaw\u0105 konincydencj\u0119 polegaj\u0105c\u0105 na tym, \u017ce na naszym blogu pojawiaj\u0105 si\u0119 te same wnioski lub pomys\u0142y, co u Ann Barnhardt, czasami tego samego dnia lub z po\u015blizgiem kilku dni.\u00a0 Nie jest to a\u017c takie zdumiewaj\u0105ce, je\u015bli chodzi o wyprowadzania logicznych wniosk\u00f3w, gdy\u017c wychodz\u0105c od\u2026","rel":"","context":"In &quot;Ann Barnhardt&quot;","block_context":{"text":"Ann Barnhardt","link":"https:\/\/wobronietradycjiiwiary.com\/en\/category\/polemika\/autorzy-polemiczni\/ann-barnhardt\/"},"img":{"alt_text":"Gregory Mass","src":"https:\/\/wobronietradycjiiwiaryblog.files.wordpress.com\/2017\/10\/gregory-mass.jpg?w=350&h=200&crop=1","width":350,"height":200,"srcset":"https:\/\/wobronietradycjiiwiaryblog.files.wordpress.com\/2017\/10\/gregory-mass.jpg?w=350&h=200&crop=1 1x, https:\/\/wobronietradycjiiwiaryblog.files.wordpress.com\/2017\/10\/gregory-mass.jpg?w=525&h=300&crop=1 1.5x, https:\/\/wobronietradycjiiwiaryblog.files.wordpress.com\/2017\/10\/gregory-mass.jpg?w=700&h=400&crop=1 2x, https:\/\/wobronietradycjiiwiaryblog.files.wordpress.com\/2017\/10\/gregory-mass.jpg?w=1050&h=600&crop=1 3x, https:\/\/wobronietradycjiiwiaryblog.files.wordpress.com\/2017\/10\/gregory-mass.jpg?w=1400&h=800&crop=1 4x"},"classes":[]},{"id":46542,"url":"https:\/\/wobronietradycjiiwiary.com\/en\/ann-barnhardt-the-bergoglian-anti-papacy-2\/","url_meta":{"origin":11324,"position":4},"title":"Ann Barnhardt: The Bergoglian Anti-Papacy","author":"Traditio et Fides","date":"2 May 2021","format":false,"excerpt":"Z okazji ochodzonego dzi\u015b dnia \u015bw. Atanazego przypominamy dawny wpis zawieraj\u0105cy anegdot\u0119 z jego \u017cycia.","rel":"","context":"In &quot;05. \u015awi\u0119ta w maju&quot;","block_context":{"text":"05. \u015awi\u0119ta w maju","link":"https:\/\/wobronietradycjiiwiary.com\/en\/category\/duchowosc\/liturgia-i-liturgika\/rozwazania\/rok-liturgiczny\/swieta-w-maju\/"},"img":{"alt_text":"","src":"https:\/\/i0.wp.com\/wobronietradycjiiwiary.com\/wp-content\/uploads\/2018\/11\/1-orazio-gentileschi-giuditta-e-l-ancella-1608-1609-nasjonalmuseet-for-kunst-arkitektur-og-design-oslo-665x576.jpg?resize=350%2C200&ssl=1","width":350,"height":200,"srcset":"https:\/\/i0.wp.com\/wobronietradycjiiwiary.com\/wp-content\/uploads\/2018\/11\/1-orazio-gentileschi-giuditta-e-l-ancella-1608-1609-nasjonalmuseet-for-kunst-arkitektur-og-design-oslo-665x576.jpg?resize=350%2C200&ssl=1 1x, https:\/\/i0.wp.com\/wobronietradycjiiwiary.com\/wp-content\/uploads\/2018\/11\/1-orazio-gentileschi-giuditta-e-l-ancella-1608-1609-nasjonalmuseet-for-kunst-arkitektur-og-design-oslo-665x576.jpg?resize=525%2C300&ssl=1 1.5x"},"classes":[]},{"id":18917,"url":"https:\/\/wobronietradycjiiwiary.com\/en\/ann-barnhardt-the-bergoglian-anti-papacy\/","url_meta":{"origin":11324,"position":5},"title":"Ann Barnhardt: The Bergoglian Anti-Papacy","author":"Traditio et Fides","date":"26 November 2018","format":false,"excerpt":"Wszystkim tym, kt\u00f3rzy za\u0142\u0105czonego poni\u017cej filmu\u00a0jeszcze nie ogl\u0105dali, prezentujemy go tutaj. Ann Barnhardt zbiera swoje argumenty dowodz\u0105ce, naszym zdaniem s\u0142usznie, \u017ce abdykacja Benedykta jest niewa\u017cna, patrz kanon. 188 i dlatego Bergoglio nie jest \u017cadnym papie\u017cem. St\u0105d nie ma wi\u0119kszego znaczenia, czy: Bergoglio przed wyborem pope\u0142ni\u0142 akt apostazji i jako nie-katolik\u2026","rel":"","context":"In &quot;Ann Barnhardt&quot;","block_context":{"text":"Ann Barnhardt","link":"https:\/\/wobronietradycjiiwiary.com\/en\/category\/polemika\/autorzy-polemiczni\/ann-barnhardt\/"},"img":{"alt_text":"","src":"https:\/\/i0.wp.com\/wobronietradycjiiwiary.com\/wp-content\/uploads\/2018\/11\/1-orazio-gentileschi-giuditta-e-l-ancella-1608-1609-nasjonalmuseet-for-kunst-arkitektur-og-design-oslo-665x576.jpg?resize=350%2C200&ssl=1","width":350,"height":200,"srcset":"https:\/\/i0.wp.com\/wobronietradycjiiwiary.com\/wp-content\/uploads\/2018\/11\/1-orazio-gentileschi-giuditta-e-l-ancella-1608-1609-nasjonalmuseet-for-kunst-arkitektur-og-design-oslo-665x576.jpg?resize=350%2C200&ssl=1 1x, https:\/\/i0.wp.com\/wobronietradycjiiwiary.com\/wp-content\/uploads\/2018\/11\/1-orazio-gentileschi-giuditta-e-l-ancella-1608-1609-nasjonalmuseet-for-kunst-arkitektur-og-design-oslo-665x576.jpg?resize=525%2C300&ssl=1 1.5x"},"classes":[]}],"amp_enabled":true,"jetpack_featured_media_url":"","_links":{"self":[{"href":"https:\/\/wobronietradycjiiwiary.com\/en\/wp-json\/wp\/v2\/posts\/11324","targetHints":{"allow":["GET"]}}],"collection":[{"href":"https:\/\/wobronietradycjiiwiary.com\/en\/wp-json\/wp\/v2\/posts"}],"about":[{"href":"https:\/\/wobronietradycjiiwiary.com\/en\/wp-json\/wp\/v2\/types\/post"}],"author":[{"embeddable":true,"href":"https:\/\/wobronietradycjiiwiary.com\/en\/wp-json\/wp\/v2\/users\/60508433"}],"replies":[{"embeddable":true,"href":"https:\/\/wobronietradycjiiwiary.com\/en\/wp-json\/wp\/v2\/comments?post=11324"}],"version-history":[{"count":0,"href":"https:\/\/wobronietradycjiiwiary.com\/en\/wp-json\/wp\/v2\/posts\/11324\/revisions"}],"wp:attachment":[{"href":"https:\/\/wobronietradycjiiwiary.com\/en\/wp-json\/wp\/v2\/media?parent=11324"}],"wp:term":[{"taxonomy":"category","embeddable":true,"href":"https:\/\/wobronietradycjiiwiary.com\/en\/wp-json\/wp\/v2\/categories?post=11324"},{"taxonomy":"post_tag","embeddable":true,"href":"https:\/\/wobronietradycjiiwiary.com\/en\/wp-json\/wp\/v2\/tags?post=11324"}],"curies":[{"name":"wp","href":"https:\/\/api.w.org\/{rel}","templated":true}]}}