{"id":111582,"date":"2024-01-25T20:47:16","date_gmt":"2024-01-25T19:47:16","guid":{"rendered":"https:\/\/wobronietradycjiiwiary.com\/?p=111582"},"modified":"2025-02-07T15:44:45","modified_gmt":"2025-02-07T14:44:45","slug":"film-na-youtube-rok-liturgiczny-lub-ktore-kyriale-spiewamy-i-dlaczego-2-czym-jest-kalendarz-liturgiczny","status":"publish","type":"post","link":"https:\/\/wobronietradycjiiwiary.com\/en\/film-na-youtube-rok-liturgiczny-lub-ktore-kyriale-spiewamy-i-dlaczego-2-czym-jest-kalendarz-liturgiczny\/","title":{"rendered":"Film na Youtube: Rok liturgiczny lub kt\u00f3re kyriale \u015bpiewamy i dlaczego? (2) Czym jest kalendarz liturgiczny?"},"content":{"rendered":"<div id=\"bsf_rt_marker\"><\/div><div style=\"text-align: center\">\n<p>&nbsp;<\/p>\n<\/div>\n<h2 style=\"border: 5px solid #0000A0;padding: 1em;text-align: center\"><span style=\"color: #000000\">Pe\u0142en dost\u0119p dla <span style=\"color: #00ccff\"><a style=\"color: #00ccff\" href=\"https:\/\/wobronietradycjiiwiary.com\/en\/subskrypcje-2\/\" target=\"_blank\" rel=\"noopener\">subskrybent\u00f3w<\/a><\/span>.<\/span><br \/>\n<span style=\"color: #3366ff\"><a style=\"color: #3366ff\" href=\"https:\/\/wobronietradycjiiwiary.com\/en\/account\/login\/\" target=\"_blank\" rel=\"noopener\"><span style=\"color: #00ccff\">Zaloguj<\/span><\/a> <\/span>si\u0119 lub przejd\u017a do <a href=\"https:\/\/wobronietradycjiiwiary.com\/en\/register\/\"><span style=\"color: #3366ff\">Rejestracji<\/span><\/a>.<\/h2>\n<div>\n<p style=\"text-align: center\"><a href=\"https:\/\/wobronietradycjiiwiary.com\/en\/subskrypcje-2\/cennik\/\" target=\"_blank\" rel=\"noopener\"><span style=\"color: #000080;font-size: 24pt\"><strong>Nowe ni\u017csze ceny<\/strong><\/span><\/a><\/p>\n<p style=\"text-align: center\"><strong><span style=\"font-size: 18pt;color: #000080\">P\u0142atno\u015b\u0107 kart\u0105<\/span><\/strong><\/p>\n<\/div>\n<h3 style=\"text-align: center\"><a href=\"https:\/\/wobronietradycjiiwiary.com\/en\/subskrypcje-2\/automatyczne\/indywidualne\/\" target=\"_blank\" rel=\"noopener\"><img fetchpriority=\"high\" decoding=\"async\" class=\"alignnone size-medium wp-image-80433\" src=\"https:\/\/wobronietradycjiiwiary.com\/wp-content\/uploads\/2022\/11\/Unbenannt-1-Online-1-300x202.jpg\" alt=\"\" width=\"300\" height=\"202\" srcset=\"https:\/\/wobronietradycjiiwiary.com\/wp-content\/uploads\/2022\/11\/Unbenannt-1-Online-1-300x202.jpg 300w, https:\/\/wobronietradycjiiwiary.com\/wp-content\/uploads\/2022\/11\/Unbenannt-1-Online-1-150x101.jpg 150w, https:\/\/wobronietradycjiiwiary.com\/wp-content\/uploads\/2022\/11\/Unbenannt-1-Online-1-18x12.jpg 18w, https:\/\/wobronietradycjiiwiary.com\/wp-content\/uploads\/2022\/11\/Unbenannt-1-Online-1.jpg 446w\" sizes=\"(max-width: 300px) 100vw, 300px\" \/><\/a><\/h3>\n<p style=\"text-align: center\"><strong><span style=\"font-size: 18pt;color: #000080\">P\u0142atno\u015b\u0107 przelewem<\/span><\/strong><\/p>\n<p><a href=\"https:\/\/wobronietradycjiiwiary.com\/en\/subskrypcje-2\/automatyczne\/indywidualne\/\" target=\"_blank\" rel=\"noopener\"><img decoding=\"async\" class=\"size-medium wp-image-80434 aligncenter\" src=\"https:\/\/wobronietradycjiiwiary.com\/wp-content\/uploads\/2022\/11\/Unbenannt-1-Przelewem-300x137.jpg\" alt=\"\" width=\"300\" height=\"137\" srcset=\"https:\/\/wobronietradycjiiwiary.com\/wp-content\/uploads\/2022\/11\/Unbenannt-1-Przelewem-300x137.jpg 300w, https:\/\/wobronietradycjiiwiary.com\/wp-content\/uploads\/2022\/11\/Unbenannt-1-Przelewem-450x206.jpg 450w, https:\/\/wobronietradycjiiwiary.com\/wp-content\/uploads\/2022\/11\/Unbenannt-1-Przelewem-600x274.jpg 600w, https:\/\/wobronietradycjiiwiary.com\/wp-content\/uploads\/2022\/11\/Unbenannt-1-Przelewem-150x69.jpg 150w, https:\/\/wobronietradycjiiwiary.com\/wp-content\/uploads\/2022\/11\/Unbenannt-1-Przelewem-18x8.jpg 18w, https:\/\/wobronietradycjiiwiary.com\/wp-content\/uploads\/2022\/11\/Unbenannt-1-Przelewem.jpg 676w\" sizes=\"(max-width: 300px) 100vw, 300px\" \/><\/a><\/p>\n<p style=\"text-align: center\"><strong><span style=\"font-size: 18pt;color: #000080\">P\u0142atno\u015b\u0107 kart\u0105 do 6 os\u00f3b<\/span><\/strong><\/p>\n<p><a href=\"https:\/\/wobronietradycjiiwiary.com\/en\/rodzinne\/\" target=\"_blank\" rel=\"noopener\"><img decoding=\"async\" class=\"size-medium wp-image-80435 aligncenter\" src=\"https:\/\/wobronietradycjiiwiary.com\/wp-content\/uploads\/2022\/11\/Unbenannt-1-Rodzinna-300x208.jpg\" alt=\"\" width=\"300\" height=\"208\" srcset=\"https:\/\/wobronietradycjiiwiary.com\/wp-content\/uploads\/2022\/11\/Unbenannt-1-Rodzinna-300x208.jpg 300w, https:\/\/wobronietradycjiiwiary.com\/wp-content\/uploads\/2022\/11\/Unbenannt-1-Rodzinna-150x104.jpg 150w, https:\/\/wobronietradycjiiwiary.com\/wp-content\/uploads\/2022\/11\/Unbenannt-1-Rodzinna-18x12.jpg 18w, https:\/\/wobronietradycjiiwiary.com\/wp-content\/uploads\/2022\/11\/Unbenannt-1-Rodzinna.jpg 448w\" sizes=\"(max-width: 300px) 100vw, 300px\" \/><\/a><\/p>\n<h3 style=\"text-align: center\"><\/h3>\n<h1 style=\"text-align: center\"><\/h1>","protected":false},"excerpt":{"rendered":"<p>&nbsp; Pe\u0142en dost\u0119p dla subskrybent\u00f3w. Zaloguj si\u0119 lub przejd\u017a do Rejestracji. Nowe ni\u017csze ceny P\u0142atno\u015b\u0107 kart\u0105 P\u0142atno\u015b\u0107 przelewem P\u0142atno\u015b\u0107 kart\u0105 do 6 os\u00f3b<\/p>","protected":false},"author":60508433,"featured_media":111516,"comment_status":"open","ping_status":"open","sticky":false,"template":"","format":"standard","meta":{"_bbp_topic_count":0,"_bbp_reply_count":0,"_bbp_total_topic_count":0,"_bbp_total_reply_count":0,"_bbp_voice_count":0,"_bbp_anonymous_reply_count":0,"_bbp_topic_count_hidden":0,"_bbp_reply_count_hidden":0,"_bbp_forum_subforum_count":0,"_editorskit_title_hidden":false,"_editorskit_reading_time":0,"_editorskit_is_block_options_detached":false,"_editorskit_block_options_position":"{}","_coblocks_attr":"","_coblocks_dimensions":"","_coblocks_responsive_height":"","_coblocks_accordion_ie_support":"","_exactmetrics_skip_tracking":false,"_jetpack_newsletter_access":"","_jetpack_dont_email_post_to_subs":false,"_jetpack_newsletter_tier_id":0,"_jetpack_memberships_contains_paywalled_content":false,"_wpcom_ai_launchpad_first_post":false,"_jetpack_feature_clip_id":0,"_jetpack_memberships_contains_paid_content":false,"footnotes":"","jetpack_publicize_message":"{title}\n\n{excerpt}\n\n{url}","jetpack_publicize_feature_enabled":true,"jetpack_social_post_already_shared":false,"jetpack_social_options":{"image_generator_settings":{"template":"highway","default_image_id":0,"font":"","enabled":false},"version":2},"_wpas_customize_per_network":false,"jetpack_post_was_ever_published":false},"categories":[610131184,645151,330103918],"tags":[610132133],"class_list":["post-111582","post","type-post","status-publish","format-standard","has-post-thumbnail","hentry","category-duchowosc","category-musica-sacra","category-musica-sacra-movens","tag-restricted"],"yoast_head":"<!-- This site is optimized with the Yoast SEO plugin v28.3 - https:\/\/yoast.com\/product\/yoast-seo-wordpress\/ -->\n<title>Film na Youtube: Rok liturgiczny lub kt\u00f3re kyriale \u015bpiewamy i dlaczego? (2) Czym jest kalendarz liturgiczny? - Tradycja i Wiara<\/title>\n<meta name=\"robots\" content=\"index, follow, max-snippet:-1, max-image-preview:large, max-video-preview:-1\" \/>\n<link rel=\"canonical\" href=\"https:\/\/wobronietradycjiiwiary.com\/en\/film-na-youtube-rok-liturgiczny-lub-ktore-kyriale-spiewamy-i-dlaczego-2-czym-jest-kalendarz-liturgiczny\/\" \/>\n<meta property=\"og:locale\" content=\"en_US\" \/>\n<meta property=\"og:type\" content=\"article\" \/>\n<meta property=\"og:title\" content=\"Film na Youtube: Rok liturgiczny lub kt\u00f3re kyriale \u015bpiewamy i dlaczego? (2) Czym jest kalendarz liturgiczny? - Tradycja i Wiara\" \/>\n<meta property=\"og:description\" content=\"&nbsp; Pe\u0142en dost\u0119p dla subskrybent\u00f3w. Zaloguj si\u0119 lub przejd\u017a do Rejestracji. Nowe ni\u017csze ceny P\u0142atno\u015b\u0107 kart\u0105 P\u0142atno\u015b\u0107 przelewem P\u0142atno\u015b\u0107 kart\u0105 do 6 os\u00f3b\" \/>\n<meta property=\"og:url\" content=\"https:\/\/wobronietradycjiiwiary.com\/en\/film-na-youtube-rok-liturgiczny-lub-ktore-kyriale-spiewamy-i-dlaczego-2-czym-jest-kalendarz-liturgiczny\/\" \/>\n<meta property=\"og:site_name\" content=\"Tradycja i Wiara\" \/>\n<meta property=\"article:publisher\" content=\"https:\/\/www.facebook.com\/Tradycja-i-Wiara-108813920592249\" \/>\n<meta property=\"article:published_time\" content=\"2024-01-25T19:47:16+00:00\" \/>\n<meta property=\"article:modified_time\" content=\"2025-02-07T14:44:45+00:00\" \/>\n<meta property=\"og:image\" content=\"https:\/\/wobronietradycjiiwiary.com\/wp-content\/uploads\/2024\/01\/41_00305364_angels-singing.jpg\" \/>\n\t<meta property=\"og:image:width\" content=\"272\" \/>\n\t<meta property=\"og:image:height\" content=\"360\" \/>\n\t<meta property=\"og:image:type\" content=\"image\/jpeg\" \/>\n<meta name=\"author\" content=\"Traditio et Fides\" \/>\n<meta name=\"twitter:card\" content=\"summary_large_image\" \/>\n<meta name=\"twitter:label1\" content=\"Written by\" \/>\n\t<meta name=\"twitter:data1\" content=\"Traditio et Fides\" \/>\n\t<meta name=\"twitter:label2\" content=\"Est. reading time\" \/>\n\t<meta name=\"twitter:data2\" content=\"1 minute\" \/>\n<script type=\"application\/ld+json\" class=\"yoast-schema-graph\">{\"@context\":\"https:\\\/\\\/schema.org\",\"@graph\":[{\"@type\":\"Article\",\"@id\":\"https:\\\/\\\/wobronietradycjiiwiary.com\\\/film-na-youtube-rok-liturgiczny-lub-ktore-kyriale-spiewamy-i-dlaczego-2-czym-jest-kalendarz-liturgiczny\\\/#article\",\"isPartOf\":{\"@id\":\"https:\\\/\\\/wobronietradycjiiwiary.com\\\/film-na-youtube-rok-liturgiczny-lub-ktore-kyriale-spiewamy-i-dlaczego-2-czym-jest-kalendarz-liturgiczny\\\/\"},\"author\":{\"name\":\"Traditio et Fides\",\"@id\":\"https:\\\/\\\/wobronietradycjiiwiary.com\\\/pl\\\/#\\\/schema\\\/person\\\/2d6180ce6abcb681fef0daab7816e8f3\"},\"headline\":\"Film na Youtube: Rok liturgiczny lub kt\u00f3re kyriale \u015bpiewamy i dlaczego? (2) Czym jest kalendarz liturgiczny?\",\"datePublished\":\"2024-01-25T19:47:16+00:00\",\"dateModified\":\"2025-02-07T14:44:45+00:00\",\"mainEntityOfPage\":{\"@id\":\"https:\\\/\\\/wobronietradycjiiwiary.com\\\/film-na-youtube-rok-liturgiczny-lub-ktore-kyriale-spiewamy-i-dlaczego-2-czym-jest-kalendarz-liturgiczny\\\/\"},\"wordCount\":20,\"commentCount\":0,\"publisher\":{\"@id\":\"https:\\\/\\\/wobronietradycjiiwiary.com\\\/pl\\\/#organization\"},\"image\":{\"@id\":\"https:\\\/\\\/wobronietradycjiiwiary.com\\\/film-na-youtube-rok-liturgiczny-lub-ktore-kyriale-spiewamy-i-dlaczego-2-czym-jest-kalendarz-liturgiczny\\\/#primaryimage\"},\"thumbnailUrl\":\"https:\\\/\\\/wobronietradycjiiwiary.com\\\/wp-content\\\/uploads\\\/2024\\\/01\\\/41_00305364_angels-singing.jpg\",\"keywords\":[\"Restricted\"],\"articleSection\":[\"Duchowo\u015b\u0107\",\"Musica Sacra\",\"Musica Sacra Movens\"],\"inLanguage\":\"en-US\",\"potentialAction\":[{\"@type\":\"CommentAction\",\"name\":\"Comment\",\"target\":[\"https:\\\/\\\/wobronietradycjiiwiary.com\\\/film-na-youtube-rok-liturgiczny-lub-ktore-kyriale-spiewamy-i-dlaczego-2-czym-jest-kalendarz-liturgiczny\\\/#respond\"]}]},{\"@type\":\"WebPage\",\"@id\":\"https:\\\/\\\/wobronietradycjiiwiary.com\\\/film-na-youtube-rok-liturgiczny-lub-ktore-kyriale-spiewamy-i-dlaczego-2-czym-jest-kalendarz-liturgiczny\\\/\",\"url\":\"https:\\\/\\\/wobronietradycjiiwiary.com\\\/film-na-youtube-rok-liturgiczny-lub-ktore-kyriale-spiewamy-i-dlaczego-2-czym-jest-kalendarz-liturgiczny\\\/\",\"name\":\"Film na Youtube: Rok liturgiczny lub kt\u00f3re kyriale \u015bpiewamy i dlaczego? (2) Czym jest kalendarz liturgiczny? - Tradycja i Wiara\",\"isPartOf\":{\"@id\":\"https:\\\/\\\/wobronietradycjiiwiary.com\\\/pl\\\/#website\"},\"primaryImageOfPage\":{\"@id\":\"https:\\\/\\\/wobronietradycjiiwiary.com\\\/film-na-youtube-rok-liturgiczny-lub-ktore-kyriale-spiewamy-i-dlaczego-2-czym-jest-kalendarz-liturgiczny\\\/#primaryimage\"},\"image\":{\"@id\":\"https:\\\/\\\/wobronietradycjiiwiary.com\\\/film-na-youtube-rok-liturgiczny-lub-ktore-kyriale-spiewamy-i-dlaczego-2-czym-jest-kalendarz-liturgiczny\\\/#primaryimage\"},\"thumbnailUrl\":\"https:\\\/\\\/wobronietradycjiiwiary.com\\\/wp-content\\\/uploads\\\/2024\\\/01\\\/41_00305364_angels-singing.jpg\",\"datePublished\":\"2024-01-25T19:47:16+00:00\",\"dateModified\":\"2025-02-07T14:44:45+00:00\",\"breadcrumb\":{\"@id\":\"https:\\\/\\\/wobronietradycjiiwiary.com\\\/film-na-youtube-rok-liturgiczny-lub-ktore-kyriale-spiewamy-i-dlaczego-2-czym-jest-kalendarz-liturgiczny\\\/#breadcrumb\"},\"inLanguage\":\"en-US\",\"potentialAction\":[{\"@type\":\"ReadAction\",\"target\":[\"https:\\\/\\\/wobronietradycjiiwiary.com\\\/film-na-youtube-rok-liturgiczny-lub-ktore-kyriale-spiewamy-i-dlaczego-2-czym-jest-kalendarz-liturgiczny\\\/\"]}]},{\"@type\":\"ImageObject\",\"inLanguage\":\"en-US\",\"@id\":\"https:\\\/\\\/wobronietradycjiiwiary.com\\\/film-na-youtube-rok-liturgiczny-lub-ktore-kyriale-spiewamy-i-dlaczego-2-czym-jest-kalendarz-liturgiczny\\\/#primaryimage\",\"url\":\"https:\\\/\\\/wobronietradycjiiwiary.com\\\/wp-content\\\/uploads\\\/2024\\\/01\\\/41_00305364_angels-singing.jpg\",\"contentUrl\":\"https:\\\/\\\/wobronietradycjiiwiary.com\\\/wp-content\\\/uploads\\\/2024\\\/01\\\/41_00305364_angels-singing.jpg\",\"width\":272,\"height\":360},{\"@type\":\"BreadcrumbList\",\"@id\":\"https:\\\/\\\/wobronietradycjiiwiary.com\\\/film-na-youtube-rok-liturgiczny-lub-ktore-kyriale-spiewamy-i-dlaczego-2-czym-jest-kalendarz-liturgiczny\\\/#breadcrumb\",\"itemListElement\":[{\"@type\":\"ListItem\",\"position\":1,\"name\":\"Strona g\u0142\u00f3wna\",\"item\":\"https:\\\/\\\/wobronietradycjiiwiary.com\\\/\"},{\"@type\":\"ListItem\",\"position\":2,\"name\":\"Film na Youtube: Rok liturgiczny lub kt\u00f3re kyriale \u015bpiewamy i dlaczego? (2) Czym jest kalendarz liturgiczny?\"}]},{\"@type\":\"WebSite\",\"@id\":\"https:\\\/\\\/wobronietradycjiiwiary.com\\\/pl\\\/#website\",\"url\":\"https:\\\/\\\/wobronietradycjiiwiary.com\\\/pl\\\/\",\"name\":\"Tradycja i Wiara\",\"description\":\"Portal dla katolik\u00f3w.\",\"publisher\":{\"@id\":\"https:\\\/\\\/wobronietradycjiiwiary.com\\\/pl\\\/#organization\"},\"potentialAction\":[{\"@type\":\"SearchAction\",\"target\":{\"@type\":\"EntryPoint\",\"urlTemplate\":\"https:\\\/\\\/wobronietradycjiiwiary.com\\\/pl\\\/?s={search_term_string}\"},\"query-input\":{\"@type\":\"PropertyValueSpecification\",\"valueRequired\":true,\"valueName\":\"search_term_string\"}}],\"inLanguage\":\"en-US\"},{\"@type\":\"Organization\",\"@id\":\"https:\\\/\\\/wobronietradycjiiwiary.com\\\/pl\\\/#organization\",\"name\":\"Tradycja i Wiara\",\"url\":\"https:\\\/\\\/wobronietradycjiiwiary.com\\\/pl\\\/\",\"logo\":{\"@type\":\"ImageObject\",\"inLanguage\":\"en-US\",\"@id\":\"https:\\\/\\\/wobronietradycjiiwiary.com\\\/pl\\\/#\\\/schema\\\/logo\\\/image\\\/\",\"url\":\"https:\\\/\\\/i0.wp.com\\\/wobronietradycjiiwiary.com\\\/wp-content\\\/uploads\\\/2015\\\/10\\\/cropped-st-peters-dome-vatican.jpg?fit=940%2C198&ssl=1\",\"contentUrl\":\"https:\\\/\\\/i0.wp.com\\\/wobronietradycjiiwiary.com\\\/wp-content\\\/uploads\\\/2015\\\/10\\\/cropped-st-peters-dome-vatican.jpg?fit=940%2C198&ssl=1\",\"width\":940,\"height\":198,\"caption\":\"Tradycja i Wiara\"},\"image\":{\"@id\":\"https:\\\/\\\/wobronietradycjiiwiary.com\\\/pl\\\/#\\\/schema\\\/logo\\\/image\\\/\"},\"sameAs\":[\"https:\\\/\\\/www.facebook.com\\\/Tradycja-i-Wiara-108813920592249\"]},{\"@type\":\"Person\",\"@id\":\"https:\\\/\\\/wobronietradycjiiwiary.com\\\/pl\\\/#\\\/schema\\\/person\\\/2d6180ce6abcb681fef0daab7816e8f3\",\"name\":\"Traditio et Fides\",\"sameAs\":[\"https:\\\/\\\/traditionundglauben.com\"],\"url\":\"https:\\\/\\\/wobronietradycjiiwiary.com\\\/en\\\/author\\\/wobronietradycjiiwiary\\\/\"}]}<\/script>\n<!-- \/ Yoast SEO plugin. -->","yoast_head_json":{"title":"Film na Youtube: Rok liturgiczny lub kt\u00f3re kyriale \u015bpiewamy i dlaczego? (2) Czym jest kalendarz liturgiczny? - Tradycja i Wiara","robots":{"index":"index","follow":"follow","max-snippet":"max-snippet:-1","max-image-preview":"max-image-preview:large","max-video-preview":"max-video-preview:-1"},"canonical":"https:\/\/wobronietradycjiiwiary.com\/en\/film-na-youtube-rok-liturgiczny-lub-ktore-kyriale-spiewamy-i-dlaczego-2-czym-jest-kalendarz-liturgiczny\/","og_locale":"en_US","og_type":"article","og_title":"Film na Youtube: Rok liturgiczny lub kt\u00f3re kyriale \u015bpiewamy i dlaczego? (2) Czym jest kalendarz liturgiczny? - Tradycja i Wiara","og_description":"&nbsp; Pe\u0142en dost\u0119p dla subskrybent\u00f3w. Zaloguj si\u0119 lub przejd\u017a do Rejestracji. Nowe ni\u017csze ceny P\u0142atno\u015b\u0107 kart\u0105 P\u0142atno\u015b\u0107 przelewem P\u0142atno\u015b\u0107 kart\u0105 do 6 os\u00f3b","og_url":"https:\/\/wobronietradycjiiwiary.com\/en\/film-na-youtube-rok-liturgiczny-lub-ktore-kyriale-spiewamy-i-dlaczego-2-czym-jest-kalendarz-liturgiczny\/","og_site_name":"Tradycja i Wiara","article_publisher":"https:\/\/www.facebook.com\/Tradycja-i-Wiara-108813920592249","article_published_time":"2024-01-25T19:47:16+00:00","article_modified_time":"2025-02-07T14:44:45+00:00","og_image":[{"width":272,"height":360,"url":"https:\/\/wobronietradycjiiwiary.com\/wp-content\/uploads\/2024\/01\/41_00305364_angels-singing.jpg","type":"image\/jpeg"}],"author":"Traditio et Fides","twitter_card":"summary_large_image","twitter_misc":{"Written by":"Traditio et Fides","Est. reading time":"1 minute"},"schema":{"@context":"https:\/\/schema.org","@graph":[{"@type":"Article","@id":"https:\/\/wobronietradycjiiwiary.com\/film-na-youtube-rok-liturgiczny-lub-ktore-kyriale-spiewamy-i-dlaczego-2-czym-jest-kalendarz-liturgiczny\/#article","isPartOf":{"@id":"https:\/\/wobronietradycjiiwiary.com\/film-na-youtube-rok-liturgiczny-lub-ktore-kyriale-spiewamy-i-dlaczego-2-czym-jest-kalendarz-liturgiczny\/"},"author":{"name":"Traditio et Fides","@id":"https:\/\/wobronietradycjiiwiary.com\/pl\/#\/schema\/person\/2d6180ce6abcb681fef0daab7816e8f3"},"headline":"Film na Youtube: Rok liturgiczny lub kt\u00f3re kyriale \u015bpiewamy i dlaczego? (2) Czym jest kalendarz liturgiczny?","datePublished":"2024-01-25T19:47:16+00:00","dateModified":"2025-02-07T14:44:45+00:00","mainEntityOfPage":{"@id":"https:\/\/wobronietradycjiiwiary.com\/film-na-youtube-rok-liturgiczny-lub-ktore-kyriale-spiewamy-i-dlaczego-2-czym-jest-kalendarz-liturgiczny\/"},"wordCount":20,"commentCount":0,"publisher":{"@id":"https:\/\/wobronietradycjiiwiary.com\/pl\/#organization"},"image":{"@id":"https:\/\/wobronietradycjiiwiary.com\/film-na-youtube-rok-liturgiczny-lub-ktore-kyriale-spiewamy-i-dlaczego-2-czym-jest-kalendarz-liturgiczny\/#primaryimage"},"thumbnailUrl":"https:\/\/wobronietradycjiiwiary.com\/wp-content\/uploads\/2024\/01\/41_00305364_angels-singing.jpg","keywords":["Restricted"],"articleSection":["Duchowo\u015b\u0107","Musica Sacra","Musica Sacra Movens"],"inLanguage":"en-US","potentialAction":[{"@type":"CommentAction","name":"Comment","target":["https:\/\/wobronietradycjiiwiary.com\/film-na-youtube-rok-liturgiczny-lub-ktore-kyriale-spiewamy-i-dlaczego-2-czym-jest-kalendarz-liturgiczny\/#respond"]}]},{"@type":"WebPage","@id":"https:\/\/wobronietradycjiiwiary.com\/film-na-youtube-rok-liturgiczny-lub-ktore-kyriale-spiewamy-i-dlaczego-2-czym-jest-kalendarz-liturgiczny\/","url":"https:\/\/wobronietradycjiiwiary.com\/film-na-youtube-rok-liturgiczny-lub-ktore-kyriale-spiewamy-i-dlaczego-2-czym-jest-kalendarz-liturgiczny\/","name":"Film na Youtube: Rok liturgiczny lub kt\u00f3re kyriale \u015bpiewamy i dlaczego? (2) Czym jest kalendarz liturgiczny? - Tradycja i Wiara","isPartOf":{"@id":"https:\/\/wobronietradycjiiwiary.com\/pl\/#website"},"primaryImageOfPage":{"@id":"https:\/\/wobronietradycjiiwiary.com\/film-na-youtube-rok-liturgiczny-lub-ktore-kyriale-spiewamy-i-dlaczego-2-czym-jest-kalendarz-liturgiczny\/#primaryimage"},"image":{"@id":"https:\/\/wobronietradycjiiwiary.com\/film-na-youtube-rok-liturgiczny-lub-ktore-kyriale-spiewamy-i-dlaczego-2-czym-jest-kalendarz-liturgiczny\/#primaryimage"},"thumbnailUrl":"https:\/\/wobronietradycjiiwiary.com\/wp-content\/uploads\/2024\/01\/41_00305364_angels-singing.jpg","datePublished":"2024-01-25T19:47:16+00:00","dateModified":"2025-02-07T14:44:45+00:00","breadcrumb":{"@id":"https:\/\/wobronietradycjiiwiary.com\/film-na-youtube-rok-liturgiczny-lub-ktore-kyriale-spiewamy-i-dlaczego-2-czym-jest-kalendarz-liturgiczny\/#breadcrumb"},"inLanguage":"en-US","potentialAction":[{"@type":"ReadAction","target":["https:\/\/wobronietradycjiiwiary.com\/film-na-youtube-rok-liturgiczny-lub-ktore-kyriale-spiewamy-i-dlaczego-2-czym-jest-kalendarz-liturgiczny\/"]}]},{"@type":"ImageObject","inLanguage":"en-US","@id":"https:\/\/wobronietradycjiiwiary.com\/film-na-youtube-rok-liturgiczny-lub-ktore-kyriale-spiewamy-i-dlaczego-2-czym-jest-kalendarz-liturgiczny\/#primaryimage","url":"https:\/\/wobronietradycjiiwiary.com\/wp-content\/uploads\/2024\/01\/41_00305364_angels-singing.jpg","contentUrl":"https:\/\/wobronietradycjiiwiary.com\/wp-content\/uploads\/2024\/01\/41_00305364_angels-singing.jpg","width":272,"height":360},{"@type":"BreadcrumbList","@id":"https:\/\/wobronietradycjiiwiary.com\/film-na-youtube-rok-liturgiczny-lub-ktore-kyriale-spiewamy-i-dlaczego-2-czym-jest-kalendarz-liturgiczny\/#breadcrumb","itemListElement":[{"@type":"ListItem","position":1,"name":"Strona g\u0142\u00f3wna","item":"https:\/\/wobronietradycjiiwiary.com\/"},{"@type":"ListItem","position":2,"name":"Film na Youtube: Rok liturgiczny lub kt\u00f3re kyriale \u015bpiewamy i dlaczego? (2) Czym jest kalendarz liturgiczny?"}]},{"@type":"WebSite","@id":"https:\/\/wobronietradycjiiwiary.com\/pl\/#website","url":"https:\/\/wobronietradycjiiwiary.com\/pl\/","name":"Tradycja i Wiara","description":"Portal dla katolik\u00f3w.","publisher":{"@id":"https:\/\/wobronietradycjiiwiary.com\/pl\/#organization"},"potentialAction":[{"@type":"SearchAction","target":{"@type":"EntryPoint","urlTemplate":"https:\/\/wobronietradycjiiwiary.com\/pl\/?s={search_term_string}"},"query-input":{"@type":"PropertyValueSpecification","valueRequired":true,"valueName":"search_term_string"}}],"inLanguage":"en-US"},{"@type":"Organization","@id":"https:\/\/wobronietradycjiiwiary.com\/pl\/#organization","name":"Tradycja i Wiara","url":"https:\/\/wobronietradycjiiwiary.com\/pl\/","logo":{"@type":"ImageObject","inLanguage":"en-US","@id":"https:\/\/wobronietradycjiiwiary.com\/pl\/#\/schema\/logo\/image\/","url":"https:\/\/i0.wp.com\/wobronietradycjiiwiary.com\/wp-content\/uploads\/2015\/10\/cropped-st-peters-dome-vatican.jpg?fit=940%2C198&ssl=1","contentUrl":"https:\/\/i0.wp.com\/wobronietradycjiiwiary.com\/wp-content\/uploads\/2015\/10\/cropped-st-peters-dome-vatican.jpg?fit=940%2C198&ssl=1","width":940,"height":198,"caption":"Tradycja i Wiara"},"image":{"@id":"https:\/\/wobronietradycjiiwiary.com\/pl\/#\/schema\/logo\/image\/"},"sameAs":["https:\/\/www.facebook.com\/Tradycja-i-Wiara-108813920592249"]},{"@type":"Person","@id":"https:\/\/wobronietradycjiiwiary.com\/pl\/#\/schema\/person\/2d6180ce6abcb681fef0daab7816e8f3","name":"Traditio et Fides","sameAs":["https:\/\/traditionundglauben.com"],"url":"https:\/\/wobronietradycjiiwiary.com\/en\/author\/wobronietradycjiiwiary\/"}]}},"jetpack_publicize_connections":[],"jetpack_sharing_enabled":true,"jetpack_likes_enabled":true,"jetpack_shortlink":"https:\/\/wp.me\/pc04Sd-t1I","jetpack-related-posts":[{"id":8808,"url":"https:\/\/wobronietradycjiiwiary.com\/en\/bach-et-resurrexit-fragment-mszy-h-moll-2\/","url_meta":{"origin":111582,"position":0},"title":"Bach, Et resurrexit, fragment Mszy h-moll","author":"Traditio et Fides","date":"27 March 2016","format":false,"excerpt":"W okazji \u015awi\u0105t Wielkiej nocy \u017cyczymy wszystkim b\u0142ogos\u0142awie\u0144stwa Bo\u017cego. \u00a0W za\u0142\u0105czeniu Et resurrexit z Mszy h-moll J.S. Bacha w wykonaniu The Sixteen Choir & Orchestra, dyr. Harry Christophers.","rel":"","context":"In &quot;Musica Sacra&quot;","block_context":{"text":"Musica Sacra","link":"https:\/\/wobronietradycjiiwiary.com\/en\/category\/musica-sacra\/"},"img":{"alt_text":"","src":"","width":0,"height":0},"classes":[]},{"id":5047,"url":"https:\/\/wobronietradycjiiwiary.com\/en\/bach-et-resurrexit-fragment-mszy-h-moll\/","url_meta":{"origin":111582,"position":1},"title":"Bach, Et resurrexit, fragment Mszy h-moll","author":"Traditio et Fides","date":"5 April 2015","format":false,"excerpt":"W okazji \u015awi\u0105t Wielkiej nocy \u017cyczymy wszystkim b\u0142ogos\u0142awie\u0144stwa Bo\u017cego. \u00a0W za\u0142\u0105czeniu Et resurrexit z Mszy h-moll J.S. Bacha w wykonaniu The Sixteen Choir & Orchestra, dyr. Harry Christophers.","rel":"","context":"In &quot;Musica Sacra&quot;","block_context":{"text":"Musica Sacra","link":"https:\/\/wobronietradycjiiwiary.com\/en\/category\/musica-sacra\/"},"img":{"alt_text":"","src":"","width":0,"height":0},"classes":[]},{"id":4552,"url":"https:\/\/wobronietradycjiiwiary.com\/en\/bouzignac-in-pace-in-idipsum\/","url_meta":{"origin":111582,"position":2},"title":"Bouzignac, In pace, in idipsum","author":"Traditio et Fides","date":"1 December 2014","format":false,"excerpt":"Kompozytor: Pierre Bouzignac (1587-1643) Wykonawcy: Les Arts Florissants Dyrygent: William Christis Tytu\u0142: In pace, in idipsum In pace, in idipsum dormiam et requiescam. Si dedero somnum oculis meis, et palpebris meis dormitationem, dormiam et requiescam. W pokoju, w nim samym zasn\u0119 i odpoczn\u0119. Je\u015bli dam sen mym oczu a powiekom\u2026","rel":"","context":"In &quot;Musica Sacra Movens&quot;","block_context":{"text":"Musica Sacra Movens","link":"https:\/\/wobronietradycjiiwiary.com\/en\/category\/musica-sacra\/nagrania\/musica-sacra-movens\/"},"img":{"alt_text":"","src":"https:\/\/i0.wp.com\/img.youtube.com\/vi\/-goqS58AEuo\/0.jpg?resize=350%2C200","width":350,"height":200},"classes":[]},{"id":5037,"url":"https:\/\/wobronietradycjiiwiary.com\/en\/antonio-lotti-crucifixus-a6\/","url_meta":{"origin":111582,"position":3},"title":"Antonio Lotti, Crucifixus (a6)","author":"Traditio et Fides","date":"3 April 2015","format":false,"excerpt":"Niniejszym przedstawiamy utw\u00f3r Crucifixus Antonio Lotti (1667-1740) w uk\u0142adzie sze\u015bciog\u0142osowym do teksu Credo w wykonaniu Vasari Singers pod kierownictwem Jeremy'ego Backhouse'a: Crucifixus etiam pro nobis, sub Pontio Pilato, passus et sepultus est. Ukrzy\u017cowany r\u00f3wnie\u017c za nas pod Poncjuszem Pi\u0142atem, zosta\u0142 um\u0119czony i pogrzebany. Wszystkim czytelnikom \u017cyczymy owocnym obchod\u00f3w M\u0119ki Pa\u0144skiej.\u2026","rel":"","context":"In &quot;Musica Sacra Movens&quot;","block_context":{"text":"Musica Sacra Movens","link":"https:\/\/wobronietradycjiiwiary.com\/en\/category\/musica-sacra\/nagrania\/musica-sacra-movens\/"},"img":{"alt_text":"","src":"https:\/\/i0.wp.com\/wobronietradycjiiwiary.com\/wp-content\/uploads\/2026\/04\/crucifixion-1.jpgLarge.jpg?resize=350%2C200&ssl=1","width":350,"height":200,"srcset":"https:\/\/i0.wp.com\/wobronietradycjiiwiary.com\/wp-content\/uploads\/2026\/04\/crucifixion-1.jpgLarge.jpg?resize=350%2C200&ssl=1 1x, https:\/\/i0.wp.com\/wobronietradycjiiwiary.com\/wp-content\/uploads\/2026\/04\/crucifixion-1.jpgLarge.jpg?resize=525%2C300&ssl=1 1.5x, https:\/\/i0.wp.com\/wobronietradycjiiwiary.com\/wp-content\/uploads\/2026\/04\/crucifixion-1.jpgLarge.jpg?resize=700%2C400&ssl=1 2x"},"classes":[]},{"id":111515,"url":"https:\/\/wobronietradycjiiwiary.com\/en\/film-na-youtube-rok-liturgiczny-lub-ktore-kyriale-spiewamy-i-dlaczego-1-wstep-kyriale-a-proprium\/","url_meta":{"origin":111582,"position":4},"title":"Film na Youtube: Rok liturgiczny lub kt\u00f3re kyriale \u015bpiewamy i dlaczego? (1) Wst\u0119p &#8211; Kyriale a proprium","author":"Traditio et Fides","date":"19 January 2024","format":false,"excerpt":"https:\/\/www.youtube.com\/watch?v=-RF3YrnH6lY Film ten powsta\u0142 w dwa dni, a pomys\u0142y noszone by\u0142y ju\u017c od 2018. Dok\u0142adnie w tym roku autor stwierdzi\u0142, \u017ce koniecznie musi robi\u0107 filmy na yotube, ale nie mia\u0142 wtedy ani \u015bmia\u0142o\u015bci, ani sprz\u0119tu ani oprogramowania. Te wym\u00f3wki towarzyszy\u0142y mu przez ostatnie lata, ale ostatni miesi\u0105c by\u0142 tak koszmarny,\u2026","rel":"","context":"In &quot;Duchowo\u015b\u0107&quot;","block_context":{"text":"Duchowo\u015b\u0107","link":"https:\/\/wobronietradycjiiwiary.com\/en\/category\/duchowosc\/"},"img":{"alt_text":"","src":"https:\/\/i0.wp.com\/wobronietradycjiiwiary.com\/wp-content\/uploads\/2024\/01\/41_00305364_angels-singing.jpg?resize=350%2C200&ssl=1","width":350,"height":200},"classes":[]},{"id":5543,"url":"https:\/\/wobronietradycjiiwiary.com\/en\/orlando-di-lasso-regina-caeli\/","url_meta":{"origin":111582,"position":5},"title":"Orlando di Lasso, Regina Caeli","author":"Traditio et Fides","date":"22 April 2015","format":false,"excerpt":"Orlando di Lasso (1521-1594) Motet: Regina caeli Wykonanie: The Tallis Scholars Dyryguje: Peter Phillips","rel":"","context":"In &quot;Musica Sacra&quot;","block_context":{"text":"Musica Sacra","link":"https:\/\/wobronietradycjiiwiary.com\/en\/category\/musica-sacra\/"},"img":{"alt_text":"","src":"","width":0,"height":0},"classes":[]}],"amp_enabled":true,"jetpack_featured_media_url":"https:\/\/wobronietradycjiiwiary.com\/wp-content\/uploads\/2024\/01\/41_00305364_angels-singing.jpg","_links":{"self":[{"href":"https:\/\/wobronietradycjiiwiary.com\/en\/wp-json\/wp\/v2\/posts\/111582","targetHints":{"allow":["GET"]}}],"collection":[{"href":"https:\/\/wobronietradycjiiwiary.com\/en\/wp-json\/wp\/v2\/posts"}],"about":[{"href":"https:\/\/wobronietradycjiiwiary.com\/en\/wp-json\/wp\/v2\/types\/post"}],"author":[{"embeddable":true,"href":"https:\/\/wobronietradycjiiwiary.com\/en\/wp-json\/wp\/v2\/users\/60508433"}],"replies":[{"embeddable":true,"href":"https:\/\/wobronietradycjiiwiary.com\/en\/wp-json\/wp\/v2\/comments?post=111582"}],"version-history":[{"count":4,"href":"https:\/\/wobronietradycjiiwiary.com\/en\/wp-json\/wp\/v2\/posts\/111582\/revisions"}],"predecessor-version":[{"id":111598,"href":"https:\/\/wobronietradycjiiwiary.com\/en\/wp-json\/wp\/v2\/posts\/111582\/revisions\/111598"}],"wp:featuredmedia":[{"embeddable":true,"href":"https:\/\/wobronietradycjiiwiary.com\/en\/wp-json\/wp\/v2\/media\/111516"}],"wp:attachment":[{"href":"https:\/\/wobronietradycjiiwiary.com\/en\/wp-json\/wp\/v2\/media?parent=111582"}],"wp:term":[{"taxonomy":"category","embeddable":true,"href":"https:\/\/wobronietradycjiiwiary.com\/en\/wp-json\/wp\/v2\/categories?post=111582"},{"taxonomy":"post_tag","embeddable":true,"href":"https:\/\/wobronietradycjiiwiary.com\/en\/wp-json\/wp\/v2\/tags?post=111582"}],"curies":[{"name":"wp","href":"https:\/\/api.w.org\/{rel}","templated":true}]}}