{"id":108638,"date":"2023-12-11T12:14:17","date_gmt":"2023-12-11T11:14:17","guid":{"rendered":"https:\/\/wobronietradycjiiwiary.com\/?p=108638"},"modified":"2025-02-07T15:51:46","modified_gmt":"2025-02-07T14:51:46","slug":"czy-papiez-jest-katolikiem-lub-anglojezyczna-konferencja-na-youtube","status":"publish","type":"post","link":"https:\/\/wobronietradycjiiwiary.com\/en\/czy-papiez-jest-katolikiem-lub-anglojezyczna-konferencja-na-youtube\/","title":{"rendered":"&#8220;Czy papie\u017c jest katolikiem?&#8221; lub angloj\u0119zyczna konferencja na youtube"},"content":{"rendered":"<div id=\"bsf_rt_marker\"><\/div><p>Wszystkim dobrze znaj\u0105cym j\u0119zyk angielski polecamy konferencj\u0119 pt. &#8220;Czy papie\u017c jest katolikiem?&#8221; na temat rozwi\u0105zania dylematu Bergogolio, w kt\u00f3rej uczestnicz\u0105:&hellip;<\/p>\n<div style=\"text-align: center\">\n<p>&nbsp;<\/p>\n<\/div>\n<h2 style=\"border: 5px solid #0000A0;padding: 1em;text-align: center\"><span style=\"color: #000000\">Pe\u0142en dost\u0119p dla <span style=\"color: #00ccff\"><a style=\"color: #00ccff\" href=\"https:\/\/wobronietradycjiiwiary.com\/en\/subskrypcje-2\/\" target=\"_blank\" rel=\"noopener\">subskrybent\u00f3w<\/a><\/span>.<\/span><br \/>\n<span style=\"color: #3366ff\"><a style=\"color: #3366ff\" href=\"https:\/\/wobronietradycjiiwiary.com\/en\/account\/login\/\" target=\"_blank\" rel=\"noopener\"><span style=\"color: #00ccff\">Zaloguj<\/span><\/a> <\/span>si\u0119 lub przejd\u017a do <a href=\"https:\/\/wobronietradycjiiwiary.com\/en\/register\/\"><span style=\"color: #3366ff\">Rejestracji<\/span><\/a>.<\/h2>\n<div>\n<p style=\"text-align: center\"><a href=\"https:\/\/wobronietradycjiiwiary.com\/en\/subskrypcje-2\/cennik\/\" target=\"_blank\" rel=\"noopener\"><span style=\"color: #000080;font-size: 24pt\"><strong>Nowe ni\u017csze ceny<\/strong><\/span><\/a><\/p>\n<p style=\"text-align: center\"><strong><span style=\"font-size: 18pt;color: #000080\">P\u0142atno\u015b\u0107 kart\u0105<\/span><\/strong><\/p>\n<\/div>\n<h3 style=\"text-align: center\"><a href=\"https:\/\/wobronietradycjiiwiary.com\/en\/subskrypcje-2\/automatyczne\/indywidualne\/\" target=\"_blank\" rel=\"noopener\"><img fetchpriority=\"high\" decoding=\"async\" class=\"alignnone size-medium wp-image-80433\" src=\"https:\/\/wobronietradycjiiwiary.com\/wp-content\/uploads\/2022\/11\/Unbenannt-1-Online-1-300x202.jpg\" alt=\"\" width=\"300\" height=\"202\" srcset=\"https:\/\/wobronietradycjiiwiary.com\/wp-content\/uploads\/2022\/11\/Unbenannt-1-Online-1-300x202.jpg 300w, https:\/\/wobronietradycjiiwiary.com\/wp-content\/uploads\/2022\/11\/Unbenannt-1-Online-1-150x101.jpg 150w, https:\/\/wobronietradycjiiwiary.com\/wp-content\/uploads\/2022\/11\/Unbenannt-1-Online-1-18x12.jpg 18w, https:\/\/wobronietradycjiiwiary.com\/wp-content\/uploads\/2022\/11\/Unbenannt-1-Online-1.jpg 446w\" sizes=\"(max-width: 300px) 100vw, 300px\" \/><\/a><\/h3>\n<p style=\"text-align: center\"><strong><span style=\"font-size: 18pt;color: #000080\">P\u0142atno\u015b\u0107 przelewem<\/span><\/strong><\/p>\n<p><a href=\"https:\/\/wobronietradycjiiwiary.com\/en\/subskrypcje-2\/automatyczne\/indywidualne\/\" target=\"_blank\" rel=\"noopener\"><img decoding=\"async\" class=\"size-medium wp-image-80434 aligncenter\" src=\"https:\/\/wobronietradycjiiwiary.com\/wp-content\/uploads\/2022\/11\/Unbenannt-1-Przelewem-300x137.jpg\" alt=\"\" width=\"300\" height=\"137\" srcset=\"https:\/\/wobronietradycjiiwiary.com\/wp-content\/uploads\/2022\/11\/Unbenannt-1-Przelewem-300x137.jpg 300w, https:\/\/wobronietradycjiiwiary.com\/wp-content\/uploads\/2022\/11\/Unbenannt-1-Przelewem-450x206.jpg 450w, https:\/\/wobronietradycjiiwiary.com\/wp-content\/uploads\/2022\/11\/Unbenannt-1-Przelewem-600x274.jpg 600w, https:\/\/wobronietradycjiiwiary.com\/wp-content\/uploads\/2022\/11\/Unbenannt-1-Przelewem-150x69.jpg 150w, https:\/\/wobronietradycjiiwiary.com\/wp-content\/uploads\/2022\/11\/Unbenannt-1-Przelewem-18x8.jpg 18w, https:\/\/wobronietradycjiiwiary.com\/wp-content\/uploads\/2022\/11\/Unbenannt-1-Przelewem.jpg 676w\" sizes=\"(max-width: 300px) 100vw, 300px\" \/><\/a><\/p>\n<p style=\"text-align: center\"><strong><span style=\"font-size: 18pt;color: #000080\">P\u0142atno\u015b\u0107 kart\u0105 do 6 os\u00f3b<\/span><\/strong><\/p>\n<p><a href=\"https:\/\/wobronietradycjiiwiary.com\/en\/rodzinne\/\" target=\"_blank\" rel=\"noopener\"><img decoding=\"async\" class=\"size-medium wp-image-80435 aligncenter\" src=\"https:\/\/wobronietradycjiiwiary.com\/wp-content\/uploads\/2022\/11\/Unbenannt-1-Rodzinna-300x208.jpg\" alt=\"\" width=\"300\" height=\"208\" srcset=\"https:\/\/wobronietradycjiiwiary.com\/wp-content\/uploads\/2022\/11\/Unbenannt-1-Rodzinna-300x208.jpg 300w, https:\/\/wobronietradycjiiwiary.com\/wp-content\/uploads\/2022\/11\/Unbenannt-1-Rodzinna-150x104.jpg 150w, https:\/\/wobronietradycjiiwiary.com\/wp-content\/uploads\/2022\/11\/Unbenannt-1-Rodzinna-18x12.jpg 18w, https:\/\/wobronietradycjiiwiary.com\/wp-content\/uploads\/2022\/11\/Unbenannt-1-Rodzinna.jpg 448w\" sizes=\"(max-width: 300px) 100vw, 300px\" \/><\/a><\/p>\n<h3 style=\"text-align: center\"><\/h3>\n<h1 style=\"text-align: center\"><\/h1>","protected":false},"excerpt":{"rendered":"<p>O konferencji pt. &#8220;Czy papie\u017c jest katolikiem?&#8221;<\/p>","protected":false},"author":60508433,"featured_media":108647,"comment_status":"open","ping_status":"open","sticky":false,"template":"","format":"standard","meta":{"_bbp_topic_count":0,"_bbp_reply_count":0,"_bbp_total_topic_count":0,"_bbp_total_reply_count":0,"_bbp_voice_count":0,"_bbp_anonymous_reply_count":0,"_bbp_topic_count_hidden":0,"_bbp_reply_count_hidden":0,"_bbp_forum_subforum_count":0,"_editorskit_title_hidden":false,"_editorskit_reading_time":0,"_editorskit_is_block_options_detached":false,"_editorskit_block_options_position":"{}","_coblocks_attr":"","_coblocks_dimensions":"","_coblocks_responsive_height":"","_coblocks_accordion_ie_support":"","_exactmetrics_skip_tracking":false,"_jetpack_newsletter_access":"","_jetpack_dont_email_post_to_subs":false,"_jetpack_newsletter_tier_id":0,"_jetpack_memberships_contains_paywalled_content":false,"_wpcom_ai_launchpad_first_post":false,"_jetpack_feature_clip_id":0,"_jetpack_memberships_contains_paid_content":false,"footnotes":"","jetpack_publicize_message":"{title}\n\n{excerpt}\n\n{url}","jetpack_publicize_feature_enabled":true,"jetpack_social_post_already_shared":false,"jetpack_social_options":{"image_generator_settings":{"template":"highway","default_image_id":0,"font":"","enabled":false},"version":2},"_wpas_customize_per_network":false,"jetpack_post_was_ever_published":false},"categories":[154619950,610131775,54581283,610131267,610131215,610131186],"tags":[610132133],"class_list":["post-108638","post","type-post","status-publish","format-standard","has-post-thumbnail","hentry","category-papiez-franciszek","category-abp-vigano","category-ann-barnhardt","category-apologetyka-i-polemika","category-autorzy-polemiczni","category-polemika","tag-restricted"],"yoast_head":"<!-- This site is optimized with the Yoast SEO plugin v28.4 - https:\/\/yoast.com\/product\/yoast-seo-wordpress\/ -->\n<title>&quot;Czy papie\u017c jest katolikiem?&quot; lub angloj\u0119zyczna konferencja na youtube - Tradycja i Wiara<\/title>\n<meta name=\"robots\" content=\"index, follow, max-snippet:-1, max-image-preview:large, max-video-preview:-1\" \/>\n<link rel=\"canonical\" href=\"https:\/\/wobronietradycjiiwiary.com\/en\/czy-papiez-jest-katolikiem-lub-anglojezyczna-konferencja-na-youtube\/\" \/>\n<meta property=\"og:locale\" content=\"en_US\" \/>\n<meta property=\"og:type\" content=\"article\" \/>\n<meta property=\"og:title\" content=\"&quot;Czy papie\u017c jest katolikiem?&quot; lub angloj\u0119zyczna konferencja na youtube - Tradycja i Wiara\" \/>\n<meta property=\"og:description\" content=\"O konferencji pt. &quot;Czy papie\u017c jest katolikiem?&quot;\" \/>\n<meta property=\"og:url\" content=\"https:\/\/wobronietradycjiiwiary.com\/en\/czy-papiez-jest-katolikiem-lub-anglojezyczna-konferencja-na-youtube\/\" \/>\n<meta property=\"og:site_name\" content=\"Tradycja i Wiara\" \/>\n<meta property=\"article:publisher\" content=\"https:\/\/www.facebook.com\/Tradycja-i-Wiara-108813920592249\" \/>\n<meta property=\"article:published_time\" content=\"2023-12-11T11:14:17+00:00\" \/>\n<meta property=\"article:modified_time\" content=\"2025-02-07T14:51:46+00:00\" \/>\n<meta property=\"og:image\" content=\"https:\/\/wobronietradycjiiwiary.com\/wp-content\/uploads\/2023\/12\/web3-saint-michael-evil-prayer-eugecc80ne-delacroix-public-domain.jpg\" \/>\n\t<meta property=\"og:image:width\" content=\"620\" \/>\n\t<meta property=\"og:image:height\" content=\"310\" \/>\n\t<meta property=\"og:image:type\" content=\"image\/jpeg\" \/>\n<meta name=\"author\" content=\"Traditio et Fides\" \/>\n<meta name=\"twitter:card\" content=\"summary_large_image\" \/>\n<meta name=\"twitter:label1\" content=\"Written by\" \/>\n\t<meta name=\"twitter:data1\" content=\"Traditio et Fides\" \/>\n\t<meta name=\"twitter:label2\" content=\"Est. reading time\" \/>\n\t<meta name=\"twitter:data2\" content=\"2 minutes\" \/>\n<script type=\"application\/ld+json\" class=\"yoast-schema-graph\">{\"@context\":\"https:\\\/\\\/schema.org\",\"@graph\":[{\"@type\":\"Article\",\"@id\":\"https:\\\/\\\/wobronietradycjiiwiary.com\\\/czy-papiez-jest-katolikiem-lub-anglojezyczna-konferencja-na-youtube\\\/#article\",\"isPartOf\":{\"@id\":\"https:\\\/\\\/wobronietradycjiiwiary.com\\\/czy-papiez-jest-katolikiem-lub-anglojezyczna-konferencja-na-youtube\\\/\"},\"author\":{\"name\":\"Traditio et Fides\",\"@id\":\"https:\\\/\\\/wobronietradycjiiwiary.com\\\/pl\\\/#\\\/schema\\\/person\\\/2d6180ce6abcb681fef0daab7816e8f3\"},\"headline\":\"&#8220;Czy papie\u017c jest katolikiem?&#8221; lub angloj\u0119zyczna konferencja na youtube\",\"datePublished\":\"2023-12-11T11:14:17+00:00\",\"dateModified\":\"2025-02-07T14:51:46+00:00\",\"mainEntityOfPage\":{\"@id\":\"https:\\\/\\\/wobronietradycjiiwiary.com\\\/czy-papiez-jest-katolikiem-lub-anglojezyczna-konferencja-na-youtube\\\/\"},\"wordCount\":223,\"commentCount\":0,\"publisher\":{\"@id\":\"https:\\\/\\\/wobronietradycjiiwiary.com\\\/pl\\\/#organization\"},\"image\":{\"@id\":\"https:\\\/\\\/wobronietradycjiiwiary.com\\\/czy-papiez-jest-katolikiem-lub-anglojezyczna-konferencja-na-youtube\\\/#primaryimage\"},\"thumbnailUrl\":\"https:\\\/\\\/wobronietradycjiiwiary.com\\\/wp-content\\\/uploads\\\/2023\\\/12\\\/web3-saint-michael-evil-prayer-eugecc80ne-delacroix-public-domain.jpg\",\"keywords\":[\"Restricted\"],\"articleSection\":[\"4. Franciszek\",\"Abp. Vigano\",\"Ann Barnhardt\",\"Apologetyka i polemika\",\"Autorzy polemiczni\",\"Polemika\"],\"inLanguage\":\"en-US\",\"potentialAction\":[{\"@type\":\"CommentAction\",\"name\":\"Comment\",\"target\":[\"https:\\\/\\\/wobronietradycjiiwiary.com\\\/czy-papiez-jest-katolikiem-lub-anglojezyczna-konferencja-na-youtube\\\/#respond\"]}]},{\"@type\":\"WebPage\",\"@id\":\"https:\\\/\\\/wobronietradycjiiwiary.com\\\/czy-papiez-jest-katolikiem-lub-anglojezyczna-konferencja-na-youtube\\\/\",\"url\":\"https:\\\/\\\/wobronietradycjiiwiary.com\\\/czy-papiez-jest-katolikiem-lub-anglojezyczna-konferencja-na-youtube\\\/\",\"name\":\"\\\"Czy papie\u017c jest katolikiem?\\\" lub angloj\u0119zyczna konferencja na youtube - Tradycja i Wiara\",\"isPartOf\":{\"@id\":\"https:\\\/\\\/wobronietradycjiiwiary.com\\\/pl\\\/#website\"},\"primaryImageOfPage\":{\"@id\":\"https:\\\/\\\/wobronietradycjiiwiary.com\\\/czy-papiez-jest-katolikiem-lub-anglojezyczna-konferencja-na-youtube\\\/#primaryimage\"},\"image\":{\"@id\":\"https:\\\/\\\/wobronietradycjiiwiary.com\\\/czy-papiez-jest-katolikiem-lub-anglojezyczna-konferencja-na-youtube\\\/#primaryimage\"},\"thumbnailUrl\":\"https:\\\/\\\/wobronietradycjiiwiary.com\\\/wp-content\\\/uploads\\\/2023\\\/12\\\/web3-saint-michael-evil-prayer-eugecc80ne-delacroix-public-domain.jpg\",\"datePublished\":\"2023-12-11T11:14:17+00:00\",\"dateModified\":\"2025-02-07T14:51:46+00:00\",\"breadcrumb\":{\"@id\":\"https:\\\/\\\/wobronietradycjiiwiary.com\\\/czy-papiez-jest-katolikiem-lub-anglojezyczna-konferencja-na-youtube\\\/#breadcrumb\"},\"inLanguage\":\"en-US\",\"potentialAction\":[{\"@type\":\"ReadAction\",\"target\":[\"https:\\\/\\\/wobronietradycjiiwiary.com\\\/czy-papiez-jest-katolikiem-lub-anglojezyczna-konferencja-na-youtube\\\/\"]}]},{\"@type\":\"ImageObject\",\"inLanguage\":\"en-US\",\"@id\":\"https:\\\/\\\/wobronietradycjiiwiary.com\\\/czy-papiez-jest-katolikiem-lub-anglojezyczna-konferencja-na-youtube\\\/#primaryimage\",\"url\":\"https:\\\/\\\/wobronietradycjiiwiary.com\\\/wp-content\\\/uploads\\\/2023\\\/12\\\/web3-saint-michael-evil-prayer-eugecc80ne-delacroix-public-domain.jpg\",\"contentUrl\":\"https:\\\/\\\/wobronietradycjiiwiary.com\\\/wp-content\\\/uploads\\\/2023\\\/12\\\/web3-saint-michael-evil-prayer-eugecc80ne-delacroix-public-domain.jpg\",\"width\":620,\"height\":310},{\"@type\":\"BreadcrumbList\",\"@id\":\"https:\\\/\\\/wobronietradycjiiwiary.com\\\/czy-papiez-jest-katolikiem-lub-anglojezyczna-konferencja-na-youtube\\\/#breadcrumb\",\"itemListElement\":[{\"@type\":\"ListItem\",\"position\":1,\"name\":\"Strona g\u0142\u00f3wna\",\"item\":\"https:\\\/\\\/wobronietradycjiiwiary.com\\\/\"},{\"@type\":\"ListItem\",\"position\":2,\"name\":\"&#8220;Czy papie\u017c jest katolikiem?&#8221; lub angloj\u0119zyczna konferencja na youtube\"}]},{\"@type\":\"WebSite\",\"@id\":\"https:\\\/\\\/wobronietradycjiiwiary.com\\\/pl\\\/#website\",\"url\":\"https:\\\/\\\/wobronietradycjiiwiary.com\\\/pl\\\/\",\"name\":\"Tradycja i Wiara\",\"description\":\"Portal dla katolik\u00f3w.\",\"publisher\":{\"@id\":\"https:\\\/\\\/wobronietradycjiiwiary.com\\\/pl\\\/#organization\"},\"potentialAction\":[{\"@type\":\"SearchAction\",\"target\":{\"@type\":\"EntryPoint\",\"urlTemplate\":\"https:\\\/\\\/wobronietradycjiiwiary.com\\\/pl\\\/?s={search_term_string}\"},\"query-input\":{\"@type\":\"PropertyValueSpecification\",\"valueRequired\":true,\"valueName\":\"search_term_string\"}}],\"inLanguage\":\"en-US\"},{\"@type\":\"Organization\",\"@id\":\"https:\\\/\\\/wobronietradycjiiwiary.com\\\/pl\\\/#organization\",\"name\":\"Tradycja i Wiara\",\"url\":\"https:\\\/\\\/wobronietradycjiiwiary.com\\\/pl\\\/\",\"logo\":{\"@type\":\"ImageObject\",\"inLanguage\":\"en-US\",\"@id\":\"https:\\\/\\\/wobronietradycjiiwiary.com\\\/pl\\\/#\\\/schema\\\/logo\\\/image\\\/\",\"url\":\"https:\\\/\\\/i0.wp.com\\\/wobronietradycjiiwiary.com\\\/wp-content\\\/uploads\\\/2015\\\/10\\\/cropped-st-peters-dome-vatican.jpg?fit=940%2C198&ssl=1\",\"contentUrl\":\"https:\\\/\\\/i0.wp.com\\\/wobronietradycjiiwiary.com\\\/wp-content\\\/uploads\\\/2015\\\/10\\\/cropped-st-peters-dome-vatican.jpg?fit=940%2C198&ssl=1\",\"width\":940,\"height\":198,\"caption\":\"Tradycja i Wiara\"},\"image\":{\"@id\":\"https:\\\/\\\/wobronietradycjiiwiary.com\\\/pl\\\/#\\\/schema\\\/logo\\\/image\\\/\"},\"sameAs\":[\"https:\\\/\\\/www.facebook.com\\\/Tradycja-i-Wiara-108813920592249\"]},{\"@type\":\"Person\",\"@id\":\"https:\\\/\\\/wobronietradycjiiwiary.com\\\/pl\\\/#\\\/schema\\\/person\\\/2d6180ce6abcb681fef0daab7816e8f3\",\"name\":\"Traditio et Fides\",\"sameAs\":[\"https:\\\/\\\/traditionundglauben.com\"],\"url\":\"https:\\\/\\\/wobronietradycjiiwiary.com\\\/en\\\/author\\\/wobronietradycjiiwiary\\\/\"}]}<\/script>\n<!-- \/ Yoast SEO plugin. -->","yoast_head_json":{"title":"\"Czy papie\u017c jest katolikiem?\" lub angloj\u0119zyczna konferencja na youtube - Tradycja i Wiara","robots":{"index":"index","follow":"follow","max-snippet":"max-snippet:-1","max-image-preview":"max-image-preview:large","max-video-preview":"max-video-preview:-1"},"canonical":"https:\/\/wobronietradycjiiwiary.com\/en\/czy-papiez-jest-katolikiem-lub-anglojezyczna-konferencja-na-youtube\/","og_locale":"en_US","og_type":"article","og_title":"\"Czy papie\u017c jest katolikiem?\" lub angloj\u0119zyczna konferencja na youtube - Tradycja i Wiara","og_description":"O konferencji pt. \"Czy papie\u017c jest katolikiem?\"","og_url":"https:\/\/wobronietradycjiiwiary.com\/en\/czy-papiez-jest-katolikiem-lub-anglojezyczna-konferencja-na-youtube\/","og_site_name":"Tradycja i Wiara","article_publisher":"https:\/\/www.facebook.com\/Tradycja-i-Wiara-108813920592249","article_published_time":"2023-12-11T11:14:17+00:00","article_modified_time":"2025-02-07T14:51:46+00:00","og_image":[{"width":620,"height":310,"url":"https:\/\/wobronietradycjiiwiary.com\/wp-content\/uploads\/2023\/12\/web3-saint-michael-evil-prayer-eugecc80ne-delacroix-public-domain.jpg","type":"image\/jpeg"}],"author":"Traditio et Fides","twitter_card":"summary_large_image","twitter_misc":{"Written by":"Traditio et Fides","Est. reading time":"2 minutes"},"schema":{"@context":"https:\/\/schema.org","@graph":[{"@type":"Article","@id":"https:\/\/wobronietradycjiiwiary.com\/czy-papiez-jest-katolikiem-lub-anglojezyczna-konferencja-na-youtube\/#article","isPartOf":{"@id":"https:\/\/wobronietradycjiiwiary.com\/czy-papiez-jest-katolikiem-lub-anglojezyczna-konferencja-na-youtube\/"},"author":{"name":"Traditio et Fides","@id":"https:\/\/wobronietradycjiiwiary.com\/pl\/#\/schema\/person\/2d6180ce6abcb681fef0daab7816e8f3"},"headline":"&#8220;Czy papie\u017c jest katolikiem?&#8221; lub angloj\u0119zyczna konferencja na youtube","datePublished":"2023-12-11T11:14:17+00:00","dateModified":"2025-02-07T14:51:46+00:00","mainEntityOfPage":{"@id":"https:\/\/wobronietradycjiiwiary.com\/czy-papiez-jest-katolikiem-lub-anglojezyczna-konferencja-na-youtube\/"},"wordCount":223,"commentCount":0,"publisher":{"@id":"https:\/\/wobronietradycjiiwiary.com\/pl\/#organization"},"image":{"@id":"https:\/\/wobronietradycjiiwiary.com\/czy-papiez-jest-katolikiem-lub-anglojezyczna-konferencja-na-youtube\/#primaryimage"},"thumbnailUrl":"https:\/\/wobronietradycjiiwiary.com\/wp-content\/uploads\/2023\/12\/web3-saint-michael-evil-prayer-eugecc80ne-delacroix-public-domain.jpg","keywords":["Restricted"],"articleSection":["4. Franciszek","Abp. Vigano","Ann Barnhardt","Apologetyka i polemika","Autorzy polemiczni","Polemika"],"inLanguage":"en-US","potentialAction":[{"@type":"CommentAction","name":"Comment","target":["https:\/\/wobronietradycjiiwiary.com\/czy-papiez-jest-katolikiem-lub-anglojezyczna-konferencja-na-youtube\/#respond"]}]},{"@type":"WebPage","@id":"https:\/\/wobronietradycjiiwiary.com\/czy-papiez-jest-katolikiem-lub-anglojezyczna-konferencja-na-youtube\/","url":"https:\/\/wobronietradycjiiwiary.com\/czy-papiez-jest-katolikiem-lub-anglojezyczna-konferencja-na-youtube\/","name":"\"Czy papie\u017c jest katolikiem?\" lub angloj\u0119zyczna konferencja na youtube - Tradycja i Wiara","isPartOf":{"@id":"https:\/\/wobronietradycjiiwiary.com\/pl\/#website"},"primaryImageOfPage":{"@id":"https:\/\/wobronietradycjiiwiary.com\/czy-papiez-jest-katolikiem-lub-anglojezyczna-konferencja-na-youtube\/#primaryimage"},"image":{"@id":"https:\/\/wobronietradycjiiwiary.com\/czy-papiez-jest-katolikiem-lub-anglojezyczna-konferencja-na-youtube\/#primaryimage"},"thumbnailUrl":"https:\/\/wobronietradycjiiwiary.com\/wp-content\/uploads\/2023\/12\/web3-saint-michael-evil-prayer-eugecc80ne-delacroix-public-domain.jpg","datePublished":"2023-12-11T11:14:17+00:00","dateModified":"2025-02-07T14:51:46+00:00","breadcrumb":{"@id":"https:\/\/wobronietradycjiiwiary.com\/czy-papiez-jest-katolikiem-lub-anglojezyczna-konferencja-na-youtube\/#breadcrumb"},"inLanguage":"en-US","potentialAction":[{"@type":"ReadAction","target":["https:\/\/wobronietradycjiiwiary.com\/czy-papiez-jest-katolikiem-lub-anglojezyczna-konferencja-na-youtube\/"]}]},{"@type":"ImageObject","inLanguage":"en-US","@id":"https:\/\/wobronietradycjiiwiary.com\/czy-papiez-jest-katolikiem-lub-anglojezyczna-konferencja-na-youtube\/#primaryimage","url":"https:\/\/wobronietradycjiiwiary.com\/wp-content\/uploads\/2023\/12\/web3-saint-michael-evil-prayer-eugecc80ne-delacroix-public-domain.jpg","contentUrl":"https:\/\/wobronietradycjiiwiary.com\/wp-content\/uploads\/2023\/12\/web3-saint-michael-evil-prayer-eugecc80ne-delacroix-public-domain.jpg","width":620,"height":310},{"@type":"BreadcrumbList","@id":"https:\/\/wobronietradycjiiwiary.com\/czy-papiez-jest-katolikiem-lub-anglojezyczna-konferencja-na-youtube\/#breadcrumb","itemListElement":[{"@type":"ListItem","position":1,"name":"Strona g\u0142\u00f3wna","item":"https:\/\/wobronietradycjiiwiary.com\/"},{"@type":"ListItem","position":2,"name":"&#8220;Czy papie\u017c jest katolikiem?&#8221; lub angloj\u0119zyczna konferencja na youtube"}]},{"@type":"WebSite","@id":"https:\/\/wobronietradycjiiwiary.com\/pl\/#website","url":"https:\/\/wobronietradycjiiwiary.com\/pl\/","name":"Tradycja i Wiara","description":"Portal dla katolik\u00f3w.","publisher":{"@id":"https:\/\/wobronietradycjiiwiary.com\/pl\/#organization"},"potentialAction":[{"@type":"SearchAction","target":{"@type":"EntryPoint","urlTemplate":"https:\/\/wobronietradycjiiwiary.com\/pl\/?s={search_term_string}"},"query-input":{"@type":"PropertyValueSpecification","valueRequired":true,"valueName":"search_term_string"}}],"inLanguage":"en-US"},{"@type":"Organization","@id":"https:\/\/wobronietradycjiiwiary.com\/pl\/#organization","name":"Tradycja i Wiara","url":"https:\/\/wobronietradycjiiwiary.com\/pl\/","logo":{"@type":"ImageObject","inLanguage":"en-US","@id":"https:\/\/wobronietradycjiiwiary.com\/pl\/#\/schema\/logo\/image\/","url":"https:\/\/i0.wp.com\/wobronietradycjiiwiary.com\/wp-content\/uploads\/2015\/10\/cropped-st-peters-dome-vatican.jpg?fit=940%2C198&ssl=1","contentUrl":"https:\/\/i0.wp.com\/wobronietradycjiiwiary.com\/wp-content\/uploads\/2015\/10\/cropped-st-peters-dome-vatican.jpg?fit=940%2C198&ssl=1","width":940,"height":198,"caption":"Tradycja i Wiara"},"image":{"@id":"https:\/\/wobronietradycjiiwiary.com\/pl\/#\/schema\/logo\/image\/"},"sameAs":["https:\/\/www.facebook.com\/Tradycja-i-Wiara-108813920592249"]},{"@type":"Person","@id":"https:\/\/wobronietradycjiiwiary.com\/pl\/#\/schema\/person\/2d6180ce6abcb681fef0daab7816e8f3","name":"Traditio et Fides","sameAs":["https:\/\/traditionundglauben.com"],"url":"https:\/\/wobronietradycjiiwiary.com\/en\/author\/wobronietradycjiiwiary\/"}]}},"jetpack_publicize_connections":[],"jetpack_sharing_enabled":true,"jetpack_likes_enabled":true,"jetpack_shortlink":"https:\/\/wp.me\/pc04Sd-sge","jetpack-related-posts":[{"id":9579,"url":"https:\/\/wobronietradycjiiwiary.com\/en\/franciszek-antypapiezem-wedlug-ann-barnhardt\/","url_meta":{"origin":108638,"position":0},"title":"Franciszek antypapie\u017cem wed\u0142ug Ann Barnhardt","author":"Traditio et Fides","date":"22 June 2016","format":false,"excerpt":"Chocia\u017c przygotowali\u015bmy sporo spokojnych wpis\u00f3w z dzia\u0142u filozofii i teologii wieczystej, to nast\u0105pi w tym miejscu kolejny aktualny wpis dotycz\u0105cy tego, o czym m\u00f3wi i pisze obecnie katolicki \u015bwiat angloj\u0119zyczny. Dzi\u0119ki bratniej stronie onepeterfive.com dowiedzieli\u015bmy si\u0119 o kolejnym bij\u0105cym w trzewia artykule Ann Barnhardt, z kt\u00f3rym Steven Skojec dosy\u0107 spolegliwie\u2026","rel":"","context":"In &quot;3. Benedykt XVI&quot;","block_context":{"text":"3. Benedykt XVI","link":"https:\/\/wobronietradycjiiwiary.com\/en\/category\/polemika\/kosciol-posoborowy\/papieze\/benedykt-xvi-abdykacja\/"},"img":{"alt_text":"","src":"https:\/\/i0.wp.com\/wobronietradycjiiwiary.com\/wp-content\/uploads\/2016\/06\/the-fall-of-the-rebellious-angels.jpg?resize=350%2C200&ssl=1","width":350,"height":200,"srcset":"https:\/\/i0.wp.com\/wobronietradycjiiwiary.com\/wp-content\/uploads\/2016\/06\/the-fall-of-the-rebellious-angels.jpg?resize=350%2C200&ssl=1 1x, https:\/\/i0.wp.com\/wobronietradycjiiwiary.com\/wp-content\/uploads\/2016\/06\/the-fall-of-the-rebellious-angels.jpg?resize=525%2C300&ssl=1 1.5x, https:\/\/i0.wp.com\/wobronietradycjiiwiary.com\/wp-content\/uploads\/2016\/06\/the-fall-of-the-rebellious-angels.jpg?resize=700%2C400&ssl=1 2x"},"classes":[]},{"id":70384,"url":"https:\/\/wobronietradycjiiwiary.com\/en\/objawienia-prywatne-o-rodrigue-lub-ponownie-o-tym-czy-ann-barnhardt-jest-opetana\/","url_meta":{"origin":108638,"position":1},"title":"Objawienia prywatne o. Rodrigue lub ponownie o tym, czy Ann Barnhardt jest op\u0119tana?","author":"Traditio et Fides","date":"19 May 2022","format":false,"excerpt":"Czas lektury: 6 minut Apokaliptyczny filmik i jego rozbi\u00f3r teologiczny Pisz\u0105cy te s\u0142owa rzadko ogl\u0105da telewizj\u0119, cz\u0119\u015bciej youtube czekaj\u0105c na to, co te\u017c przygotowa\u0142 dla niego algorytm. I w\u0142a\u015bnie w ten spos\u00f3b zetkn\u0105\u0142 si\u0119 kilka dni temu z czym\u015b, czego by w inny spos\u00f3b nie odkry\u0142, a chwilowe od\u0142\u0105czenie internetu\u2026","rel":"","context":"In &quot;Apokaliptyka&quot;","block_context":{"text":"Apokaliptyka","link":"https:\/\/wobronietradycjiiwiary.com\/en\/category\/polemika\/apokaliptyka-2\/"},"img":{"alt_text":"","src":"https:\/\/i0.wp.com\/wobronietradycjiiwiary.com\/wp-content\/uploads\/2022\/05\/338f20d0324b2e9bfcdd310b8cc20804.jpg?resize=350%2C200&ssl=1","width":350,"height":200,"srcset":"https:\/\/i0.wp.com\/wobronietradycjiiwiary.com\/wp-content\/uploads\/2022\/05\/338f20d0324b2e9bfcdd310b8cc20804.jpg?resize=350%2C200&ssl=1 1x, https:\/\/i0.wp.com\/wobronietradycjiiwiary.com\/wp-content\/uploads\/2022\/05\/338f20d0324b2e9bfcdd310b8cc20804.jpg?resize=525%2C300&ssl=1 1.5x"},"classes":[]},{"id":11320,"url":"https:\/\/wobronietradycjiiwiary.com\/en\/ann-barnhardt-pociac-ten-bzdet-32-pytania-i-dosadne-odpowiedzi-dotyczace-kosciola-katolickiego-i-antypapieza-bergoglio\/","url_meta":{"origin":108638,"position":2},"title":"Ann Barnhardt, Poci\u0105\u0107 ten bzdet: 32 Pytania i dosadne odpowiedzi dotycz\u0105ce Ko\u015bcio\u0142a Katolickiego i antypapie\u017ca Bergoglio","author":"Traditio et Fides","date":"28 January 2017","format":false,"excerpt":"\u00a0 S\u0105dz\u0105c po mojej skrzynce emailowej \u00a0i r\u00f3\u017cnych komentarzach w internecie stwierdzam, \u017ce coraz wi\u0119cej ludzi jest zgorszonych i traci swoj\u0105 wiar\u0119 ka\u017cdego dnia. Jednym z powod\u00f3w, dla kt\u00f3rych s\u0105 zgorszeni jest to, \u017ce wszystko, co czytaj\u0105 na stronach, nale\u017c\u0105cych do konserwatywnego lub tradycjonalistycznego skrzyd\u0142a Ko\u015bcio\u0142a jest g\u0142\u0119boko niesatysfakcjonuj\u0105ce, \u017ceby\u2026","rel":"","context":"In &quot;3. Benedykt XVI&quot;","block_context":{"text":"3. Benedykt XVI","link":"https:\/\/wobronietradycjiiwiary.com\/en\/category\/polemika\/kosciol-posoborowy\/papieze\/benedykt-xvi-abdykacja\/"},"img":{"alt_text":"","src":"https:\/\/i0.wp.com\/wobronietradycjiiwiary.com\/wp-content\/uploads\/2017\/01\/valentin_de_boulogne_judith_and_holofernes.jpg?resize=350%2C200&ssl=1","width":350,"height":200,"srcset":"https:\/\/i0.wp.com\/wobronietradycjiiwiary.com\/wp-content\/uploads\/2017\/01\/valentin_de_boulogne_judith_and_holofernes.jpg?resize=350%2C200&ssl=1 1x, https:\/\/i0.wp.com\/wobronietradycjiiwiary.com\/wp-content\/uploads\/2017\/01\/valentin_de_boulogne_judith_and_holofernes.jpg?resize=525%2C300&ssl=1 1.5x, https:\/\/i0.wp.com\/wobronietradycjiiwiary.com\/wp-content\/uploads\/2017\/01\/valentin_de_boulogne_judith_and_holofernes.jpg?resize=700%2C400&ssl=1 2x, https:\/\/i0.wp.com\/wobronietradycjiiwiary.com\/wp-content\/uploads\/2017\/01\/valentin_de_boulogne_judith_and_holofernes.jpg?resize=1050%2C600&ssl=1 3x"},"classes":[]},{"id":12217,"url":"https:\/\/wobronietradycjiiwiary.com\/en\/poslowie-po-demonicznych-narcystach-lub-czy-ann-barnhardt-jest-opetana\/","url_meta":{"origin":108638,"position":3},"title":"Pos\u0142owie po \u201edemonicznych narcystach\u201d lub czy Ann Barnhardt jest op\u0119tana?","author":"Traditio et Fides","date":"19 April 2017","format":false,"excerpt":"Cieszy nas wra\u017cliwo\u015b\u0107 duchowa i reakcja naszych czytelnik\u00f3w, kt\u00f3rzy pisz\u0105, \u017ce po lekturze \u201eDiabolicznych narcyst\u00f3w\u201d Ann Barnhardt czuj\u0105 dyskomfort duchowy, a niekt\u00f3rzy nawet prze\u017cywaj\u0105 dr\u0119czenia. Czy cieszy nas, \u017ce cierpi\u0105? Nie, ale cieszy nas, \u017ce na tre\u015bci przedstawiaj\u0105ce ciemn\u0105 stron\u0119 rzeczywisto\u015bci reaguj\u0119 poprawnie. Je\u017celi bowiem ameryka\u0144ska autorka pisze o ludziach,\u2026","rel":"","context":"In &quot;Ann Barnhardt&quot;","block_context":{"text":"Ann Barnhardt","link":"https:\/\/wobronietradycjiiwiary.com\/en\/category\/polemika\/autorzy-polemiczni\/ann-barnhardt\/"},"img":{"alt_text":"66b472721b111743d8a52d864c818f40","src":"https:\/\/i0.wp.com\/wobronietradycjiiwiary.com\/wp-content\/uploads\/2017\/04\/66b472721b111743d8a52d864c818f40.jpg?resize=350%2C200&ssl=1","width":350,"height":200,"srcset":"https:\/\/i0.wp.com\/wobronietradycjiiwiary.com\/wp-content\/uploads\/2017\/04\/66b472721b111743d8a52d864c818f40.jpg?resize=350%2C200&ssl=1 1x, https:\/\/i0.wp.com\/wobronietradycjiiwiary.com\/wp-content\/uploads\/2017\/04\/66b472721b111743d8a52d864c818f40.jpg?resize=525%2C300&ssl=1 1.5x"},"classes":[]},{"id":83391,"url":"https:\/\/wobronietradycjiiwiary.com\/en\/przeczucia-inaczej-lub-czy-benedykt-xvi-byl-katechonem\/","url_meta":{"origin":108638,"position":4},"title":"Przeczucia inaczej lub czy Benedykt XVI by\u0142 &#8220;katechonem&#8221;?","author":"Traditio et Fides","date":"2 January 2023","format":false,"excerpt":"Czy Benedykt XVI by\u0142 \"katechonem\"?","rel":"","context":"In &quot;B XVI \u015bmier\u0107&quot;","block_context":{"text":"B XVI \u015bmier\u0107","link":"https:\/\/wobronietradycjiiwiary.com\/en\/category\/polemika\/kosciol-posoborowy\/papieze\/benedykt-xvi-abdykacja\/b-xvi-smierc\/"},"img":{"alt_text":"","src":"https:\/\/i0.wp.com\/wobronietradycjiiwiary.com\/wp-content\/uploads\/2023\/01\/Puchatek-i-prosiaczek.jpeg?resize=350%2C200&ssl=1","width":350,"height":200,"srcset":"https:\/\/i0.wp.com\/wobronietradycjiiwiary.com\/wp-content\/uploads\/2023\/01\/Puchatek-i-prosiaczek.jpeg?resize=350%2C200&ssl=1 1x, https:\/\/i0.wp.com\/wobronietradycjiiwiary.com\/wp-content\/uploads\/2023\/01\/Puchatek-i-prosiaczek.jpeg?resize=525%2C300&ssl=1 1.5x, https:\/\/i0.wp.com\/wobronietradycjiiwiary.com\/wp-content\/uploads\/2023\/01\/Puchatek-i-prosiaczek.jpeg?resize=700%2C400&ssl=1 2x"},"classes":[]},{"id":11324,"url":"https:\/\/wobronietradycjiiwiary.com\/en\/ann-barnhardt-i-analityczne-ciecie-miecza\/","url_meta":{"origin":108638,"position":5},"title":"Ann Barnhardt i analityczne ci\u0119cie miecza","author":"Traditio et Fides","date":"28 January 2017","format":false,"excerpt":"Niniejszym przedstawiamy w kolejnym bardzo dobrym t\u0142umaczeniu naszego czytelnika efati tekst Ann Barnhardt Poci\u0105\u0107 ten bzdet rozwiewaj\u0105cy wi\u0119kszo\u015b\u0107 w\u0105tpliwo\u015bci, z kt\u00f3rymi walcz\u0105 wierni katolicy. Tekst ten tak bardzo m\u00f3wi z serca naszej redakcji, \u017ce pisz\u0105cy te s\u0142owa chcia\u0142by Ann Barnhardt obj\u0105\u0107 i u\u015bciska\u0107 i dobrze, \u017ce zadecydowa\u0142 \u017cy\u0107 w celibacie,\u2026","rel":"","context":"In &quot;Ann Barnhardt&quot;","block_context":{"text":"Ann Barnhardt","link":"https:\/\/wobronietradycjiiwiary.com\/en\/category\/polemika\/autorzy-polemiczni\/ann-barnhardt\/"},"img":{"alt_text":"","src":"https:\/\/i0.wp.com\/wobronietradycjiiwiary.com\/wp-content\/uploads\/2017\/01\/1-15-judith-titian_1515-1.jpg?resize=350%2C200&ssl=1","width":350,"height":200,"srcset":"https:\/\/i0.wp.com\/wobronietradycjiiwiary.com\/wp-content\/uploads\/2017\/01\/1-15-judith-titian_1515-1.jpg?resize=350%2C200&ssl=1 1x, https:\/\/i0.wp.com\/wobronietradycjiiwiary.com\/wp-content\/uploads\/2017\/01\/1-15-judith-titian_1515-1.jpg?resize=525%2C300&ssl=1 1.5x"},"classes":[]}],"amp_enabled":true,"jetpack_featured_media_url":"https:\/\/wobronietradycjiiwiary.com\/wp-content\/uploads\/2023\/12\/web3-saint-michael-evil-prayer-eugecc80ne-delacroix-public-domain.jpg","_links":{"self":[{"href":"https:\/\/wobronietradycjiiwiary.com\/en\/wp-json\/wp\/v2\/posts\/108638","targetHints":{"allow":["GET"]}}],"collection":[{"href":"https:\/\/wobronietradycjiiwiary.com\/en\/wp-json\/wp\/v2\/posts"}],"about":[{"href":"https:\/\/wobronietradycjiiwiary.com\/en\/wp-json\/wp\/v2\/types\/post"}],"author":[{"embeddable":true,"href":"https:\/\/wobronietradycjiiwiary.com\/en\/wp-json\/wp\/v2\/users\/60508433"}],"replies":[{"embeddable":true,"href":"https:\/\/wobronietradycjiiwiary.com\/en\/wp-json\/wp\/v2\/comments?post=108638"}],"version-history":[{"count":14,"href":"https:\/\/wobronietradycjiiwiary.com\/en\/wp-json\/wp\/v2\/posts\/108638\/revisions"}],"predecessor-version":[{"id":108687,"href":"https:\/\/wobronietradycjiiwiary.com\/en\/wp-json\/wp\/v2\/posts\/108638\/revisions\/108687"}],"wp:featuredmedia":[{"embeddable":true,"href":"https:\/\/wobronietradycjiiwiary.com\/en\/wp-json\/wp\/v2\/media\/108647"}],"wp:attachment":[{"href":"https:\/\/wobronietradycjiiwiary.com\/en\/wp-json\/wp\/v2\/media?parent=108638"}],"wp:term":[{"taxonomy":"category","embeddable":true,"href":"https:\/\/wobronietradycjiiwiary.com\/en\/wp-json\/wp\/v2\/categories?post=108638"},{"taxonomy":"post_tag","embeddable":true,"href":"https:\/\/wobronietradycjiiwiary.com\/en\/wp-json\/wp\/v2\/tags?post=108638"}],"curies":[{"name":"wp","href":"https:\/\/api.w.org\/{rel}","templated":true}]}}