{"id":108451,"date":"2023-12-16T08:15:25","date_gmt":"2023-12-16T07:15:25","guid":{"rendered":"https:\/\/wobronietradycjiiwiary.com\/?p=108451"},"modified":"2025-02-10T11:14:56","modified_gmt":"2025-02-10T10:14:56","slug":"16-go-grudnia-zywot-swietej-adeli-cesarzowej-2-2","status":"publish","type":"post","link":"https:\/\/wobronietradycjiiwiary.com\/en\/16-go-grudnia-zywot-swietej-adeli-cesarzowej-2-2\/","title":{"rendered":"16-go Grudnia. \u017bywot \u015bwi\u0119tej Adeli, Cesarzowej."},"content":{"rendered":"<div id=\"bsf_rt_marker\"><\/div>\n<p class=\"has-text-align-center wp-block-paragraph\">(\u017by\u0142a oko\u0142o roku Pa\u0144skiego 999).<\/p>\n\n\n\n<figure class=\"wp-block-image\"><a href=\"https:\/\/pl.wikisource.org\/wiki\/Plik:%C5%BBywoty_%C5%9Bw._Pa%C5%84skich_na_wszystkie_dnie_roku-Inicja%C5%82-A.png\"><img decoding=\"async\" src=\"https:\/\/upload.wikimedia.org\/wikipedia\/commons\/thumb\/1\/1a\/%C5%BBywoty_%C5%9Bw._Pa%C5%84skich_na_wszystkie_dnie_roku-Inicja%C5%82-A.png\/55px-%C5%BBywoty_%C5%9Bw._Pa%C5%84skich_na_wszystkie_dnie_roku-Inicja%C5%82-A.png\" alt=\"A\"\/><\/a><\/figure>\n\n\n\n<p class=\"has-text-align-justify wp-block-paragraph\">Adela by\u0142a c\u00f3rk\u0105 Rudolfa II, kr\u00f3la Burgundyi i Berty, ksi\u0119\u017cniczki szwabskiej, a po \u015bmierci ojca wychowanie swe otrzyma\u0142a od pobo\u017cnej matki. Wyr\u00f3s\u0142szy na dziewic\u0119 ja\u015bniej\u0105c\u0105 nie tylko niepospolitymi wdzi\u0119kami, ale te\u017c i anielsk\u0105 niewinno\u015bci\u0105, posz\u0142a za Lotaryusza, kr\u00f3la w\u0142oskiego, licz\u0105c zaledwie lat 16. Nie d\u0142ugo jednak potem Berengaryusz, margrabia Ivrei, pozbawi\u0142 jej m\u0119\u017ca \u017cycia, a j\u0105 korony, poczem przyw\u0142aszczywszy sobie koron\u0119 w\u0142osk\u0105, \u017c\u0105da\u0142 od m\u0142odej wdowy r\u0119ki dla syna Adalberta. Adela odrzuci\u0142a z oburzeniem to \u017c\u0105danie, za co Berengaryusz kaza\u0142 j\u0105 wi\u0119zi\u0107 w zamku i obchodzi\u0107 si\u0119 z ni\u0105 jak ze zbrodniark\u0105. Nag\u0142\u0105 t\u0119 zmian\u0119 znios\u0142a z poddaniem si\u0119 woli Bo\u017cej, ca\u0142owa\u0142a r\u0119k\u0119, kt\u00f3ra jej zada\u0142a ten cios bolesny, widz\u0105c, \u017ce r\u0119ka ta trzyma tak\u017ce klucz do jej wi\u0119zienia i w swoim czasie jej takowe otworzy. Jako te\u017c sta\u0142o si\u0119, i\u017c wierny jej kapelan Marcin u\u0142atwi\u0142 jej ucieczk\u0119 do warownego zamku Kanossy, a Berengaryusz daremnie sili\u0142 si\u0119 zdoby\u0107 warowni\u0119.<\/p>\n\n\n\n<p class=\"has-text-align-justify wp-block-paragraph\"><br>Tymczasem dosz\u0142a cesarza Ottona I wie\u015b\u0107 o utrapieniach Adeli. Natychmiast przeto wezwa\u0142 ksi\u0105\u017c\u0105t lennych pod swe sztandary, doby\u0142 miecza przeciw Berengaryuszowi, wyswobodzi\u0142 Adel\u0119 i poj\u0105\u0142 za \u017con\u0119, wr\u00f3ciwszy jej bezprawnie wydart\u0105 koron\u0119. Nies\u0142ychan\u0105 by\u0142a rado\u015b\u0107 ludu, kt\u00f3ry z uniesieniem wita\u0142 do\u015bwiadczon\u0105 w szkole nieszcz\u0119\u015b\u0107 monarchini\u0119. W nast\u0119pnym roku wr\u00f3ci\u0142a z m\u0119\u017cem do Niemiec, przyjmowana wsz\u0119dzie jak Anio\u0142 z Nieba.<\/p>\n\n\n\n<p class=\"has-text-align-justify wp-block-paragraph\"><br>\u2009Szcz\u0119\u015bliwe jej ma\u0142\u017ce\u0144stwo pob\u0142ogos\u0142awi\u0142 B\u00f3g czworgiem dziatek, kt\u00f3re jednak wszystkie pomar\u0142y, opr\u00f3cz najm\u0142odszego syna Ottona II. W pierwszych latach dzieci\u0144stwa mia\u0142a go pod swoj\u0105 macierzy\u0144sk\u0105 opiek\u0105, a p\u00f3\u017aniejsze jego wychowanie i wykszta\u0142cenie poruczy\u0142a s\u0142awnemu Brunonowi, Arcybiskupowi kolo\u0144skiemu, ca\u0142y za\u015b czas wolny po\u015bwi\u0119ci\u0142a modlitwie i dzie\u0142om dobroczynno\u015bci. Surowa, oszcz\u0119dna, nieub\u0142agana dla siebie, wielk\u0105 okazywa\u0142a dobro\u0107 wzgl\u0119dem biednych, chorych i uci\u015bnionych. Nadto hojnie uposa\u017ca\u0142a ko\u015bcio\u0142y i za\u0142o\u017cy\u0142a kilka klasztor\u00f3w dla m\u0142odzie\u017cy m\u0119skiej i \u017ce\u0144skiej, aby szerzy\u0107 o\u015bwiat\u0119 chrze\u015bcija\u0144sk\u0105 i \u015bci\u0105gn\u0105\u0107 na kraj i rodzin\u0119 b\u0142ogos\u0142awie\u0144stwo Niebios.<\/p>\n\n\n\n<p class=\"has-text-align-justify wp-block-paragraph\"><br>\u2009W roku 962 towarzyszy\u0142a m\u0119\u017cowi do W\u0142och, i otrzyma\u0142a wraz z nim z r\u0105k Papie\u017ca Jana XII koron\u0119 cesarsk\u0105. Zaszczycona najwy\u017csz\u0105 godno\u015bci\u0105, jak\u0105 ziemia da\u0107 mo\u017ce, pozosta\u0142a skromn\u0105 i pokorn\u0105. M\u0105\u017c przypuszcza\u0142 j\u0105 do udzia\u0142u w rz\u0105dzie, gdy\u017c odznacza\u0142a si\u0119 bystro\u015bci\u0105 i przezorno\u015bci\u0105. Wp\u0142ywu swego u\u017cywa\u0142a na korzy\u015b\u0107 i dobro Ko\u015bcio\u0142a katolickiego, popieranie o\u015bwiaty i zak\u0142adanie dobroczynnych zak\u0142ad\u00f3w. Szwajcarskie dokumenta klasztoru \u015bwi\u0119tego Maurycego w Wallis, Maryi-Einsiedeln, Peterlingen w Wandt, Biskupstw loza\u0144skiego i genewskiego, a nadto wiele niemieckich i w\u0142oskich dokument\u00f3w fundacyjnych wymienia j\u0105 wyra\u017anie jako wsp\u00f3\u0142fundatork\u0119. Najpi\u0119kniejszy dow\u00f3d zacno\u015bci duszy z\u0142o\u017cy\u0142a, powo\u0142awszy na sw\u00f3j dw\u00f3r dwie c\u00f3rki swego zawzi\u0119tego wroga Berengaryusza, kt\u00f3remi zaj\u0119\u0142a si\u0119 troskliwie jakby rodzona matka. W roku 973 wydar\u0142a jej \u015bmier\u0107 drogiego ma\u0142\u017conka, a na tron wst\u0105pi\u0142 m\u0142ody Otton II. Dwudziestoletniemu m\u0142odzianowi by\u0142a matka, obeznana z rz\u0105dami, niezb\u0119dn\u0105 nieomal pomocnic\u0105 i doradczyni\u0105. P\u00f3ki szed\u0142 za jej radami, rz\u0105dy by\u0142y szcz\u0119\u015bliwe, lecz skoro poj\u0105\u0142 za \u017con\u0119 greck\u0105 ksi\u0119\u017cniczk\u0119 Teofani\u0119, szcz\u0119\u015bcie go opu\u015bci\u0142o. Zarozumia\u0142a bowiem Greczynka i podli pochlebcy, nienawidz\u0105cy pobo\u017cn\u0105 Adel\u0119, tak dalece opanowali serce Ottona, \u017ce pu\u015bciwszy w niepami\u0119\u0107 cze\u015b\u0107 matce powinn\u0105, zacz\u0105\u0142 jej ubli\u017ca\u0107, dokucza\u0107, a\u017c nareszcie skaza\u0142 j\u0105 na wygnanie.<\/p>\n\n\n\n<p class=\"has-text-align-justify wp-block-paragraph\"><br>\u2009Czu\u0142e serce Adeli ledwie \u017ce z b\u00f3lu nie p\u0119k\u0142o. Z westchnieniem \u201eBo\u017ce, Ty znasz mi\u0142o\u015b\u0107 moj\u0105, Ty mnie nie odepchniesz! Zes\u0142a\u0142e\u015b na mnie ten cios, abym z mi\u0142o\u015bci dla dziecka nie zapomnia\u0142a o Tobie!\u201c opu\u015bci\u0142a progi domowe usuwaj\u0105c si\u0119 z oczu&nbsp;prze\u015bladowc\u00f3w i znalaz\u0142a przytu\u0142ek u brata Konrada, kr\u00f3la Burgundyi.<br><\/p>\n\n\n\n<p class=\"has-text-align-justify wp-block-paragraph\">\u2009Ca\u0142e Niemcy \u017ca\u0142owa\u0142y utraty nieocenionej matki. Otton II straci\u0142 szacunek wszelki, a Teofania sta\u0142a si\u0119 przedmiotem powszechnej nienawi\u015bci. Wszystko pocz\u0119\u0142o si\u0119 burzy\u0107, w ca\u0142em za\u015b cesarstwie wszcz\u0105\u0142 si\u0119 nie\u0142ad i zamieszanie. Majolus, Opat kluniacki, stan\u0105\u0142 \u015bmia\u0142o przed cesarzem, zarzuci\u0142 mu jawne zgorszenie, \u017ce on, zwierzchnik narodu zobowi\u0105zany do przestrzegania przykaza\u0144 Bo\u017cych, tak haniebnie pogwa\u0142ci\u0142 cze\u015b\u0107 winn\u0105 matce i pogrozi\u0142 mu gniewem Bo\u017cym. Otton serdeczny \u017cal okaza\u0142, przeprosi\u0142 pokornie obra\u017con\u0105 matk\u0119 i odda\u0142 jej rz\u0105dy W\u0142och.<\/p>\n\n\n\n<p class=\"has-text-align-justify wp-block-paragraph\"><br>\u2009Ale ju\u017c po trzech latach zala\u0142y si\u0119 jej oczy \u0142zami z powodu straty dwudziestodziewi\u0119cioletniego syna, kt\u00f3ry tak serdecznym \u017calem powetowa\u0142 wyrz\u0105dzon\u0105 jej niedawno krzywd\u0119. W imieniu nieletniego syna Ottona III rz\u0105dzi\u0142a tymczasowo Teofania, ale dumna jej i widoczna niech\u0119\u0107 do Adeli zrazi\u0142a do niej wszystkich poddanych. Niepow\u015bci\u0105gliwa w s\u0142owach cesarzowa odezwa\u0142a si\u0119 raz do jednej ze swych dworzanek: \u201eNiechaj tylko po\u017cyj\u0119 cho\u0107by z rok jeszcze, a Adela nie b\u0119dzie mia\u0142a pi\u0119dzi ziemi, nad kt\u00f3r\u0105by panowa\u0142a.\u201c Jako\u017c w tym samym jeszcze roku wybra\u0142a si\u0119 Teofania do W\u0142och i \u2014 w drodze umar\u0142a. Sprawdzi\u0142y si\u0119 przeto jej s\u0142owa, ale na niej samej. Otton III i magnaci prosili Adel\u0119, aby ster rz\u0105du pochwyci\u0142a, czemu si\u0119 ona przychyli\u0142a i rz\u0105dzi\u0142a w imieniu wnuka dop\u00f3ty, dop\u00f3ki ten\u017ce nie doszed\u0142 do pe\u0142noletno\u015bci; panowanie swe upami\u0119tni\u0142a dzie\u0142ami pobo\u017cno\u015bci i dobroczynno\u015bci. Potem cofn\u0119\u0142a si\u0119 od spraw publicznych, aby si\u0119 przygotowa\u0107 na \u015bmier\u0107. Przed zgonem raz tylko odby\u0142a kr\u00f3tk\u0105 wycieczk\u0119 do Burgundyi, celem przywr\u00f3cenie zgody mi\u0119dzy swym bratankiem Rudolfem III i zbuntowanymi magnatami krajowymi. W powrocie umar\u0142a w klasztorze Selz, 6 mil od Strasburga, dnia 16 grudnia 999 roku.<\/p>\n\n\n\n<h3 class=\"wp-block-heading\"><br><strong>Nauka moralna.<\/strong><\/h3>\n\n\n\n<p class=\"has-text-align-justify wp-block-paragraph\">\u2009\u201eSzcz\u0119\u015bliwym jest, kto jest zadowolonym\u201c, m\u00f3wi przys\u0142owie. Zapytajmy teraz:<br>\u20091)&nbsp;Kto jest zadowolonym na wielkim \u015bwiecie? \u0141atwiej tu wynale\u017c\u0107 odpowied\u017a, ani\u017celi osob\u0119, o kt\u00f3r\u0105 chodzi. Szcz\u0119\u015bliwym jest, kto ma wszystko co chce i kto posiada wszystko w tej mierze, w tym rodzaju i w ten spos\u00f3b, jak sobie tego \u017cyczy i pragnie. Potrzeba wi\u0119c, aby wszystko, co rozpocznie i podejmie, udawa\u0142o mu si\u0119 i wiod\u0142o wed\u0142ug jego my\u015bli i upodobania, aby mu nic nie stawa\u0142o na przeszkodzie i nie miesza\u0142o pokoju duszy jego. Potrzeba dalej, aby nie obawia\u0142 si\u0119, i\u017c to, co posiad\u0142 i osi\u0119gn\u0105\u0142, m\u00f3g\u0142 kiedykolwiek utraci\u0107 ca\u0142kowicie lub cz\u0105stkowo. Taki wi\u0119c tylko cz\u0142owiek s\u0142usznie m\u00f3g\u0142by si\u0119 nazwa\u0107 szcz\u0119\u015bliwym i zadowolonym. \u2014 Ale teraz zapytajmy: \u201eGdzie na ziemi znajdziemy takie dziecko szcz\u0119\u015bcia pr\u00f3cz Anio\u0142\u00f3w i \u015awi\u0119tych w Niebie?\u201c<\/p>\n\n\n\n<p class=\"has-text-align-justify wp-block-paragraph\"><br>\u20092) Ka\u017cdy prawdziwy katolik chrze\u015bcijanin jest ju\u017c tutaj na ziemi takiem dzieckiem szcz\u0119\u015bcia, a przynajmniej by\u0107 niem mo\u017ce, byleby tego szczerze chcia\u0142 i pragn\u0105\u0142. Wie&nbsp;bowiem z niezachwian\u0105 pewno\u015bci\u0105, \u017ce wszystko, co si\u0119 w nim, z nim i oko\u0142o niego dzieje od pocz\u0105tku do ko\u0144ca \u017cycia \u2014&nbsp;z wyj\u0105tkiem jednego tylko grzechu&nbsp;\u2014 jest rozporz\u0105dzeniem m\u0105dro\u015bci, dobroci, woli Boga, \u017ce wszystko, co i jak B\u00f3g chce, jest dla niego najlepszem i najodpowiedniejszem. Chrze\u015bcijanin katolik mi\u0142uje Boga ca\u0142em sercem, ca\u0142\u0105 dusz\u0105, z wszystkich si\u0142 i jedno tylko ma \u017cyczenie:&nbsp;\u201eniechaj si\u0119 dzieje wola Twoja jak w Niebie, tak i tu na ziemi\u201c, a wypowiadaj\u0105c to, \u017cyczenie godzi si\u0119 na to, co w ka\u017cdym czasie i o ka\u017cdej porze najlepszy i najm\u0119drszy Ojciec got\u00f3w na niego zes\u0142a\u0107. Wskutek tej zgody woli swej i woli Bo\u017cej ma i posiada wsz\u0119dzie i zawsze to wszystko, czego sobie \u017cyczy i jak sobie \u017cyczy. Jest wi\u0119c rzeczywi\u015bcie szcz\u0119\u015bliwym i zadowolonym, a w tym stanie zadowolenia&nbsp;prawdziwem dzieckiem szcz\u0119\u015bcia. S\u0142usznie przeto \u015bwi\u0119ta Adela, lubo ze zranionem sercem, dzi\u0119kowa\u0107 mog\u0142a Bogu za sw\u00f3j smutek, poniewa\u017c czu\u0142a si\u0119 zespolon\u0105 z Bogiem jedno\u015bci\u0105 woli, a nadto wiedzia\u0142a, \u017ce nie godzi si\u0119 dla mi\u0142o\u015bci dziecka pu\u015bci\u0107 w niepami\u0119\u0107 mi\u0142o\u015b\u0107 powinn\u0105 Bogu.<\/p>\n\n\n\n<h3 class=\"wp-block-heading\"><strong>Modlitwa.<\/strong><\/h3>\n\n\n\n<blockquote class=\"wp-block-quote is-layout-flow wp-block-quote-is-layout-flow\"><p>\u2009Mi\u0142o\u015bciwy Jezu, udziel nam tej \u0142aski, aby\u015bmy z mi\u0142o\u015bci ku Tobie godnie umieli nosi\u0107 krzy\u017c utrapie\u0144 naszych. Odejmij ode mnie wszelk\u0105 niecierpliwo\u015b\u0107 i ma\u0142oduszno\u015b\u0107, natchnij nas m\u0119stwem i si\u0142\u0105 p\u00f3j\u015bcia temi drogami, kt\u00f3remi i Ty chodzi\u0142e\u015b. Przez Pana naszego Jezusa Chrystusa, kt\u00f3ry kr\u00f3luje w Niebie i na ziemi. Amen.<\/p><\/blockquote>\n\n\n\n<figure class=\"wp-block-table\"><table><tbody><tr><td>\u2217&nbsp;&nbsp;&nbsp;&nbsp;&nbsp;&nbsp;&nbsp;&nbsp;&nbsp;&nbsp;&nbsp;&nbsp;&nbsp;&nbsp;&nbsp;&nbsp;&nbsp;&nbsp;&nbsp;&nbsp;\u2217<br>\u2217<\/td><\/tr><\/tbody><\/table><\/figure>\n\n\n\n<p class=\"wp-block-paragraph\"><em>Opr\u00f3cz tego obchodzi Ko\u015bci\u00f3\u0142 \u015bwi\u0119ty pami\u0105tk\u0119 nast\u0119puj\u0105cych \u015awi\u0119tych Pa\u0144skich, zamieszczonych w rzymskiem martyrologium:<\/em><\/p>\n\n\n\n<p class=\"wp-block-paragraph\">\u2009<strong>Dnia 16-go grudnia<\/strong>&nbsp;uroczysto\u015b\u0107 \u015bw.&nbsp;Euzebiusza, Biskupa i M\u0119czennika z Vercelli, o kt\u00f3rym wspomniano wczoraj i 1 sierpnia. \u2014 Wspomnienie trzech M\u0142odzie\u0144c\u00f3w&nbsp;Ananiasza, Azaryasza i Mizaela, kt\u00f3rych relikwie z\u0142o\u017cone s\u0105 w grocie pod Babilonem. \u2014 W Rawennie m\u0119cze\u0144stwo \u015bw.&nbsp;Walentyna, naczelnika wojny, jego syna \u015bw.&nbsp;Konkordyusza&nbsp;i \u015bw.&nbsp;Nawalisa i Agrykoli, kt\u00f3rzy jako M\u0119czennicy podczas prze\u015bladowania Maksymia\u0144skiego \u017cycie swe po\u0142o\u017cyli dla Chrystusa. \u2014 W Noli w Kampanii uroczysto\u015b\u0107 \u015bw.&nbsp;Albiny, Dziewicy i M\u0119czenniczki za cesarza Decyusza. \u2014 W Afryce \u015bmier\u0107 m\u0119cze\u0144ska&nbsp;bardzo wielu \u015bw. Dziewic, kt\u00f3re w prze\u015bladowaniu wandalskiem za arya\u0144skiego kr\u00f3la Huneryka zosta\u0142y powieszone, obci\u0105\u017cone ogromnymi ci\u0119\u017carami i rozpalonemi p\u0142ytami \u017celaznemi parzone. Tym sposobem dope\u0142ni\u0142y chwalebnie swej ofiary. \u2014 W Vienne, uroczysto\u015b\u0107 \u015bw.&nbsp;Ado, Biskupa i Wyznawcy. \u2014 W Aberdeen w Szkocyi uroczysto\u015b\u0107 \u015bw.&nbsp;Beanusa, Biskupa. \u2014 W Gazie w Palestynie uroczysto\u015b\u0107 \u015bwi\u0119tego&nbsp;Ireniona, Biskupa.<\/p>","protected":false},"excerpt":{"rendered":"<p>\u015aw. Adela cesarzowa mia\u0142a \u017cyciorys, kt\u00f3rym mo\u017cna by obdarzy\u0107 kilka telenoweli i seriali przygodowych. Wi\u0119zienie, \u015bmier\u0107 m\u0119\u017ca, nienawi\u015b\u0107 dzieci, wyniesienia i upadki oraz audiencja u papie\u017ca, kt\u00f3ry s\u0142yn\u0105\u0142 z nieobyczajno\u015bci. I nie dlatego zosta\u0142a \u015bwi\u0119t\u0105, ale pomimo tego. A nam \u017ale i ci\u0119\u017cko!<\/p>","protected":false},"author":60508433,"featured_media":40245,"comment_status":"open","ping_status":"open","sticky":false,"template":"","format":"standard","meta":{"_bbp_topic_count":0,"_bbp_reply_count":0,"_bbp_total_topic_count":0,"_bbp_total_reply_count":0,"_bbp_voice_count":0,"_bbp_anonymous_reply_count":0,"_bbp_topic_count_hidden":0,"_bbp_reply_count_hidden":0,"_bbp_forum_subforum_count":0,"_editorskit_title_hidden":false,"_editorskit_reading_time":0,"_editorskit_is_block_options_detached":false,"_editorskit_block_options_position":"{}","_coblocks_attr":"","_coblocks_dimensions":"","_coblocks_responsive_height":"","_coblocks_accordion_ie_support":"","_exactmetrics_skip_tracking":false,"_jetpack_newsletter_access":"","_jetpack_dont_email_post_to_subs":false,"_jetpack_newsletter_tier_id":0,"_jetpack_memberships_contains_paywalled_content":false,"_wpcom_ai_launchpad_first_post":false,"_jetpack_feature_clip_id":0,"_jetpack_memberships_contains_paid_content":false,"footnotes":"","jetpack_publicize_message":"{title}\n\n{excerpt}\n\n{url}","jetpack_publicize_feature_enabled":true,"jetpack_social_post_already_shared":true,"jetpack_social_options":{"image_generator_settings":{"template":"highway","default_image_id":0,"font":"","enabled":false},"version":2},"_wpas_customize_per_network":false,"jetpack_post_was_ever_published":false},"categories":[610131827,610131184,336375535,610131155,610132042],"tags":[],"class_list":["post-108451","post","type-post","status-publish","format-standard","has-post-thumbnail","hentry","category-swieta-w-grudniu","category-duchowosc","category-liturgia-i-liturgika","category-rozwazania","category-zywoty-swietych"],"yoast_head":"<!-- This site is optimized with the Yoast SEO plugin v28.4 - https:\/\/yoast.com\/product\/yoast-seo-wordpress\/ -->\n<title>16-go Grudnia. \u017bywot \u015bwi\u0119tej Adeli, Cesarzowej. - Tradycja i Wiara<\/title>\n<meta name=\"robots\" content=\"index, follow, max-snippet:-1, max-image-preview:large, max-video-preview:-1\" \/>\n<link rel=\"canonical\" href=\"https:\/\/wobronietradycjiiwiary.com\/en\/16-go-grudnia-zywot-swietej-adeli-cesarzowej-2-2\/\" \/>\n<meta property=\"og:locale\" content=\"en_US\" \/>\n<meta property=\"og:type\" content=\"article\" \/>\n<meta property=\"og:title\" content=\"16-go Grudnia. \u017bywot \u015bwi\u0119tej Adeli, Cesarzowej. - Tradycja i Wiara\" \/>\n<meta property=\"og:description\" content=\"\u015aw. Adela cesarzowa mia\u0142a \u017cyciorys, kt\u00f3rym mo\u017cna by obdarzy\u0107 kilka telenoweli i seriali przygodowych. Wi\u0119zienie, \u015bmier\u0107 m\u0119\u017ca, nienawi\u015b\u0107 dzieci, wyniesienia i upadki oraz audiencja u papie\u017ca, kt\u00f3ry s\u0142yn\u0105\u0142 z nieobyczajno\u015bci. I nie dlatego zosta\u0142a \u015bwi\u0119t\u0105, ale pomimo tego. A nam \u017ale i ci\u0119\u017cko!\" \/>\n<meta property=\"og:url\" content=\"https:\/\/wobronietradycjiiwiary.com\/en\/16-go-grudnia-zywot-swietej-adeli-cesarzowej-2-2\/\" \/>\n<meta property=\"og:site_name\" content=\"Tradycja i Wiara\" \/>\n<meta property=\"article:publisher\" content=\"https:\/\/www.facebook.com\/Tradycja-i-Wiara-108813920592249\" \/>\n<meta property=\"article:published_time\" content=\"2023-12-16T07:15:25+00:00\" \/>\n<meta property=\"article:modified_time\" content=\"2025-02-10T10:14:56+00:00\" \/>\n<meta property=\"og:image\" content=\"https:\/\/wobronietradycjiiwiary.com\/wp-content\/uploads\/2020\/12\/st.-adele.jpg\" \/>\n\t<meta property=\"og:image:width\" content=\"600\" \/>\n\t<meta property=\"og:image:height\" content=\"450\" \/>\n\t<meta property=\"og:image:type\" content=\"image\/jpeg\" \/>\n<meta name=\"author\" content=\"Traditio et Fides\" \/>\n<meta name=\"twitter:card\" content=\"summary_large_image\" \/>\n<meta name=\"twitter:label1\" content=\"Written by\" \/>\n\t<meta name=\"twitter:data1\" content=\"Traditio et Fides\" \/>\n\t<meta name=\"twitter:label2\" content=\"Est. reading time\" \/>\n\t<meta name=\"twitter:data2\" content=\"8 minutes\" \/>\n<script type=\"application\/ld+json\" class=\"yoast-schema-graph\">{\"@context\":\"https:\\\/\\\/schema.org\",\"@graph\":[{\"@type\":\"Article\",\"@id\":\"https:\\\/\\\/wobronietradycjiiwiary.com\\\/16-go-grudnia-zywot-swietej-adeli-cesarzowej-2-2\\\/#article\",\"isPartOf\":{\"@id\":\"https:\\\/\\\/wobronietradycjiiwiary.com\\\/16-go-grudnia-zywot-swietej-adeli-cesarzowej-2-2\\\/\"},\"author\":{\"name\":\"Traditio et Fides\",\"@id\":\"https:\\\/\\\/wobronietradycjiiwiary.com\\\/pl\\\/#\\\/schema\\\/person\\\/2d6180ce6abcb681fef0daab7816e8f3\"},\"headline\":\"16-go Grudnia. \u017bywot \u015bwi\u0119tej Adeli, Cesarzowej.\",\"datePublished\":\"2023-12-16T07:15:25+00:00\",\"dateModified\":\"2025-02-10T10:14:56+00:00\",\"mainEntityOfPage\":{\"@id\":\"https:\\\/\\\/wobronietradycjiiwiary.com\\\/16-go-grudnia-zywot-swietej-adeli-cesarzowej-2-2\\\/\"},\"wordCount\":1706,\"commentCount\":0,\"publisher\":{\"@id\":\"https:\\\/\\\/wobronietradycjiiwiary.com\\\/pl\\\/#organization\"},\"image\":{\"@id\":\"https:\\\/\\\/wobronietradycjiiwiary.com\\\/16-go-grudnia-zywot-swietej-adeli-cesarzowej-2-2\\\/#primaryimage\"},\"thumbnailUrl\":\"https:\\\/\\\/wobronietradycjiiwiary.com\\\/wp-content\\\/uploads\\\/2020\\\/12\\\/st.-adele.jpg\",\"articleSection\":[\"12. \u015awi\u0119ta w grudniu\",\"Duchowo\u015b\u0107\",\"Liturgia i liturgika\",\"Rozwa\u017cania liturgiczne\",\"\u017bywoty \u015awi\u0119tych\"],\"inLanguage\":\"en-US\",\"potentialAction\":[{\"@type\":\"CommentAction\",\"name\":\"Comment\",\"target\":[\"https:\\\/\\\/wobronietradycjiiwiary.com\\\/16-go-grudnia-zywot-swietej-adeli-cesarzowej-2-2\\\/#respond\"]}]},{\"@type\":\"WebPage\",\"@id\":\"https:\\\/\\\/wobronietradycjiiwiary.com\\\/16-go-grudnia-zywot-swietej-adeli-cesarzowej-2-2\\\/\",\"url\":\"https:\\\/\\\/wobronietradycjiiwiary.com\\\/16-go-grudnia-zywot-swietej-adeli-cesarzowej-2-2\\\/\",\"name\":\"16-go Grudnia. \u017bywot \u015bwi\u0119tej Adeli, Cesarzowej. - Tradycja i Wiara\",\"isPartOf\":{\"@id\":\"https:\\\/\\\/wobronietradycjiiwiary.com\\\/pl\\\/#website\"},\"primaryImageOfPage\":{\"@id\":\"https:\\\/\\\/wobronietradycjiiwiary.com\\\/16-go-grudnia-zywot-swietej-adeli-cesarzowej-2-2\\\/#primaryimage\"},\"image\":{\"@id\":\"https:\\\/\\\/wobronietradycjiiwiary.com\\\/16-go-grudnia-zywot-swietej-adeli-cesarzowej-2-2\\\/#primaryimage\"},\"thumbnailUrl\":\"https:\\\/\\\/wobronietradycjiiwiary.com\\\/wp-content\\\/uploads\\\/2020\\\/12\\\/st.-adele.jpg\",\"datePublished\":\"2023-12-16T07:15:25+00:00\",\"dateModified\":\"2025-02-10T10:14:56+00:00\",\"breadcrumb\":{\"@id\":\"https:\\\/\\\/wobronietradycjiiwiary.com\\\/16-go-grudnia-zywot-swietej-adeli-cesarzowej-2-2\\\/#breadcrumb\"},\"inLanguage\":\"en-US\",\"potentialAction\":[{\"@type\":\"ReadAction\",\"target\":[\"https:\\\/\\\/wobronietradycjiiwiary.com\\\/16-go-grudnia-zywot-swietej-adeli-cesarzowej-2-2\\\/\"]}]},{\"@type\":\"ImageObject\",\"inLanguage\":\"en-US\",\"@id\":\"https:\\\/\\\/wobronietradycjiiwiary.com\\\/16-go-grudnia-zywot-swietej-adeli-cesarzowej-2-2\\\/#primaryimage\",\"url\":\"https:\\\/\\\/wobronietradycjiiwiary.com\\\/wp-content\\\/uploads\\\/2020\\\/12\\\/st.-adele.jpg\",\"contentUrl\":\"https:\\\/\\\/wobronietradycjiiwiary.com\\\/wp-content\\\/uploads\\\/2020\\\/12\\\/st.-adele.jpg\",\"width\":600,\"height\":450},{\"@type\":\"BreadcrumbList\",\"@id\":\"https:\\\/\\\/wobronietradycjiiwiary.com\\\/16-go-grudnia-zywot-swietej-adeli-cesarzowej-2-2\\\/#breadcrumb\",\"itemListElement\":[{\"@type\":\"ListItem\",\"position\":1,\"name\":\"Strona g\u0142\u00f3wna\",\"item\":\"https:\\\/\\\/wobronietradycjiiwiary.com\\\/\"},{\"@type\":\"ListItem\",\"position\":2,\"name\":\"16-go Grudnia. \u017bywot \u015bwi\u0119tej Adeli, Cesarzowej.\"}]},{\"@type\":\"WebSite\",\"@id\":\"https:\\\/\\\/wobronietradycjiiwiary.com\\\/pl\\\/#website\",\"url\":\"https:\\\/\\\/wobronietradycjiiwiary.com\\\/pl\\\/\",\"name\":\"Tradycja i Wiara\",\"description\":\"Portal dla katolik\u00f3w.\",\"publisher\":{\"@id\":\"https:\\\/\\\/wobronietradycjiiwiary.com\\\/pl\\\/#organization\"},\"potentialAction\":[{\"@type\":\"SearchAction\",\"target\":{\"@type\":\"EntryPoint\",\"urlTemplate\":\"https:\\\/\\\/wobronietradycjiiwiary.com\\\/pl\\\/?s={search_term_string}\"},\"query-input\":{\"@type\":\"PropertyValueSpecification\",\"valueRequired\":true,\"valueName\":\"search_term_string\"}}],\"inLanguage\":\"en-US\"},{\"@type\":\"Organization\",\"@id\":\"https:\\\/\\\/wobronietradycjiiwiary.com\\\/pl\\\/#organization\",\"name\":\"Tradycja i Wiara\",\"url\":\"https:\\\/\\\/wobronietradycjiiwiary.com\\\/pl\\\/\",\"logo\":{\"@type\":\"ImageObject\",\"inLanguage\":\"en-US\",\"@id\":\"https:\\\/\\\/wobronietradycjiiwiary.com\\\/pl\\\/#\\\/schema\\\/logo\\\/image\\\/\",\"url\":\"https:\\\/\\\/i0.wp.com\\\/wobronietradycjiiwiary.com\\\/wp-content\\\/uploads\\\/2015\\\/10\\\/cropped-st-peters-dome-vatican.jpg?fit=940%2C198&ssl=1\",\"contentUrl\":\"https:\\\/\\\/i0.wp.com\\\/wobronietradycjiiwiary.com\\\/wp-content\\\/uploads\\\/2015\\\/10\\\/cropped-st-peters-dome-vatican.jpg?fit=940%2C198&ssl=1\",\"width\":940,\"height\":198,\"caption\":\"Tradycja i Wiara\"},\"image\":{\"@id\":\"https:\\\/\\\/wobronietradycjiiwiary.com\\\/pl\\\/#\\\/schema\\\/logo\\\/image\\\/\"},\"sameAs\":[\"https:\\\/\\\/www.facebook.com\\\/Tradycja-i-Wiara-108813920592249\"]},{\"@type\":\"Person\",\"@id\":\"https:\\\/\\\/wobronietradycjiiwiary.com\\\/pl\\\/#\\\/schema\\\/person\\\/2d6180ce6abcb681fef0daab7816e8f3\",\"name\":\"Traditio et Fides\",\"sameAs\":[\"https:\\\/\\\/traditionundglauben.com\"],\"url\":\"https:\\\/\\\/wobronietradycjiiwiary.com\\\/en\\\/author\\\/wobronietradycjiiwiary\\\/\"}]}<\/script>\n<!-- \/ Yoast SEO plugin. -->","yoast_head_json":{"title":"16-go Grudnia. \u017bywot \u015bwi\u0119tej Adeli, Cesarzowej. - Tradycja i Wiara","robots":{"index":"index","follow":"follow","max-snippet":"max-snippet:-1","max-image-preview":"max-image-preview:large","max-video-preview":"max-video-preview:-1"},"canonical":"https:\/\/wobronietradycjiiwiary.com\/en\/16-go-grudnia-zywot-swietej-adeli-cesarzowej-2-2\/","og_locale":"en_US","og_type":"article","og_title":"16-go Grudnia. \u017bywot \u015bwi\u0119tej Adeli, Cesarzowej. - Tradycja i Wiara","og_description":"\u015aw. Adela cesarzowa mia\u0142a \u017cyciorys, kt\u00f3rym mo\u017cna by obdarzy\u0107 kilka telenoweli i seriali przygodowych. Wi\u0119zienie, \u015bmier\u0107 m\u0119\u017ca, nienawi\u015b\u0107 dzieci, wyniesienia i upadki oraz audiencja u papie\u017ca, kt\u00f3ry s\u0142yn\u0105\u0142 z nieobyczajno\u015bci. I nie dlatego zosta\u0142a \u015bwi\u0119t\u0105, ale pomimo tego. A nam \u017ale i ci\u0119\u017cko!","og_url":"https:\/\/wobronietradycjiiwiary.com\/en\/16-go-grudnia-zywot-swietej-adeli-cesarzowej-2-2\/","og_site_name":"Tradycja i Wiara","article_publisher":"https:\/\/www.facebook.com\/Tradycja-i-Wiara-108813920592249","article_published_time":"2023-12-16T07:15:25+00:00","article_modified_time":"2025-02-10T10:14:56+00:00","og_image":[{"width":600,"height":450,"url":"https:\/\/wobronietradycjiiwiary.com\/wp-content\/uploads\/2020\/12\/st.-adele.jpg","type":"image\/jpeg"}],"author":"Traditio et Fides","twitter_card":"summary_large_image","twitter_misc":{"Written by":"Traditio et Fides","Est. reading time":"8 minutes"},"schema":{"@context":"https:\/\/schema.org","@graph":[{"@type":"Article","@id":"https:\/\/wobronietradycjiiwiary.com\/16-go-grudnia-zywot-swietej-adeli-cesarzowej-2-2\/#article","isPartOf":{"@id":"https:\/\/wobronietradycjiiwiary.com\/16-go-grudnia-zywot-swietej-adeli-cesarzowej-2-2\/"},"author":{"name":"Traditio et Fides","@id":"https:\/\/wobronietradycjiiwiary.com\/pl\/#\/schema\/person\/2d6180ce6abcb681fef0daab7816e8f3"},"headline":"16-go Grudnia. \u017bywot \u015bwi\u0119tej Adeli, Cesarzowej.","datePublished":"2023-12-16T07:15:25+00:00","dateModified":"2025-02-10T10:14:56+00:00","mainEntityOfPage":{"@id":"https:\/\/wobronietradycjiiwiary.com\/16-go-grudnia-zywot-swietej-adeli-cesarzowej-2-2\/"},"wordCount":1706,"commentCount":0,"publisher":{"@id":"https:\/\/wobronietradycjiiwiary.com\/pl\/#organization"},"image":{"@id":"https:\/\/wobronietradycjiiwiary.com\/16-go-grudnia-zywot-swietej-adeli-cesarzowej-2-2\/#primaryimage"},"thumbnailUrl":"https:\/\/wobronietradycjiiwiary.com\/wp-content\/uploads\/2020\/12\/st.-adele.jpg","articleSection":["12. \u015awi\u0119ta w grudniu","Duchowo\u015b\u0107","Liturgia i liturgika","Rozwa\u017cania liturgiczne","\u017bywoty \u015awi\u0119tych"],"inLanguage":"en-US","potentialAction":[{"@type":"CommentAction","name":"Comment","target":["https:\/\/wobronietradycjiiwiary.com\/16-go-grudnia-zywot-swietej-adeli-cesarzowej-2-2\/#respond"]}]},{"@type":"WebPage","@id":"https:\/\/wobronietradycjiiwiary.com\/16-go-grudnia-zywot-swietej-adeli-cesarzowej-2-2\/","url":"https:\/\/wobronietradycjiiwiary.com\/16-go-grudnia-zywot-swietej-adeli-cesarzowej-2-2\/","name":"16-go Grudnia. \u017bywot \u015bwi\u0119tej Adeli, Cesarzowej. - Tradycja i Wiara","isPartOf":{"@id":"https:\/\/wobronietradycjiiwiary.com\/pl\/#website"},"primaryImageOfPage":{"@id":"https:\/\/wobronietradycjiiwiary.com\/16-go-grudnia-zywot-swietej-adeli-cesarzowej-2-2\/#primaryimage"},"image":{"@id":"https:\/\/wobronietradycjiiwiary.com\/16-go-grudnia-zywot-swietej-adeli-cesarzowej-2-2\/#primaryimage"},"thumbnailUrl":"https:\/\/wobronietradycjiiwiary.com\/wp-content\/uploads\/2020\/12\/st.-adele.jpg","datePublished":"2023-12-16T07:15:25+00:00","dateModified":"2025-02-10T10:14:56+00:00","breadcrumb":{"@id":"https:\/\/wobronietradycjiiwiary.com\/16-go-grudnia-zywot-swietej-adeli-cesarzowej-2-2\/#breadcrumb"},"inLanguage":"en-US","potentialAction":[{"@type":"ReadAction","target":["https:\/\/wobronietradycjiiwiary.com\/16-go-grudnia-zywot-swietej-adeli-cesarzowej-2-2\/"]}]},{"@type":"ImageObject","inLanguage":"en-US","@id":"https:\/\/wobronietradycjiiwiary.com\/16-go-grudnia-zywot-swietej-adeli-cesarzowej-2-2\/#primaryimage","url":"https:\/\/wobronietradycjiiwiary.com\/wp-content\/uploads\/2020\/12\/st.-adele.jpg","contentUrl":"https:\/\/wobronietradycjiiwiary.com\/wp-content\/uploads\/2020\/12\/st.-adele.jpg","width":600,"height":450},{"@type":"BreadcrumbList","@id":"https:\/\/wobronietradycjiiwiary.com\/16-go-grudnia-zywot-swietej-adeli-cesarzowej-2-2\/#breadcrumb","itemListElement":[{"@type":"ListItem","position":1,"name":"Strona g\u0142\u00f3wna","item":"https:\/\/wobronietradycjiiwiary.com\/"},{"@type":"ListItem","position":2,"name":"16-go Grudnia. \u017bywot \u015bwi\u0119tej Adeli, Cesarzowej."}]},{"@type":"WebSite","@id":"https:\/\/wobronietradycjiiwiary.com\/pl\/#website","url":"https:\/\/wobronietradycjiiwiary.com\/pl\/","name":"Tradycja i Wiara","description":"Portal dla katolik\u00f3w.","publisher":{"@id":"https:\/\/wobronietradycjiiwiary.com\/pl\/#organization"},"potentialAction":[{"@type":"SearchAction","target":{"@type":"EntryPoint","urlTemplate":"https:\/\/wobronietradycjiiwiary.com\/pl\/?s={search_term_string}"},"query-input":{"@type":"PropertyValueSpecification","valueRequired":true,"valueName":"search_term_string"}}],"inLanguage":"en-US"},{"@type":"Organization","@id":"https:\/\/wobronietradycjiiwiary.com\/pl\/#organization","name":"Tradycja i Wiara","url":"https:\/\/wobronietradycjiiwiary.com\/pl\/","logo":{"@type":"ImageObject","inLanguage":"en-US","@id":"https:\/\/wobronietradycjiiwiary.com\/pl\/#\/schema\/logo\/image\/","url":"https:\/\/i0.wp.com\/wobronietradycjiiwiary.com\/wp-content\/uploads\/2015\/10\/cropped-st-peters-dome-vatican.jpg?fit=940%2C198&ssl=1","contentUrl":"https:\/\/i0.wp.com\/wobronietradycjiiwiary.com\/wp-content\/uploads\/2015\/10\/cropped-st-peters-dome-vatican.jpg?fit=940%2C198&ssl=1","width":940,"height":198,"caption":"Tradycja i Wiara"},"image":{"@id":"https:\/\/wobronietradycjiiwiary.com\/pl\/#\/schema\/logo\/image\/"},"sameAs":["https:\/\/www.facebook.com\/Tradycja-i-Wiara-108813920592249"]},{"@type":"Person","@id":"https:\/\/wobronietradycjiiwiary.com\/pl\/#\/schema\/person\/2d6180ce6abcb681fef0daab7816e8f3","name":"Traditio et Fides","sameAs":["https:\/\/traditionundglauben.com"],"url":"https:\/\/wobronietradycjiiwiary.com\/en\/author\/wobronietradycjiiwiary\/"}]}},"jetpack_publicize_connections":[],"jetpack_sharing_enabled":true,"jetpack_likes_enabled":true,"jetpack_shortlink":"https:\/\/wp.me\/pc04Sd-sdd","jetpack-related-posts":[{"id":124239,"url":"https:\/\/wobronietradycjiiwiary.com\/en\/16-go-grudnia-zywot-swietej-adeli-cesarzowej-2-2-2\/","url_meta":{"origin":108451,"position":0},"title":"16-go Grudnia. \u017bywot \u015bwi\u0119tej Adeli, Cesarzowej.","author":"Traditio et Fides","date":"16 December 2024","format":false,"excerpt":"\u015aw. Adela cesarzowa mia\u0142a \u017cyciorys, kt\u00f3rym mo\u017cna by obdarzy\u0107 kilka telenoweli i seriali przygodowych. Wi\u0119zienie, \u015bmier\u0107 m\u0119\u017ca, nienawi\u015b\u0107 dzieci, wyniesienia i upadki oraz audiencja u papie\u017ca, kt\u00f3ry s\u0142yn\u0105\u0142 z nieobyczajno\u015bci. I nie dlatego zosta\u0142a \u015bwi\u0119t\u0105, ale pomimo tego. A nam \u017ale i ci\u0119\u017cko!","rel":"","context":"In &quot;12. \u015awi\u0119ta w grudniu&quot;","block_context":{"text":"12. \u015awi\u0119ta w grudniu","link":"https:\/\/wobronietradycjiiwiary.com\/en\/category\/duchowosc\/liturgia-i-liturgika\/rozwazania\/rok-liturgiczny\/swieta-w-grudniu\/"},"img":{"alt_text":"","src":"https:\/\/i0.wp.com\/wobronietradycjiiwiary.com\/wp-content\/uploads\/2020\/12\/st.-adele.jpg?resize=350%2C200&ssl=1","width":350,"height":200,"srcset":"https:\/\/i0.wp.com\/wobronietradycjiiwiary.com\/wp-content\/uploads\/2020\/12\/st.-adele.jpg?resize=350%2C200&ssl=1 1x, https:\/\/i0.wp.com\/wobronietradycjiiwiary.com\/wp-content\/uploads\/2020\/12\/st.-adele.jpg?resize=525%2C300&ssl=1 1.5x"},"classes":[]},{"id":157148,"url":"https:\/\/wobronietradycjiiwiary.com\/en\/16-go-grudnia-zywot-swietej-adeli-cesarzowej-2-2-2-2\/","url_meta":{"origin":108451,"position":1},"title":"16-go Grudnia. \u017bywot \u015bwi\u0119tej Adeli, Cesarzowej.","author":"Traditio et Fides","date":"16 December 2025","format":false,"excerpt":"\u015aw. Adela cesarzowa mia\u0142a \u017cyciorys, kt\u00f3rym mo\u017cna by obdarzy\u0107 kilka telenoweli i seriali przygodowych. Wi\u0119zienie, \u015bmier\u0107 m\u0119\u017ca, nienawi\u015b\u0107 dzieci, wyniesienia i upadki oraz audiencja u papie\u017ca, kt\u00f3ry s\u0142yn\u0105\u0142 z nieobyczajno\u015bci. I nie dlatego zosta\u0142a \u015bwi\u0119t\u0105, ale pomimo tego. A nam \u017ale i ci\u0119\u017cko!","rel":"","context":"In &quot;12. \u015awi\u0119ta w grudniu&quot;","block_context":{"text":"12. \u015awi\u0119ta w grudniu","link":"https:\/\/wobronietradycjiiwiary.com\/en\/category\/duchowosc\/liturgia-i-liturgika\/rozwazania\/rok-liturgiczny\/swieta-w-grudniu\/"},"img":{"alt_text":"","src":"https:\/\/i0.wp.com\/wobronietradycjiiwiary.com\/wp-content\/uploads\/2020\/12\/st.-adele.jpg?resize=350%2C200&ssl=1","width":350,"height":200,"srcset":"https:\/\/i0.wp.com\/wobronietradycjiiwiary.com\/wp-content\/uploads\/2020\/12\/st.-adele.jpg?resize=350%2C200&ssl=1 1x, https:\/\/i0.wp.com\/wobronietradycjiiwiary.com\/wp-content\/uploads\/2020\/12\/st.-adele.jpg?resize=525%2C300&ssl=1 1.5x"},"classes":[]},{"id":40242,"url":"https:\/\/wobronietradycjiiwiary.com\/en\/16-go-grudnia-zywot-swietej-adeli-cesarzowej\/","url_meta":{"origin":108451,"position":2},"title":"16-go Grudnia. \u017bywot \u015bwi\u0119tej Adeli, Cesarzowej.","author":"Traditio et Fides","date":"16 December 2020","format":false,"excerpt":"\u015aw. Adela cesarzowa mia\u0142a \u017cyciorys, kt\u00f3rym mo\u017cna by obdarzy\u0107 kilka telenoweli i seriali przygodowych. Wi\u0119zienie, \u015bmier\u0107 m\u0119\u017ca, nienawi\u015b\u0107 dzieci, wyniesienia i upadki oraz audiencja u papie\u017ca, kt\u00f3ry s\u0142yn\u0105\u0142 z nieobyczajno\u015bci. I nie dlatego zosta\u0142a \u015bwi\u0119t\u0105, ale pomimo tego. A nam \u017ale i ci\u0119\u017cko!","rel":"","context":"In &quot;12. \u015awi\u0119ta w grudniu&quot;","block_context":{"text":"12. \u015awi\u0119ta w grudniu","link":"https:\/\/wobronietradycjiiwiary.com\/en\/category\/duchowosc\/liturgia-i-liturgika\/rozwazania\/rok-liturgiczny\/swieta-w-grudniu\/"},"img":{"alt_text":"","src":"https:\/\/i0.wp.com\/wobronietradycjiiwiary.com\/wp-content\/uploads\/2020\/12\/st.-adele.jpg?resize=350%2C200&ssl=1","width":350,"height":200,"srcset":"https:\/\/i0.wp.com\/wobronietradycjiiwiary.com\/wp-content\/uploads\/2020\/12\/st.-adele.jpg?resize=350%2C200&ssl=1 1x, https:\/\/i0.wp.com\/wobronietradycjiiwiary.com\/wp-content\/uploads\/2020\/12\/st.-adele.jpg?resize=525%2C300&ssl=1 1.5x"},"classes":[]},{"id":40248,"url":"https:\/\/wobronietradycjiiwiary.com\/en\/16-go-grudnia-zywot-swietej-adeli-cesarzowej-2\/","url_meta":{"origin":108451,"position":3},"title":"16-go Grudnia. \u017bywot \u015bwi\u0119tej Adeli, Cesarzowej.","author":"Traditio et Fides","date":"16 December 2022","format":false,"excerpt":"\u015aw. Adela cesarzowa mia\u0142a \u017cyciorys, kt\u00f3rym mo\u017cna by obdarzy\u0107 kilka telenoweli i seriali przygodowych. Wi\u0119zienie, \u015bmier\u0107 m\u0119\u017ca, nienawi\u015b\u0107 dzieci, wyniesienia i upadki oraz audiencja u papie\u017ca, kt\u00f3ry s\u0142yn\u0105\u0142 z nieobyczajno\u015bci. I nie dlatego zosta\u0142a \u015bwi\u0119t\u0105, ale pomimo tego. A nam \u017ale i ci\u0119\u017cko!","rel":"","context":"In &quot;12. \u015awi\u0119ta w grudniu&quot;","block_context":{"text":"12. \u015awi\u0119ta w grudniu","link":"https:\/\/wobronietradycjiiwiary.com\/en\/category\/duchowosc\/liturgia-i-liturgika\/rozwazania\/rok-liturgiczny\/swieta-w-grudniu\/"},"img":{"alt_text":"","src":"https:\/\/i0.wp.com\/wobronietradycjiiwiary.com\/wp-content\/uploads\/2020\/12\/st.-adele.jpg?resize=350%2C200&ssl=1","width":350,"height":200,"srcset":"https:\/\/i0.wp.com\/wobronietradycjiiwiary.com\/wp-content\/uploads\/2020\/12\/st.-adele.jpg?resize=350%2C200&ssl=1 1x, https:\/\/i0.wp.com\/wobronietradycjiiwiary.com\/wp-content\/uploads\/2020\/12\/st.-adele.jpg?resize=525%2C300&ssl=1 1.5x"},"classes":[]},{"id":52110,"url":"https:\/\/wobronietradycjiiwiary.com\/en\/16-go-grudnia-zywot-swietej-adeli-cesarzowej-3\/","url_meta":{"origin":108451,"position":4},"title":"16-go Grudnia. \u017bywot \u015bwi\u0119tej Adeli, Cesarzowej.","author":"Traditio et Fides","date":"16 December 2021","format":false,"excerpt":"\u015aw. Adela cesarzowa mia\u0142a \u017cyciorys, kt\u00f3rym mo\u017cna by obdarzy\u0107 kilka telenoweli i seriali przygodowych. Wi\u0119zienie, \u015bmier\u0107 m\u0119\u017ca, nienawi\u015b\u0107 dzieci, wyniesienia i upadki oraz audiencja u papie\u017ca, kt\u00f3ry s\u0142yn\u0105\u0142 z nieobyczajno\u015bci. I nie dlatego zosta\u0142a \u015bwi\u0119t\u0105, ale pomimo tego. A nam \u017ale i ci\u0119\u017cko!","rel":"","context":"In &quot;12. \u015awi\u0119ta w grudniu&quot;","block_context":{"text":"12. \u015awi\u0119ta w grudniu","link":"https:\/\/wobronietradycjiiwiary.com\/en\/category\/duchowosc\/liturgia-i-liturgika\/rozwazania\/rok-liturgiczny\/swieta-w-grudniu\/"},"img":{"alt_text":"","src":"https:\/\/i0.wp.com\/wobronietradycjiiwiary.com\/wp-content\/uploads\/2020\/12\/st.-adele.jpg?resize=350%2C200&ssl=1","width":350,"height":200,"srcset":"https:\/\/i0.wp.com\/wobronietradycjiiwiary.com\/wp-content\/uploads\/2020\/12\/st.-adele.jpg?resize=350%2C200&ssl=1 1x, https:\/\/i0.wp.com\/wobronietradycjiiwiary.com\/wp-content\/uploads\/2020\/12\/st.-adele.jpg?resize=525%2C300&ssl=1 1.5x"},"classes":[]},{"id":88683,"url":"https:\/\/wobronietradycjiiwiary.com\/en\/13-go-kwietnia-zywot-swietego-hermenegilda-krola-i-meczennika-2-2\/","url_meta":{"origin":108451,"position":5},"title":"13-go Kwietnia. \u017bywot \u015bwi\u0119tego Hermenegilda, Kr\u00f3la i M\u0119czennika.","author":"Traditio et Fides","date":"13 April 2023","format":false,"excerpt":"Rz\u0105dy Got\u00f3w w Europie, w tym Wizygot\u00f3w w Hiszpanii to rz\u0105dy arian. Chocia\u017c Ko\u015bci\u00f3\u0142 na Zachodzie w sz\u00f3stym wieku doktrynalnie przezwyci\u0119\u017cy\u0142 t\u0119 herezj\u0119, to nawr\u00f3ceni barbarzy\u0144cy byli w wi\u0119kszo\u015bci arianami. \u015aw. Hermenegild nawr\u00f3ci\u0142 si\u0119 dzi\u0119ki swojej \u017conie podziwiaj\u0105c jej cierpliwo\u015b\u0107. Wi\u0119c \u017cony czasami maj\u0105 wp\u0142yw na swoich m\u0119\u017c\u00f3w, reszta stosunk\u00f3w\u2026","rel":"","context":"In &quot;04. \u015awi\u0119ta w kwietniu&quot;","block_context":{"text":"04. \u015awi\u0119ta w kwietniu","link":"https:\/\/wobronietradycjiiwiary.com\/en\/category\/duchowosc\/liturgia-i-liturgika\/rozwazania\/rok-liturgiczny\/swieta-w-kwietniu\/"},"img":{"alt_text":"","src":"https:\/\/i0.wp.com\/wobronietradycjiiwiary.com\/wp-content\/uploads\/2021\/04\/Hermenegildo-scaled.jpg?resize=350%2C200&ssl=1","width":350,"height":200,"srcset":"https:\/\/i0.wp.com\/wobronietradycjiiwiary.com\/wp-content\/uploads\/2021\/04\/Hermenegildo-scaled.jpg?resize=350%2C200&ssl=1 1x, https:\/\/i0.wp.com\/wobronietradycjiiwiary.com\/wp-content\/uploads\/2021\/04\/Hermenegildo-scaled.jpg?resize=525%2C300&ssl=1 1.5x, https:\/\/i0.wp.com\/wobronietradycjiiwiary.com\/wp-content\/uploads\/2021\/04\/Hermenegildo-scaled.jpg?resize=700%2C400&ssl=1 2x, https:\/\/i0.wp.com\/wobronietradycjiiwiary.com\/wp-content\/uploads\/2021\/04\/Hermenegildo-scaled.jpg?resize=1050%2C600&ssl=1 3x"},"classes":[]}],"amp_enabled":true,"jetpack_featured_media_url":"https:\/\/wobronietradycjiiwiary.com\/wp-content\/uploads\/2020\/12\/st.-adele.jpg","_links":{"self":[{"href":"https:\/\/wobronietradycjiiwiary.com\/en\/wp-json\/wp\/v2\/posts\/108451","targetHints":{"allow":["GET"]}}],"collection":[{"href":"https:\/\/wobronietradycjiiwiary.com\/en\/wp-json\/wp\/v2\/posts"}],"about":[{"href":"https:\/\/wobronietradycjiiwiary.com\/en\/wp-json\/wp\/v2\/types\/post"}],"author":[{"embeddable":true,"href":"https:\/\/wobronietradycjiiwiary.com\/en\/wp-json\/wp\/v2\/users\/60508433"}],"replies":[{"embeddable":true,"href":"https:\/\/wobronietradycjiiwiary.com\/en\/wp-json\/wp\/v2\/comments?post=108451"}],"version-history":[{"count":1,"href":"https:\/\/wobronietradycjiiwiary.com\/en\/wp-json\/wp\/v2\/posts\/108451\/revisions"}],"predecessor-version":[{"id":108488,"href":"https:\/\/wobronietradycjiiwiary.com\/en\/wp-json\/wp\/v2\/posts\/108451\/revisions\/108488"}],"wp:featuredmedia":[{"embeddable":true,"href":"https:\/\/wobronietradycjiiwiary.com\/en\/wp-json\/wp\/v2\/media\/40245"}],"wp:attachment":[{"href":"https:\/\/wobronietradycjiiwiary.com\/en\/wp-json\/wp\/v2\/media?parent=108451"}],"wp:term":[{"taxonomy":"category","embeddable":true,"href":"https:\/\/wobronietradycjiiwiary.com\/en\/wp-json\/wp\/v2\/categories?post=108451"},{"taxonomy":"post_tag","embeddable":true,"href":"https:\/\/wobronietradycjiiwiary.com\/en\/wp-json\/wp\/v2\/tags?post=108451"}],"curies":[{"name":"wp","href":"https:\/\/api.w.org\/{rel}","templated":true}]}}