{"id":108438,"date":"2023-12-02T08:15:57","date_gmt":"2023-12-02T07:15:57","guid":{"rendered":"https:\/\/wobronietradycjiiwiary.com\/?p=108438"},"modified":"2025-02-10T11:14:56","modified_gmt":"2025-02-10T10:14:56","slug":"2-go-grudnia-zywot-swietej-bibianny-dziewicy-i-meczenniczki-2-2","status":"publish","type":"post","link":"https:\/\/wobronietradycjiiwiary.com\/en\/2-go-grudnia-zywot-swietej-bibianny-dziewicy-i-meczenniczki-2-2\/","title":{"rendered":"2-go Grudnia. \u017bywot \u015bwi\u0119tej Bibianny, Dziewicy i M\u0119czenniczki."},"content":{"rendered":"<div id=\"bsf_rt_marker\"><\/div>\n<p class=\"has-text-align-center wp-block-paragraph\"><em>(\u017by\u0142a oko\u0142o roku Pa\u0144skiego 362).<\/em><\/p>\n\n\n\n<figure class=\"wp-block-image\"><a href=\"https:\/\/pl.wikisource.org\/wiki\/Plik:%C5%BBywoty_%C5%9Bw._Pa%C5%84skich_na_wszystkie_dnie_roku-Inicja%C5%82-C.png\"><img decoding=\"async\" src=\"https:\/\/upload.wikimedia.org\/wikipedia\/commons\/thumb\/f\/f0\/%C5%BBywoty_%C5%9Bw._Pa%C5%84skich_na_wszystkie_dnie_roku-Inicja%C5%82-C.png\/50px-%C5%BBywoty_%C5%9Bw._Pa%C5%84skich_na_wszystkie_dnie_roku-Inicja%C5%82-C.png\" alt=\"C\"\/><\/a><\/figure>\n\n\n\n<p class=\"has-text-align-justify wp-block-paragraph\">Cesarz Julian, bratanek Konstantyna Wielkiego, przyj\u0105\u0142 Chrzest \u015bw., ale w sercu pozosta\u0142 poganinem i sprzeniewierzy\u0142 si\u0119 tak dalece wierze Chrystusowej, \u017ce o\u0142tarze \u015bwi\u0119te odda\u0142 poganom. Pocz\u0105tkowo nie t\u0119pi\u0142 chrze\u015bcija\u0144stwa ogniem i mieczem, lecz podkopywa\u0142 je chytrze, wznieca\u0142 niesnaski i zatargi, zakazywa\u0142 chrze\u015bcijaninom piastowa\u0107 urz\u0119dy nauczycielskie, odbiera\u0142 ko\u015bcio\u0142om dochody, ksi\u0119\u017com przywileje, zakazywa\u0142 po szko\u0142ach uczy\u0107 religii, obsadza\u0142 najwy\u017csze urz\u0119dy cywilne i wojskowe poganinami, a oddala\u0142 katolik\u00f3w.<\/p>\n\n\n\n<p class=\"has-text-align-justify wp-block-paragraph\">\u017by\u0142 w Rzymie niejaki Flawian, m\u0105\u017c zacny, kt\u00f3ry chrze\u015bcijan bra\u0142 pod sw\u0105 opiek\u0119 i zach\u0119ca\u0142 do wytrwa\u0142o\u015bci. Apromian, starosta przez Juliana nowo mianowany, powo\u0142a\u0142 go przed s\u0105d sw\u00f3j, ka\u017c\u0105c czyni\u0107 ofiar\u0119 bogom. Flawian odpowiedzia\u0142, \u017ce jest chrze\u015bcijaninem i chce \u017cy\u0107 i umiera\u0107 jako chrze\u015bcijanin. Apromian odebra\u0142 mu tedy przywilej szlachectwa i na czole jego kaza\u0142 wycisn\u0105\u0107 znak niewolnika, lecz dzielny wyznawca dzi\u0119kowa\u0142 Bogu za to poni\u017cenie. Rozjuszony starosta kaza\u0142 mu wypali\u0107 oczy, zabra\u0107 dobra, ale obawiaj\u0105c si\u0119 wzburzenia ludu, skaza\u0142 go na wygnanie, gdzie M\u0119czennik z g\u0142odu wkr\u00f3tce \u017cycia dokona\u0142. Pami\u0119\u0107 jego obchodzi Ko\u015bci\u00f3\u0142 dnia 22 grudnia. Apromiana nienawi\u015b\u0107 zwr\u00f3ci\u0142a si\u0119 teraz przeciw Afrozie, przezacnej ma\u0142\u017conce Flawiana. Gdy o\u015bwiadczy\u0142a, i\u017c nigdy bogom k\u0142ania\u0107 si\u0119 nie b\u0119dzie, spotka\u0142 j\u0105 ten sam los, co m\u0119\u017ca, tj. wygnanie, a wkr\u00f3tce potem \u015bci\u0119cie. Pami\u0119\u0107 jej \u015bmierci obchodzi Ko\u015bci\u00f3\u0142 4 stycznia.<\/p>\n\n\n\n<p class=\"has-text-align-justify wp-block-paragraph\">\u015awi\u0119ta Niewiasta zostawi\u0142a dwie m\u0142odziuchne i urodziwe c\u00f3reczki, Demetry\u0119 i Bibiann\u0119. Apromian zacz\u0105\u0142 je pochlebnie i \u0142agodnie namawia\u0107, aby by\u0142y pos\u0142uszne prawom krajowym i stara\u0142y si\u0119 o \u0142ask\u0119 cesarza. Obiecywa\u0142 nadto odda\u0107 im ca\u0142y maj\u0105tek i zapewni\u0142, \u017ce zast\u0105pi im miejsce ojca i wyda je za najgodniejszych m\u0119\u017c\u00f3w. Wko\u0144cu za\u015b grozi\u0142 im, \u017ce ich op\u00f3r si\u0142\u0105 prze\u0142amie.<\/p>\n\n\n\n<p class=\"has-text-align-justify wp-block-paragraph\">Demetrya i Bibianna odpowiedzia\u0142y: \u201eBogom twoim k\u0142ania\u0107 si\u0119 nie b\u0119dziemy. Ju\u017c dawno obra\u0142y\u015bmy sobie Pana Jezusa za Oblubie\u0144ca, a zaprzysi\u0119\u017conej Mu wiary i mi\u0142o\u015bci nigdy nie z\u0142amiemy.\u201c Kaza\u0142 je tedy wrzuci\u0107 do brudnej ciemnicy, gdzie przesiedzia\u0142y ca\u0142e pi\u0119\u0107 miesi\u0119cy, znosz\u0105c g\u0142\u00f3d i pragnienie, wilgo\u0107 i zaduch, ur\u0105gowiska i poniewierk\u0119 od pogan. \u2014 Starosta powo\u0142a\u0142 je znowu przed siebie. M\u0142odsza z si\u00f3str, Demetrya, wycie\u0144czona d\u0142ugiem wi\u0119zieniem, pad\u0142a zemdlona na ziemi\u0119 i wyzion\u0119\u0142a ducha, wymawiaj\u0105c s\u0142odkie Imi\u0119 Jezus. Pami\u0105tk\u0119 jej obchodzi Ko\u015bci\u00f3\u0142 dnia 21 grudnia. Bibianna pozosta\u0142a sama, st\u0119skniona do swoich. Ze z\u0142o\u015bci\u0105 i chytro\u015bci\u0105 istnego szatana pr\u00f3bowa\u0142 starosta pozbawi\u0107 j\u0105 niewinno\u015bci, a\u017c czuj\u0105c sw\u0105 niemoc wobec nieprze\u0142amanej sta\u0142o\u015bci, wybuchn\u0105\u0142 niepohamowanym gniewem. Kaza\u0142 j\u0105 tedy przywi\u0105za\u0107 do s\u0142upa i kijami na \u015bmier\u0107 zat\u0142uc, a cia\u0142o psom rzuci\u0107; B\u00f3g ustrzeg\u0142 jednak\u017ce \u015bwi\u0119te zw\u0142oki od takiego zniewa\u017cenia. W drug\u0105 bowiem noc po m\u0119cze\u0144skiej \u015bmierci przyby\u0142 Jan, kap\u0142an i pochowa\u0142 Bibiann\u0119 w jej w\u0142asnym domu. W pi\u0105tym wieku wystawi\u0142 Papie\u017c Symplicyusz na cze\u015b\u0107 jej ko\u015bci\u00f3\u0142 nad jej grobem.<br><\/p>\n\n\n\n<h3 class=\"wp-block-heading\"><strong>Nauka moralna.<\/strong><\/h3>\n\n\n\n<p class=\"wp-block-paragraph\">\u2009Nie roz\u0142\u0105czajmy si\u0119 z t\u0105 \u015bwi\u0119t\u0105 rodzin\u0105, kt\u00f3rej \u017cywot powy\u017cej opisali\u015bmy, dop\u00f3ki nie zbudujemy si\u0119 nauk\u0105, jak\u0105 nam da\u0142a swem \u017cyciem. I jak\u0105\u017c jest owa nauka?<\/p>\n\n\n\n<p class=\"has-text-align-justify wp-block-paragraph\"><br>\u20091)\u00a0Nie godzi si\u0119 zbytnio mi\u0142owa\u0107 \u015bwiata, gdy\u017c \u015bwiat jest wierutnym k\u0142amc\u0105; \u0142udzi nas obietnic\u0105 rozkoszy,\u00a0przyjemno\u015bci, zabaw, pochwa\u0142, zaszczyt\u00f3w, wzi\u0119to\u015bci u ludzi, zaspokojenia \u017c\u0105dz zmys\u0142owych. Spojrzyj tylko w oczy i w serce tych, kt\u00f3rzy go mi\u0142uj\u0105. Jedni nad\u0119ci s\u0105 pych\u0105 i dum\u0105, kt\u00f3ra ich czyni porywczymi i nieczu\u0142ymi, inni \u017c\u00f3\u0142kn\u0105 z nienawi\u015bci, zazdro\u015bci i gniewu, \u017ce drudzy szcz\u0119\u015bliwymi byli w spekulacyach lub przy wyborach wi\u0119cej otrzymali g\u0142os\u00f3w. S\u0105 tacy, kt\u00f3rzy w wyg\u00f3dkach i bezczynno\u015bci do tego stopnia zniewie\u015bcieli, \u017ce ustawicznie si\u0119 skar\u017c\u0105 na niepogod\u0119, \u015bmiertelne nudy lub dokuczliwe muchy. Inni s\u0105 op\u0119tani nieszcz\u0119snym duchem lubie\u017cno\u015bci, jak rozj\u0105trzona osa \u015bpiesz\u0105 od rozkoszy do rozkoszy, p\u00f3ki nadu\u017cycie nie podkopie ich zdrowia i nie przyprawi ich o \u015bmier\u0107. Takiemi to obietnicami wabi nas \u015bwiat, byleby\u015bmy si\u0119 wyrzekli wiary katolickiej, jako te\u017c nadziei w spadek Chrystusowy, i byleby\u015bmy bili pok\u0142ony przed jego bo\u017cyszczami. \u015awiat n\u0119ci nas dobrami doczesnemi, aby\u015bmy si\u0119 wyrzekli wiekuistych; wskazuje nam przemijaj\u0105ce rozkosze, aby\u015bmy je odpokutowali w miejscu m\u0119czarni wiekuistej.\u00a0Odwr\u00f3\u0107my oczy od \u015bwiata.<br><a href=\"https:\/\/pl.wikisource.org\/wiki\/Plik:%C5%BBywoty_%C5%9Bw._Pa%C5%84skich_na_wszystkie_dnie_roku-picture_p._1167.jpg\"><\/a>\u015awi\u0119ta Bibianna.<\/p>\n\n\n\n<p class=\"has-text-align-justify wp-block-paragraph\">\u20092)\u00a0Nie l\u0119kajmy si\u0119 \u015bwiata. C\u00f3\u017c nam mo\u017ce wzi\u0105\u0107, w czem nam zaszkodzi\u0107? Tylko w tem chyba, do czego mu da\u0142 moc Ojciec nasz niebieski, drogi nasz przybity na krzy\u017cu Zbawiciel. Ale wolno \u015bwiatu tylko tyle nam uczyni\u0107, ani o w\u0142os wi\u0119cej, ile jest potrzebnem do dobra naszego, ile jest korzystnem i po\u017cytecznem do zbawienia naszego. M\u0105dro\u015b\u0107 Ojca niebieskiego dopu\u015bci\u0107 mo\u017ce, \u017ce \u015bwiat nas nienawidzi, \u017ce nami gardzi, \u017ce nas zniewa\u017ca i szkodzi nam na s\u0142awie, pozbawia nas maj\u0105tku, wtr\u0105ca do wi\u0119zienia, jak tego do\u015bwiadczy\u0142a rodzina Flawiana; ale dobro\u0107 i wszechmocno\u015b\u0107 Boga stokrotnie nam to wynagrodzi, pokrzepi dusz\u0119, doda si\u0142 woli naszej i ostatecznie sprawi, \u017ce w tym kielichu, zaprawionym wed\u0142ug zdania \u015bwiata gorycz\u0105, znajdziemy nadprzyrodzon\u0105 s\u0142odycz i osadzeni w ciemnem wi\u0119zieniu nuci\u0107 b\u0119dziemy hymny, opiewaj\u0105ce chwa\u0142\u0119 Bo\u017c\u0105. Nie l\u0119kajmy si\u0119 \u015bwiata; we\u017amie on nam tylko to, co nam w ka\u017cdym razie \u015bmier\u0107 zabra\u0107 zdo\u0142a. Je\u015bli B\u00f3g nas rychlej od tych cierpie\u0144 nie oswobadza, czyni to dlatego, \u017ce cierpienia te s\u0142u\u017c\u0105 na dobro i korzy\u015b\u0107 nasz\u0105.<\/p>\n\n\n\n<h3 class=\"wp-block-heading\"><strong>Modlitwa.<\/strong><\/h3>\n\n\n\n<blockquote class=\"wp-block-quote is-layout-flow wp-block-quote-is-layout-flow\"><p>\u2009Bo\u017ce i Panie m\u00f3j, Dawco wszelkiego dobra, kt\u00f3ry\u015b w s\u0142u\u017cebnicy Twojej Bibiannie, z kwiatem \u015bwi\u0119tego Dziewictwa po\u0142\u0105czy\u0142 palm\u0119 m\u0119cze\u0144sk\u0105; spraw \u0142askawie, aby\u015bmy za jej po\u015brednictwem dusze nasze przez mi\u0142o\u015b\u0107 Twoj\u0105 z Sob\u0105 zjednoczyli, a przezwyci\u0119\u017caj\u0105c wszelkie do zbawienia przeszkody, nagrody wiekuistej dost\u0105pili. Przez Pana naszego, Jezusa Chrystusa, kt\u00f3ry kr\u00f3luje w Niebie i na ziemi. Amen.<\/p><\/blockquote>\n\n\n\n<figure class=\"wp-block-table\"><table><tbody><tr><td>\u2217&nbsp;&nbsp;&nbsp;&nbsp;&nbsp;&nbsp;&nbsp;&nbsp;&nbsp;&nbsp;&nbsp;&nbsp;&nbsp;&nbsp;&nbsp;&nbsp;&nbsp;&nbsp;&nbsp;&nbsp;\u2217<br>\u2217<\/td><\/tr><\/tbody><\/table><\/figure>\n\n\n\n<p class=\"wp-block-paragraph\"><em>Opr\u00f3cz tego obchodzi Ko\u015bci\u00f3\u0142 \u015bwi\u0119ty pami\u0105tk\u0119 nast\u0119puj\u0105cych \u015awi\u0119tych Pa\u0144skich, zamieszczonych w rzymskiem martyrologium:<\/em><\/p>\n\n\n\n<p class=\"has-text-align-justify wp-block-paragraph\">\u2009<strong>Dnia 2-go grudnia<\/strong>&nbsp;w Rzymie m\u0119cze\u0144stwo \u015bw.&nbsp;Bibianny, Dziewicy, kt\u00f3r\u0105 za&nbsp;Juliana Odst\u0119pcy tak d\u0142ugo biczowano kulkami o\u0142owianemi, a\u017c wreszcie ducha wyzion\u0119\u0142a. \u2014 Tam\u017ce \u015bmier\u0107 m\u0119cze\u0144ska \u015bw.&nbsp;Euzebiusza, Kap\u0142ana, \u015bw.&nbsp;Marcella, Dyakona i \u015bw.&nbsp;Hipolita, Maksyma, Adryi, Pauliny, Neony, Maryi, Martany i Aurelii, kt\u00f3re w prze\u015bladowaniu Walerya\u0144skiem wywalczy\u0142y za s\u0119dziego Sekundyna nagrod\u0119 zwyci\u0119stwa. \u2014 R\u00f3wnie\u017c w Rzymie pami\u0105tka \u015bw.&nbsp;Poncyana z 4 towarzyszami. \u2014 W Afryce dzie\u0144 zgonu \u015bw.&nbsp;Sewera, Sekurusa, Januaryusza i Wiktoryna, M\u0119czennik\u00f3w, straconych w prze\u015bladowaniu wandalskiem. \u2014 W Akwilei uroczysto\u015b\u0107 \u015bw.&nbsp;Chromacyusza, Biskupa i Wyznawcy. \u2014 Pod Imol\u0105 dzie\u0144 zgonu \u015bw.&nbsp;Piotra Chryzologa, Biskupa Rawenny, odznaczonego uczono\u015bci\u0105 i \u015bwi\u0119to\u015bci\u0105; uroczysto\u015b\u0107 jego obchodz\u0105 dnia 4 b.&nbsp;m. \u2014 W Weronie uroczysto\u015b\u0107 \u015bw.&nbsp;Lupusa, Biskupa i Wyznawcy. \u2014 W Edessie uroczysto\u015b\u0107 \u015bwi\u0119tego&nbsp;Nonnusa, Biskupa, na kt\u00f3rego modlitw\u0119 nawr\u00f3ci\u0142a si\u0119 \u015bwi\u0119ta Pelagia, Pokutnica. \u2014 W Troas we Frygii pami\u0105tka \u015bw.&nbsp;Sylwana, Biskupa, s\u0142ynnego z daru cud\u00f3w. \u2014- W Brescyi pami\u0105tka \u015bw.&nbsp;Ewazyusza, Biskupa.<\/p>","protected":false},"excerpt":{"rendered":"<p>Rodzice i siostra \u015bw. Bibiany tak\u017ce zgin\u0119li jako m\u0119czennicy, a ona sama zosta\u0142a zat\u0142uczona na \u015bmier\u0107. Jej ojciec nie pomy\u015bla\u0142, \u017ce je\u015bli wyprze si\u0119 wiary ocali rodzin\u0119, &#8220;kt\u00f3ra jest najwa\u017cniejsza&#8221;, ale w ten spos\u00f3b ocali\u0142 rodzin\u0119 na \u017cycie wieczne.<\/p>","protected":false},"author":60508433,"featured_media":39981,"comment_status":"open","ping_status":"open","sticky":false,"template":"","format":"standard","meta":{"_bbp_topic_count":0,"_bbp_reply_count":0,"_bbp_total_topic_count":0,"_bbp_total_reply_count":0,"_bbp_voice_count":0,"_bbp_anonymous_reply_count":0,"_bbp_topic_count_hidden":0,"_bbp_reply_count_hidden":0,"_bbp_forum_subforum_count":0,"_editorskit_title_hidden":false,"_editorskit_reading_time":0,"_editorskit_is_block_options_detached":false,"_editorskit_block_options_position":"{}","_coblocks_attr":"","_coblocks_dimensions":"","_coblocks_responsive_height":"","_coblocks_accordion_ie_support":"","_exactmetrics_skip_tracking":false,"_jetpack_newsletter_access":"","_jetpack_dont_email_post_to_subs":false,"_jetpack_newsletter_tier_id":0,"_jetpack_memberships_contains_paywalled_content":false,"_wpcom_ai_launchpad_first_post":false,"_jetpack_feature_clip_id":0,"_jetpack_memberships_contains_paid_content":false,"footnotes":"","jetpack_publicize_message":"{title}\n\n{excerpt}\n\n{url}","jetpack_publicize_feature_enabled":true,"jetpack_social_post_already_shared":false,"jetpack_social_options":{"image_generator_settings":{"template":"highway","default_image_id":0,"font":"","enabled":false},"version":2},"_wpas_customize_per_network":false,"jetpack_post_was_ever_published":false},"categories":[610131827,610131184,336375535,610131155,610134933,610132042],"tags":[],"class_list":["post-108438","post","type-post","status-publish","format-standard","has-post-thumbnail","hentry","category-swieta-w-grudniu","category-duchowosc","category-liturgia-i-liturgika","category-rozwazania","category-zenskie-swiete","category-zywoty-swietych"],"yoast_head":"<!-- This site is optimized with the Yoast SEO plugin v28.3 - https:\/\/yoast.com\/product\/yoast-seo-wordpress\/ -->\n<title>2-go Grudnia. \u017bywot \u015bwi\u0119tej Bibianny, Dziewicy i M\u0119czenniczki. - Tradycja i Wiara<\/title>\n<meta name=\"robots\" content=\"index, follow, max-snippet:-1, max-image-preview:large, max-video-preview:-1\" \/>\n<link rel=\"canonical\" href=\"https:\/\/wobronietradycjiiwiary.com\/en\/2-go-grudnia-zywot-swietej-bibianny-dziewicy-i-meczenniczki-2-2\/\" \/>\n<meta property=\"og:locale\" content=\"en_US\" \/>\n<meta property=\"og:type\" content=\"article\" \/>\n<meta property=\"og:title\" content=\"2-go Grudnia. \u017bywot \u015bwi\u0119tej Bibianny, Dziewicy i M\u0119czenniczki. - Tradycja i Wiara\" \/>\n<meta property=\"og:description\" content=\"Rodzice i siostra \u015bw. Bibiany tak\u017ce zgin\u0119li jako m\u0119czennicy, a ona sama zosta\u0142a zat\u0142uczona na \u015bmier\u0107. Jej ojciec nie pomy\u015bla\u0142, \u017ce je\u015bli wyprze si\u0119 wiary ocali rodzin\u0119, &quot;kt\u00f3ra jest najwa\u017cniejsza&quot;, ale w ten spos\u00f3b ocali\u0142 rodzin\u0119 na \u017cycie wieczne.\" \/>\n<meta property=\"og:url\" content=\"https:\/\/wobronietradycjiiwiary.com\/en\/2-go-grudnia-zywot-swietej-bibianny-dziewicy-i-meczenniczki-2-2\/\" \/>\n<meta property=\"og:site_name\" content=\"Tradycja i Wiara\" \/>\n<meta property=\"article:publisher\" content=\"https:\/\/www.facebook.com\/Tradycja-i-Wiara-108813920592249\" \/>\n<meta property=\"article:published_time\" content=\"2023-12-02T07:15:57+00:00\" \/>\n<meta property=\"article:modified_time\" content=\"2025-02-10T10:14:56+00:00\" \/>\n<meta property=\"og:image\" content=\"https:\/\/wobronietradycjiiwiary.com\/wp-content\/uploads\/2020\/12\/Bibiana.jpg\" \/>\n\t<meta property=\"og:image:width\" content=\"295\" \/>\n\t<meta property=\"og:image:height\" content=\"249\" \/>\n\t<meta property=\"og:image:type\" content=\"image\/jpeg\" \/>\n<meta name=\"author\" content=\"Traditio et Fides\" \/>\n<meta name=\"twitter:card\" content=\"summary_large_image\" \/>\n<meta name=\"twitter:label1\" content=\"Written by\" \/>\n\t<meta name=\"twitter:data1\" content=\"Traditio et Fides\" \/>\n\t<meta name=\"twitter:label2\" content=\"Est. reading time\" \/>\n\t<meta name=\"twitter:data2\" content=\"6 minutes\" \/>\n<script type=\"application\/ld+json\" class=\"yoast-schema-graph\">{\"@context\":\"https:\\\/\\\/schema.org\",\"@graph\":[{\"@type\":\"Article\",\"@id\":\"https:\\\/\\\/wobronietradycjiiwiary.com\\\/2-go-grudnia-zywot-swietej-bibianny-dziewicy-i-meczenniczki-2-2\\\/#article\",\"isPartOf\":{\"@id\":\"https:\\\/\\\/wobronietradycjiiwiary.com\\\/2-go-grudnia-zywot-swietej-bibianny-dziewicy-i-meczenniczki-2-2\\\/\"},\"author\":{\"name\":\"Traditio et Fides\",\"@id\":\"https:\\\/\\\/wobronietradycjiiwiary.com\\\/pl\\\/#\\\/schema\\\/person\\\/2d6180ce6abcb681fef0daab7816e8f3\"},\"headline\":\"2-go Grudnia. \u017bywot \u015bwi\u0119tej Bibianny, Dziewicy i M\u0119czenniczki.\",\"datePublished\":\"2023-12-02T07:15:57+00:00\",\"dateModified\":\"2025-02-10T10:14:56+00:00\",\"mainEntityOfPage\":{\"@id\":\"https:\\\/\\\/wobronietradycjiiwiary.com\\\/2-go-grudnia-zywot-swietej-bibianny-dziewicy-i-meczenniczki-2-2\\\/\"},\"wordCount\":1285,\"commentCount\":0,\"publisher\":{\"@id\":\"https:\\\/\\\/wobronietradycjiiwiary.com\\\/pl\\\/#organization\"},\"image\":{\"@id\":\"https:\\\/\\\/wobronietradycjiiwiary.com\\\/2-go-grudnia-zywot-swietej-bibianny-dziewicy-i-meczenniczki-2-2\\\/#primaryimage\"},\"thumbnailUrl\":\"https:\\\/\\\/wobronietradycjiiwiary.com\\\/wp-content\\\/uploads\\\/2020\\\/12\\\/Bibiana.jpg\",\"articleSection\":[\"12. \u015awi\u0119ta w grudniu\",\"Duchowo\u015b\u0107\",\"Liturgia i liturgika\",\"Rozwa\u017cania liturgiczne\",\"\u017be\u0144skie \u015bwi\u0119te\",\"\u017bywoty \u015awi\u0119tych\"],\"inLanguage\":\"en-US\",\"potentialAction\":[{\"@type\":\"CommentAction\",\"name\":\"Comment\",\"target\":[\"https:\\\/\\\/wobronietradycjiiwiary.com\\\/2-go-grudnia-zywot-swietej-bibianny-dziewicy-i-meczenniczki-2-2\\\/#respond\"]}]},{\"@type\":\"WebPage\",\"@id\":\"https:\\\/\\\/wobronietradycjiiwiary.com\\\/2-go-grudnia-zywot-swietej-bibianny-dziewicy-i-meczenniczki-2-2\\\/\",\"url\":\"https:\\\/\\\/wobronietradycjiiwiary.com\\\/2-go-grudnia-zywot-swietej-bibianny-dziewicy-i-meczenniczki-2-2\\\/\",\"name\":\"2-go Grudnia. \u017bywot \u015bwi\u0119tej Bibianny, Dziewicy i M\u0119czenniczki. - Tradycja i Wiara\",\"isPartOf\":{\"@id\":\"https:\\\/\\\/wobronietradycjiiwiary.com\\\/pl\\\/#website\"},\"primaryImageOfPage\":{\"@id\":\"https:\\\/\\\/wobronietradycjiiwiary.com\\\/2-go-grudnia-zywot-swietej-bibianny-dziewicy-i-meczenniczki-2-2\\\/#primaryimage\"},\"image\":{\"@id\":\"https:\\\/\\\/wobronietradycjiiwiary.com\\\/2-go-grudnia-zywot-swietej-bibianny-dziewicy-i-meczenniczki-2-2\\\/#primaryimage\"},\"thumbnailUrl\":\"https:\\\/\\\/wobronietradycjiiwiary.com\\\/wp-content\\\/uploads\\\/2020\\\/12\\\/Bibiana.jpg\",\"datePublished\":\"2023-12-02T07:15:57+00:00\",\"dateModified\":\"2025-02-10T10:14:56+00:00\",\"breadcrumb\":{\"@id\":\"https:\\\/\\\/wobronietradycjiiwiary.com\\\/2-go-grudnia-zywot-swietej-bibianny-dziewicy-i-meczenniczki-2-2\\\/#breadcrumb\"},\"inLanguage\":\"en-US\",\"potentialAction\":[{\"@type\":\"ReadAction\",\"target\":[\"https:\\\/\\\/wobronietradycjiiwiary.com\\\/2-go-grudnia-zywot-swietej-bibianny-dziewicy-i-meczenniczki-2-2\\\/\"]}]},{\"@type\":\"ImageObject\",\"inLanguage\":\"en-US\",\"@id\":\"https:\\\/\\\/wobronietradycjiiwiary.com\\\/2-go-grudnia-zywot-swietej-bibianny-dziewicy-i-meczenniczki-2-2\\\/#primaryimage\",\"url\":\"https:\\\/\\\/wobronietradycjiiwiary.com\\\/wp-content\\\/uploads\\\/2020\\\/12\\\/Bibiana.jpg\",\"contentUrl\":\"https:\\\/\\\/wobronietradycjiiwiary.com\\\/wp-content\\\/uploads\\\/2020\\\/12\\\/Bibiana.jpg\",\"width\":295,\"height\":249},{\"@type\":\"BreadcrumbList\",\"@id\":\"https:\\\/\\\/wobronietradycjiiwiary.com\\\/2-go-grudnia-zywot-swietej-bibianny-dziewicy-i-meczenniczki-2-2\\\/#breadcrumb\",\"itemListElement\":[{\"@type\":\"ListItem\",\"position\":1,\"name\":\"Strona g\u0142\u00f3wna\",\"item\":\"https:\\\/\\\/wobronietradycjiiwiary.com\\\/\"},{\"@type\":\"ListItem\",\"position\":2,\"name\":\"2-go Grudnia. \u017bywot \u015bwi\u0119tej Bibianny, Dziewicy i M\u0119czenniczki.\"}]},{\"@type\":\"WebSite\",\"@id\":\"https:\\\/\\\/wobronietradycjiiwiary.com\\\/pl\\\/#website\",\"url\":\"https:\\\/\\\/wobronietradycjiiwiary.com\\\/pl\\\/\",\"name\":\"Tradycja i Wiara\",\"description\":\"Portal dla katolik\u00f3w.\",\"publisher\":{\"@id\":\"https:\\\/\\\/wobronietradycjiiwiary.com\\\/pl\\\/#organization\"},\"potentialAction\":[{\"@type\":\"SearchAction\",\"target\":{\"@type\":\"EntryPoint\",\"urlTemplate\":\"https:\\\/\\\/wobronietradycjiiwiary.com\\\/pl\\\/?s={search_term_string}\"},\"query-input\":{\"@type\":\"PropertyValueSpecification\",\"valueRequired\":true,\"valueName\":\"search_term_string\"}}],\"inLanguage\":\"en-US\"},{\"@type\":\"Organization\",\"@id\":\"https:\\\/\\\/wobronietradycjiiwiary.com\\\/pl\\\/#organization\",\"name\":\"Tradycja i Wiara\",\"url\":\"https:\\\/\\\/wobronietradycjiiwiary.com\\\/pl\\\/\",\"logo\":{\"@type\":\"ImageObject\",\"inLanguage\":\"en-US\",\"@id\":\"https:\\\/\\\/wobronietradycjiiwiary.com\\\/pl\\\/#\\\/schema\\\/logo\\\/image\\\/\",\"url\":\"https:\\\/\\\/i0.wp.com\\\/wobronietradycjiiwiary.com\\\/wp-content\\\/uploads\\\/2015\\\/10\\\/cropped-st-peters-dome-vatican.jpg?fit=940%2C198&ssl=1\",\"contentUrl\":\"https:\\\/\\\/i0.wp.com\\\/wobronietradycjiiwiary.com\\\/wp-content\\\/uploads\\\/2015\\\/10\\\/cropped-st-peters-dome-vatican.jpg?fit=940%2C198&ssl=1\",\"width\":940,\"height\":198,\"caption\":\"Tradycja i Wiara\"},\"image\":{\"@id\":\"https:\\\/\\\/wobronietradycjiiwiary.com\\\/pl\\\/#\\\/schema\\\/logo\\\/image\\\/\"},\"sameAs\":[\"https:\\\/\\\/www.facebook.com\\\/Tradycja-i-Wiara-108813920592249\"]},{\"@type\":\"Person\",\"@id\":\"https:\\\/\\\/wobronietradycjiiwiary.com\\\/pl\\\/#\\\/schema\\\/person\\\/2d6180ce6abcb681fef0daab7816e8f3\",\"name\":\"Traditio et Fides\",\"sameAs\":[\"https:\\\/\\\/traditionundglauben.com\"],\"url\":\"https:\\\/\\\/wobronietradycjiiwiary.com\\\/en\\\/author\\\/wobronietradycjiiwiary\\\/\"}]}<\/script>\n<!-- \/ Yoast SEO plugin. -->","yoast_head_json":{"title":"2-go Grudnia. \u017bywot \u015bwi\u0119tej Bibianny, Dziewicy i M\u0119czenniczki. - Tradycja i Wiara","robots":{"index":"index","follow":"follow","max-snippet":"max-snippet:-1","max-image-preview":"max-image-preview:large","max-video-preview":"max-video-preview:-1"},"canonical":"https:\/\/wobronietradycjiiwiary.com\/en\/2-go-grudnia-zywot-swietej-bibianny-dziewicy-i-meczenniczki-2-2\/","og_locale":"en_US","og_type":"article","og_title":"2-go Grudnia. \u017bywot \u015bwi\u0119tej Bibianny, Dziewicy i M\u0119czenniczki. - Tradycja i Wiara","og_description":"Rodzice i siostra \u015bw. Bibiany tak\u017ce zgin\u0119li jako m\u0119czennicy, a ona sama zosta\u0142a zat\u0142uczona na \u015bmier\u0107. Jej ojciec nie pomy\u015bla\u0142, \u017ce je\u015bli wyprze si\u0119 wiary ocali rodzin\u0119, \"kt\u00f3ra jest najwa\u017cniejsza\", ale w ten spos\u00f3b ocali\u0142 rodzin\u0119 na \u017cycie wieczne.","og_url":"https:\/\/wobronietradycjiiwiary.com\/en\/2-go-grudnia-zywot-swietej-bibianny-dziewicy-i-meczenniczki-2-2\/","og_site_name":"Tradycja i Wiara","article_publisher":"https:\/\/www.facebook.com\/Tradycja-i-Wiara-108813920592249","article_published_time":"2023-12-02T07:15:57+00:00","article_modified_time":"2025-02-10T10:14:56+00:00","og_image":[{"width":295,"height":249,"url":"https:\/\/wobronietradycjiiwiary.com\/wp-content\/uploads\/2020\/12\/Bibiana.jpg","type":"image\/jpeg"}],"author":"Traditio et Fides","twitter_card":"summary_large_image","twitter_misc":{"Written by":"Traditio et Fides","Est. reading time":"6 minutes"},"schema":{"@context":"https:\/\/schema.org","@graph":[{"@type":"Article","@id":"https:\/\/wobronietradycjiiwiary.com\/2-go-grudnia-zywot-swietej-bibianny-dziewicy-i-meczenniczki-2-2\/#article","isPartOf":{"@id":"https:\/\/wobronietradycjiiwiary.com\/2-go-grudnia-zywot-swietej-bibianny-dziewicy-i-meczenniczki-2-2\/"},"author":{"name":"Traditio et Fides","@id":"https:\/\/wobronietradycjiiwiary.com\/pl\/#\/schema\/person\/2d6180ce6abcb681fef0daab7816e8f3"},"headline":"2-go Grudnia. \u017bywot \u015bwi\u0119tej Bibianny, Dziewicy i M\u0119czenniczki.","datePublished":"2023-12-02T07:15:57+00:00","dateModified":"2025-02-10T10:14:56+00:00","mainEntityOfPage":{"@id":"https:\/\/wobronietradycjiiwiary.com\/2-go-grudnia-zywot-swietej-bibianny-dziewicy-i-meczenniczki-2-2\/"},"wordCount":1285,"commentCount":0,"publisher":{"@id":"https:\/\/wobronietradycjiiwiary.com\/pl\/#organization"},"image":{"@id":"https:\/\/wobronietradycjiiwiary.com\/2-go-grudnia-zywot-swietej-bibianny-dziewicy-i-meczenniczki-2-2\/#primaryimage"},"thumbnailUrl":"https:\/\/wobronietradycjiiwiary.com\/wp-content\/uploads\/2020\/12\/Bibiana.jpg","articleSection":["12. \u015awi\u0119ta w grudniu","Duchowo\u015b\u0107","Liturgia i liturgika","Rozwa\u017cania liturgiczne","\u017be\u0144skie \u015bwi\u0119te","\u017bywoty \u015awi\u0119tych"],"inLanguage":"en-US","potentialAction":[{"@type":"CommentAction","name":"Comment","target":["https:\/\/wobronietradycjiiwiary.com\/2-go-grudnia-zywot-swietej-bibianny-dziewicy-i-meczenniczki-2-2\/#respond"]}]},{"@type":"WebPage","@id":"https:\/\/wobronietradycjiiwiary.com\/2-go-grudnia-zywot-swietej-bibianny-dziewicy-i-meczenniczki-2-2\/","url":"https:\/\/wobronietradycjiiwiary.com\/2-go-grudnia-zywot-swietej-bibianny-dziewicy-i-meczenniczki-2-2\/","name":"2-go Grudnia. \u017bywot \u015bwi\u0119tej Bibianny, Dziewicy i M\u0119czenniczki. - Tradycja i Wiara","isPartOf":{"@id":"https:\/\/wobronietradycjiiwiary.com\/pl\/#website"},"primaryImageOfPage":{"@id":"https:\/\/wobronietradycjiiwiary.com\/2-go-grudnia-zywot-swietej-bibianny-dziewicy-i-meczenniczki-2-2\/#primaryimage"},"image":{"@id":"https:\/\/wobronietradycjiiwiary.com\/2-go-grudnia-zywot-swietej-bibianny-dziewicy-i-meczenniczki-2-2\/#primaryimage"},"thumbnailUrl":"https:\/\/wobronietradycjiiwiary.com\/wp-content\/uploads\/2020\/12\/Bibiana.jpg","datePublished":"2023-12-02T07:15:57+00:00","dateModified":"2025-02-10T10:14:56+00:00","breadcrumb":{"@id":"https:\/\/wobronietradycjiiwiary.com\/2-go-grudnia-zywot-swietej-bibianny-dziewicy-i-meczenniczki-2-2\/#breadcrumb"},"inLanguage":"en-US","potentialAction":[{"@type":"ReadAction","target":["https:\/\/wobronietradycjiiwiary.com\/2-go-grudnia-zywot-swietej-bibianny-dziewicy-i-meczenniczki-2-2\/"]}]},{"@type":"ImageObject","inLanguage":"en-US","@id":"https:\/\/wobronietradycjiiwiary.com\/2-go-grudnia-zywot-swietej-bibianny-dziewicy-i-meczenniczki-2-2\/#primaryimage","url":"https:\/\/wobronietradycjiiwiary.com\/wp-content\/uploads\/2020\/12\/Bibiana.jpg","contentUrl":"https:\/\/wobronietradycjiiwiary.com\/wp-content\/uploads\/2020\/12\/Bibiana.jpg","width":295,"height":249},{"@type":"BreadcrumbList","@id":"https:\/\/wobronietradycjiiwiary.com\/2-go-grudnia-zywot-swietej-bibianny-dziewicy-i-meczenniczki-2-2\/#breadcrumb","itemListElement":[{"@type":"ListItem","position":1,"name":"Strona g\u0142\u00f3wna","item":"https:\/\/wobronietradycjiiwiary.com\/"},{"@type":"ListItem","position":2,"name":"2-go Grudnia. \u017bywot \u015bwi\u0119tej Bibianny, Dziewicy i M\u0119czenniczki."}]},{"@type":"WebSite","@id":"https:\/\/wobronietradycjiiwiary.com\/pl\/#website","url":"https:\/\/wobronietradycjiiwiary.com\/pl\/","name":"Tradycja i Wiara","description":"Portal dla katolik\u00f3w.","publisher":{"@id":"https:\/\/wobronietradycjiiwiary.com\/pl\/#organization"},"potentialAction":[{"@type":"SearchAction","target":{"@type":"EntryPoint","urlTemplate":"https:\/\/wobronietradycjiiwiary.com\/pl\/?s={search_term_string}"},"query-input":{"@type":"PropertyValueSpecification","valueRequired":true,"valueName":"search_term_string"}}],"inLanguage":"en-US"},{"@type":"Organization","@id":"https:\/\/wobronietradycjiiwiary.com\/pl\/#organization","name":"Tradycja i Wiara","url":"https:\/\/wobronietradycjiiwiary.com\/pl\/","logo":{"@type":"ImageObject","inLanguage":"en-US","@id":"https:\/\/wobronietradycjiiwiary.com\/pl\/#\/schema\/logo\/image\/","url":"https:\/\/i0.wp.com\/wobronietradycjiiwiary.com\/wp-content\/uploads\/2015\/10\/cropped-st-peters-dome-vatican.jpg?fit=940%2C198&ssl=1","contentUrl":"https:\/\/i0.wp.com\/wobronietradycjiiwiary.com\/wp-content\/uploads\/2015\/10\/cropped-st-peters-dome-vatican.jpg?fit=940%2C198&ssl=1","width":940,"height":198,"caption":"Tradycja i Wiara"},"image":{"@id":"https:\/\/wobronietradycjiiwiary.com\/pl\/#\/schema\/logo\/image\/"},"sameAs":["https:\/\/www.facebook.com\/Tradycja-i-Wiara-108813920592249"]},{"@type":"Person","@id":"https:\/\/wobronietradycjiiwiary.com\/pl\/#\/schema\/person\/2d6180ce6abcb681fef0daab7816e8f3","name":"Traditio et Fides","sameAs":["https:\/\/traditionundglauben.com"],"url":"https:\/\/wobronietradycjiiwiary.com\/en\/author\/wobronietradycjiiwiary\/"}]}},"jetpack_publicize_connections":[],"jetpack_sharing_enabled":true,"jetpack_likes_enabled":true,"jetpack_shortlink":"https:\/\/wp.me\/pc04Sd-sd0","jetpack-related-posts":[{"id":39978,"url":"https:\/\/wobronietradycjiiwiary.com\/en\/2-go-grudnia-zywot-swietej-bibianny-dziewicy-i-meczenniczki\/","url_meta":{"origin":108438,"position":0},"title":"2-go Grudnia. \u017bywot \u015bwi\u0119tej Bibianny, Dziewicy i M\u0119czenniczki.","author":"Traditio et Fides","date":"2 December 2020","format":false,"excerpt":"Rodzice i siostra \u015bw. Bibiany tak\u017ce zgin\u0119li jako m\u0119czennicy, a ona sama zosta\u0142a zat\u0142uczona na \u015bmier\u0107. Jej ojciec nie pomy\u015bla\u0142, \u017ce je\u015bli wyprze si\u0119 wiary ocali rodzin\u0119, \"kt\u00f3ra jest najwa\u017cniejsza\", ale w ten spos\u00f3b ocali\u0142 rodzin\u0119 na \u017cycie wieczne.","rel":"","context":"In &quot;12. \u015awi\u0119ta w grudniu&quot;","block_context":{"text":"12. \u015awi\u0119ta w grudniu","link":"https:\/\/wobronietradycjiiwiary.com\/en\/category\/duchowosc\/liturgia-i-liturgika\/rozwazania\/rok-liturgiczny\/swieta-w-grudniu\/"},"img":{"alt_text":"","src":"https:\/\/i0.wp.com\/wobronietradycjiiwiary.com\/wp-content\/uploads\/2020\/12\/Bibiana.jpg?resize=350%2C200&ssl=1","width":350,"height":200},"classes":[]},{"id":89872,"url":"https:\/\/wobronietradycjiiwiary.com\/en\/ruch-rodzin-nazaretanskich-w-oczach-gazety-wyborczej-2-z-5\/","url_meta":{"origin":108438,"position":1},"title":"Ruch Rodzin Nazareta\u0144skich w oczach Gazety Wyborczej (2 z 7). Grzech pychy i manipulacja","author":"Traditio et Fides","date":"17 April 2023","format":false,"excerpt":"Reporta\u017c Gazety Wyborczej o Ruchu Rodzin Nazareta\u0144skich zawieraj\u0105cy sporo prawdy, z komentarzem Redakcji.","rel":"","context":"In &quot;Ko\u015bci\u00f3\u0142 posoborowy&quot;","block_context":{"text":"Ko\u015bci\u00f3\u0142 posoborowy","link":"https:\/\/wobronietradycjiiwiary.com\/en\/category\/polemika\/kosciol-posoborowy\/"},"img":{"alt_text":"","src":"https:\/\/i0.wp.com\/wobronietradycjiiwiary.com\/wp-content\/uploads\/2023\/03\/41_00211377_el-greco_die-heilige-familie-mit-der-heiligen-anna.jpg?resize=350%2C200&ssl=1","width":350,"height":200},"classes":[]},{"id":39984,"url":"https:\/\/wobronietradycjiiwiary.com\/en\/2-go-grudnia-zywot-swietej-bibianny-dziewicy-i-meczenniczki-2\/","url_meta":{"origin":108438,"position":2},"title":"2-go Grudnia. \u017bywot \u015bwi\u0119tej Bibianny, Dziewicy i M\u0119czenniczki.","author":"Traditio et Fides","date":"2 December 2022","format":false,"excerpt":"Rodzice i siostra \u015bw. Bibiany tak\u017ce zgin\u0119li jako m\u0119czennicy, a ona sama zosta\u0142a zat\u0142uczona na \u015bmier\u0107. Jej ojciec nie pomy\u015bla\u0142, \u017ce je\u015bli wyprze si\u0119 wiary ocali rodzin\u0119, \"kt\u00f3ra jest najwa\u017cniejsza\", ale w ten spos\u00f3b ocali\u0142 rodzin\u0119 na \u017cycie wieczne.","rel":"","context":"In &quot;12. \u015awi\u0119ta w grudniu&quot;","block_context":{"text":"12. \u015awi\u0119ta w grudniu","link":"https:\/\/wobronietradycjiiwiary.com\/en\/category\/duchowosc\/liturgia-i-liturgika\/rozwazania\/rok-liturgiczny\/swieta-w-grudniu\/"},"img":{"alt_text":"","src":"https:\/\/i0.wp.com\/wobronietradycjiiwiary.com\/wp-content\/uploads\/2020\/12\/Bibiana.jpg?resize=350%2C200&ssl=1","width":350,"height":200},"classes":[]},{"id":52122,"url":"https:\/\/wobronietradycjiiwiary.com\/en\/2-go-grudnia-zywot-swietej-bibianny-dziewicy-i-meczenniczki-3\/","url_meta":{"origin":108438,"position":3},"title":"2-go Grudnia. \u017bywot \u015bwi\u0119tej Bibianny, Dziewicy i M\u0119czenniczki.","author":"Traditio et Fides","date":"2 December 2021","format":false,"excerpt":"Rodzice i siostra \u015bw. Bibiany tak\u017ce zgin\u0119li jako m\u0119czennicy, a ona sama zosta\u0142a zat\u0142uczona na \u015bmier\u0107. Jej ojciec nie pomy\u015bla\u0142, \u017ce je\u015bli wyprze si\u0119 wiary ocali rodzin\u0119, \"kt\u00f3ra jest najwa\u017cniejsza\", ale w ten spos\u00f3b ocali\u0142 rodzin\u0119 na \u017cycie wieczne.","rel":"","context":"In &quot;12. \u015awi\u0119ta w grudniu&quot;","block_context":{"text":"12. \u015awi\u0119ta w grudniu","link":"https:\/\/wobronietradycjiiwiary.com\/en\/category\/duchowosc\/liturgia-i-liturgika\/rozwazania\/rok-liturgiczny\/swieta-w-grudniu\/"},"img":{"alt_text":"","src":"https:\/\/i0.wp.com\/wobronietradycjiiwiary.com\/wp-content\/uploads\/2020\/12\/Bibiana.jpg?resize=350%2C200&ssl=1","width":350,"height":200},"classes":[]},{"id":89992,"url":"https:\/\/wobronietradycjiiwiary.com\/en\/ruch-rodzin-nazaretanskich-w-oczach-gazety-wyborczej-4-z-5-wspolnoty\/","url_meta":{"origin":108438,"position":4},"title":"Ruch Rodzin Nazareta\u0144skich w oczach Gazety Wyborczej (4 z 7). Wsp\u00f3lnoty i Mistyczka","author":"Traditio et Fides","date":"1 May 2023","format":false,"excerpt":"Reporta\u017c Gazety Wyborczej o Ruchu Rodzin Nazareta\u0144skich zawieraj\u0105cy sporo prawdy, z komentarzem Redakcji.","rel":"","context":"In &quot;Ko\u015bci\u00f3\u0142 posoborowy&quot;","block_context":{"text":"Ko\u015bci\u00f3\u0142 posoborowy","link":"https:\/\/wobronietradycjiiwiary.com\/en\/category\/polemika\/kosciol-posoborowy\/"},"img":{"alt_text":"","src":"https:\/\/i0.wp.com\/wobronietradycjiiwiary.com\/wp-content\/uploads\/2023\/03\/41_00211377_el-greco_die-heilige-familie-mit-der-heiligen-anna.jpg?resize=350%2C200&ssl=1","width":350,"height":200},"classes":[]},{"id":17773,"url":"https:\/\/wobronietradycjiiwiary.com\/en\/sw-franciszek-salezy-filotea-o-dlugu-malzenskim-3-z\/","url_meta":{"origin":108438,"position":5},"title":"\u015aw. Franciszek Salezy, Filotea: O d\u0142ugu ma\u0142\u017ce\u0144skim (3 z 5)","author":"Traditio et Fides","date":"21 August 2018","format":false,"excerpt":"\u015aw. Franciszek Salezy - Doktor Ko\u015bcio\u0142a pobo\u017cnie, powa\u017cnie i \u0142agodnie klaruje prawd\u0119 o tym, \u017ce stosunek w ma\u0142\u017ce\u0144stwie jest d\u0142ugiem, kt\u00f3ry spe\u0142nia\u0107 trzeba.","rel":"","context":"In &quot;D\u0142ug ma\u0142\u017ce\u0144ski&quot;","block_context":{"text":"D\u0142ug ma\u0142\u017ce\u0144ski","link":"https:\/\/wobronietradycjiiwiary.com\/en\/category\/doktryna\/teologia-moralna\/malzenstwo\/stosunki-seksualne-w-malzenstwie\/dlug-malzenski\/"},"img":{"alt_text":"","src":"https:\/\/i0.wp.com\/wobronietradycjiiwiary.com\/wp-content\/uploads\/2018\/06\/franz-sales.jpg?resize=350%2C200&ssl=1","width":350,"height":200},"classes":[]}],"amp_enabled":true,"jetpack_featured_media_url":"https:\/\/wobronietradycjiiwiary.com\/wp-content\/uploads\/2020\/12\/Bibiana.jpg","_links":{"self":[{"href":"https:\/\/wobronietradycjiiwiary.com\/en\/wp-json\/wp\/v2\/posts\/108438","targetHints":{"allow":["GET"]}}],"collection":[{"href":"https:\/\/wobronietradycjiiwiary.com\/en\/wp-json\/wp\/v2\/posts"}],"about":[{"href":"https:\/\/wobronietradycjiiwiary.com\/en\/wp-json\/wp\/v2\/types\/post"}],"author":[{"embeddable":true,"href":"https:\/\/wobronietradycjiiwiary.com\/en\/wp-json\/wp\/v2\/users\/60508433"}],"replies":[{"embeddable":true,"href":"https:\/\/wobronietradycjiiwiary.com\/en\/wp-json\/wp\/v2\/comments?post=108438"}],"version-history":[{"count":1,"href":"https:\/\/wobronietradycjiiwiary.com\/en\/wp-json\/wp\/v2\/posts\/108438\/revisions"}],"predecessor-version":[{"id":108471,"href":"https:\/\/wobronietradycjiiwiary.com\/en\/wp-json\/wp\/v2\/posts\/108438\/revisions\/108471"}],"wp:featuredmedia":[{"embeddable":true,"href":"https:\/\/wobronietradycjiiwiary.com\/en\/wp-json\/wp\/v2\/media\/39981"}],"wp:attachment":[{"href":"https:\/\/wobronietradycjiiwiary.com\/en\/wp-json\/wp\/v2\/media?parent=108438"}],"wp:term":[{"taxonomy":"category","embeddable":true,"href":"https:\/\/wobronietradycjiiwiary.com\/en\/wp-json\/wp\/v2\/categories?post=108438"},{"taxonomy":"post_tag","embeddable":true,"href":"https:\/\/wobronietradycjiiwiary.com\/en\/wp-json\/wp\/v2\/tags?post=108438"}],"curies":[{"name":"wp","href":"https:\/\/api.w.org\/{rel}","templated":true}]}}