{"id":108364,"date":"2023-12-05T18:16:15","date_gmt":"2023-12-05T17:16:15","guid":{"rendered":"https:\/\/wobronietradycjiiwiary.com\/?p=108364"},"modified":"2026-04-16T14:39:52","modified_gmt":"2026-04-16T12:39:52","slug":"o-geniuszu-liturgicznej-destrukcji-destrukcja-prymatu-i-sedemenefreghismo","status":"publish","type":"post","link":"https:\/\/wobronietradycjiiwiary.com\/en\/o-geniuszu-liturgicznej-destrukcji-destrukcja-prymatu-i-sedemenefreghismo\/","title":{"rendered":"O geniuszu liturgicznego zniszczenia &#8211; destrukcja prymatu i &#8220;sedemenefreghismo&#8221;"},"content":{"rendered":"<div id=\"bsf_rt_marker\"><\/div><p>Dopiero czytaj\u0105c cykl Byrne prze\u015bledzi\u0107 mo\u017cna geniusz upad\u0142ych anio\u0142\u00f3w, kt\u00f3re za pomoc\u0105 pos\u0142usznych sobie ludzi najpierw dokona\u0142y destrukcji liturgii, a&hellip;<\/p>\n<div style=\"text-align: center\">\n<p>&nbsp;<\/p>\n<\/div>\n<h2 style=\"border: 5px solid #0000A0;padding: 1em;text-align: center\"><span style=\"color: #000000\">Pe\u0142en dost\u0119p dla <span style=\"color: #00ccff\"><a style=\"color: #00ccff\" href=\"https:\/\/wobronietradycjiiwiary.com\/en\/subskrypcje-2\/\" target=\"_blank\" rel=\"noopener\">subskrybent\u00f3w<\/a><\/span>.<\/span><br \/>\n<span style=\"color: #3366ff\"><a style=\"color: #3366ff\" href=\"https:\/\/wobronietradycjiiwiary.com\/en\/account\/login\/\" target=\"_blank\" rel=\"noopener\"><span style=\"color: #00ccff\">Zaloguj<\/span><\/a> <\/span>si\u0119 lub przejd\u017a do <a href=\"https:\/\/wobronietradycjiiwiary.com\/en\/register\/\"><span style=\"color: #3366ff\">Rejestracji<\/span><\/a>.<\/h2>\n<div>\n<p style=\"text-align: center\"><a href=\"https:\/\/wobronietradycjiiwiary.com\/en\/subskrypcje-2\/cennik\/\" target=\"_blank\" rel=\"noopener\"><span style=\"color: #000080;font-size: 24pt\"><strong>Nowe ni\u017csze ceny<\/strong><\/span><\/a><\/p>\n<p style=\"text-align: center\"><strong><span style=\"font-size: 18pt;color: #000080\">P\u0142atno\u015b\u0107 kart\u0105<\/span><\/strong><\/p>\n<\/div>\n<h3 style=\"text-align: center\"><a href=\"https:\/\/wobronietradycjiiwiary.com\/en\/subskrypcje-2\/automatyczne\/indywidualne\/\" target=\"_blank\" rel=\"noopener\"><img fetchpriority=\"high\" decoding=\"async\" class=\"alignnone size-medium wp-image-80433\" src=\"https:\/\/wobronietradycjiiwiary.com\/wp-content\/uploads\/2022\/11\/Unbenannt-1-Online-1-300x202.jpg\" alt=\"\" width=\"300\" height=\"202\" srcset=\"https:\/\/wobronietradycjiiwiary.com\/wp-content\/uploads\/2022\/11\/Unbenannt-1-Online-1-300x202.jpg 300w, https:\/\/wobronietradycjiiwiary.com\/wp-content\/uploads\/2022\/11\/Unbenannt-1-Online-1-150x101.jpg 150w, https:\/\/wobronietradycjiiwiary.com\/wp-content\/uploads\/2022\/11\/Unbenannt-1-Online-1-18x12.jpg 18w, https:\/\/wobronietradycjiiwiary.com\/wp-content\/uploads\/2022\/11\/Unbenannt-1-Online-1.jpg 446w\" sizes=\"(max-width: 300px) 100vw, 300px\" \/><\/a><\/h3>\n<p style=\"text-align: center\"><strong><span style=\"font-size: 18pt;color: #000080\">P\u0142atno\u015b\u0107 przelewem<\/span><\/strong><\/p>\n<p><a href=\"https:\/\/wobronietradycjiiwiary.com\/en\/subskrypcje-2\/automatyczne\/indywidualne\/\" target=\"_blank\" rel=\"noopener\"><img decoding=\"async\" class=\"size-medium wp-image-80434 aligncenter\" src=\"https:\/\/wobronietradycjiiwiary.com\/wp-content\/uploads\/2022\/11\/Unbenannt-1-Przelewem-300x137.jpg\" alt=\"\" width=\"300\" height=\"137\" srcset=\"https:\/\/wobronietradycjiiwiary.com\/wp-content\/uploads\/2022\/11\/Unbenannt-1-Przelewem-300x137.jpg 300w, https:\/\/wobronietradycjiiwiary.com\/wp-content\/uploads\/2022\/11\/Unbenannt-1-Przelewem-450x206.jpg 450w, https:\/\/wobronietradycjiiwiary.com\/wp-content\/uploads\/2022\/11\/Unbenannt-1-Przelewem-600x274.jpg 600w, https:\/\/wobronietradycjiiwiary.com\/wp-content\/uploads\/2022\/11\/Unbenannt-1-Przelewem-150x69.jpg 150w, https:\/\/wobronietradycjiiwiary.com\/wp-content\/uploads\/2022\/11\/Unbenannt-1-Przelewem-18x8.jpg 18w, https:\/\/wobronietradycjiiwiary.com\/wp-content\/uploads\/2022\/11\/Unbenannt-1-Przelewem.jpg 676w\" sizes=\"(max-width: 300px) 100vw, 300px\" \/><\/a><\/p>\n<p style=\"text-align: center\"><strong><span style=\"font-size: 18pt;color: #000080\">P\u0142atno\u015b\u0107 kart\u0105 do 6 os\u00f3b<\/span><\/strong><\/p>\n<p><a href=\"https:\/\/wobronietradycjiiwiary.com\/en\/rodzinne\/\" target=\"_blank\" rel=\"noopener\"><img decoding=\"async\" class=\"size-medium wp-image-80435 aligncenter\" src=\"https:\/\/wobronietradycjiiwiary.com\/wp-content\/uploads\/2022\/11\/Unbenannt-1-Rodzinna-300x208.jpg\" alt=\"\" width=\"300\" height=\"208\" srcset=\"https:\/\/wobronietradycjiiwiary.com\/wp-content\/uploads\/2022\/11\/Unbenannt-1-Rodzinna-300x208.jpg 300w, https:\/\/wobronietradycjiiwiary.com\/wp-content\/uploads\/2022\/11\/Unbenannt-1-Rodzinna-150x104.jpg 150w, https:\/\/wobronietradycjiiwiary.com\/wp-content\/uploads\/2022\/11\/Unbenannt-1-Rodzinna-18x12.jpg 18w, https:\/\/wobronietradycjiiwiary.com\/wp-content\/uploads\/2022\/11\/Unbenannt-1-Rodzinna.jpg 448w\" sizes=\"(max-width: 300px) 100vw, 300px\" \/><\/a><\/p>\n<h3 style=\"text-align: center\"><\/h3>\n<h1 style=\"text-align: center\"><\/h1>","protected":false},"excerpt":{"rendered":"<p>O duchowych skutkach zniesienia \u015bwi\u0105t zwi\u0105zanych prymatem piotrowym,<\/p>","protected":false},"author":60508433,"featured_media":108382,"comment_status":"open","ping_status":"open","sticky":false,"template":"","format":"standard","meta":{"_bbp_topic_count":0,"_bbp_reply_count":0,"_bbp_total_topic_count":0,"_bbp_total_reply_count":0,"_bbp_voice_count":0,"_bbp_anonymous_reply_count":0,"_bbp_topic_count_hidden":0,"_bbp_reply_count_hidden":0,"_bbp_forum_subforum_count":0,"_editorskit_title_hidden":false,"_editorskit_reading_time":0,"_editorskit_is_block_options_detached":false,"_editorskit_block_options_position":"{}","_coblocks_attr":"","_coblocks_dimensions":"","_coblocks_responsive_height":"","_coblocks_accordion_ie_support":"","_exactmetrics_skip_tracking":false,"_jetpack_newsletter_access":"","_jetpack_dont_email_post_to_subs":false,"_jetpack_newsletter_tier_id":0,"_jetpack_memberships_contains_paywalled_content":false,"_wpcom_ai_launchpad_first_post":false,"_jetpack_feature_clip_id":0,"_jetpack_memberships_contains_paid_content":false,"footnotes":"","jetpack_publicize_message":"{title}\n\n{excerpt}\n\n{url}","jetpack_publicize_feature_enabled":true,"jetpack_social_post_already_shared":false,"jetpack_social_options":{"image_generator_settings":{"template":"highway","default_image_id":0,"font":"","enabled":false},"version":2},"_wpas_customize_per_network":false,"jetpack_post_was_ever_published":false},"categories":[154619950,610136141,610136136,610134611,610131184,610135235,610131186],"tags":[610132133],"class_list":["post-108364","post","type-post","status-publish","format-standard","has-post-thumbnail","hentry","category-papiez-franciszek","category-ad-4-2-stopniowe-zmiany-liturgii","category-ad-4-jan-xxiii","category-antypapiez","category-duchowosc","category-komentarze-do-byrne","category-polemika","tag-restricted"],"yoast_head":"<!-- This site is optimized with the Yoast SEO plugin v28.4 - https:\/\/yoast.com\/product\/yoast-seo-wordpress\/ -->\n<title>O geniuszu liturgicznego zniszczenia - destrukcja prymatu i &quot;sedemenefreghismo&quot; - Tradycja i Wiara<\/title>\n<meta name=\"robots\" content=\"index, follow, max-snippet:-1, max-image-preview:large, max-video-preview:-1\" \/>\n<link rel=\"canonical\" href=\"https:\/\/wobronietradycjiiwiary.com\/en\/o-geniuszu-liturgicznej-destrukcji-destrukcja-prymatu-i-sedemenefreghismo\/\" \/>\n<meta property=\"og:locale\" content=\"en_US\" \/>\n<meta property=\"og:type\" content=\"article\" \/>\n<meta property=\"og:title\" content=\"O geniuszu liturgicznego zniszczenia - destrukcja prymatu i &quot;sedemenefreghismo&quot; - Tradycja i Wiara\" \/>\n<meta property=\"og:description\" content=\"O duchowych skutkach zniesienia \u015bwi\u0105t zwi\u0105zanych prymatem piotrowym,\" \/>\n<meta property=\"og:url\" content=\"https:\/\/wobronietradycjiiwiary.com\/en\/o-geniuszu-liturgicznej-destrukcji-destrukcja-prymatu-i-sedemenefreghismo\/\" \/>\n<meta property=\"og:site_name\" content=\"Tradycja i Wiara\" \/>\n<meta property=\"article:publisher\" content=\"https:\/\/www.facebook.com\/Tradycja-i-Wiara-108813920592249\" \/>\n<meta property=\"article:published_time\" content=\"2023-12-05T17:16:15+00:00\" \/>\n<meta property=\"article:modified_time\" content=\"2026-04-16T12:39:52+00:00\" \/>\n<meta property=\"og:image\" content=\"https:\/\/wobronietradycjiiwiary.com\/wp-content\/uploads\/2023\/12\/120peter.jpg\" \/>\n\t<meta property=\"og:image:width\" content=\"1127\" \/>\n\t<meta property=\"og:image:height\" content=\"1214\" \/>\n\t<meta property=\"og:image:type\" content=\"image\/jpeg\" \/>\n<meta name=\"author\" content=\"Traditio et Fides\" \/>\n<meta name=\"twitter:card\" content=\"summary_large_image\" \/>\n<meta name=\"twitter:label1\" content=\"Written by\" \/>\n\t<meta name=\"twitter:data1\" content=\"Traditio et Fides\" \/>\n\t<meta name=\"twitter:label2\" content=\"Est. reading time\" \/>\n\t<meta name=\"twitter:data2\" content=\"7 minutes\" \/>\n<script type=\"application\/ld+json\" class=\"yoast-schema-graph\">{\"@context\":\"https:\\\/\\\/schema.org\",\"@graph\":[{\"@type\":\"Article\",\"@id\":\"https:\\\/\\\/wobronietradycjiiwiary.com\\\/o-geniuszu-liturgicznej-destrukcji-destrukcja-prymatu-i-sedemenefreghismo\\\/#article\",\"isPartOf\":{\"@id\":\"https:\\\/\\\/wobronietradycjiiwiary.com\\\/o-geniuszu-liturgicznej-destrukcji-destrukcja-prymatu-i-sedemenefreghismo\\\/\"},\"author\":{\"name\":\"Traditio et Fides\",\"@id\":\"https:\\\/\\\/wobronietradycjiiwiary.com\\\/pl\\\/#\\\/schema\\\/person\\\/2d6180ce6abcb681fef0daab7816e8f3\"},\"headline\":\"O geniuszu liturgicznego zniszczenia &#8211; destrukcja prymatu i &#8220;sedemenefreghismo&#8221;\",\"datePublished\":\"2023-12-05T17:16:15+00:00\",\"dateModified\":\"2026-04-16T12:39:52+00:00\",\"mainEntityOfPage\":{\"@id\":\"https:\\\/\\\/wobronietradycjiiwiary.com\\\/o-geniuszu-liturgicznej-destrukcji-destrukcja-prymatu-i-sedemenefreghismo\\\/\"},\"wordCount\":1317,\"commentCount\":0,\"publisher\":{\"@id\":\"https:\\\/\\\/wobronietradycjiiwiary.com\\\/pl\\\/#organization\"},\"image\":{\"@id\":\"https:\\\/\\\/wobronietradycjiiwiary.com\\\/o-geniuszu-liturgicznej-destrukcji-destrukcja-prymatu-i-sedemenefreghismo\\\/#primaryimage\"},\"thumbnailUrl\":\"https:\\\/\\\/wobronietradycjiiwiary.com\\\/wp-content\\\/uploads\\\/2023\\\/12\\\/120peter.jpg\",\"keywords\":[\"Restricted\"],\"articleSection\":[\"4. Franciszek\",\"Ad 4) 2. Stopniowe zmiany liturgii: Kanon, kalendarz, znikaj\u0105ce \u015bwi\u0119ta\",\"Ad 4) Jan XXIII\",\"Antypapie\u017c\",\"Duchowo\u015b\u0107\",\"Komentarze w\u0142asne do Byrne\",\"Polemika\"],\"inLanguage\":\"en-US\",\"potentialAction\":[{\"@type\":\"CommentAction\",\"name\":\"Comment\",\"target\":[\"https:\\\/\\\/wobronietradycjiiwiary.com\\\/o-geniuszu-liturgicznej-destrukcji-destrukcja-prymatu-i-sedemenefreghismo\\\/#respond\"]}]},{\"@type\":\"WebPage\",\"@id\":\"https:\\\/\\\/wobronietradycjiiwiary.com\\\/o-geniuszu-liturgicznej-destrukcji-destrukcja-prymatu-i-sedemenefreghismo\\\/\",\"url\":\"https:\\\/\\\/wobronietradycjiiwiary.com\\\/o-geniuszu-liturgicznej-destrukcji-destrukcja-prymatu-i-sedemenefreghismo\\\/\",\"name\":\"O geniuszu liturgicznego zniszczenia - destrukcja prymatu i \\\"sedemenefreghismo\\\" - Tradycja i Wiara\",\"isPartOf\":{\"@id\":\"https:\\\/\\\/wobronietradycjiiwiary.com\\\/pl\\\/#website\"},\"primaryImageOfPage\":{\"@id\":\"https:\\\/\\\/wobronietradycjiiwiary.com\\\/o-geniuszu-liturgicznej-destrukcji-destrukcja-prymatu-i-sedemenefreghismo\\\/#primaryimage\"},\"image\":{\"@id\":\"https:\\\/\\\/wobronietradycjiiwiary.com\\\/o-geniuszu-liturgicznej-destrukcji-destrukcja-prymatu-i-sedemenefreghismo\\\/#primaryimage\"},\"thumbnailUrl\":\"https:\\\/\\\/wobronietradycjiiwiary.com\\\/wp-content\\\/uploads\\\/2023\\\/12\\\/120peter.jpg\",\"datePublished\":\"2023-12-05T17:16:15+00:00\",\"dateModified\":\"2026-04-16T12:39:52+00:00\",\"breadcrumb\":{\"@id\":\"https:\\\/\\\/wobronietradycjiiwiary.com\\\/o-geniuszu-liturgicznej-destrukcji-destrukcja-prymatu-i-sedemenefreghismo\\\/#breadcrumb\"},\"inLanguage\":\"en-US\",\"potentialAction\":[{\"@type\":\"ReadAction\",\"target\":[\"https:\\\/\\\/wobronietradycjiiwiary.com\\\/o-geniuszu-liturgicznej-destrukcji-destrukcja-prymatu-i-sedemenefreghismo\\\/\"]}]},{\"@type\":\"ImageObject\",\"inLanguage\":\"en-US\",\"@id\":\"https:\\\/\\\/wobronietradycjiiwiary.com\\\/o-geniuszu-liturgicznej-destrukcji-destrukcja-prymatu-i-sedemenefreghismo\\\/#primaryimage\",\"url\":\"https:\\\/\\\/wobronietradycjiiwiary.com\\\/wp-content\\\/uploads\\\/2023\\\/12\\\/120peter.jpg\",\"contentUrl\":\"https:\\\/\\\/wobronietradycjiiwiary.com\\\/wp-content\\\/uploads\\\/2023\\\/12\\\/120peter.jpg\",\"width\":1127,\"height\":1214},{\"@type\":\"BreadcrumbList\",\"@id\":\"https:\\\/\\\/wobronietradycjiiwiary.com\\\/o-geniuszu-liturgicznej-destrukcji-destrukcja-prymatu-i-sedemenefreghismo\\\/#breadcrumb\",\"itemListElement\":[{\"@type\":\"ListItem\",\"position\":1,\"name\":\"Strona g\u0142\u00f3wna\",\"item\":\"https:\\\/\\\/wobronietradycjiiwiary.com\\\/\"},{\"@type\":\"ListItem\",\"position\":2,\"name\":\"O geniuszu liturgicznego zniszczenia &#8211; destrukcja prymatu i &#8222;sedemenefreghismo&#8221;\"}]},{\"@type\":\"WebSite\",\"@id\":\"https:\\\/\\\/wobronietradycjiiwiary.com\\\/pl\\\/#website\",\"url\":\"https:\\\/\\\/wobronietradycjiiwiary.com\\\/pl\\\/\",\"name\":\"Tradycja i Wiara\",\"description\":\"Portal dla katolik\u00f3w.\",\"publisher\":{\"@id\":\"https:\\\/\\\/wobronietradycjiiwiary.com\\\/pl\\\/#organization\"},\"potentialAction\":[{\"@type\":\"SearchAction\",\"target\":{\"@type\":\"EntryPoint\",\"urlTemplate\":\"https:\\\/\\\/wobronietradycjiiwiary.com\\\/pl\\\/?s={search_term_string}\"},\"query-input\":{\"@type\":\"PropertyValueSpecification\",\"valueRequired\":true,\"valueName\":\"search_term_string\"}}],\"inLanguage\":\"en-US\"},{\"@type\":\"Organization\",\"@id\":\"https:\\\/\\\/wobronietradycjiiwiary.com\\\/pl\\\/#organization\",\"name\":\"Tradycja i Wiara\",\"url\":\"https:\\\/\\\/wobronietradycjiiwiary.com\\\/pl\\\/\",\"logo\":{\"@type\":\"ImageObject\",\"inLanguage\":\"en-US\",\"@id\":\"https:\\\/\\\/wobronietradycjiiwiary.com\\\/pl\\\/#\\\/schema\\\/logo\\\/image\\\/\",\"url\":\"https:\\\/\\\/i0.wp.com\\\/wobronietradycjiiwiary.com\\\/wp-content\\\/uploads\\\/2015\\\/10\\\/cropped-st-peters-dome-vatican.jpg?fit=940%2C198&ssl=1\",\"contentUrl\":\"https:\\\/\\\/i0.wp.com\\\/wobronietradycjiiwiary.com\\\/wp-content\\\/uploads\\\/2015\\\/10\\\/cropped-st-peters-dome-vatican.jpg?fit=940%2C198&ssl=1\",\"width\":940,\"height\":198,\"caption\":\"Tradycja i Wiara\"},\"image\":{\"@id\":\"https:\\\/\\\/wobronietradycjiiwiary.com\\\/pl\\\/#\\\/schema\\\/logo\\\/image\\\/\"},\"sameAs\":[\"https:\\\/\\\/www.facebook.com\\\/Tradycja-i-Wiara-108813920592249\"]},{\"@type\":\"Person\",\"@id\":\"https:\\\/\\\/wobronietradycjiiwiary.com\\\/pl\\\/#\\\/schema\\\/person\\\/2d6180ce6abcb681fef0daab7816e8f3\",\"name\":\"Traditio et Fides\",\"sameAs\":[\"https:\\\/\\\/traditionundglauben.com\"],\"url\":\"https:\\\/\\\/wobronietradycjiiwiary.com\\\/en\\\/author\\\/wobronietradycjiiwiary\\\/\"}]}<\/script>\n<!-- \/ Yoast SEO plugin. -->","yoast_head_json":{"title":"O geniuszu liturgicznego zniszczenia - destrukcja prymatu i \"sedemenefreghismo\" - Tradycja i Wiara","robots":{"index":"index","follow":"follow","max-snippet":"max-snippet:-1","max-image-preview":"max-image-preview:large","max-video-preview":"max-video-preview:-1"},"canonical":"https:\/\/wobronietradycjiiwiary.com\/en\/o-geniuszu-liturgicznej-destrukcji-destrukcja-prymatu-i-sedemenefreghismo\/","og_locale":"en_US","og_type":"article","og_title":"O geniuszu liturgicznego zniszczenia - destrukcja prymatu i \"sedemenefreghismo\" - Tradycja i Wiara","og_description":"O duchowych skutkach zniesienia \u015bwi\u0105t zwi\u0105zanych prymatem piotrowym,","og_url":"https:\/\/wobronietradycjiiwiary.com\/en\/o-geniuszu-liturgicznej-destrukcji-destrukcja-prymatu-i-sedemenefreghismo\/","og_site_name":"Tradycja i Wiara","article_publisher":"https:\/\/www.facebook.com\/Tradycja-i-Wiara-108813920592249","article_published_time":"2023-12-05T17:16:15+00:00","article_modified_time":"2026-04-16T12:39:52+00:00","og_image":[{"width":1127,"height":1214,"url":"https:\/\/wobronietradycjiiwiary.com\/wp-content\/uploads\/2023\/12\/120peter.jpg","type":"image\/jpeg"}],"author":"Traditio et Fides","twitter_card":"summary_large_image","twitter_misc":{"Written by":"Traditio et Fides","Est. reading time":"7 minutes"},"schema":{"@context":"https:\/\/schema.org","@graph":[{"@type":"Article","@id":"https:\/\/wobronietradycjiiwiary.com\/o-geniuszu-liturgicznej-destrukcji-destrukcja-prymatu-i-sedemenefreghismo\/#article","isPartOf":{"@id":"https:\/\/wobronietradycjiiwiary.com\/o-geniuszu-liturgicznej-destrukcji-destrukcja-prymatu-i-sedemenefreghismo\/"},"author":{"name":"Traditio et Fides","@id":"https:\/\/wobronietradycjiiwiary.com\/pl\/#\/schema\/person\/2d6180ce6abcb681fef0daab7816e8f3"},"headline":"O geniuszu liturgicznego zniszczenia &#8211; destrukcja prymatu i &#8220;sedemenefreghismo&#8221;","datePublished":"2023-12-05T17:16:15+00:00","dateModified":"2026-04-16T12:39:52+00:00","mainEntityOfPage":{"@id":"https:\/\/wobronietradycjiiwiary.com\/o-geniuszu-liturgicznej-destrukcji-destrukcja-prymatu-i-sedemenefreghismo\/"},"wordCount":1317,"commentCount":0,"publisher":{"@id":"https:\/\/wobronietradycjiiwiary.com\/pl\/#organization"},"image":{"@id":"https:\/\/wobronietradycjiiwiary.com\/o-geniuszu-liturgicznej-destrukcji-destrukcja-prymatu-i-sedemenefreghismo\/#primaryimage"},"thumbnailUrl":"https:\/\/wobronietradycjiiwiary.com\/wp-content\/uploads\/2023\/12\/120peter.jpg","keywords":["Restricted"],"articleSection":["4. Franciszek","Ad 4) 2. Stopniowe zmiany liturgii: Kanon, kalendarz, znikaj\u0105ce \u015bwi\u0119ta","Ad 4) Jan XXIII","Antypapie\u017c","Duchowo\u015b\u0107","Komentarze w\u0142asne do Byrne","Polemika"],"inLanguage":"en-US","potentialAction":[{"@type":"CommentAction","name":"Comment","target":["https:\/\/wobronietradycjiiwiary.com\/o-geniuszu-liturgicznej-destrukcji-destrukcja-prymatu-i-sedemenefreghismo\/#respond"]}]},{"@type":"WebPage","@id":"https:\/\/wobronietradycjiiwiary.com\/o-geniuszu-liturgicznej-destrukcji-destrukcja-prymatu-i-sedemenefreghismo\/","url":"https:\/\/wobronietradycjiiwiary.com\/o-geniuszu-liturgicznej-destrukcji-destrukcja-prymatu-i-sedemenefreghismo\/","name":"O geniuszu liturgicznego zniszczenia - destrukcja prymatu i \"sedemenefreghismo\" - Tradycja i Wiara","isPartOf":{"@id":"https:\/\/wobronietradycjiiwiary.com\/pl\/#website"},"primaryImageOfPage":{"@id":"https:\/\/wobronietradycjiiwiary.com\/o-geniuszu-liturgicznej-destrukcji-destrukcja-prymatu-i-sedemenefreghismo\/#primaryimage"},"image":{"@id":"https:\/\/wobronietradycjiiwiary.com\/o-geniuszu-liturgicznej-destrukcji-destrukcja-prymatu-i-sedemenefreghismo\/#primaryimage"},"thumbnailUrl":"https:\/\/wobronietradycjiiwiary.com\/wp-content\/uploads\/2023\/12\/120peter.jpg","datePublished":"2023-12-05T17:16:15+00:00","dateModified":"2026-04-16T12:39:52+00:00","breadcrumb":{"@id":"https:\/\/wobronietradycjiiwiary.com\/o-geniuszu-liturgicznej-destrukcji-destrukcja-prymatu-i-sedemenefreghismo\/#breadcrumb"},"inLanguage":"en-US","potentialAction":[{"@type":"ReadAction","target":["https:\/\/wobronietradycjiiwiary.com\/o-geniuszu-liturgicznej-destrukcji-destrukcja-prymatu-i-sedemenefreghismo\/"]}]},{"@type":"ImageObject","inLanguage":"en-US","@id":"https:\/\/wobronietradycjiiwiary.com\/o-geniuszu-liturgicznej-destrukcji-destrukcja-prymatu-i-sedemenefreghismo\/#primaryimage","url":"https:\/\/wobronietradycjiiwiary.com\/wp-content\/uploads\/2023\/12\/120peter.jpg","contentUrl":"https:\/\/wobronietradycjiiwiary.com\/wp-content\/uploads\/2023\/12\/120peter.jpg","width":1127,"height":1214},{"@type":"BreadcrumbList","@id":"https:\/\/wobronietradycjiiwiary.com\/o-geniuszu-liturgicznej-destrukcji-destrukcja-prymatu-i-sedemenefreghismo\/#breadcrumb","itemListElement":[{"@type":"ListItem","position":1,"name":"Strona g\u0142\u00f3wna","item":"https:\/\/wobronietradycjiiwiary.com\/"},{"@type":"ListItem","position":2,"name":"O geniuszu liturgicznego zniszczenia &#8211; destrukcja prymatu i &#8222;sedemenefreghismo&#8221;"}]},{"@type":"WebSite","@id":"https:\/\/wobronietradycjiiwiary.com\/pl\/#website","url":"https:\/\/wobronietradycjiiwiary.com\/pl\/","name":"Tradycja i Wiara","description":"Portal dla katolik\u00f3w.","publisher":{"@id":"https:\/\/wobronietradycjiiwiary.com\/pl\/#organization"},"potentialAction":[{"@type":"SearchAction","target":{"@type":"EntryPoint","urlTemplate":"https:\/\/wobronietradycjiiwiary.com\/pl\/?s={search_term_string}"},"query-input":{"@type":"PropertyValueSpecification","valueRequired":true,"valueName":"search_term_string"}}],"inLanguage":"en-US"},{"@type":"Organization","@id":"https:\/\/wobronietradycjiiwiary.com\/pl\/#organization","name":"Tradycja i Wiara","url":"https:\/\/wobronietradycjiiwiary.com\/pl\/","logo":{"@type":"ImageObject","inLanguage":"en-US","@id":"https:\/\/wobronietradycjiiwiary.com\/pl\/#\/schema\/logo\/image\/","url":"https:\/\/i0.wp.com\/wobronietradycjiiwiary.com\/wp-content\/uploads\/2015\/10\/cropped-st-peters-dome-vatican.jpg?fit=940%2C198&ssl=1","contentUrl":"https:\/\/i0.wp.com\/wobronietradycjiiwiary.com\/wp-content\/uploads\/2015\/10\/cropped-st-peters-dome-vatican.jpg?fit=940%2C198&ssl=1","width":940,"height":198,"caption":"Tradycja i Wiara"},"image":{"@id":"https:\/\/wobronietradycjiiwiary.com\/pl\/#\/schema\/logo\/image\/"},"sameAs":["https:\/\/www.facebook.com\/Tradycja-i-Wiara-108813920592249"]},{"@type":"Person","@id":"https:\/\/wobronietradycjiiwiary.com\/pl\/#\/schema\/person\/2d6180ce6abcb681fef0daab7816e8f3","name":"Traditio et Fides","sameAs":["https:\/\/traditionundglauben.com"],"url":"https:\/\/wobronietradycjiiwiary.com\/en\/author\/wobronietradycjiiwiary\/"}]}},"jetpack_publicize_connections":[],"jetpack_sharing_enabled":true,"jetpack_likes_enabled":true,"jetpack_shortlink":"https:\/\/wp.me\/pc04Sd-sbO","jetpack-related-posts":[{"id":20110,"url":"https:\/\/wobronietradycjiiwiary.com\/en\/carol-byrne-dialogue-mass-lektura-obowiazkowa\/","url_meta":{"origin":108364,"position":0},"title":"Carol Byrne, Dialogue Mass &#8211; lektura obowi\u0105zkowa","author":"Traditio et Fides","date":"27 April 2019","format":false,"excerpt":"Poniewa\u017c prawie wszyscy czytamy tutaj po angielsku, tote\u017c polecamy (dzi\u0119kuj\u0105c serdecznie Hieronimowi za sugesti\u0119) nader d\u0142ugi, solidny i odkrywczy cykl Dr. Carol Byrne na Tradition in Action traktuj\u0105cy na temat zmian liturgicznych. Cykl, kt\u00f3ry liczy sobie w tej chwili 82 cz\u0119\u015bci, rozpocz\u0119ty zosta\u0142 w 2014 roku. Na temat jego autorki\u2026","rel":"","context":"In &quot;Ad 1) 1. Pius X - rzeczywiste intencje&quot;","block_context":{"text":"Ad 1) 1. Pius X - rzeczywiste intencje","link":"https:\/\/wobronietradycjiiwiary.com\/en\/category\/doktryna\/teologia-liturgii\/byrne-doktryna\/byrne\/komentarze-do-byrne\/ad-1-1-pius-x-rzeczywiste-intencje-komentarze-do-byrne\/"},"img":{"alt_text":"","src":"https:\/\/i0.wp.com\/wobronietradycjiiwiary.com\/wp-content\/uploads\/2019\/04\/descendit-ad-inferos-scaled.jpg?resize=350%2C200&ssl=1","width":350,"height":200,"srcset":"https:\/\/i0.wp.com\/wobronietradycjiiwiary.com\/wp-content\/uploads\/2019\/04\/descendit-ad-inferos-scaled.jpg?resize=350%2C200&ssl=1 1x, https:\/\/i0.wp.com\/wobronietradycjiiwiary.com\/wp-content\/uploads\/2019\/04\/descendit-ad-inferos-scaled.jpg?resize=525%2C300&ssl=1 1.5x, https:\/\/i0.wp.com\/wobronietradycjiiwiary.com\/wp-content\/uploads\/2019\/04\/descendit-ad-inferos-scaled.jpg?resize=700%2C400&ssl=1 2x, https:\/\/i0.wp.com\/wobronietradycjiiwiary.com\/wp-content\/uploads\/2019\/04\/descendit-ad-inferos-scaled.jpg?resize=1050%2C600&ssl=1 3x"},"classes":[]},{"id":79639,"url":"https:\/\/wobronietradycjiiwiary.com\/en\/carol-byrne-msza-dialogowana-56-2-z-94-niemiecko-francuska-mafia-za-reforma-liturgiczna\/","url_meta":{"origin":108364,"position":1},"title":"Carol Byrne, &#8220;Msza dialogowana&#8221;. (56.2 z 94). Niemiecko-francuska mafia za reform\u0105 liturgiczn\u0105","author":"Traditio et Fides","date":"18 October 2022","format":false,"excerpt":"O zast\u0105pieniu Tradycji destrukcj\u0105 i innowacj\u0105.","rel":"","context":"In &quot;3) Pius XII - ku zag\u0142adzie&quot;","block_context":{"text":"3) Pius XII - ku zag\u0142adzie","link":"https:\/\/wobronietradycjiiwiary.com\/en\/category\/doktryna\/teologia-liturgii\/byrne-doktryna\/byrne\/pius-xii-ku-zagladzie\/"},"img":{"alt_text":"","src":"https:\/\/i0.wp.com\/wobronietradycjiiwiary.com\/wp-content\/uploads\/2019\/10\/carreno-de-miranda.jpg?resize=350%2C200&ssl=1","width":350,"height":200,"srcset":"https:\/\/i0.wp.com\/wobronietradycjiiwiary.com\/wp-content\/uploads\/2019\/10\/carreno-de-miranda.jpg?resize=350%2C200&ssl=1 1x, https:\/\/i0.wp.com\/wobronietradycjiiwiary.com\/wp-content\/uploads\/2019\/10\/carreno-de-miranda.jpg?resize=525%2C300&ssl=1 1.5x, https:\/\/i0.wp.com\/wobronietradycjiiwiary.com\/wp-content\/uploads\/2019\/10\/carreno-de-miranda.jpg?resize=700%2C400&ssl=1 2x"},"classes":[]},{"id":42682,"url":"https:\/\/wobronietradycjiiwiary.com\/en\/carol-byrne-msza-dialogowana-oraz-nowy-cykl-gigant\/","url_meta":{"origin":108364,"position":2},"title":"Carol Byrne, \u201eMsza dialogowana\u201d oraz nowy cykl gigant","author":"Traditio et Fides","date":"2 March 2021","format":false,"excerpt":"Licz\u0105cy 94 cykl angielskiej katoliczki tradycyjnej Dr. Carol Byrne pod tytu\u0142em \u201eMsza dialogowana\u201d, kt\u00f3ry na przestrzeni kilku lat pojawia\u0142 si\u0119 na internetowych \u0142amach Tradition in Action, zas\u0142uguje nie tylko na rozpowszechnienie, ale tak\u017ce na przet\u0142umaczenie go na wszystkie mo\u017cliwe j\u0119zyki. Chocia\u017c znajomo\u015b\u0107 j\u0119zyka angielskiego w Polsce bardzo si\u0119 poprawi\u0142a i\u2026","rel":"","context":"In &quot;Ad 1) 1. Pius X - rzeczywiste intencje&quot;","block_context":{"text":"Ad 1) 1. Pius X - rzeczywiste intencje","link":"https:\/\/wobronietradycjiiwiary.com\/en\/category\/doktryna\/teologia-liturgii\/byrne-doktryna\/byrne\/komentarze-do-byrne\/ad-1-1-pius-x-rzeczywiste-intencje-komentarze-do-byrne\/"},"img":{"alt_text":"","src":"https:\/\/i0.wp.com\/wobronietradycjiiwiary.com\/wp-content\/uploads\/2021\/03\/Blutwunder_Bolsena8.jpg?resize=350%2C200&ssl=1","width":350,"height":200,"srcset":"https:\/\/i0.wp.com\/wobronietradycjiiwiary.com\/wp-content\/uploads\/2021\/03\/Blutwunder_Bolsena8.jpg?resize=350%2C200&ssl=1 1x, https:\/\/i0.wp.com\/wobronietradycjiiwiary.com\/wp-content\/uploads\/2021\/03\/Blutwunder_Bolsena8.jpg?resize=525%2C300&ssl=1 1.5x, https:\/\/i0.wp.com\/wobronietradycjiiwiary.com\/wp-content\/uploads\/2021\/03\/Blutwunder_Bolsena8.jpg?resize=700%2C400&ssl=1 2x, https:\/\/i0.wp.com\/wobronietradycjiiwiary.com\/wp-content\/uploads\/2021\/03\/Blutwunder_Bolsena8.jpg?resize=1050%2C600&ssl=1 3x, https:\/\/i0.wp.com\/wobronietradycjiiwiary.com\/wp-content\/uploads\/2021\/03\/Blutwunder_Bolsena8.jpg?resize=1400%2C800&ssl=1 4x"},"classes":[]},{"id":79740,"url":"https:\/\/wobronietradycjiiwiary.com\/en\/carol-byrne-msza-dialogowana-56-3-z-94-niemiecko-francuska-mafia-za-reforma-liturgiczna\/","url_meta":{"origin":108364,"position":3},"title":"Carol Byrne, &#8220;Msza dialogowana&#8221;. (56.3 z 94). Niemiecko-francuska mafia za reform\u0105 liturgiczn\u0105","author":"Traditio et Fides","date":"25 October 2022","format":false,"excerpt":"O tym, jak b\u0142ogos\u0142awie\u0144stwo nowego ognia ju\u017c 1956 zosta\u0142o poci\u0119te i okaleczone.","rel":"","context":"In &quot;3) Pius XII - ku zag\u0142adzie&quot;","block_context":{"text":"3) Pius XII - ku zag\u0142adzie","link":"https:\/\/wobronietradycjiiwiary.com\/en\/category\/doktryna\/teologia-liturgii\/byrne-doktryna\/byrne\/pius-xii-ku-zagladzie\/"},"img":{"alt_text":"","src":"https:\/\/i0.wp.com\/wobronietradycjiiwiary.com\/wp-content\/uploads\/2019\/10\/carreno-de-miranda.jpg?resize=350%2C200&ssl=1","width":350,"height":200,"srcset":"https:\/\/i0.wp.com\/wobronietradycjiiwiary.com\/wp-content\/uploads\/2019\/10\/carreno-de-miranda.jpg?resize=350%2C200&ssl=1 1x, https:\/\/i0.wp.com\/wobronietradycjiiwiary.com\/wp-content\/uploads\/2019\/10\/carreno-de-miranda.jpg?resize=525%2C300&ssl=1 1.5x, https:\/\/i0.wp.com\/wobronietradycjiiwiary.com\/wp-content\/uploads\/2019\/10\/carreno-de-miranda.jpg?resize=700%2C400&ssl=1 2x"},"classes":[]},{"id":87098,"url":"https:\/\/wobronietradycjiiwiary.com\/en\/zreformowana-liturgia-to-mniej-pracy\/","url_meta":{"origin":108364,"position":4},"title":"Zreformowana liturgia &#8211; mniej pracy","author":"Traditio et Fides","date":"7 March 2023","format":false,"excerpt":"O tym, \u017ce by\u0107 mo\u017ce za reformami liturgicznymi stali ch\u00f3rzy\u015bci chc\u0105cy mie\u0107 kr\u00f3tszy repertuar na Niedziel\u0119 Palmow\u0105.","rel":"","context":"In &quot;Duchowo\u015b\u0107&quot;","block_context":{"text":"Duchowo\u015b\u0107","link":"https:\/\/wobronietradycjiiwiary.com\/en\/category\/duchowosc\/"},"img":{"alt_text":"","src":"https:\/\/i0.wp.com\/wobronietradycjiiwiary.com\/wp-content\/uploads\/2023\/03\/Singing-monks-Litlyngton-Missal-monks-singing-72-Westminster-Abbey-copyright-photo-1.jpg?resize=350%2C200&ssl=1","width":350,"height":200},"classes":[]},{"id":108691,"url":"https:\/\/wobronietradycjiiwiary.com\/en\/carol-byrne-msza-dialogowana-83-3-z-129-w-jaki-sposob-mszal-z-1962-r-pozyskal-swoja-reforme-kalendarza\/","url_meta":{"origin":108364,"position":5},"title":"Carol Byrne, &#8220;Msza dialogowana&#8221;. (83.3 z 129). W jaki spos\u00f3b Msza\u0142 z 1962 r. pozyska\u0142 swoj\u0105 reform\u0119 kalendarza","author":"Traditio et Fides","date":"12 December 2023","format":false,"excerpt":"O sukcesywnym zniszeniu papiestwa przez papie\u017cy.","rel":"","context":"In &quot;2. Stopniowe zmiany liturgii: Kanon, kalendarz, znikaj\u0105ce \u015bwi\u0119ta&quot;","block_context":{"text":"2. Stopniowe zmiany liturgii: Kanon, kalendarz, znikaj\u0105ce \u015bwi\u0119ta","link":"https:\/\/wobronietradycjiiwiary.com\/en\/category\/doktryna\/teologia-liturgii\/byrne-doktryna\/byrne\/4-jan-xxiii\/2-stopniowe-zmiany-liturgii\/"},"img":{"alt_text":"","src":"https:\/\/i0.wp.com\/wobronietradycjiiwiary.com\/wp-content\/uploads\/2019\/10\/carreno-de-miranda.jpg?resize=350%2C200&ssl=1","width":350,"height":200,"srcset":"https:\/\/i0.wp.com\/wobronietradycjiiwiary.com\/wp-content\/uploads\/2019\/10\/carreno-de-miranda.jpg?resize=350%2C200&ssl=1 1x, https:\/\/i0.wp.com\/wobronietradycjiiwiary.com\/wp-content\/uploads\/2019\/10\/carreno-de-miranda.jpg?resize=525%2C300&ssl=1 1.5x, https:\/\/i0.wp.com\/wobronietradycjiiwiary.com\/wp-content\/uploads\/2019\/10\/carreno-de-miranda.jpg?resize=700%2C400&ssl=1 2x"},"classes":[]}],"amp_enabled":true,"jetpack_featured_media_url":"https:\/\/wobronietradycjiiwiary.com\/wp-content\/uploads\/2023\/12\/120peter.jpg","_links":{"self":[{"href":"https:\/\/wobronietradycjiiwiary.com\/en\/wp-json\/wp\/v2\/posts\/108364","targetHints":{"allow":["GET"]}}],"collection":[{"href":"https:\/\/wobronietradycjiiwiary.com\/en\/wp-json\/wp\/v2\/posts"}],"about":[{"href":"https:\/\/wobronietradycjiiwiary.com\/en\/wp-json\/wp\/v2\/types\/post"}],"author":[{"embeddable":true,"href":"https:\/\/wobronietradycjiiwiary.com\/en\/wp-json\/wp\/v2\/users\/60508433"}],"replies":[{"embeddable":true,"href":"https:\/\/wobronietradycjiiwiary.com\/en\/wp-json\/wp\/v2\/comments?post=108364"}],"version-history":[{"count":36,"href":"https:\/\/wobronietradycjiiwiary.com\/en\/wp-json\/wp\/v2\/posts\/108364\/revisions"}],"predecessor-version":[{"id":108437,"href":"https:\/\/wobronietradycjiiwiary.com\/en\/wp-json\/wp\/v2\/posts\/108364\/revisions\/108437"}],"wp:featuredmedia":[{"embeddable":true,"href":"https:\/\/wobronietradycjiiwiary.com\/en\/wp-json\/wp\/v2\/media\/108382"}],"wp:attachment":[{"href":"https:\/\/wobronietradycjiiwiary.com\/en\/wp-json\/wp\/v2\/media?parent=108364"}],"wp:term":[{"taxonomy":"category","embeddable":true,"href":"https:\/\/wobronietradycjiiwiary.com\/en\/wp-json\/wp\/v2\/categories?post=108364"},{"taxonomy":"post_tag","embeddable":true,"href":"https:\/\/wobronietradycjiiwiary.com\/en\/wp-json\/wp\/v2\/tags?post=108364"}],"curies":[{"name":"wp","href":"https:\/\/api.w.org\/{rel}","templated":true}]}}