{"id":107333,"date":"2023-11-18T08:15:20","date_gmt":"2023-11-18T07:15:20","guid":{"rendered":"https:\/\/wobronietradycjiiwiary.com\/?p=107333"},"modified":"2025-02-10T11:14:56","modified_gmt":"2025-02-10T10:14:56","slug":"18-go-listopada-zywot-swietego-jozafata-kuncewicza-metropolity-ruskiego-4","status":"publish","type":"post","link":"https:\/\/wobronietradycjiiwiary.com\/en\/18-go-listopada-zywot-swietego-jozafata-kuncewicza-metropolity-ruskiego-4\/","title":{"rendered":"18-go Listopada. \u017bywot \u015bwi\u0119tego Jozafata Kuncewicza, Metropolity ruskiego"},"content":{"rendered":"<div id=\"bsf_rt_marker\"><\/div>\n<p class=\"wp-block-paragraph\">(\u017by\u0142 oko\u0142o roku Pa\u0144skiego 1623).<\/p>\n\n\n\n<figure class=\"wp-block-image\"><a href=\"https:\/\/pl.wikisource.org\/wiki\/Plik:%C5%BBywoty_%C5%9Bw._Pa%C5%84skich_na_wszystkie_dnie_roku-Inicja%C5%82-N.png\"><img decoding=\"async\" src=\"https:\/\/upload.wikimedia.org\/wikipedia\/commons\/thumb\/3\/36\/%C5%BBywoty_%C5%9Bw._Pa%C5%84skich_na_wszystkie_dnie_roku-Inicja%C5%82-N.png\/51px-%C5%BBywoty_%C5%9Bw._Pa%C5%84skich_na_wszystkie_dnie_roku-Inicja%C5%82-N.png\" alt=\"N\"\/><\/a><\/figure>\n\n\n\n<p class=\"has-text-align-justify wp-block-paragraph\">Na Wo\u0142yniu, kt\u00f3ry niegdy\u015b nale\u017ca\u0142 do Polski, jest miasto W\u0142odzimierz. Tam urodzi\u0142 si\u0119 w roku 1580 \u015bw. Jozafat Kuncewicz, z rodzic\u00f3w rusi\u0144skiego pochodzenia. Pierwotnie by\u0142o mu imi\u0119 Jan. Ju\u017c za m\u0142odu zadziwia\u0142 wszystkich niezmiern\u0105 pobo\u017cno\u015bci\u0105. Ilekro\u0107 matka sz\u0142a do cerkwi, dobrowolnie si\u0119 wybiera\u0142 z ni\u0105 i z pobo\u017cn\u0105 ciekawo\u015bci\u0105 przypatrywa\u0142 si\u0119 poumieszczanym na o\u0142tarzach obrazom. Maj\u0105c lat pi\u0119\u0107, prosi\u0142 matki, aby mu wyt\u0142\u00f3maczy\u0142a znaczenie ukrzy\u017cowanego Chrystusa. Gdy mu opowiedzia\u0142a straszne m\u0119ki i okrutn\u0105 \u015bmier\u0107 Zbawiciela, ch\u0142opi\u0119 z nat\u0119\u017con\u0105 uwag\u0105 s\u0142ucha\u0142o, a skoro opowiadanie sko\u0144czy\u0142a, rz\u0119siste \u0142zy potoczy\u0142y si\u0119 z oczu jego.<\/p>\n\n\n\n<p class=\"has-text-align-justify wp-block-paragraph\">Do pacierza garn\u0105\u0142 si\u0119 cz\u0119sto i ochoczo i z wielk\u0105 uwag\u0105 go odmawia\u0142. Zamiast czas marnowa\u0107 na czczych rozrywkach i pr\u00f3\u017cnowaniu, malowa\u0142 sobie obrazy \u015awi\u0119tych i sk\u0142ada\u0142 przed niemi drobne r\u0105cz\u0119ta do modlitwy.Aby za\u015b nie dozna\u0107 w niej roztargnienia i przeszkody, szuka\u0142 w domu najskrytszych zak\u0105tk\u00f3w. Gdy ko\u015bci\u00f3\u0142 by\u0142 zamkni\u0119ty, stawa\u0142 u progu lub kl\u0119cz\u0105c, m\u00f3wi\u0142 pacierz.<\/p>\n\n\n\n<p class=\"has-text-align-justify wp-block-paragraph\">Poniewa\u017c ojciec Jana by\u0142 cz\u0142owiekiem niezamo\u017cnym, odda\u0142 go w nauk\u0119 do kupca w Wilnie. Nie d\u0142ugo m\u0142odzieniec u niego zabawi\u0142, gdy\u017c nie mia\u0142 najmniejszej ch\u0119ci do tego zawodu; natomiast zg\u0142osi\u0142 si\u0119 do zakonu ksi\u0119\u017cy Bazylian\u00f3w w Wilnie. Odt\u0105d zacz\u0105\u0142 kupowa\u0107 dusze dla Nieba i tyle ich Bogu pozyska\u0142, \u017ce nieprzyjaciele nazwali go duszo\u0142owc\u0105.<\/p>\n\n\n\n<p class=\"has-text-align-justify wp-block-paragraph\">\u2009Wst\u0119puj\u0105cy do zakonu zwykli imi\u0119 chrzestne zamienia\u0107 na inne zakonne, przez co daj\u0105 pozna\u0107, \u017ce bior\u0105 rozbrat z \u015bwiatem. Jan przybra\u0142 imi\u0119 Jozafata i pod tem imieniem jest znany \u015bwiatu katolickiemu.<\/p>\n\n\n\n<p class=\"has-text-align-justify wp-block-paragraph\">Jako zakonnik wi\u00f3d\u0142 \u017cywot ostry i pe\u0142en umartwie\u0144. W modlitwie by\u0142 tak gorliwym, \u017ce zrywa\u0142 si\u0119 w nocy z \u0142\u00f3\u017cka, a w zimie boso po \u015bniegu chodzi\u0142 do drzwi ko\u015bcielnych, aby si\u0119 modli\u0107. Reszt\u0119 wolnego od zaj\u0119\u0107 czasu albo trawi\u0142 przy ksi\u0105\u017cce, albo te\u017c pe\u0142ni\u0142 pos\u0142ugi klasztorne. W klasztorze przysposobi\u0142 si\u0119 na dzielnego szermierza za wiar\u0119 i Ko\u015bci\u00f3\u0142, i wkr\u00f3tce tak si\u0119 rozpowszechni\u0142a s\u0142awa cn\u00f3t jego, \u017ce wyniesiono go na godno\u015b\u0107 prze\u0142o\u017conego klasztoru ksi\u0119\u017cy Bazylian\u00f3w. Opr\u00f3cz wspomnianych wy\u017cej cn\u00f3t nie godzi si\u0119 przepomnie\u0107 jego wielkiego mi\u0142osierdzia dla biednych. Co tylko mia\u0142, oddawa\u0142 biedakom. Gdy go raz jaka\u015b wdowa prosi\u0142a, aby si\u0119 nad ni\u0105 zmi\u0142owa\u0142 i ochroni\u0142 j\u0105 od prze\u015bladowa\u0144 chciwego cz\u0142owieka, nie b\u0119d\u0105c przy groszu, kaza\u0142 jej wr\u00f3ci\u0107 po kilku godzinach, i pocz\u0105\u0142 si\u0119 \u017carliwie modli\u0107. Niezad\u0142ugo, gdy wraca\u0142 z ko\u015bcio\u0142a, spotyka go jaki\u015b m\u0142odzieniec i wr\u0119cza mu kies\u0119 z pieni\u0119dzmi, w kt\u00f3rej by\u0142o 600 dukat\u00f3w. Ca\u0142\u0105 t\u0119 kwot\u0119, nie przeliczywszy jej, odda\u0142 biednej wdowie. Gdy nie mia\u0142 niczego przy sobie, a zachodzi\u0142a potrzeba wspierania biednych, wyprasza\u0142 dla nich pomoc u innych.\u2009Cnoty te i zas\u0142ugi, tudzie\u017c jego nauka zwr\u00f3ci\u0142y na Jozafata uwag\u0119 zwierzchno\u015bci ko\u015bcielnej, kt\u00f3ra go powo\u0142a\u0142a na stolic\u0119 Arcybiskupi\u0105 w\u00a0Po\u0142ocku, lubo pokorny Bazylianin od tej godno\u015bci wyprasza\u0142 si\u0119 jak m\u00f3g\u0142. Ostatecznie z pos\u0142usze\u0144stwa uleg\u0142 rozkazowi i smutne w tej diecezyi znalaz\u0142 stosunki. Zaprowadzenie przeto r\u00f3\u017cnych ulepsze\u0144 wymaga\u0142o niezmiernej pracy i usilnych stara\u0144. Od niczego si\u0119 nie uchyla\u0142 \u015bwi\u0119tobliwy pasterz. Siada\u0142 w konfesyonale, zwiedza\u0142 parafie i wszystko czyni\u0142, aby rozpleniony chwast wykorzeni\u0107. \u015aci\u0105gn\u0119\u0142o to na\u0144 prze\u015bladowanie i zawzi\u0119to\u015b\u0107 dyecezyan, kt\u00f3rzy pocz\u0119li go czerni\u0107 i lud przeciw niemu podburza\u0107.<\/p>\n\n\n\n<p class=\"has-text-align-justify wp-block-paragraph\">\u2009W roku 1623 pojecha\u0142 do Witebska, aby tam w Katedrze odprawi\u0107 nabo\u017ce\u0144stwo. Nie ul\u0105k\u0142 si\u0119 niebezpiecze\u0144stwa, lubo wiele mu odradzano aby nie nara\u017ca\u0142 si\u0119 niepotrzebnie na wybuch nienawi\u015bci ludno\u015bci Witebska. Ale pomny na to, \u017ce dobry pasterz k\u0142adzie \u017cycie za owce swoje, lekcewa\u017cy\u0142 przestrogi i leg\u0142 ofiar\u0105 swej gorliwo\u015bci. Podburzony mot\u0142och bowiem rzuci\u0142 si\u0119 na niego i okrutnie go zamordowa\u0142. Konaj\u0105c, prosi\u0142 Boga, aby przebaczy\u0142 zab\u00f3jcom, kt\u00f3rzy w za\u015blepieniu nienawi\u015bci nie wiedz\u0105, co czyni\u0105. Nawet nad martwem cia\u0142em \u015bwi\u0119tego M\u0119czennika pastwili si\u0119 okrutnie bezecni mordercy. W\u0142\u00f3czyli je bowiem po bruku i wrzucili skrwawione i strasznie pokaleczone w rzek\u0119 D\u017awin\u0119. Nad miejscem, gdzie jego cia\u0142o le\u017ca\u0142o, ukaza\u0142 si\u0119 s\u0142up ognisty. Po pi\u0119ciu dniach dopiero wydobyli pobo\u017cni ludzie \u015bwi\u0119te Zw\u0142oki z rzeki i przenie\u015bli je do\u00a0Po\u0142ocka,\u00a0gdzie wszyscy op\u0142akiwali jego strat\u0119. Z\u00a0Po\u0142ocka\u00a0przewieziono p\u00f3\u017aniej jego zw\u0142oki do miasta Bia\u0142ej.<\/p>\n\n\n\n<p class=\"has-text-align-justify wp-block-paragraph\"><br>\u2009W r. 1643 Papie\u017c Urban VIII zaliczy\u0142 go do rz\u0119du B\u0142ogos\u0142awionych. Skoro otworzono gr\u00f3b jego, przekonano si\u0119, \u017ce cia\u0142o jego wcale nie ulega\u0142o zepsuciu, a \u015bwi\u0119to\u015b\u0107 jego liczne stwierdzi\u0142y cuda. Niewidomi bowiem wzrok, chorzy zdrowie odzyskiwali. Jeszcze w roku 1743 ogl\u0105da\u0142 ksi\u0105dz Floryan Jaroszewicz zw\u0142oki jego wcale nienadpsute i wo\u0144 z siebie wydaj\u0105ce.<br>\u2009Papie\u017c Pius IX og\u0142osi\u0142 Jozafata \u015awi\u0119tym, ale gdzie si\u0119 zw\u0142oki jego podzia\u0142y, nikomu nie wiadomo. Jozafat jest Patronem Polak\u00f3w i Rusin\u00f3w.<\/p>\n\n\n\n<h3 class=\"wp-block-heading\"><br><strong>Nauka moralna.<\/strong><\/h3>\n\n\n\n<p class=\"wp-block-paragraph\">\u2009Poniewa\u017c \u017cywot \u015bwi\u0119tego Jozafata Kuncewicza nader by\u0142 ostry i pe\u0142en umartwie\u0144, zatem przytaczamy w miejsce nauki moralnej kr\u00f3tk\u0105 rozpraw\u0119 o tej\u017ce cnocie.<br><\/p>\n\n\n\n<blockquote class=\"wp-block-quote is-layout-flow wp-block-quote-is-layout-flow\"><p>C\u00f3\u017c to bowiem jest umartwienie?<br><\/p><\/blockquote>\n\n\n\n<p class=\"has-text-align-justify wp-block-paragraph\">Jest to \u015bmier\u0107 zadana mi\u0142o\u015bci w\u0142asnej \u2014 \u015bmier\u0107 odejmuj\u0105ca \u017cyciu mi\u0119kko\u015b\u0107, oddzielaj\u0105c\u0105 dusz\u0119 od zmys\u0142\u00f3w, roz\u0142\u0105czaj\u0105ca j\u0105 od przyjemno\u015bci cia\u0142a, daj\u0105ca jej \u017cycie duchowne. Jest to ofiara mi\u0142o\u015bci; \u2014 dusza jest tu kap\u0142anem, cia\u0142o ofiar\u0105, serce o\u0142tarzem, umartwienie no\u017cem, mi\u0142o\u015b\u0107 ogniem. Umartwienie jest to m\u0119cze\u0144stwo bez kata, nie tak okrutne jak bywa za wiar\u0119, lecz d\u0142u\u017csze, przykrzejsze i wi\u0119cej dobrowolne. C\u00f3\u017c to nadal jest umartwienie? Umartwienie jest dokonaniem Ofiary Chrystusowej, dope\u0142niaj\u0105ce tego, czego niedostaje M\u0119ce Jego, \u2014 wed\u0142ug s\u0142\u00f3w \u015bwi\u0119tego Paw\u0142a: \u201eI wype\u0142niam to, czego nie dostawa utrapieniom Chrystusowym, w ciele mojem za cia\u0142o Jego, kt\u00f3re jest Ko\u015bci\u00f3\u0142.\u201c (<a href=\"https:\/\/pl.wikisource.org\/wiki\/Biblia_Wujka_(1923)\/List_do_Kolosan_(ca%C5%82o%C5%9B%C4%87)#1:24\">Kolos. 1, 24<\/a>). Umartwienie czyni cia\u0142a nasze cz\u0142onkami Jezusa Chrystusa, o\u017cywia nas Boskim duchem Jego, czyni nas uczestnikami m\u0119ki Jego, skarbi nam \u0142aski i wynosi nas na stopie\u0144 chwa\u0142y Jego. Ach! czemu\u017c tak ma\u0142o si\u0119 umartwiamy? bo nie kochamy Chrystusa; bo nie jeste\u015bmy jednymi z cz\u0142onkami Jego: bo nie o\u017cywiamy si\u0119 duchem Jego, bo prowadzimy \u017cycie zmys\u0142owe i cielesne, bo mamy w nienawi\u015bci krzy\u017c, bo jeste\u015bmy niewolnikami cia\u0142a swego, bo szukamy przyjemno\u015bci jego, a nie smakujemy\u00a0w rozkoszach ducha; jeste\u015bmy lud\u017ami zwierz\u0119cymi, ziemskimi i nieprzyjaznymi Bogu. Spraw przeto mi\u0142o\u015bciwy Bo\u017ce, i\u017cby\u015bmy umarli \u015bmierci\u0105 sprawiedliwych, aby potem m\u00f3dz \u017cy\u0107 \u017cyciem sprawiedliwych; niech b\u0119dziemy ofiar\u0105 mi\u0142o\u015bci, aby potem umrze\u0107 \u015bmierci\u0105 mi\u0142o\u015bci.<br><\/p>\n\n\n\n<h3 class=\"wp-block-heading\"><strong>Modlitwa.<\/strong><\/h3>\n\n\n\n<blockquote class=\"wp-block-quote is-layout-flow wp-block-quote-is-layout-flow\"><p>\u2009Wszechmog\u0105cy, wieczny Bo\u017ce, kt\u00f3ry przyozdobiwszy b\u0142ogos\u0142awionego Jozafata palm\u0105 m\u0119cze\u0144sk\u0105, nowego do Ciebie przyczy\u0144c\u0119 Ko\u015bcio\u0142owi katolickiemu udzieli\u0142e\u015b: spraw, prosimy Ci\u0119, niech przez zas\u0142ugi i pomoc jego od wszelkich nieszcz\u0119\u015b\u0107 wyzwoleni, gorliwie odt\u0105d Imieniowi Twemu s\u0142u\u017cymy. Przez Pana naszego Jezusa Chrystusa, kt\u00f3ry z Bogiem Ojcem wraz z Duchem \u015bwi\u0119tym \u017cyje i kr\u00f3luje w Niebie i na ziemi, teraz i zawsze i na wieki wiek\u00f3w. Amen.<\/p><\/blockquote>\n\n\n\n<p class=\"wp-block-paragraph\"><em>Opr\u00f3cz tego obchodzi Ko\u015bci\u00f3\u0142 \u015bwi\u0119ty pami\u0105tk\u0119 nast\u0119puj\u0105cych \u015awi\u0119tych Pa\u0144skich, zamieszczonych w rzymskiem martyrologium:<\/em><\/p>\n\n\n\n<p class=\"has-text-align-justify wp-block-paragraph\">\u2009<strong>Dnia 18-go listopada<\/strong>&nbsp;w Rzymie po\u015bwi\u0119cenie&nbsp;Bazyliki \u015bw. Piotra i Paw\u0142a, Aposto\u0142\u00f3w. Pierwsz\u0105 kaza\u0142 Urban VIII powi\u0119kszy\u0107 i rozbudowa\u0107, a konsekrowa\u0142 j\u0105 tego\u017c dnia; drug\u0105, zniszczon\u0105 po\u017carem, kaza\u0142 Pius IX odbudowa\u0107 wspanialej jak by\u0142a poprzednio i po\u015bwi\u0119ci\u0142 j\u0105 uroczy\u015bcie dnia 10-go grudnia; jednak pami\u0105tk\u0119 tej uroczysto\u015bci prze\u0142o\u017cy\u0142 na dzie\u0144 dzisiejszy. \u2014 W Antyochii m\u0119cze\u0144stwo \u015bw.&nbsp;Romana&nbsp;za cesarza Galeryusza. Gdy prefekt Asklepiades uderzy\u0142 na gmin\u0119 chrze\u015bcija\u0144sk\u0105, aby j\u0105 zniszczy\u0107 zupe\u0142nie, zach\u0119ca\u0142 Wyznawca \u015bwi\u0119ty chrze\u015bcijan do stanowczego oporu; za to zosta\u0142 obiczowany i pozbawiony j\u0119zyka; ale o cudo, nawet bez j\u0119zyka g\u0142osi\u0142 dono\u015bnie chwa\u0142\u0119 Bo\u017c\u0105. Wreszcie zosta\u0142 uduszony w wi\u0119zieniu i tak otrzyma\u0142 koron\u0119 m\u0119cze\u0144sk\u0105. Przed nim cierpia\u0142o dzieci\u0119 imieniem&nbsp;Barulas. Gdy je zapyta\u0142, czy lepiej jest chwali\u0107 jednego Boga albo kilku, odpowiedzia\u0142o bez namys\u0142u, i\u017c nale\u017cy wierzy\u0107 w tego jedynego Boga, w kt\u00f3rego wierz\u0105 chrze\u015bcijanie. Na to kaza\u0142 s\u0119dzia poga\u0144ski obi\u0107 ch\u0142opi\u0119 r\u00f3zgami i \u015bci\u0105\u0107 nast\u0119pnie. \u2014 R\u00f3wnie\u017c w Antyochii \u015bmier\u0107 m\u0119cze\u0144ska \u015bw.&nbsp;Hezychiusza, \u017bo\u0142nierza. Skoro us\u0142ysza\u0142 o rozkazie, \u017ce ka\u017cdy, kto nie ofiaruje bogom, porzuci\u0107 winien stan \u017co\u0142nierski, z\u0142o\u017cy\u0142 natychmiast odznak\u0119 \u017co\u0142niersk\u0105 i dlatego zosta\u0142 wrzucony z pot\u0119\u017cnym kamieniem u prawej r\u0119ki do poblizkiej rzeki. \u2014 Tego\u017c dnia pami\u0105tka \u015bw.&nbsp;Oriculusa, M\u0119czennika i&nbsp;towarzysz\u00f3w jego, kt\u00f3rzy w wandalskiem prze\u015bladowaniu m\u0119czeni zostali za wiar\u0119 katolick\u0105. \u2014 W Moguncyi uroczysto\u015b\u0107 \u015bw.&nbsp;Maksyma, Wyznawcy, kt\u00f3ry za Konstantyna poni\u00f3s\u0142 od aryan wiele nienawi\u015bci i prze\u015bladowa\u0144. \u2014 W Tours dzie\u0144 zgonu \u015bw.&nbsp;Odona, Opata z Clugny. \u2014 W Antyochii pami\u0105tka \u015bw.&nbsp;Tomasza, Mnicha, na kt\u00f3rego cze\u015b\u0107 mieszka\u0144cy Antyochii urz\u0105dzali dawniej doroczn\u0105 uroczysto\u015b\u0107, gdy\u017c modlitw\u0105 sw\u0105 uwolni\u0142 ich od moru. \u2014 W Lucca w Toskanii&nbsp;przeniesienie zw\u0142ok \u015bw. Frygdyana, Biskupa i Wyznawcy.<br><\/p>","protected":false},"excerpt":{"rendered":"<p>Za wierno\u015b\u0107 papie\u017cowi \u015bw. Jozafat przyp\u0142aci\u0142 \u017cyciem k\u0142ad\u0105c podwaliny pod przysz\u0142e cierpienia unit\u00f3w.<\/p>","protected":false},"author":60508433,"featured_media":39832,"comment_status":"open","ping_status":"open","sticky":false,"template":"","format":"standard","meta":{"_bbp_topic_count":0,"_bbp_reply_count":0,"_bbp_total_topic_count":0,"_bbp_total_reply_count":0,"_bbp_voice_count":0,"_bbp_anonymous_reply_count":0,"_bbp_topic_count_hidden":0,"_bbp_reply_count_hidden":0,"_bbp_forum_subforum_count":0,"_editorskit_title_hidden":false,"_editorskit_reading_time":0,"_editorskit_is_block_options_detached":false,"_editorskit_block_options_position":"{}","_coblocks_attr":"","_coblocks_dimensions":"","_coblocks_responsive_height":"","_coblocks_accordion_ie_support":"","_exactmetrics_skip_tracking":false,"_jetpack_newsletter_access":"","_jetpack_dont_email_post_to_subs":false,"_jetpack_newsletter_tier_id":0,"_jetpack_memberships_contains_paywalled_content":false,"_wpcom_ai_launchpad_first_post":false,"_jetpack_feature_clip_id":0,"_jetpack_memberships_contains_paid_content":false,"footnotes":"","jetpack_publicize_message":"{title}\n\n{excerpt}\n\n{url}","jetpack_publicize_feature_enabled":true,"jetpack_social_post_already_shared":true,"jetpack_social_options":{"image_generator_settings":{"template":"highway","default_image_id":0,"font":"","enabled":false},"version":2},"_wpas_customize_per_network":false,"jetpack_post_was_ever_published":false},"categories":[610131826,610131184,336375535,610134932,610131155,610132042],"tags":[],"class_list":["post-107333","post","type-post","status-publish","format-standard","has-post-thumbnail","hentry","category-swieta-w-listopadzie","category-duchowosc","category-liturgia-i-liturgika","category-mescy-swieci","category-rozwazania","category-zywoty-swietych"],"yoast_head":"<!-- This site is optimized with the Yoast SEO plugin v28.3 - https:\/\/yoast.com\/product\/yoast-seo-wordpress\/ -->\n<title>18-go Listopada. \u017bywot \u015bwi\u0119tego Jozafata Kuncewicza, Metropolity ruskiego - Tradycja i Wiara<\/title>\n<meta name=\"robots\" content=\"index, follow, max-snippet:-1, max-image-preview:large, max-video-preview:-1\" \/>\n<link rel=\"canonical\" href=\"https:\/\/wobronietradycjiiwiary.com\/en\/18-go-listopada-zywot-swietego-jozafata-kuncewicza-metropolity-ruskiego-4\/\" \/>\n<meta property=\"og:locale\" content=\"en_US\" \/>\n<meta property=\"og:type\" content=\"article\" \/>\n<meta property=\"og:title\" content=\"18-go Listopada. \u017bywot \u015bwi\u0119tego Jozafata Kuncewicza, Metropolity ruskiego - Tradycja i Wiara\" \/>\n<meta property=\"og:description\" content=\"Za wierno\u015b\u0107 papie\u017cowi \u015bw. Jozafat przyp\u0142aci\u0142 \u017cyciem k\u0142ad\u0105c podwaliny pod przysz\u0142e cierpienia unit\u00f3w.\" \/>\n<meta property=\"og:url\" content=\"https:\/\/wobronietradycjiiwiary.com\/en\/18-go-listopada-zywot-swietego-jozafata-kuncewicza-metropolity-ruskiego-4\/\" \/>\n<meta property=\"og:site_name\" content=\"Tradycja i Wiara\" \/>\n<meta property=\"article:publisher\" content=\"https:\/\/www.facebook.com\/Tradycja-i-Wiara-108813920592249\" \/>\n<meta property=\"article:published_time\" content=\"2023-11-18T07:15:20+00:00\" \/>\n<meta property=\"article:modified_time\" content=\"2025-02-10T10:14:56+00:00\" \/>\n<meta property=\"og:image\" content=\"https:\/\/wobronietradycjiiwiary.com\/wp-content\/uploads\/2020\/11\/JOSAPHAT-KUNZEWITSCH.jpg\" \/>\n\t<meta property=\"og:image:width\" content=\"479\" \/>\n\t<meta property=\"og:image:height\" content=\"643\" \/>\n\t<meta property=\"og:image:type\" content=\"image\/jpeg\" \/>\n<meta name=\"author\" content=\"Traditio et Fides\" \/>\n<meta name=\"twitter:card\" content=\"summary_large_image\" \/>\n<meta name=\"twitter:label1\" content=\"Written by\" \/>\n\t<meta name=\"twitter:data1\" content=\"Traditio et Fides\" \/>\n\t<meta name=\"twitter:label2\" content=\"Est. reading time\" \/>\n\t<meta name=\"twitter:data2\" content=\"8 minutes\" \/>\n<script type=\"application\/ld+json\" class=\"yoast-schema-graph\">{\"@context\":\"https:\\\/\\\/schema.org\",\"@graph\":[{\"@type\":\"Article\",\"@id\":\"https:\\\/\\\/wobronietradycjiiwiary.com\\\/18-go-listopada-zywot-swietego-jozafata-kuncewicza-metropolity-ruskiego-4\\\/#article\",\"isPartOf\":{\"@id\":\"https:\\\/\\\/wobronietradycjiiwiary.com\\\/18-go-listopada-zywot-swietego-jozafata-kuncewicza-metropolity-ruskiego-4\\\/\"},\"author\":{\"name\":\"Traditio et Fides\",\"@id\":\"https:\\\/\\\/wobronietradycjiiwiary.com\\\/pl\\\/#\\\/schema\\\/person\\\/2d6180ce6abcb681fef0daab7816e8f3\"},\"headline\":\"18-go Listopada. \u017bywot \u015bwi\u0119tego Jozafata Kuncewicza, Metropolity ruskiego\",\"datePublished\":\"2023-11-18T07:15:20+00:00\",\"dateModified\":\"2025-02-10T10:14:56+00:00\",\"mainEntityOfPage\":{\"@id\":\"https:\\\/\\\/wobronietradycjiiwiary.com\\\/18-go-listopada-zywot-swietego-jozafata-kuncewicza-metropolity-ruskiego-4\\\/\"},\"wordCount\":1622,\"commentCount\":0,\"publisher\":{\"@id\":\"https:\\\/\\\/wobronietradycjiiwiary.com\\\/pl\\\/#organization\"},\"image\":{\"@id\":\"https:\\\/\\\/wobronietradycjiiwiary.com\\\/18-go-listopada-zywot-swietego-jozafata-kuncewicza-metropolity-ruskiego-4\\\/#primaryimage\"},\"thumbnailUrl\":\"https:\\\/\\\/wobronietradycjiiwiary.com\\\/wp-content\\\/uploads\\\/2020\\\/11\\\/JOSAPHAT-KUNZEWITSCH.jpg\",\"articleSection\":[\"11. \u015awi\u0119ta w listopadzie\",\"Duchowo\u015b\u0107\",\"Liturgia i liturgika\",\"M\u0119scy \u015bwi\u0119ci\",\"Rozwa\u017cania liturgiczne\",\"\u017bywoty \u015awi\u0119tych\"],\"inLanguage\":\"en-US\",\"potentialAction\":[{\"@type\":\"CommentAction\",\"name\":\"Comment\",\"target\":[\"https:\\\/\\\/wobronietradycjiiwiary.com\\\/18-go-listopada-zywot-swietego-jozafata-kuncewicza-metropolity-ruskiego-4\\\/#respond\"]}]},{\"@type\":\"WebPage\",\"@id\":\"https:\\\/\\\/wobronietradycjiiwiary.com\\\/18-go-listopada-zywot-swietego-jozafata-kuncewicza-metropolity-ruskiego-4\\\/\",\"url\":\"https:\\\/\\\/wobronietradycjiiwiary.com\\\/18-go-listopada-zywot-swietego-jozafata-kuncewicza-metropolity-ruskiego-4\\\/\",\"name\":\"18-go Listopada. \u017bywot \u015bwi\u0119tego Jozafata Kuncewicza, Metropolity ruskiego - Tradycja i Wiara\",\"isPartOf\":{\"@id\":\"https:\\\/\\\/wobronietradycjiiwiary.com\\\/pl\\\/#website\"},\"primaryImageOfPage\":{\"@id\":\"https:\\\/\\\/wobronietradycjiiwiary.com\\\/18-go-listopada-zywot-swietego-jozafata-kuncewicza-metropolity-ruskiego-4\\\/#primaryimage\"},\"image\":{\"@id\":\"https:\\\/\\\/wobronietradycjiiwiary.com\\\/18-go-listopada-zywot-swietego-jozafata-kuncewicza-metropolity-ruskiego-4\\\/#primaryimage\"},\"thumbnailUrl\":\"https:\\\/\\\/wobronietradycjiiwiary.com\\\/wp-content\\\/uploads\\\/2020\\\/11\\\/JOSAPHAT-KUNZEWITSCH.jpg\",\"datePublished\":\"2023-11-18T07:15:20+00:00\",\"dateModified\":\"2025-02-10T10:14:56+00:00\",\"breadcrumb\":{\"@id\":\"https:\\\/\\\/wobronietradycjiiwiary.com\\\/18-go-listopada-zywot-swietego-jozafata-kuncewicza-metropolity-ruskiego-4\\\/#breadcrumb\"},\"inLanguage\":\"en-US\",\"potentialAction\":[{\"@type\":\"ReadAction\",\"target\":[\"https:\\\/\\\/wobronietradycjiiwiary.com\\\/18-go-listopada-zywot-swietego-jozafata-kuncewicza-metropolity-ruskiego-4\\\/\"]}]},{\"@type\":\"ImageObject\",\"inLanguage\":\"en-US\",\"@id\":\"https:\\\/\\\/wobronietradycjiiwiary.com\\\/18-go-listopada-zywot-swietego-jozafata-kuncewicza-metropolity-ruskiego-4\\\/#primaryimage\",\"url\":\"https:\\\/\\\/wobronietradycjiiwiary.com\\\/wp-content\\\/uploads\\\/2020\\\/11\\\/JOSAPHAT-KUNZEWITSCH.jpg\",\"contentUrl\":\"https:\\\/\\\/wobronietradycjiiwiary.com\\\/wp-content\\\/uploads\\\/2020\\\/11\\\/JOSAPHAT-KUNZEWITSCH.jpg\",\"width\":479,\"height\":643},{\"@type\":\"BreadcrumbList\",\"@id\":\"https:\\\/\\\/wobronietradycjiiwiary.com\\\/18-go-listopada-zywot-swietego-jozafata-kuncewicza-metropolity-ruskiego-4\\\/#breadcrumb\",\"itemListElement\":[{\"@type\":\"ListItem\",\"position\":1,\"name\":\"Strona g\u0142\u00f3wna\",\"item\":\"https:\\\/\\\/wobronietradycjiiwiary.com\\\/\"},{\"@type\":\"ListItem\",\"position\":2,\"name\":\"18-go Listopada. \u017bywot \u015bwi\u0119tego Jozafata Kuncewicza, Metropolity ruskiego\"}]},{\"@type\":\"WebSite\",\"@id\":\"https:\\\/\\\/wobronietradycjiiwiary.com\\\/pl\\\/#website\",\"url\":\"https:\\\/\\\/wobronietradycjiiwiary.com\\\/pl\\\/\",\"name\":\"Tradycja i Wiara\",\"description\":\"Portal dla katolik\u00f3w.\",\"publisher\":{\"@id\":\"https:\\\/\\\/wobronietradycjiiwiary.com\\\/pl\\\/#organization\"},\"potentialAction\":[{\"@type\":\"SearchAction\",\"target\":{\"@type\":\"EntryPoint\",\"urlTemplate\":\"https:\\\/\\\/wobronietradycjiiwiary.com\\\/pl\\\/?s={search_term_string}\"},\"query-input\":{\"@type\":\"PropertyValueSpecification\",\"valueRequired\":true,\"valueName\":\"search_term_string\"}}],\"inLanguage\":\"en-US\"},{\"@type\":\"Organization\",\"@id\":\"https:\\\/\\\/wobronietradycjiiwiary.com\\\/pl\\\/#organization\",\"name\":\"Tradycja i Wiara\",\"url\":\"https:\\\/\\\/wobronietradycjiiwiary.com\\\/pl\\\/\",\"logo\":{\"@type\":\"ImageObject\",\"inLanguage\":\"en-US\",\"@id\":\"https:\\\/\\\/wobronietradycjiiwiary.com\\\/pl\\\/#\\\/schema\\\/logo\\\/image\\\/\",\"url\":\"https:\\\/\\\/i0.wp.com\\\/wobronietradycjiiwiary.com\\\/wp-content\\\/uploads\\\/2015\\\/10\\\/cropped-st-peters-dome-vatican.jpg?fit=940%2C198&ssl=1\",\"contentUrl\":\"https:\\\/\\\/i0.wp.com\\\/wobronietradycjiiwiary.com\\\/wp-content\\\/uploads\\\/2015\\\/10\\\/cropped-st-peters-dome-vatican.jpg?fit=940%2C198&ssl=1\",\"width\":940,\"height\":198,\"caption\":\"Tradycja i Wiara\"},\"image\":{\"@id\":\"https:\\\/\\\/wobronietradycjiiwiary.com\\\/pl\\\/#\\\/schema\\\/logo\\\/image\\\/\"},\"sameAs\":[\"https:\\\/\\\/www.facebook.com\\\/Tradycja-i-Wiara-108813920592249\"]},{\"@type\":\"Person\",\"@id\":\"https:\\\/\\\/wobronietradycjiiwiary.com\\\/pl\\\/#\\\/schema\\\/person\\\/2d6180ce6abcb681fef0daab7816e8f3\",\"name\":\"Traditio et Fides\",\"sameAs\":[\"https:\\\/\\\/traditionundglauben.com\"],\"url\":\"https:\\\/\\\/wobronietradycjiiwiary.com\\\/en\\\/author\\\/wobronietradycjiiwiary\\\/\"}]}<\/script>\n<!-- \/ Yoast SEO plugin. -->","yoast_head_json":{"title":"18-go Listopada. \u017bywot \u015bwi\u0119tego Jozafata Kuncewicza, Metropolity ruskiego - Tradycja i Wiara","robots":{"index":"index","follow":"follow","max-snippet":"max-snippet:-1","max-image-preview":"max-image-preview:large","max-video-preview":"max-video-preview:-1"},"canonical":"https:\/\/wobronietradycjiiwiary.com\/en\/18-go-listopada-zywot-swietego-jozafata-kuncewicza-metropolity-ruskiego-4\/","og_locale":"en_US","og_type":"article","og_title":"18-go Listopada. \u017bywot \u015bwi\u0119tego Jozafata Kuncewicza, Metropolity ruskiego - Tradycja i Wiara","og_description":"Za wierno\u015b\u0107 papie\u017cowi \u015bw. Jozafat przyp\u0142aci\u0142 \u017cyciem k\u0142ad\u0105c podwaliny pod przysz\u0142e cierpienia unit\u00f3w.","og_url":"https:\/\/wobronietradycjiiwiary.com\/en\/18-go-listopada-zywot-swietego-jozafata-kuncewicza-metropolity-ruskiego-4\/","og_site_name":"Tradycja i Wiara","article_publisher":"https:\/\/www.facebook.com\/Tradycja-i-Wiara-108813920592249","article_published_time":"2023-11-18T07:15:20+00:00","article_modified_time":"2025-02-10T10:14:56+00:00","og_image":[{"width":479,"height":643,"url":"https:\/\/wobronietradycjiiwiary.com\/wp-content\/uploads\/2020\/11\/JOSAPHAT-KUNZEWITSCH.jpg","type":"image\/jpeg"}],"author":"Traditio et Fides","twitter_card":"summary_large_image","twitter_misc":{"Written by":"Traditio et Fides","Est. reading time":"8 minutes"},"schema":{"@context":"https:\/\/schema.org","@graph":[{"@type":"Article","@id":"https:\/\/wobronietradycjiiwiary.com\/18-go-listopada-zywot-swietego-jozafata-kuncewicza-metropolity-ruskiego-4\/#article","isPartOf":{"@id":"https:\/\/wobronietradycjiiwiary.com\/18-go-listopada-zywot-swietego-jozafata-kuncewicza-metropolity-ruskiego-4\/"},"author":{"name":"Traditio et Fides","@id":"https:\/\/wobronietradycjiiwiary.com\/pl\/#\/schema\/person\/2d6180ce6abcb681fef0daab7816e8f3"},"headline":"18-go Listopada. \u017bywot \u015bwi\u0119tego Jozafata Kuncewicza, Metropolity ruskiego","datePublished":"2023-11-18T07:15:20+00:00","dateModified":"2025-02-10T10:14:56+00:00","mainEntityOfPage":{"@id":"https:\/\/wobronietradycjiiwiary.com\/18-go-listopada-zywot-swietego-jozafata-kuncewicza-metropolity-ruskiego-4\/"},"wordCount":1622,"commentCount":0,"publisher":{"@id":"https:\/\/wobronietradycjiiwiary.com\/pl\/#organization"},"image":{"@id":"https:\/\/wobronietradycjiiwiary.com\/18-go-listopada-zywot-swietego-jozafata-kuncewicza-metropolity-ruskiego-4\/#primaryimage"},"thumbnailUrl":"https:\/\/wobronietradycjiiwiary.com\/wp-content\/uploads\/2020\/11\/JOSAPHAT-KUNZEWITSCH.jpg","articleSection":["11. \u015awi\u0119ta w listopadzie","Duchowo\u015b\u0107","Liturgia i liturgika","M\u0119scy \u015bwi\u0119ci","Rozwa\u017cania liturgiczne","\u017bywoty \u015awi\u0119tych"],"inLanguage":"en-US","potentialAction":[{"@type":"CommentAction","name":"Comment","target":["https:\/\/wobronietradycjiiwiary.com\/18-go-listopada-zywot-swietego-jozafata-kuncewicza-metropolity-ruskiego-4\/#respond"]}]},{"@type":"WebPage","@id":"https:\/\/wobronietradycjiiwiary.com\/18-go-listopada-zywot-swietego-jozafata-kuncewicza-metropolity-ruskiego-4\/","url":"https:\/\/wobronietradycjiiwiary.com\/18-go-listopada-zywot-swietego-jozafata-kuncewicza-metropolity-ruskiego-4\/","name":"18-go Listopada. \u017bywot \u015bwi\u0119tego Jozafata Kuncewicza, Metropolity ruskiego - Tradycja i Wiara","isPartOf":{"@id":"https:\/\/wobronietradycjiiwiary.com\/pl\/#website"},"primaryImageOfPage":{"@id":"https:\/\/wobronietradycjiiwiary.com\/18-go-listopada-zywot-swietego-jozafata-kuncewicza-metropolity-ruskiego-4\/#primaryimage"},"image":{"@id":"https:\/\/wobronietradycjiiwiary.com\/18-go-listopada-zywot-swietego-jozafata-kuncewicza-metropolity-ruskiego-4\/#primaryimage"},"thumbnailUrl":"https:\/\/wobronietradycjiiwiary.com\/wp-content\/uploads\/2020\/11\/JOSAPHAT-KUNZEWITSCH.jpg","datePublished":"2023-11-18T07:15:20+00:00","dateModified":"2025-02-10T10:14:56+00:00","breadcrumb":{"@id":"https:\/\/wobronietradycjiiwiary.com\/18-go-listopada-zywot-swietego-jozafata-kuncewicza-metropolity-ruskiego-4\/#breadcrumb"},"inLanguage":"en-US","potentialAction":[{"@type":"ReadAction","target":["https:\/\/wobronietradycjiiwiary.com\/18-go-listopada-zywot-swietego-jozafata-kuncewicza-metropolity-ruskiego-4\/"]}]},{"@type":"ImageObject","inLanguage":"en-US","@id":"https:\/\/wobronietradycjiiwiary.com\/18-go-listopada-zywot-swietego-jozafata-kuncewicza-metropolity-ruskiego-4\/#primaryimage","url":"https:\/\/wobronietradycjiiwiary.com\/wp-content\/uploads\/2020\/11\/JOSAPHAT-KUNZEWITSCH.jpg","contentUrl":"https:\/\/wobronietradycjiiwiary.com\/wp-content\/uploads\/2020\/11\/JOSAPHAT-KUNZEWITSCH.jpg","width":479,"height":643},{"@type":"BreadcrumbList","@id":"https:\/\/wobronietradycjiiwiary.com\/18-go-listopada-zywot-swietego-jozafata-kuncewicza-metropolity-ruskiego-4\/#breadcrumb","itemListElement":[{"@type":"ListItem","position":1,"name":"Strona g\u0142\u00f3wna","item":"https:\/\/wobronietradycjiiwiary.com\/"},{"@type":"ListItem","position":2,"name":"18-go Listopada. \u017bywot \u015bwi\u0119tego Jozafata Kuncewicza, Metropolity ruskiego"}]},{"@type":"WebSite","@id":"https:\/\/wobronietradycjiiwiary.com\/pl\/#website","url":"https:\/\/wobronietradycjiiwiary.com\/pl\/","name":"Tradycja i Wiara","description":"Portal dla katolik\u00f3w.","publisher":{"@id":"https:\/\/wobronietradycjiiwiary.com\/pl\/#organization"},"potentialAction":[{"@type":"SearchAction","target":{"@type":"EntryPoint","urlTemplate":"https:\/\/wobronietradycjiiwiary.com\/pl\/?s={search_term_string}"},"query-input":{"@type":"PropertyValueSpecification","valueRequired":true,"valueName":"search_term_string"}}],"inLanguage":"en-US"},{"@type":"Organization","@id":"https:\/\/wobronietradycjiiwiary.com\/pl\/#organization","name":"Tradycja i Wiara","url":"https:\/\/wobronietradycjiiwiary.com\/pl\/","logo":{"@type":"ImageObject","inLanguage":"en-US","@id":"https:\/\/wobronietradycjiiwiary.com\/pl\/#\/schema\/logo\/image\/","url":"https:\/\/i0.wp.com\/wobronietradycjiiwiary.com\/wp-content\/uploads\/2015\/10\/cropped-st-peters-dome-vatican.jpg?fit=940%2C198&ssl=1","contentUrl":"https:\/\/i0.wp.com\/wobronietradycjiiwiary.com\/wp-content\/uploads\/2015\/10\/cropped-st-peters-dome-vatican.jpg?fit=940%2C198&ssl=1","width":940,"height":198,"caption":"Tradycja i Wiara"},"image":{"@id":"https:\/\/wobronietradycjiiwiary.com\/pl\/#\/schema\/logo\/image\/"},"sameAs":["https:\/\/www.facebook.com\/Tradycja-i-Wiara-108813920592249"]},{"@type":"Person","@id":"https:\/\/wobronietradycjiiwiary.com\/pl\/#\/schema\/person\/2d6180ce6abcb681fef0daab7816e8f3","name":"Traditio et Fides","sameAs":["https:\/\/traditionundglauben.com"],"url":"https:\/\/wobronietradycjiiwiary.com\/en\/author\/wobronietradycjiiwiary\/"}]}},"jetpack_publicize_connections":[],"jetpack_sharing_enabled":true,"jetpack_likes_enabled":true,"jetpack_shortlink":"https:\/\/wp.me\/pc04Sd-rVb","jetpack-related-posts":[{"id":123867,"url":"https:\/\/wobronietradycjiiwiary.com\/en\/18-go-listopada-zywot-swietego-jozafata-kuncewicza-metropolity-ruskiego-4-2\/","url_meta":{"origin":107333,"position":0},"title":"18-go Listopada. \u017bywot \u015bwi\u0119tego Jozafata Kuncewicza, Metropolity ruskiego","author":"Traditio et Fides","date":"18 November 2024","format":false,"excerpt":"Za wierno\u015b\u0107 papie\u017cowi \u015bw. Jozafat przyp\u0142aci\u0142 \u017cyciem k\u0142ad\u0105c podwaliny pod przysz\u0142e cierpienia unit\u00f3w.","rel":"","context":"In &quot;11. \u015awi\u0119ta w listopadzie&quot;","block_context":{"text":"11. \u015awi\u0119ta w listopadzie","link":"https:\/\/wobronietradycjiiwiary.com\/en\/category\/duchowosc\/liturgia-i-liturgika\/rozwazania\/rok-liturgiczny\/swieta-w-listopadzie\/"},"img":{"alt_text":"","src":"https:\/\/i0.wp.com\/wobronietradycjiiwiary.com\/wp-content\/uploads\/2020\/11\/JOSAPHAT-KUNZEWITSCH.jpg?resize=350%2C200&ssl=1","width":350,"height":200},"classes":[]},{"id":116555,"url":"https:\/\/wobronietradycjiiwiary.com\/en\/11-go-maja-zywot-sw-jana-damascena-ojca-kosciola-swietego-2-2-2\/","url_meta":{"origin":107333,"position":1},"title":"11-go Maja. \u017bywot \u015bw. Jana Damascena, Ojca Ko\u015bcio\u0142a \u015bwi\u0119tego.","author":"Traditio et Fides","date":"11 May 2024","format":false,"excerpt":"\u015aw. Jan Damasce\u0144ski jest ostatnim Ojcem Wschodu, to jest tym kt\u00f3ry zebra\u0142 ca\u0142\u0105 dotychczasow\u0105 nauk\u0119 i doda\u0142 sporo od siebie, zw\u0142aszcza w kontek\u015bcie sporu o obrazy. Pomimo pracy z kalifacie, to jest styczno\u015bci ze \u015bwiatem polityki, najazdu Saracen\u00f3w, sporu o obrazy i innych zawirowa\u0144 do\u017cy\u0142 104 lat. Wi\u0119c jak Pan\u2026","rel":"","context":"In &quot;05. \u015awi\u0119ta w maju&quot;","block_context":{"text":"05. \u015awi\u0119ta w maju","link":"https:\/\/wobronietradycjiiwiary.com\/en\/category\/duchowosc\/liturgia-i-liturgika\/rozwazania\/rok-liturgiczny\/swieta-w-maju\/"},"img":{"alt_text":"","src":"https:\/\/i0.wp.com\/wobronietradycjiiwiary.com\/wp-content\/uploads\/2021\/05\/Jan-Damascenski.jpg?resize=350%2C200&ssl=1","width":350,"height":200},"classes":[]},{"id":140913,"url":"https:\/\/wobronietradycjiiwiary.com\/en\/11-go-maja-zywot-sw-jana-damascena-ojca-kosciola-swietego-2-2-2-2\/","url_meta":{"origin":107333,"position":2},"title":"11-go Maja. \u017bywot \u015bw. Jana Damascena, Ojca Ko\u015bcio\u0142a \u015bwi\u0119tego.","author":"Traditio et Fides","date":"11 May 2025","format":false,"excerpt":"\u015aw. Jan Damasce\u0144ski jest ostatnim Ojcem Wschodu, to jest tym kt\u00f3ry zebra\u0142 ca\u0142\u0105 dotychczasow\u0105 nauk\u0119 i doda\u0142 sporo od siebie, zw\u0142aszcza w kontek\u015bcie sporu o obrazy. Pomimo pracy z kalifacie, to jest styczno\u015bci ze \u015bwiatem polityki, najazdu Saracen\u00f3w, sporu o obrazy i innych zawirowa\u0144 do\u017cy\u0142 104 lat. Wi\u0119c jak Pan\u2026","rel":"","context":"In &quot;05. \u015awi\u0119ta w maju&quot;","block_context":{"text":"05. \u015awi\u0119ta w maju","link":"https:\/\/wobronietradycjiiwiary.com\/en\/category\/duchowosc\/liturgia-i-liturgika\/rozwazania\/rok-liturgiczny\/swieta-w-maju\/"},"img":{"alt_text":"","src":"https:\/\/i0.wp.com\/wobronietradycjiiwiary.com\/wp-content\/uploads\/2021\/05\/Jan-Damascenski.jpg?resize=350%2C200&ssl=1","width":350,"height":200},"classes":[]},{"id":164879,"url":"https:\/\/wobronietradycjiiwiary.com\/en\/11-go-maja-zywot-sw-jana-damascena-ojca-kosciola-swietego-2-2-2-2-2\/","url_meta":{"origin":107333,"position":3},"title":"11-go Maja. \u017bywot \u015bw. Jana Damascena, Ojca Ko\u015bcio\u0142a \u015bwi\u0119tego.","author":"Traditio et Fides","date":"11 May 2026","format":false,"excerpt":"\u015aw. Jan Damasce\u0144ski jest ostatnim Ojcem Wschodu, to jest tym kt\u00f3ry zebra\u0142 ca\u0142\u0105 dotychczasow\u0105 nauk\u0119 i doda\u0142 sporo od siebie, zw\u0142aszcza w kontek\u015bcie sporu o obrazy. Pomimo pracy z kalifacie, to jest styczno\u015bci ze \u015bwiatem polityki, najazdu Saracen\u00f3w, sporu o obrazy i innych zawirowa\u0144 do\u017cy\u0142 104 lat. Wi\u0119c jak Pan\u2026","rel":"","context":"In &quot;05. \u015awi\u0119ta w maju&quot;","block_context":{"text":"05. \u015awi\u0119ta w maju","link":"https:\/\/wobronietradycjiiwiary.com\/en\/category\/duchowosc\/liturgia-i-liturgika\/rozwazania\/rok-liturgiczny\/swieta-w-maju\/"},"img":{"alt_text":"","src":"https:\/\/i0.wp.com\/wobronietradycjiiwiary.com\/wp-content\/uploads\/2021\/05\/Jan-Damascenski.jpg?resize=350%2C200&ssl=1","width":350,"height":200},"classes":[]},{"id":104445,"url":"https:\/\/wobronietradycjiiwiary.com\/en\/19-go-pazdziernika-zywot-swietego-piotra-z-alkantary-2-2\/","url_meta":{"origin":107333,"position":4},"title":"19-go Pa\u017adziernika. \u017bywot \u015bwi\u0119tego Piotra z Alkantary.","author":"Traditio et Fides","date":"19 October 2023","format":false,"excerpt":"\u015bw. Piotr z Alkantarz jako mistyk rozpozna\u0142 mistyk\u0119 \u015bw. Teresy z Avila oraz s\u0142yn\u0105\u0142 z tego, \u017ce spa\u0142 2,5 godzin w ci\u0105gu doby.","rel":"","context":"In &quot;10. \u015awi\u0119ta w pa\u017adzierniku&quot;","block_context":{"text":"10. \u015awi\u0119ta w pa\u017adzierniku","link":"https:\/\/wobronietradycjiiwiary.com\/en\/category\/duchowosc\/liturgia-i-liturgika\/rozwazania\/rok-liturgiczny\/swieta-w-pazdzierniku\/"},"img":{"alt_text":"","src":"https:\/\/i0.wp.com\/wobronietradycjiiwiary.com\/wp-content\/uploads\/2020\/10\/Petrus-von-Alcantara.jpg?resize=350%2C200&ssl=1","width":350,"height":200},"classes":[]},{"id":121816,"url":"https:\/\/wobronietradycjiiwiary.com\/en\/19-go-pazdziernika-zywot-swietego-piotra-z-alkantary-2-2-2\/","url_meta":{"origin":107333,"position":5},"title":"19-go Pa\u017adziernika. \u017bywot \u015bwi\u0119tego Piotra z Alkantary.","author":"Traditio et Fides","date":"19 October 2024","format":false,"excerpt":"\u015bw. Piotr z Alkantarz jako mistyk rozpozna\u0142 mistyk\u0119 \u015bw. Teresy z Avila oraz s\u0142yn\u0105\u0142 z tego, \u017ce spa\u0142 2,5 godzin w ci\u0105gu doby.","rel":"","context":"In &quot;10. \u015awi\u0119ta w pa\u017adzierniku&quot;","block_context":{"text":"10. \u015awi\u0119ta w pa\u017adzierniku","link":"https:\/\/wobronietradycjiiwiary.com\/en\/category\/duchowosc\/liturgia-i-liturgika\/rozwazania\/rok-liturgiczny\/swieta-w-pazdzierniku\/"},"img":{"alt_text":"","src":"https:\/\/i0.wp.com\/wobronietradycjiiwiary.com\/wp-content\/uploads\/2020\/10\/Petrus-von-Alcantara.jpg?resize=350%2C200&ssl=1","width":350,"height":200},"classes":[]}],"amp_enabled":true,"jetpack_featured_media_url":"https:\/\/wobronietradycjiiwiary.com\/wp-content\/uploads\/2020\/11\/JOSAPHAT-KUNZEWITSCH.jpg","_links":{"self":[{"href":"https:\/\/wobronietradycjiiwiary.com\/en\/wp-json\/wp\/v2\/posts\/107333","targetHints":{"allow":["GET"]}}],"collection":[{"href":"https:\/\/wobronietradycjiiwiary.com\/en\/wp-json\/wp\/v2\/posts"}],"about":[{"href":"https:\/\/wobronietradycjiiwiary.com\/en\/wp-json\/wp\/v2\/types\/post"}],"author":[{"embeddable":true,"href":"https:\/\/wobronietradycjiiwiary.com\/en\/wp-json\/wp\/v2\/users\/60508433"}],"replies":[{"embeddable":true,"href":"https:\/\/wobronietradycjiiwiary.com\/en\/wp-json\/wp\/v2\/comments?post=107333"}],"version-history":[{"count":1,"href":"https:\/\/wobronietradycjiiwiary.com\/en\/wp-json\/wp\/v2\/posts\/107333\/revisions"}],"predecessor-version":[{"id":107356,"href":"https:\/\/wobronietradycjiiwiary.com\/en\/wp-json\/wp\/v2\/posts\/107333\/revisions\/107356"}],"wp:featuredmedia":[{"embeddable":true,"href":"https:\/\/wobronietradycjiiwiary.com\/en\/wp-json\/wp\/v2\/media\/39832"}],"wp:attachment":[{"href":"https:\/\/wobronietradycjiiwiary.com\/en\/wp-json\/wp\/v2\/media?parent=107333"}],"wp:term":[{"taxonomy":"category","embeddable":true,"href":"https:\/\/wobronietradycjiiwiary.com\/en\/wp-json\/wp\/v2\/categories?post=107333"},{"taxonomy":"post_tag","embeddable":true,"href":"https:\/\/wobronietradycjiiwiary.com\/en\/wp-json\/wp\/v2\/tags?post=107333"}],"curies":[{"name":"wp","href":"https:\/\/api.w.org\/{rel}","templated":true}]}}