{"id":107195,"date":"2023-11-15T15:52:18","date_gmt":"2023-11-15T14:52:18","guid":{"rendered":"https:\/\/wobronietradycjiiwiary.com\/?p=107195"},"modified":"2025-02-07T15:51:46","modified_gmt":"2025-02-07T14:51:46","slug":"edward-pentin-zrozumienie-kryzysu-i-dokad-zmierzamy-3-z-3","status":"publish","type":"post","link":"https:\/\/wobronietradycjiiwiary.com\/en\/edward-pentin-zrozumienie-kryzysu-i-dokad-zmierzamy-3-z-3\/","title":{"rendered":"Edward Pentin: zrozumienie kryzysu i dok\u0105d zmierzamy (3 z 3)"},"content":{"rendered":"<div id=\"bsf_rt_marker\"><\/div><p>Kontynuacja cz\u0119\u015bci 2. Feniks z popio\u0142\u00f3w Przyjaciel ksi\u0105dz z Rzymu, uczony teolog i historyk, kt\u00f3rego b\u0119d\u0119 nazywa\u0142 \u201eojcem Micha\u0142em\u201d, przepowiedzia\u0142,&hellip;<\/p>\n<div style=\"text-align: center\">\n<p>&nbsp;<\/p>\n<\/div>\n<h2 style=\"border: 5px solid #0000A0;padding: 1em;text-align: center\"><span style=\"color: #000000\">Pe\u0142en dost\u0119p dla <span style=\"color: #00ccff\"><a style=\"color: #00ccff\" href=\"https:\/\/wobronietradycjiiwiary.com\/en\/subskrypcje-2\/\" target=\"_blank\" rel=\"noopener\">subskrybent\u00f3w<\/a><\/span>.<\/span><br \/>\n<span style=\"color: #3366ff\"><a style=\"color: #3366ff\" href=\"https:\/\/wobronietradycjiiwiary.com\/en\/account\/login\/\" target=\"_blank\" rel=\"noopener\"><span style=\"color: #00ccff\">Zaloguj<\/span><\/a> <\/span>si\u0119 lub przejd\u017a do <a href=\"https:\/\/wobronietradycjiiwiary.com\/en\/register\/\"><span style=\"color: #3366ff\">Rejestracji<\/span><\/a>.<\/h2>\n<div>\n<p style=\"text-align: center\"><a href=\"https:\/\/wobronietradycjiiwiary.com\/en\/subskrypcje-2\/cennik\/\" target=\"_blank\" rel=\"noopener\"><span style=\"color: #000080;font-size: 24pt\"><strong>Nowe ni\u017csze ceny<\/strong><\/span><\/a><\/p>\n<p style=\"text-align: center\"><strong><span style=\"font-size: 18pt;color: #000080\">P\u0142atno\u015b\u0107 kart\u0105<\/span><\/strong><\/p>\n<\/div>\n<h3 style=\"text-align: center\"><a href=\"https:\/\/wobronietradycjiiwiary.com\/en\/subskrypcje-2\/automatyczne\/indywidualne\/\" target=\"_blank\" rel=\"noopener\"><img fetchpriority=\"high\" decoding=\"async\" class=\"alignnone size-medium wp-image-80433\" src=\"https:\/\/wobronietradycjiiwiary.com\/wp-content\/uploads\/2022\/11\/Unbenannt-1-Online-1-300x202.jpg\" alt=\"\" width=\"300\" height=\"202\" srcset=\"https:\/\/wobronietradycjiiwiary.com\/wp-content\/uploads\/2022\/11\/Unbenannt-1-Online-1-300x202.jpg 300w, https:\/\/wobronietradycjiiwiary.com\/wp-content\/uploads\/2022\/11\/Unbenannt-1-Online-1-150x101.jpg 150w, https:\/\/wobronietradycjiiwiary.com\/wp-content\/uploads\/2022\/11\/Unbenannt-1-Online-1-18x12.jpg 18w, https:\/\/wobronietradycjiiwiary.com\/wp-content\/uploads\/2022\/11\/Unbenannt-1-Online-1.jpg 446w\" sizes=\"(max-width: 300px) 100vw, 300px\" \/><\/a><\/h3>\n<p style=\"text-align: center\"><strong><span style=\"font-size: 18pt;color: #000080\">P\u0142atno\u015b\u0107 przelewem<\/span><\/strong><\/p>\n<p><a href=\"https:\/\/wobronietradycjiiwiary.com\/en\/subskrypcje-2\/automatyczne\/indywidualne\/\" target=\"_blank\" rel=\"noopener\"><img decoding=\"async\" class=\"size-medium wp-image-80434 aligncenter\" src=\"https:\/\/wobronietradycjiiwiary.com\/wp-content\/uploads\/2022\/11\/Unbenannt-1-Przelewem-300x137.jpg\" alt=\"\" width=\"300\" height=\"137\" srcset=\"https:\/\/wobronietradycjiiwiary.com\/wp-content\/uploads\/2022\/11\/Unbenannt-1-Przelewem-300x137.jpg 300w, https:\/\/wobronietradycjiiwiary.com\/wp-content\/uploads\/2022\/11\/Unbenannt-1-Przelewem-450x206.jpg 450w, https:\/\/wobronietradycjiiwiary.com\/wp-content\/uploads\/2022\/11\/Unbenannt-1-Przelewem-600x274.jpg 600w, https:\/\/wobronietradycjiiwiary.com\/wp-content\/uploads\/2022\/11\/Unbenannt-1-Przelewem-150x69.jpg 150w, https:\/\/wobronietradycjiiwiary.com\/wp-content\/uploads\/2022\/11\/Unbenannt-1-Przelewem-18x8.jpg 18w, https:\/\/wobronietradycjiiwiary.com\/wp-content\/uploads\/2022\/11\/Unbenannt-1-Przelewem.jpg 676w\" sizes=\"(max-width: 300px) 100vw, 300px\" \/><\/a><\/p>\n<p style=\"text-align: center\"><strong><span style=\"font-size: 18pt;color: #000080\">P\u0142atno\u015b\u0107 kart\u0105 do 6 os\u00f3b<\/span><\/strong><\/p>\n<p><a href=\"https:\/\/wobronietradycjiiwiary.com\/en\/rodzinne\/\" target=\"_blank\" rel=\"noopener\"><img decoding=\"async\" class=\"size-medium wp-image-80435 aligncenter\" src=\"https:\/\/wobronietradycjiiwiary.com\/wp-content\/uploads\/2022\/11\/Unbenannt-1-Rodzinna-300x208.jpg\" alt=\"\" width=\"300\" height=\"208\" srcset=\"https:\/\/wobronietradycjiiwiary.com\/wp-content\/uploads\/2022\/11\/Unbenannt-1-Rodzinna-300x208.jpg 300w, https:\/\/wobronietradycjiiwiary.com\/wp-content\/uploads\/2022\/11\/Unbenannt-1-Rodzinna-150x104.jpg 150w, https:\/\/wobronietradycjiiwiary.com\/wp-content\/uploads\/2022\/11\/Unbenannt-1-Rodzinna-18x12.jpg 18w, https:\/\/wobronietradycjiiwiary.com\/wp-content\/uploads\/2022\/11\/Unbenannt-1-Rodzinna.jpg 448w\" sizes=\"(max-width: 300px) 100vw, 300px\" \/><\/a><\/p>\n<h3 style=\"text-align: center\"><\/h3>\n<h1 style=\"text-align: center\"><\/h1>","protected":false},"excerpt":{"rendered":"<p>Edward Pentin o sensie obecnego kryzysu. Cz\u0119\u015b\u0107 3.<\/p>","protected":false},"author":60508433,"featured_media":107205,"comment_status":"open","ping_status":"open","sticky":false,"template":"","format":"standard","meta":{"_bbp_topic_count":0,"_bbp_reply_count":0,"_bbp_total_topic_count":0,"_bbp_total_reply_count":0,"_bbp_voice_count":0,"_bbp_anonymous_reply_count":0,"_bbp_topic_count_hidden":0,"_bbp_reply_count_hidden":0,"_bbp_forum_subforum_count":0,"_editorskit_title_hidden":false,"_editorskit_reading_time":0,"_editorskit_is_block_options_detached":false,"_editorskit_block_options_position":"{}","_coblocks_attr":"","_coblocks_dimensions":"","_coblocks_responsive_height":"","_coblocks_accordion_ie_support":"","_exactmetrics_skip_tracking":false,"_jetpack_newsletter_access":"","_jetpack_dont_email_post_to_subs":false,"_jetpack_newsletter_tier_id":0,"_jetpack_memberships_contains_paywalled_content":false,"_wpcom_ai_launchpad_first_post":false,"_jetpack_feature_clip_id":0,"_jetpack_memberships_contains_paid_content":false,"footnotes":"","jetpack_publicize_message":"{title}\n\n{excerpt}\n\n{url}","jetpack_publicize_feature_enabled":true,"jetpack_social_post_already_shared":false,"jetpack_social_options":{"image_generator_settings":{"template":"highway","default_image_id":0,"font":"","enabled":false},"version":2},"_wpas_customize_per_network":false,"jetpack_post_was_ever_published":false},"categories":[154619950,610131215,610134472,610131186],"tags":[610132133],"class_list":["post-107195","post","type-post","status-publish","format-standard","has-post-thumbnail","hentry","category-papiez-franciszek","category-autorzy-polemiczni","category-edward","category-polemika","tag-restricted"],"yoast_head":"<!-- This site is optimized with the Yoast SEO plugin v28.4 - https:\/\/yoast.com\/product\/yoast-seo-wordpress\/ -->\n<title>Edward Pentin: zrozumienie kryzysu i dok\u0105d zmierzamy (3 z 3) - Tradycja i Wiara<\/title>\n<meta name=\"robots\" content=\"index, follow, max-snippet:-1, max-image-preview:large, max-video-preview:-1\" \/>\n<link rel=\"canonical\" href=\"https:\/\/wobronietradycjiiwiary.com\/en\/edward-pentin-zrozumienie-kryzysu-i-dokad-zmierzamy-3-z-3\/\" \/>\n<meta property=\"og:locale\" content=\"en_US\" \/>\n<meta property=\"og:type\" content=\"article\" \/>\n<meta property=\"og:title\" content=\"Edward Pentin: zrozumienie kryzysu i dok\u0105d zmierzamy (3 z 3) - Tradycja i Wiara\" \/>\n<meta property=\"og:description\" content=\"Edward Pentin o sensie obecnego kryzysu. Cz\u0119\u015b\u0107 3.\" \/>\n<meta property=\"og:url\" content=\"https:\/\/wobronietradycjiiwiary.com\/en\/edward-pentin-zrozumienie-kryzysu-i-dokad-zmierzamy-3-z-3\/\" \/>\n<meta property=\"og:site_name\" content=\"Tradycja i Wiara\" \/>\n<meta property=\"article:publisher\" content=\"https:\/\/www.facebook.com\/Tradycja-i-Wiara-108813920592249\" \/>\n<meta property=\"article:published_time\" content=\"2023-11-15T14:52:18+00:00\" \/>\n<meta property=\"article:modified_time\" content=\"2025-02-07T14:51:46+00:00\" \/>\n<meta property=\"og:image\" content=\"https:\/\/wobronietradycjiiwiary.com\/wp-content\/uploads\/2023\/11\/JPG1-1-1.webp\" \/>\n\t<meta property=\"og:image:width\" content=\"768\" \/>\n\t<meta property=\"og:image:height\" content=\"512\" \/>\n\t<meta property=\"og:image:type\" content=\"image\/webp\" \/>\n<meta name=\"author\" content=\"Traditio et Fides\" \/>\n<meta name=\"twitter:card\" content=\"summary_large_image\" \/>\n<meta name=\"twitter:label1\" content=\"Written by\" \/>\n\t<meta name=\"twitter:data1\" content=\"Traditio et Fides\" \/>\n\t<meta name=\"twitter:label2\" content=\"Est. reading time\" \/>\n\t<meta name=\"twitter:data2\" content=\"14 minutes\" \/>\n<script type=\"application\/ld+json\" class=\"yoast-schema-graph\">{\"@context\":\"https:\\\/\\\/schema.org\",\"@graph\":[{\"@type\":\"Article\",\"@id\":\"https:\\\/\\\/wobronietradycjiiwiary.com\\\/edward-pentin-zrozumienie-kryzysu-i-dokad-zmierzamy-3-z-3\\\/#article\",\"isPartOf\":{\"@id\":\"https:\\\/\\\/wobronietradycjiiwiary.com\\\/edward-pentin-zrozumienie-kryzysu-i-dokad-zmierzamy-3-z-3\\\/\"},\"author\":{\"name\":\"Traditio et Fides\",\"@id\":\"https:\\\/\\\/wobronietradycjiiwiary.com\\\/pl\\\/#\\\/schema\\\/person\\\/2d6180ce6abcb681fef0daab7816e8f3\"},\"headline\":\"Edward Pentin: zrozumienie kryzysu i dok\u0105d zmierzamy (3 z 3)\",\"datePublished\":\"2023-11-15T14:52:18+00:00\",\"dateModified\":\"2025-02-07T14:51:46+00:00\",\"mainEntityOfPage\":{\"@id\":\"https:\\\/\\\/wobronietradycjiiwiary.com\\\/edward-pentin-zrozumienie-kryzysu-i-dokad-zmierzamy-3-z-3\\\/\"},\"wordCount\":2758,\"commentCount\":0,\"publisher\":{\"@id\":\"https:\\\/\\\/wobronietradycjiiwiary.com\\\/pl\\\/#organization\"},\"image\":{\"@id\":\"https:\\\/\\\/wobronietradycjiiwiary.com\\\/edward-pentin-zrozumienie-kryzysu-i-dokad-zmierzamy-3-z-3\\\/#primaryimage\"},\"thumbnailUrl\":\"https:\\\/\\\/wobronietradycjiiwiary.com\\\/wp-content\\\/uploads\\\/2023\\\/11\\\/JPG1-1-1.webp\",\"keywords\":[\"Restricted\"],\"articleSection\":[\"4. Franciszek\",\"Autorzy polemiczni\",\"Edward Pentin\",\"Polemika\"],\"inLanguage\":\"en-US\",\"potentialAction\":[{\"@type\":\"CommentAction\",\"name\":\"Comment\",\"target\":[\"https:\\\/\\\/wobronietradycjiiwiary.com\\\/edward-pentin-zrozumienie-kryzysu-i-dokad-zmierzamy-3-z-3\\\/#respond\"]}]},{\"@type\":\"WebPage\",\"@id\":\"https:\\\/\\\/wobronietradycjiiwiary.com\\\/edward-pentin-zrozumienie-kryzysu-i-dokad-zmierzamy-3-z-3\\\/\",\"url\":\"https:\\\/\\\/wobronietradycjiiwiary.com\\\/edward-pentin-zrozumienie-kryzysu-i-dokad-zmierzamy-3-z-3\\\/\",\"name\":\"Edward Pentin: zrozumienie kryzysu i dok\u0105d zmierzamy (3 z 3) - Tradycja i Wiara\",\"isPartOf\":{\"@id\":\"https:\\\/\\\/wobronietradycjiiwiary.com\\\/pl\\\/#website\"},\"primaryImageOfPage\":{\"@id\":\"https:\\\/\\\/wobronietradycjiiwiary.com\\\/edward-pentin-zrozumienie-kryzysu-i-dokad-zmierzamy-3-z-3\\\/#primaryimage\"},\"image\":{\"@id\":\"https:\\\/\\\/wobronietradycjiiwiary.com\\\/edward-pentin-zrozumienie-kryzysu-i-dokad-zmierzamy-3-z-3\\\/#primaryimage\"},\"thumbnailUrl\":\"https:\\\/\\\/wobronietradycjiiwiary.com\\\/wp-content\\\/uploads\\\/2023\\\/11\\\/JPG1-1-1.webp\",\"datePublished\":\"2023-11-15T14:52:18+00:00\",\"dateModified\":\"2025-02-07T14:51:46+00:00\",\"breadcrumb\":{\"@id\":\"https:\\\/\\\/wobronietradycjiiwiary.com\\\/edward-pentin-zrozumienie-kryzysu-i-dokad-zmierzamy-3-z-3\\\/#breadcrumb\"},\"inLanguage\":\"en-US\",\"potentialAction\":[{\"@type\":\"ReadAction\",\"target\":[\"https:\\\/\\\/wobronietradycjiiwiary.com\\\/edward-pentin-zrozumienie-kryzysu-i-dokad-zmierzamy-3-z-3\\\/\"]}]},{\"@type\":\"ImageObject\",\"inLanguage\":\"en-US\",\"@id\":\"https:\\\/\\\/wobronietradycjiiwiary.com\\\/edward-pentin-zrozumienie-kryzysu-i-dokad-zmierzamy-3-z-3\\\/#primaryimage\",\"url\":\"https:\\\/\\\/wobronietradycjiiwiary.com\\\/wp-content\\\/uploads\\\/2023\\\/11\\\/JPG1-1-1.webp\",\"contentUrl\":\"https:\\\/\\\/wobronietradycjiiwiary.com\\\/wp-content\\\/uploads\\\/2023\\\/11\\\/JPG1-1-1.webp\",\"width\":768,\"height\":512},{\"@type\":\"BreadcrumbList\",\"@id\":\"https:\\\/\\\/wobronietradycjiiwiary.com\\\/edward-pentin-zrozumienie-kryzysu-i-dokad-zmierzamy-3-z-3\\\/#breadcrumb\",\"itemListElement\":[{\"@type\":\"ListItem\",\"position\":1,\"name\":\"Strona g\u0142\u00f3wna\",\"item\":\"https:\\\/\\\/wobronietradycjiiwiary.com\\\/\"},{\"@type\":\"ListItem\",\"position\":2,\"name\":\"Edward Pentin: zrozumienie kryzysu i dok\u0105d zmierzamy (3 z 3)\"}]},{\"@type\":\"WebSite\",\"@id\":\"https:\\\/\\\/wobronietradycjiiwiary.com\\\/pl\\\/#website\",\"url\":\"https:\\\/\\\/wobronietradycjiiwiary.com\\\/pl\\\/\",\"name\":\"Tradycja i Wiara\",\"description\":\"Portal dla katolik\u00f3w.\",\"publisher\":{\"@id\":\"https:\\\/\\\/wobronietradycjiiwiary.com\\\/pl\\\/#organization\"},\"potentialAction\":[{\"@type\":\"SearchAction\",\"target\":{\"@type\":\"EntryPoint\",\"urlTemplate\":\"https:\\\/\\\/wobronietradycjiiwiary.com\\\/pl\\\/?s={search_term_string}\"},\"query-input\":{\"@type\":\"PropertyValueSpecification\",\"valueRequired\":true,\"valueName\":\"search_term_string\"}}],\"inLanguage\":\"en-US\"},{\"@type\":\"Organization\",\"@id\":\"https:\\\/\\\/wobronietradycjiiwiary.com\\\/pl\\\/#organization\",\"name\":\"Tradycja i Wiara\",\"url\":\"https:\\\/\\\/wobronietradycjiiwiary.com\\\/pl\\\/\",\"logo\":{\"@type\":\"ImageObject\",\"inLanguage\":\"en-US\",\"@id\":\"https:\\\/\\\/wobronietradycjiiwiary.com\\\/pl\\\/#\\\/schema\\\/logo\\\/image\\\/\",\"url\":\"https:\\\/\\\/i0.wp.com\\\/wobronietradycjiiwiary.com\\\/wp-content\\\/uploads\\\/2015\\\/10\\\/cropped-st-peters-dome-vatican.jpg?fit=940%2C198&ssl=1\",\"contentUrl\":\"https:\\\/\\\/i0.wp.com\\\/wobronietradycjiiwiary.com\\\/wp-content\\\/uploads\\\/2015\\\/10\\\/cropped-st-peters-dome-vatican.jpg?fit=940%2C198&ssl=1\",\"width\":940,\"height\":198,\"caption\":\"Tradycja i Wiara\"},\"image\":{\"@id\":\"https:\\\/\\\/wobronietradycjiiwiary.com\\\/pl\\\/#\\\/schema\\\/logo\\\/image\\\/\"},\"sameAs\":[\"https:\\\/\\\/www.facebook.com\\\/Tradycja-i-Wiara-108813920592249\"]},{\"@type\":\"Person\",\"@id\":\"https:\\\/\\\/wobronietradycjiiwiary.com\\\/pl\\\/#\\\/schema\\\/person\\\/2d6180ce6abcb681fef0daab7816e8f3\",\"name\":\"Traditio et Fides\",\"sameAs\":[\"https:\\\/\\\/traditionundglauben.com\"],\"url\":\"https:\\\/\\\/wobronietradycjiiwiary.com\\\/en\\\/author\\\/wobronietradycjiiwiary\\\/\"}]}<\/script>\n<!-- \/ Yoast SEO plugin. -->","yoast_head_json":{"title":"Edward Pentin: zrozumienie kryzysu i dok\u0105d zmierzamy (3 z 3) - Tradycja i Wiara","robots":{"index":"index","follow":"follow","max-snippet":"max-snippet:-1","max-image-preview":"max-image-preview:large","max-video-preview":"max-video-preview:-1"},"canonical":"https:\/\/wobronietradycjiiwiary.com\/en\/edward-pentin-zrozumienie-kryzysu-i-dokad-zmierzamy-3-z-3\/","og_locale":"en_US","og_type":"article","og_title":"Edward Pentin: zrozumienie kryzysu i dok\u0105d zmierzamy (3 z 3) - Tradycja i Wiara","og_description":"Edward Pentin o sensie obecnego kryzysu. Cz\u0119\u015b\u0107 3.","og_url":"https:\/\/wobronietradycjiiwiary.com\/en\/edward-pentin-zrozumienie-kryzysu-i-dokad-zmierzamy-3-z-3\/","og_site_name":"Tradycja i Wiara","article_publisher":"https:\/\/www.facebook.com\/Tradycja-i-Wiara-108813920592249","article_published_time":"2023-11-15T14:52:18+00:00","article_modified_time":"2025-02-07T14:51:46+00:00","og_image":[{"width":768,"height":512,"url":"https:\/\/wobronietradycjiiwiary.com\/wp-content\/uploads\/2023\/11\/JPG1-1-1.webp","type":"image\/webp"}],"author":"Traditio et Fides","twitter_card":"summary_large_image","twitter_misc":{"Written by":"Traditio et Fides","Est. reading time":"14 minutes"},"schema":{"@context":"https:\/\/schema.org","@graph":[{"@type":"Article","@id":"https:\/\/wobronietradycjiiwiary.com\/edward-pentin-zrozumienie-kryzysu-i-dokad-zmierzamy-3-z-3\/#article","isPartOf":{"@id":"https:\/\/wobronietradycjiiwiary.com\/edward-pentin-zrozumienie-kryzysu-i-dokad-zmierzamy-3-z-3\/"},"author":{"name":"Traditio et Fides","@id":"https:\/\/wobronietradycjiiwiary.com\/pl\/#\/schema\/person\/2d6180ce6abcb681fef0daab7816e8f3"},"headline":"Edward Pentin: zrozumienie kryzysu i dok\u0105d zmierzamy (3 z 3)","datePublished":"2023-11-15T14:52:18+00:00","dateModified":"2025-02-07T14:51:46+00:00","mainEntityOfPage":{"@id":"https:\/\/wobronietradycjiiwiary.com\/edward-pentin-zrozumienie-kryzysu-i-dokad-zmierzamy-3-z-3\/"},"wordCount":2758,"commentCount":0,"publisher":{"@id":"https:\/\/wobronietradycjiiwiary.com\/pl\/#organization"},"image":{"@id":"https:\/\/wobronietradycjiiwiary.com\/edward-pentin-zrozumienie-kryzysu-i-dokad-zmierzamy-3-z-3\/#primaryimage"},"thumbnailUrl":"https:\/\/wobronietradycjiiwiary.com\/wp-content\/uploads\/2023\/11\/JPG1-1-1.webp","keywords":["Restricted"],"articleSection":["4. Franciszek","Autorzy polemiczni","Edward Pentin","Polemika"],"inLanguage":"en-US","potentialAction":[{"@type":"CommentAction","name":"Comment","target":["https:\/\/wobronietradycjiiwiary.com\/edward-pentin-zrozumienie-kryzysu-i-dokad-zmierzamy-3-z-3\/#respond"]}]},{"@type":"WebPage","@id":"https:\/\/wobronietradycjiiwiary.com\/edward-pentin-zrozumienie-kryzysu-i-dokad-zmierzamy-3-z-3\/","url":"https:\/\/wobronietradycjiiwiary.com\/edward-pentin-zrozumienie-kryzysu-i-dokad-zmierzamy-3-z-3\/","name":"Edward Pentin: zrozumienie kryzysu i dok\u0105d zmierzamy (3 z 3) - Tradycja i Wiara","isPartOf":{"@id":"https:\/\/wobronietradycjiiwiary.com\/pl\/#website"},"primaryImageOfPage":{"@id":"https:\/\/wobronietradycjiiwiary.com\/edward-pentin-zrozumienie-kryzysu-i-dokad-zmierzamy-3-z-3\/#primaryimage"},"image":{"@id":"https:\/\/wobronietradycjiiwiary.com\/edward-pentin-zrozumienie-kryzysu-i-dokad-zmierzamy-3-z-3\/#primaryimage"},"thumbnailUrl":"https:\/\/wobronietradycjiiwiary.com\/wp-content\/uploads\/2023\/11\/JPG1-1-1.webp","datePublished":"2023-11-15T14:52:18+00:00","dateModified":"2025-02-07T14:51:46+00:00","breadcrumb":{"@id":"https:\/\/wobronietradycjiiwiary.com\/edward-pentin-zrozumienie-kryzysu-i-dokad-zmierzamy-3-z-3\/#breadcrumb"},"inLanguage":"en-US","potentialAction":[{"@type":"ReadAction","target":["https:\/\/wobronietradycjiiwiary.com\/edward-pentin-zrozumienie-kryzysu-i-dokad-zmierzamy-3-z-3\/"]}]},{"@type":"ImageObject","inLanguage":"en-US","@id":"https:\/\/wobronietradycjiiwiary.com\/edward-pentin-zrozumienie-kryzysu-i-dokad-zmierzamy-3-z-3\/#primaryimage","url":"https:\/\/wobronietradycjiiwiary.com\/wp-content\/uploads\/2023\/11\/JPG1-1-1.webp","contentUrl":"https:\/\/wobronietradycjiiwiary.com\/wp-content\/uploads\/2023\/11\/JPG1-1-1.webp","width":768,"height":512},{"@type":"BreadcrumbList","@id":"https:\/\/wobronietradycjiiwiary.com\/edward-pentin-zrozumienie-kryzysu-i-dokad-zmierzamy-3-z-3\/#breadcrumb","itemListElement":[{"@type":"ListItem","position":1,"name":"Strona g\u0142\u00f3wna","item":"https:\/\/wobronietradycjiiwiary.com\/"},{"@type":"ListItem","position":2,"name":"Edward Pentin: zrozumienie kryzysu i dok\u0105d zmierzamy (3 z 3)"}]},{"@type":"WebSite","@id":"https:\/\/wobronietradycjiiwiary.com\/pl\/#website","url":"https:\/\/wobronietradycjiiwiary.com\/pl\/","name":"Tradycja i Wiara","description":"Portal dla katolik\u00f3w.","publisher":{"@id":"https:\/\/wobronietradycjiiwiary.com\/pl\/#organization"},"potentialAction":[{"@type":"SearchAction","target":{"@type":"EntryPoint","urlTemplate":"https:\/\/wobronietradycjiiwiary.com\/pl\/?s={search_term_string}"},"query-input":{"@type":"PropertyValueSpecification","valueRequired":true,"valueName":"search_term_string"}}],"inLanguage":"en-US"},{"@type":"Organization","@id":"https:\/\/wobronietradycjiiwiary.com\/pl\/#organization","name":"Tradycja i Wiara","url":"https:\/\/wobronietradycjiiwiary.com\/pl\/","logo":{"@type":"ImageObject","inLanguage":"en-US","@id":"https:\/\/wobronietradycjiiwiary.com\/pl\/#\/schema\/logo\/image\/","url":"https:\/\/i0.wp.com\/wobronietradycjiiwiary.com\/wp-content\/uploads\/2015\/10\/cropped-st-peters-dome-vatican.jpg?fit=940%2C198&ssl=1","contentUrl":"https:\/\/i0.wp.com\/wobronietradycjiiwiary.com\/wp-content\/uploads\/2015\/10\/cropped-st-peters-dome-vatican.jpg?fit=940%2C198&ssl=1","width":940,"height":198,"caption":"Tradycja i Wiara"},"image":{"@id":"https:\/\/wobronietradycjiiwiary.com\/pl\/#\/schema\/logo\/image\/"},"sameAs":["https:\/\/www.facebook.com\/Tradycja-i-Wiara-108813920592249"]},{"@type":"Person","@id":"https:\/\/wobronietradycjiiwiary.com\/pl\/#\/schema\/person\/2d6180ce6abcb681fef0daab7816e8f3","name":"Traditio et Fides","sameAs":["https:\/\/traditionundglauben.com"],"url":"https:\/\/wobronietradycjiiwiary.com\/en\/author\/wobronietradycjiiwiary\/"}]}},"jetpack_publicize_connections":[],"jetpack_sharing_enabled":true,"jetpack_likes_enabled":true,"jetpack_shortlink":"https:\/\/wp.me\/pc04Sd-rSX","jetpack-related-posts":[{"id":107163,"url":"https:\/\/wobronietradycjiiwiary.com\/en\/edward-pentin-zrozumienie-kryzysu-i-dokad-zmierzamy-2-z-3\/","url_meta":{"origin":107195,"position":0},"title":"Edward Pentin: zrozumienie kryzysu i dok\u0105d zmierzamy (2 z 3)","author":"Traditio et Fides","date":"15 November 2023","format":false,"excerpt":"Edward Pentin o sensie obecnego kryzysu. Cz\u0119\u015b\u0107 2.","rel":"","context":"In &quot;4. Franciszek&quot;","block_context":{"text":"4. Franciszek","link":"https:\/\/wobronietradycjiiwiary.com\/en\/category\/polemika\/kosciol-posoborowy\/papieze\/papiez-franciszek\/"},"img":{"alt_text":"","src":"https:\/\/i0.wp.com\/wobronietradycjiiwiary.com\/wp-content\/uploads\/2023\/11\/JPG1-1.webp?resize=350%2C200&ssl=1","width":350,"height":200,"srcset":"https:\/\/i0.wp.com\/wobronietradycjiiwiary.com\/wp-content\/uploads\/2023\/11\/JPG1-1.webp?resize=350%2C200&ssl=1 1x, https:\/\/i0.wp.com\/wobronietradycjiiwiary.com\/wp-content\/uploads\/2023\/11\/JPG1-1.webp?resize=525%2C300&ssl=1 1.5x, https:\/\/i0.wp.com\/wobronietradycjiiwiary.com\/wp-content\/uploads\/2023\/11\/JPG1-1.webp?resize=700%2C400&ssl=1 2x"},"classes":[]},{"id":107144,"url":"https:\/\/wobronietradycjiiwiary.com\/en\/edward-pentin-zrozumienie-kryzysu-i-dokad-zmierzamy-1-z-3\/","url_meta":{"origin":107195,"position":1},"title":"Edward Pentin: zrozumienie kryzysu i dok\u0105d zmierzamy (1 z 3)","author":"Traditio et Fides","date":"15 November 2023","format":false,"excerpt":"Edward Pentin o sensie obecnego kryzysu. Cz\u0119\u015b\u0107 1.","rel":"","context":"In &quot;4. Franciszek&quot;","block_context":{"text":"4. Franciszek","link":"https:\/\/wobronietradycjiiwiary.com\/en\/category\/polemika\/kosciol-posoborowy\/papieze\/papiez-franciszek\/"},"img":{"alt_text":"","src":"https:\/\/i0.wp.com\/wobronietradycjiiwiary.com\/wp-content\/uploads\/2023\/11\/JPG1-1.webp?resize=350%2C200&ssl=1","width":350,"height":200,"srcset":"https:\/\/i0.wp.com\/wobronietradycjiiwiary.com\/wp-content\/uploads\/2023\/11\/JPG1-1.webp?resize=350%2C200&ssl=1 1x, https:\/\/i0.wp.com\/wobronietradycjiiwiary.com\/wp-content\/uploads\/2023\/11\/JPG1-1.webp?resize=525%2C300&ssl=1 1.5x, https:\/\/i0.wp.com\/wobronietradycjiiwiary.com\/wp-content\/uploads\/2023\/11\/JPG1-1.webp?resize=700%2C400&ssl=1 2x"},"classes":[]},{"id":2349,"url":"https:\/\/wobronietradycjiiwiary.com\/en\/dzieje-grzechu-lub-o-tym-ze-bractwo-sw-piusa-x-nie-jest-ratunkiem-kosciola\/","url_meta":{"origin":107195,"position":2},"title":"\u201eDzieje grzechu\u201d lub o tym, \u017ce Bractwo \u015bw. Piusa X nie jest ratunkiem Ko\u015bcio\u0142a. (1 z 22)","author":"Traditio et Fides","date":"12 October 2014","format":false,"excerpt":"Nasz cykl na temat szkodliwo\u015bci FSSPX.","rel":"","context":"In &quot;FSSPX - \"Dzieje grzechu\"&quot;","block_context":{"text":"FSSPX - \"Dzieje grzechu\"","link":"https:\/\/wobronietradycjiiwiary.com\/en\/category\/polemika\/kosciol-posoborowy\/tradycjonalizm\/fsspx\/fsspx-dzieje-grzechu\/"},"img":{"alt_text":"","src":"https:\/\/i0.wp.com\/wobronietradycjiiwiary.com\/wp-content\/uploads\/2020\/04\/Pieter_Bruegel_I-Fall_of_rebel_Angels_IMG_1452-scaled.jpg?resize=350%2C200&ssl=1","width":350,"height":200,"srcset":"https:\/\/i0.wp.com\/wobronietradycjiiwiary.com\/wp-content\/uploads\/2020\/04\/Pieter_Bruegel_I-Fall_of_rebel_Angels_IMG_1452-scaled.jpg?resize=350%2C200&ssl=1 1x, https:\/\/i0.wp.com\/wobronietradycjiiwiary.com\/wp-content\/uploads\/2020\/04\/Pieter_Bruegel_I-Fall_of_rebel_Angels_IMG_1452-scaled.jpg?resize=525%2C300&ssl=1 1.5x, https:\/\/i0.wp.com\/wobronietradycjiiwiary.com\/wp-content\/uploads\/2020\/04\/Pieter_Bruegel_I-Fall_of_rebel_Angels_IMG_1452-scaled.jpg?resize=700%2C400&ssl=1 2x, https:\/\/i0.wp.com\/wobronietradycjiiwiary.com\/wp-content\/uploads\/2020\/04\/Pieter_Bruegel_I-Fall_of_rebel_Angels_IMG_1452-scaled.jpg?resize=1050%2C600&ssl=1 3x, https:\/\/i0.wp.com\/wobronietradycjiiwiary.com\/wp-content\/uploads\/2020\/04\/Pieter_Bruegel_I-Fall_of_rebel_Angels_IMG_1452-scaled.jpg?resize=1400%2C800&ssl=1 4x"},"classes":[]},{"id":6877,"url":"https:\/\/wobronietradycjiiwiary.com\/en\/maria-kominek-ops-nowe-ruchy-religijne-znamie-zywotnosci-czy-kryzysu-kosciola-1-z\/","url_meta":{"origin":107195,"position":3},"title":"Maria Kominek OPs: Nowe ruchy religijne znami\u0119 \u017cywotno\u015bci czy kryzysu Ko\u015bcio\u0142a ? (1 z 5)","author":"Traditio et Fides","date":"17 October 2015","format":false,"excerpt":"Pytanie, na kt\u00f3re b\u0119d\u0119 stara\u0142a si\u0119 odpowiedzie\u0107, jest tym samym pytaniem, kt\u00f3re ponad 25 lat temu zada\u0142 Vittorio Messori \u00f3wczesnemu prefektowi \u015awi\u0119tej Kongregacji Nauki Wiary. W s\u0142ynnym wywiadzie \u201eRaport o stanie Wiary\u201d kardyna\u0142 Ratzinger wyrazi\u0142 umiarkowan\u0105, ale jednak nadziej\u0119 na pozytywny rozw\u00f3j ruch\u00f3w, na ich w\u0142\u0105czenie w pe\u0142na, integraln\u0105 katolicko\u015b\u0107.\u2026","rel":"","context":"In &quot;Kominek Eklezjologia&quot;","block_context":{"text":"Kominek Eklezjologia","link":"https:\/\/wobronietradycjiiwiary.com\/en\/category\/polemika\/autorzy-polemiczni\/maria-kominek-ops\/kominek-eklezjologia\/"},"img":{"alt_text":"2700477_orig Siena","src":"https:\/\/i0.wp.com\/wobronietradycjiiwiary.com\/wp-content\/uploads\/2015\/08\/2700477_orig-siena.jpg?resize=350%2C200&ssl=1","width":350,"height":200},"classes":[]},{"id":6892,"url":"https:\/\/wobronietradycjiiwiary.com\/en\/maria-kominek-ops-nowe-ruchy-religijne-znamie-zywotnosci-czy-kryzysu-kosciola-5-z-5\/","url_meta":{"origin":107195,"position":4},"title":"Maria Kominek OPs: Nowe ruchy religijne znami\u0119 \u017cywotno\u015bci czy kryzysu Ko\u015bcio\u0142a ? (5 z 5 )","author":"Traditio et Fides","date":"29 October 2015","format":false,"excerpt":"Ruch Maitri I na koniec ruch Maitri. Powiem o nim tylko kilka s\u0142\u00f3w. Wywodzi si\u0119 on z buddyzmu i zachowuje wszystkie jego cechy. Od lat s. Michaela Pawlik, dominikanka z Zielonki, wo\u0142a na pustyni o likwidacje wp\u0142yw\u00f3w tego ruchu. Bezowocnie jak na razie. Siostra Michaela podkre\u015bla, \u017ce ruch Maitri propaguje\u2026","rel":"","context":"In &quot;Kominek Eklezjologia&quot;","block_context":{"text":"Kominek Eklezjologia","link":"https:\/\/wobronietradycjiiwiary.com\/en\/category\/polemika\/autorzy-polemiczni\/maria-kominek-ops\/kominek-eklezjologia\/"},"img":{"alt_text":"2700477_orig Siena","src":"https:\/\/i0.wp.com\/wobronietradycjiiwiary.com\/wp-content\/uploads\/2015\/08\/2700477_orig-siena.jpg?resize=350%2C200&ssl=1","width":350,"height":200},"classes":[]},{"id":6888,"url":"https:\/\/wobronietradycjiiwiary.com\/en\/maria-kominek-ops-nowe-ruchy-religijne-znamie-zywotnosci-czy-kryzysu-kosciola-4-z\/","url_meta":{"origin":107195,"position":5},"title":"Maria Kominek OPs: Nowe ruchy religijne znami\u0119 \u017cywotno\u015bci czy kryzysu Ko\u015bcio\u0142a ? (4 z 5)","author":"Traditio et Fides","date":"26 October 2015","format":false,"excerpt":"Neokatechumenat Nast\u0119pny rodzaj ruch\u00f3w to te, kt\u00f3re s\u0105 zakorzenione w chrze\u015bcija\u0144stwie, ale znacznie odbiegaj\u0105 od niego pod wzgl\u0119dem doktrynalnym. Musimy tu zatrzyma\u0107 si\u0119 w ogromnym skr\u00f3cie na neokatechumenacie, jako na najbardziej wyrazistym przedstawicielem tego rodzaju ruch\u00f3w. Za\u0142o\u017cony przez Kiko i Karmen, dzia\u0142aj\u0105cy na ca\u0142ym \u015bwiecie, rozwija si\u0119 ekspansywnie. Jak wielka\u2026","rel":"","context":"In &quot;Kominek Eklezjologia&quot;","block_context":{"text":"Kominek Eklezjologia","link":"https:\/\/wobronietradycjiiwiary.com\/en\/category\/polemika\/autorzy-polemiczni\/maria-kominek-ops\/kominek-eklezjologia\/"},"img":{"alt_text":"2700477_orig Siena","src":"https:\/\/i0.wp.com\/wobronietradycjiiwiary.com\/wp-content\/uploads\/2015\/08\/2700477_orig-siena.jpg?resize=350%2C200&ssl=1","width":350,"height":200},"classes":[]}],"amp_enabled":true,"jetpack_featured_media_url":"https:\/\/wobronietradycjiiwiary.com\/wp-content\/uploads\/2023\/11\/JPG1-1-1.webp","_links":{"self":[{"href":"https:\/\/wobronietradycjiiwiary.com\/en\/wp-json\/wp\/v2\/posts\/107195","targetHints":{"allow":["GET"]}}],"collection":[{"href":"https:\/\/wobronietradycjiiwiary.com\/en\/wp-json\/wp\/v2\/posts"}],"about":[{"href":"https:\/\/wobronietradycjiiwiary.com\/en\/wp-json\/wp\/v2\/types\/post"}],"author":[{"embeddable":true,"href":"https:\/\/wobronietradycjiiwiary.com\/en\/wp-json\/wp\/v2\/users\/60508433"}],"replies":[{"embeddable":true,"href":"https:\/\/wobronietradycjiiwiary.com\/en\/wp-json\/wp\/v2\/comments?post=107195"}],"version-history":[{"count":25,"href":"https:\/\/wobronietradycjiiwiary.com\/en\/wp-json\/wp\/v2\/posts\/107195\/revisions"}],"predecessor-version":[{"id":107249,"href":"https:\/\/wobronietradycjiiwiary.com\/en\/wp-json\/wp\/v2\/posts\/107195\/revisions\/107249"}],"wp:featuredmedia":[{"embeddable":true,"href":"https:\/\/wobronietradycjiiwiary.com\/en\/wp-json\/wp\/v2\/media\/107205"}],"wp:attachment":[{"href":"https:\/\/wobronietradycjiiwiary.com\/en\/wp-json\/wp\/v2\/media?parent=107195"}],"wp:term":[{"taxonomy":"category","embeddable":true,"href":"https:\/\/wobronietradycjiiwiary.com\/en\/wp-json\/wp\/v2\/categories?post=107195"},{"taxonomy":"post_tag","embeddable":true,"href":"https:\/\/wobronietradycjiiwiary.com\/en\/wp-json\/wp\/v2\/tags?post=107195"}],"curies":[{"name":"wp","href":"https:\/\/api.w.org\/{rel}","templated":true}]}}