{"id":106663,"date":"2023-11-02T08:58:09","date_gmt":"2023-11-02T07:58:09","guid":{"rendered":"https:\/\/wobronietradycjiiwiary.com\/?p=106663"},"modified":"2025-11-04T18:20:16","modified_gmt":"2025-11-04T17:20:16","slug":"o-odpustach-konkretnie","status":"publish","type":"post","link":"https:\/\/wobronietradycjiiwiary.com\/en\/o-odpustach-konkretnie\/","title":{"rendered":"O odpustach konkretnie"},"content":{"rendered":"<div id=\"bsf_rt_marker\"><\/div>\n<p class=\"wp-block-paragraph\"><\/p>\n\n\n\n<p class=\"has-drop-cap has-text-align-justify wp-block-paragraph\" style=\"line-height:1.3\"><span style=\"font-family: verdana, geneva, sans-serif;\"><strong><span style=\"color: #800080;\">Poniewa\u017c Wszystkich \u015awi\u0119tych i Dzie\u0144 Zaduszny przed nami, a kochanej wiedzy o odpustach nigdy dosy\u0107, dlatego publikujemy ponownie nasz tekst o zdobywaniu odpust\u00f3w za zmar\u0142ych w dniach od 1 do 8 listopada. Tekst ten pozostanie w tym okresie na stronie g\u0142\u00f3wnej. Zdobywajmy odpusty za zmar\u0142ych, to si\u0119 nam mo\u017ce zrewan\u017cuj\u0105.<\/span><\/strong><\/span><\/p>\n\n\n\n<p class=\"wp-block-paragraph\"><span style=\"font-family: verdana, geneva, sans-serif;\">Pytanie czytelnika Fides:<\/span><\/p>\n\n\n\n<blockquote class=\"wp-block-quote is-layout-flow wp-block-quote-is-layout-flow\">\n<p class=\"wp-block-paragraph\"><span style=\"font-family: verdana, geneva, sans-serif;\">Szcz\u0119\u015b\u0107 Bo\u017ce, w zwi\u0105zku z tym, i\u017c s\u0105 r\u00f3\u017cne rozbie\u017cno\u015bci na r\u00f3\u017cnych stronach czy mo\u017cecie Pa\u0144stwo napisa\u0107 o odpu\u015bcie zupe\u0142nym czy te\u017c cz\u0105stkowym jaki mo\u017cna uzyska\u0107 w dniach 1-8 listopada. Chodzi mi o szczeg\u00f3\u0142y. Czy codziennie mo\u017cna uzyska\u0107 odpust za innego zmar\u0142ego, czy cmentarz trzeba nawiedzi\u0107 codziennie. Nie mog\u0119 znale\u017a\u0107 jakiego\u015b sp\u00f3jnego opisu odpustu.<\/span><\/p>\n\n\n\n<p class=\"wp-block-paragraph\"><span style=\"font-family: verdana, geneva, sans-serif;\">Z Panem Bogiem<\/span><\/p>\n<\/blockquote>\n\n\n\n<p class=\"has-text-align-justify wp-block-paragraph\"><span style=\"font-family: verdana, geneva, sans-serif;\">Ma Pan racj\u0119. Informacje s\u0105 sprzeczne, bo ma\u0142o komu chce si\u0119 do tego solidnie przysi\u0105\u015b\u0107. Nam si\u0119 chcie\u0107 musi, jak tatusiowi w znanym dowcipie. A teraz na powa\u017cnie.<\/span><\/p>\n\n\n\n<script async src=\"https:\/\/pagead2.googlesyndication.com\/pagead\/js\/adsbygoogle.js?client=ca-pub-1329642704887632\"\r\n     crossorigin=\"anonymous\"><\/script>\r\n<ins class=\"adsbygoogle\"\r\n     style=\"display:block; text-align:center;\"\r\n     data-ad-layout=\"in-article\"\r\n     data-ad-format=\"fluid\"\r\n     data-ad-client=\"ca-pub-1329642704887632\"\r\n     data-ad-slot=\"8468107488\"><\/ins>\r\n<script>\r\n     (adsbygoogle = window.adsbygoogle || []).push({});\r\n<\/script>\n\n\n\n<h3 class=\"wp-block-heading\"><span style=\"font-family: verdana, geneva, sans-serif;\">Czym jest odpust?<\/span><\/h3>\n\n\n\n<p class=\"has-text-align-justify wp-block-paragraph\"><span style=\"font-family: verdana, geneva, sans-serif;\">Zanim przejdziemy do wyliczania i komentowania warunk\u00f3w uzyskania odpust\u00f3w nale\u017cy zastanowi\u0107 si\u0119 czym w\u0142a\u015bciwie odpust za zmar\u0142ych jest. Ostatni i najnowszy katechizm t\u0142umaczy to nast\u0119puj\u0105co:<\/span><\/p>\n\n\n\n<blockquote class=\"wp-block-quote is-layout-flow wp-block-quote-is-layout-flow\">\n<p class=\"wp-block-paragraph\"><span style=\"font-family: verdana, geneva, sans-serif;\">\u201eOdpust jest to darowanie przed Bogiem kary doczesnej za grzechy, zg\u0142adzone ju\u017c co do winy. Dost\u0119puje go chrze\u015bcijanin odpowiednio usposobiony i pod pewnymi okre\u015blonymi warunkami, za po\u015brednictwem Ko\u015bcio\u0142a, kt\u00f3ry jako szafarz owoc\u00f3w odkupienia rozdaje i prawomocnie przydziela zado\u015b\u0107uczynienie ze skarbca zas\u0142ug Chrystusa i \u015bwi\u0119tych\u201d (KKK 1471).<\/span><\/p>\n<\/blockquote>\n\n\n\n<p class=\"has-text-align-justify wp-block-paragraph\"><span style=\"font-family: verdana, geneva, sans-serif;\">Natomiast na stronie internetowej Watykanu, kt\u00f3r\u0105 b\u0119dziemy w niniejszym wpisie&nbsp; cytowa\u0107,<a href=\"#_ftn1\" name=\"_ftnref1\">[1]<\/a> przeczyta\u0107 to samo po \u0142acinie mo\u017cna:<\/span><\/p>\n\n\n\n<blockquote><ol style=\"text-align: justify;\">\n<li><span style=\"font-family: verdana, geneva, sans-serif;\"><strong> 1<\/strong>\u2013 <em><sup>9<\/sup>Indulgentia est remissio coram Deo poenae temporalis pro peccatis, ad culpam quod attinet iam deletis, quam chrisfidelis, apte dispositus et certis ac definitis condicionibus, consequitur ope Ecclesiae quae, ut ministra redemptionis, thesaurum satisfactionum Christi et Sanctorum auctoritative dispensat et applicat<\/em>.<\/span><\/li>\n<\/ol><\/blockquote>\n\n\n\n<p class=\"has-text-align-justify wp-block-paragraph\"><span style=\"font-family: verdana, geneva, sans-serif;\">No niestety jest dosy\u0107 ma\u0142o konkretne. Nieco konkretniej na temat odpust\u00f3w, jak mniemany, ju\u017c pisali\u015bmy i prosz\u0119 tam poczyta\u0107.<a href=\"#_ftn2\" name=\"_ftnref2\">[2]<\/a><\/span><\/p>\n\n\n\n<p class=\"has-text-align-justify wp-block-paragraph\"><span style=\"font-family: verdana, geneva, sans-serif;\">Czym jest jednak odpust za zmar\u0142ych? M\u00f3wi\u0105c wprost odpust za zmar\u0142ych to przekazanie duszy zmar\u0142ej w czy\u015b\u0107cu cierpi\u0105cej \u0142aski, kt\u00f3r\u0105 \u017cywy dla niej zyskuje. Bo dusza czy\u015b\u0107cowa niczego dla siebie uczyni\u0107 nie mo\u017ce. Zas\u0142ugi zdobywamy jedynie za \u017cycia, a po \u015bmierci mo\u017cemy mie\u0107 nadziej\u0119, je\u017celi w og\u00f3le b\u0119dziemy z czy\u015b\u0107cu a nie w piekle, \u017ce co\u015b od \u017cywych ze skarbca zas\u0142ug zado\u015b\u0107czyni\u0105cych Chrystusa i \u015bwi\u0119tych (<em>thesaurus satisfactionum Christi et Sanctorum<\/em>) dla nas \u201eskapnie\u201d. A tym duszom czy\u015b\u0107cowym, za kt\u00f3re si\u0119 nikt nie modli &#8220;kapie&#8221; przynajmniej raz w roku w\u0142a\u015bnie w Dzie\u0144 Zaduszny, kiedy to druga z trzech odprawianych Mszy ofiarowana jest za wszystkich wiernych zmar\u0142ych czyli wszystkich w czy\u015b\u0107cu cierpi\u0105cych, niekoniecznie wy\u0142\u0105cznie za katolik\u00f3w, bo ci, kt\u00f3rzy nie id\u0105 do piek\u0142a ani bezpo\u015brednio do nieba trafiaj\u0105 do czy\u015b\u0107ca.\u00a0 Jednak, wed\u0142ug Marii Simmy, protestanci czy poganie, o ile tam trafiaj\u0105, siedz\u0105 d\u0142u\u017cej, bo nikt si\u0119 za nich nie modli. Jednak czym s\u0105 nawet wszystkie msze Ko\u015bcio\u0142a raz w roku na tyle dusz? Chyba ma\u0142o. St\u0105d te\u017c okre\u015blenie: \u201eBiedny jak dusza czy\u015b\u0107cowa\u201d. Pozyskanie \u0142aski dla duszy czy\u015b\u0107cowej, to mniej wi\u0119cej tak, jak przes\u0142anie komu\u015b pieni\u0119dzy na konto, kt\u00f3rych si\u0119 osobi\u015bcie nie posiada, albo posiada ich za ma\u0142o. Dlatego te\u017c te pieni\u0105dze nale\u017cy najpierw zdoby\u0107, podobnie jak \u0142ask\u0119, kt\u00f3r\u0105 odpustem przekaza\u0107 mo\u017cna.<\/span><\/p>\n\n\n\n<script async src=\"https:\/\/pagead2.googlesyndication.com\/pagead\/js\/adsbygoogle.js?client=ca-pub-1329642704887632\"\r\n     crossorigin=\"anonymous\"><\/script>\r\n<ins class=\"adsbygoogle\"\r\n     style=\"display:block; text-align:center;\"\r\n     data-ad-layout=\"in-article\"\r\n     data-ad-format=\"fluid\"\r\n     data-ad-client=\"ca-pub-1329642704887632\"\r\n     data-ad-slot=\"8468107488\"><\/ins>\r\n<script>\r\n     (adsbygoogle = window.adsbygoogle || []).push({});\r\n<\/script>\n\n\n\n<h2 class=\"wp-block-heading\"><span style=\"font-family: verdana, geneva, sans-serif;\">Og\u00f3lnie warunki uzyskania odpustu zupe\u0142nego<\/span><\/h2>\n\n\n\n<p class=\"has-text-align-justify wp-block-paragraph\"><span style=\"font-family: verdana, geneva, sans-serif;\">Warunki uzyskania odpustu zupe\u0142nego wygl\u0105daj\u0105, wed\u0142ug <em>Normae de indulgentis<\/em> czyli \u201eNorm dotycz\u0105cych odpust\u00f3w\u201d nast\u0119puj\u0105co.<a href=\"#_ftn3\" name=\"_ftnref3\">[3]<\/a> Normy te cytowa\u0107 b\u0119dziemy ze strony Watykanu jako N.x, natomiast poszczeg\u00f3lne odpusty jako Ind.x.<\/span><\/p>\n\n\n\n<p class=\"wp-block-paragraph\"><span style=\"font-family: verdana, geneva, sans-serif;\">Dla uzyskania odpustu wymagana jest:<\/span><\/p>\n\n\n\n<ol class=\"wp-block-list\">\n<li><span style=\"font-family: verdana, geneva, sans-serif;\">Og\u00f3lna intencja uzyskania odpustu (N. 20 \u00a7 2).<\/span><\/li>\n\n\n\n<li><span style=\"font-family: verdana, geneva, sans-serif;\">Stan \u0142aski (N. 20 \u00a7 1; N. 23 \u00a7 1) [czyli odby\u0107 spowied\u017a nie d\u0142u\u017cej ni\u017c tydzie\u0144 przed uzyskaniem odpustu, nasza rada WOTIW].<\/span><\/li>\n\n\n\n<li><span style=\"font-family: verdana, geneva, sans-serif;\">Komunia \u015bwi\u0119ta w dniu uzyskania odpustu (N. 23 \u00a7 1).<\/span><\/li>\n\n\n\n<li><span style=\"font-family: verdana, geneva, sans-serif;\">Zdecydowane zerwanie z grzechem i brak przywi\u0105zania do grzech\u00f3w lekkich (N. 23 \u00a7 1).<\/span><\/li>\n\n\n\n<li><span style=\"font-family: verdana, geneva, sans-serif;\">Odm\u00f3wienie modlitwy w intencjach Ojca \u015awi\u0119tego w dniu uzyskania odpustu (N. 23 \u00a7 1, \u00a7 3, \u00a7 5).<\/span><\/li>\n\n\n\n<li><span style=\"font-family: verdana, geneva, sans-serif;\">Wykonanie czynno\u015bci zwi\u0105zanej z odpustem zupe\u0142nym w dniu uzyskania odpustu (N. 23 \u00a7 1)<\/span>\n<ol class=\"wp-block-list\">\n<li><span style=\"font-family: verdana, geneva, sans-serif;\">W dniach od 1 do 8 listopada nawiedzenie cmentarza, w dniu 2 listopada tylko ko\u015bcio\u0142a (Ind. 29 \u00a7 1.1).<\/span><\/li>\n<\/ol>\n<\/li>\n<\/ol>\n\n\n\n<h3 class=\"wp-block-heading\"><span style=\"font-family: verdana, geneva, sans-serif;\">Ad 1. Intencja uzyskania odpustu (N. 20 \u00a7 2)<\/span><\/h3>\n\n\n\n<p class=\"has-text-align-justify wp-block-paragraph\"><span style=\"font-family: verdana, geneva, sans-serif;\">Aby odpust uzyska\u0107 i \u201eprzes\u0142a\u0107\u201d duszy czy\u015b\u0107cowej trzeba mie\u0107 wewn\u0119trzn\u0105 intencj\u0119 uzyskania odpustu, tak np. przed wykonaniem danych czynno\u015bci odpustowych nale\u017cy pomy\u015ble\u0107: \u201eChc\u0119 uzyska\u0107 odpust dla &#8230;\u201d. Ko\u015bci\u00f3\u0142 m\u00f3wi o \u201eog\u00f3lnej intencji\u201d czyli wystarczy przed wszystkimi czynno\u015bciami (1) do (6) raz t\u0119 intencj\u0119 wzbudzi\u0107. Nie trzeba ca\u0142y czas pami\u0119ta\u0107: \u201eTen odpust za babci\u0119\u201d i nie ba\u0107 si\u0119, \u017ce jak si\u0119 zapomni, to b\u0119dzie niewa\u017cny. Oczywi\u015bcie trzeba by\u0107 ochrzczonym cz\u0142onkiem Ko\u015bcio\u0142a Katolickiego i nie by\u0107 ekskomunikowanym (N. 20 \u00a7 1).<\/span><\/p>\n\n\n\n<h3 class=\"wp-block-heading\"><span style=\"font-family: verdana, geneva, sans-serif;\">Ad 2. Stan \u0142aski lub spowied\u017a<\/span><\/h3>\n\n\n\n<p class=\"has-text-align-justify wp-block-paragraph\"><span style=\"font-family: verdana, geneva, sans-serif;\">Aby zyska\u0107 odpust, kt\u00f3ry zyska\u0107 mo\u017cna dla siebie samego lub dla zmar\u0142ych,<a name=\"_ftnref4\" href=\"#_ftn4\">[4]<\/a> a w dniach 1 do 8 listopada poprzez praktyk\u0119 zwi\u0105zan\u0105 z nawiedzeniem cmentarza, wy\u0142\u0105cznie za zmar\u0142ych trzeba by\u0107 w stanie \u0142aski (N. 20 \u00a7 1). Dlaczego? Poniewa\u017c Pan B\u00f3g wys\u0142uchuje sprawiedliwych, a cz\u0142owiek \u017cyj\u0105cych w grzechu \u015bmiertelnym czy ekskomunikowany sprawiedliwym nie jest, b\u0119d\u0105c martwym cz\u0142onkiem Ko\u015bcio\u0142a. Jedynie b\u0119d\u0105c w stanie \u0142aski mo\u017cna jakichkolwiek \u201etransakcji \u0142ask\u0105\u201d, pos\u0142uguj\u0105c si\u0119 ww. przyk\u0142adem z przekazem pieni\u0119\u017cnym, dokonywa\u0107. No dobrze, ale pomi\u0119dzy grzechem \u015bmiertelnym a \u015bwi\u0119to\u015bci\u0105 jest wiele stopni po\u015brednich. A pytaj\u0105c inaczej zapyta\u0107 mo\u017cna, do ilu dni po spowiedzi jeste\u015bmy na tyle w stanie \u0142aski, by dla innych odpusty zupe\u0142ne nie cz\u0105stkowe, a to wa\u017cne rozr\u00f3\u017cnienie, m\u00f3c zyskiwa\u0107. Odpust zupe\u0142ny jest darowaniem wszystkich kar doczesnych czyli, je\u017celi jest taka wola Boga, uwolnieniem z czy\u015b\u0107ca, natomiast odpust cz\u0105stkowy jest cz\u0119\u015bciowym darowaniem kar doczesnych czyli zmniejszeniem kar czy\u015b\u0107cowych, je\u017celi jest taka wola Pana Boga. Zatem jak d\u0142ugo odprawiwszy solidn\u0105 i szczer\u0105 spowied\u017a jeste\u015bmy na tyle dysponowani, by za kogo\u015b lub za samych siebie, do danej chwili, odpust zupe\u0142ny uzyska\u0107?<\/span><\/p>\n\n\n\n<script async src=\"https:\/\/pagead2.googlesyndication.com\/pagead\/js\/adsbygoogle.js?client=ca-pub-1329642704887632\"\r\n     crossorigin=\"anonymous\"><\/script>\r\n<ins class=\"adsbygoogle\"\r\n     style=\"display:block; text-align:center;\"\r\n     data-ad-layout=\"in-article\"\r\n     data-ad-format=\"fluid\"\r\n     data-ad-client=\"ca-pub-1329642704887632\"\r\n     data-ad-slot=\"8468107488\"><\/ins>\r\n<script>\r\n     (adsbygoogle = window.adsbygoogle || []).push({});\r\n<\/script>\n\n\n\n<p class=\"has-text-align-justify wp-block-paragraph\"><span style=\"font-family: verdana, geneva, sans-serif;\">W starych, przedsoborowych postanowieniach i modlitewnikach mowa jest o maksymalnie o\u015bmiu dniach od ostatniej spowiedzi lub ujmuj\u0105c rzecz inaczej o wymogu przynajmniej cotygodniowej spowiedzi dla pozyskiwania odpust\u00f3w zupe\u0142nych. Posoborowe orzecznictwo a\u017c takie precyzyjne nie jest, wi\u0119c ten tydzie\u0144 jedynie naszym zaleceniem dla tych, kt\u00f3rzy chc\u0105 zrobi\u0107 wszystko porz\u0105dnie, dok\u0142adnie i jak nale\u017cy. Jeste\u015bmy tutaj z pewno\u015bci\u0105 bardziej papiescy ni\u017c sam papie\u017c, co przy papie\u017cu Franciszku trudne nie jest. I jest to jedynie nasza rada, a nie \u017cadna konieczno\u015b\u0107. Ale jak si\u0119 chce babci\u0119 z czy\u015b\u0107ca wyci\u0105gn\u0105\u0107, to si\u0119 trzeba postara\u0107. Przecie\u017c sk\u0105d\u015b si\u0119 ten tydzie\u0144 bierze, skoro oktawa i mo\u017cliwo\u015b\u0107 zyskania odpust\u00f3w przez osiem dni, to jest od 1 do 8 listopada w\u0142\u0105cznie czyli tydzie\u0144 z \u201epo\u015blizgiem\u201d jednego dnia. I tak w chwalonej ju\u017c przez nas <em>Teologii moralnej<\/em> biskupa Ernesta M\u00fcllera<a href=\"#_ftn5\" name=\"_ftnref5\">[5]<\/a> przeczyta\u0107 mo\u017cna, i\u017c:<\/span><\/p>\n\n\n\n<blockquote class=\"wp-block-quote is-layout-flow wp-block-quote-is-layout-flow\">\n<p class=\"wp-block-paragraph\"><span style=\"font-family: verdana, geneva, sans-serif;\">\u201ePius IX dnia 6. pa\u017adziernika 1870 udzieli\u0142 specjalnym indultem wiernym, kt\u00f3rzy maj\u0105 zwyczaj przynajmniej raz na tydzie\u0144 spowiada\u0107 si\u0119 (<em>semel saltem in hebdomada confiteri consueverunt<\/em>) [mo\u017cliwo\u015bci] pozyskiwania wszystkich odpust\u00f3w zupe\u0142nych w czasie od jednej spowiedzi do drugiej [&#8230;], o ile trwaj\u0105 w stanie \u0142aski.\u201d<a href=\"#_ftn6\" name=\"_ftnref6\">[6]<\/a><\/span><\/p>\n<\/blockquote>\n\n\n\n<p class=\"has-text-align-justify wp-block-paragraph\"><span style=\"font-family: verdana, geneva, sans-serif;\">T\u0119 sam\u0105 decyzj\u0119 (raz na tydzie\u0144) podj\u0105\u0142 Klemens XIII dnia 9. Grudnia 1763.<a name=\"_ftnref7\" href=\"#_ftn7\">[7]<\/a> Zatem wymagany jest stan \u0142aski, a jeszcze lepiej okres maksymalnie o\u015bmiu dni od ostatniej spowiedzi. Poniewa\u017c pisz\u0105cy te s\u0142owa przez sporo lat spowiada\u0142 si\u0119 co dwa tygodnie i ma nadziej\u0119 do tej praktyki wr\u00f3ci\u0107, jak jego sta\u0142y spowiednik wr\u00f3ci do zdrowia, to z w\u0142asnego do\u015bwiadczenia wie, \u017ce stan \u0142aski w drugim tygodniu &#8220;siada&#8221;, je\u015bli mo\u017cna si\u0119 tak wyrazi\u0107. Oczywi\u015bcie, nie s\u0105 to grzechy ci\u0119\u017ckie, ale jednak drugi tydzie\u0144 po spowiedzi, to nie pierwszy tydzie\u0144 po spowiedzi i materia grzechu si\u0119 poma\u0142u zbiera jak kurz na szybie. Poniewa\u017c przynajmniej jedna osoba zakonna, spowiadaj\u0105ca si\u0119 zwykle co tydzie\u0144, a czasami co dwa tygodnie, te do\u015bwiadczenia mu potwierdzi\u0142a, \u017ce &#8220;w drugim tygodniu to ju\u017c siada&#8221;, wi\u0119c widocznie co\u015b w konieczno\u015bci tej cotygodniowej spowiedzi jest. I dlatego ten okres wymieniaj\u0105 przedsoborowe dokumenty Ko\u015bcio\u0142a, kt\u00f3re jeszcze w innym kontek\u015bcie przytoczymy. <\/span><\/p>\n\n\n\n<script async src=\"https:\/\/pagead2.googlesyndication.com\/pagead\/js\/adsbygoogle.js?client=ca-pub-1329642704887632\"\r\n     crossorigin=\"anonymous\"><\/script>\r\n<ins class=\"adsbygoogle\"\r\n     style=\"display:block; text-align:center;\"\r\n     data-ad-layout=\"in-article\"\r\n     data-ad-format=\"fluid\"\r\n     data-ad-client=\"ca-pub-1329642704887632\"\r\n     data-ad-slot=\"8468107488\"><\/ins>\r\n<script>\r\n     (adsbygoogle = window.adsbygoogle || []).push({});\r\n<\/script>\n\n\n\n<p class=\"has-text-align-justify wp-block-paragraph\"><span style=\"font-family: verdana, geneva, sans-serif;\">Poza tym trzeba r\u00f3\u017cnicowa\u0107 pomi\u0119dzy (a) stanem \u0142aski czyli wolno\u015bci\u0105 od grzechu ci\u0119\u017ckiego, a (b) stanem \u0142aski umo\u017cliwiaj\u0105cym skuteczne pozyskiwanie odpust\u00f3w zupe\u0142nych.\u00a0 Bo do odpustu cz\u0105stkowego a\u017c tak \u0142ask\u0105, zdaje si\u0119, ja\u015bnie\u0107 nie trzeba. Przecie\u017c odpust zupe\u0142ny to darowanie kar za grzechy z ca\u0142ego \u017cycia. Wi\u0119c \u015bwi\u0119to\u015bci i stanu \u0142aski nigdy do tego dosy\u0107. Mo\u017cna to chyba por\u00f3wna\u0107 ze sterylno\u015bci\u0105 wymagan\u0105 od chirurga przeprowadzaj\u0105cego operacj\u0119. Co innego jest powiedzie\u0107: &#8220;Mam czyste r\u0119ce, bo je dzi\u015b rano umy\u0142em&#8221;. A co innego: &#8220;Jestem sterylny i mog\u0119 rozpocz\u0105\u0107 operacj\u0119&#8221;. Przecie\u017c chc\u0105c innym wyjedna\u0107 opust zupe\u0142ny musimy by\u0107 czystym kana\u0142em \u0142aski czyli by\u0107 \u015bwie\u017co po spowiedzi, jeszcze nie zabrudzeni jakimkolwiek nalotem grzechu.<\/span><\/p>\n\n\n\n<p class=\"has-text-align-justify wp-block-paragraph\"><span style=\"font-family: verdana, geneva, sans-serif;\">Pami\u0119ta\u0107 trzeba tak\u017ce o tym, \u017ce kolejno\u015b\u0107 warunk\u00f3w niekoniecznie musi by\u0107 chronologiczna, bo u Pana Boga czasu nie ma. Mo\u017cna najpierw p\u00f3j\u015b\u0107 na cmentarz, a nast\u0119pnie wyspowiada\u0107 si\u0119, p\u00f3j\u015b\u0107 do komunii etc. (N. 23 \u00a7 3). Odpust uzyska si\u0119 wtedy, gdy si\u0119 wszystkiego dokona. Tak na przyk\u0142ad mo\u017cemy p\u00f3j\u015b\u0107 w intencji cioci Kloci w czy\u015b\u0107cu cierpi\u0105cej jednego dnia na cmentarz i pomodli\u0107 si\u0119 za ni\u0105, a innego dnia p\u00f3j\u015b\u0107 do spowiedzi, do komunii i odm\u00f3wi\u0107 modlitw\u0119 w intencji papie\u017ca, wszystko po to, by wspomnianej cioci odpust zupe\u0142ny zdoby\u0107. Jednak jest rzecz\u0105 stosown\u0105 przyj\u0105\u0107 komuni\u0119 \u015bwi\u0119t\u0105, pomodli\u0107 si\u0119 w intencji papie\u017ca i wykona\u0107 praktyk\u0119 zwi\u0105zan\u0105 z odpustem tego samego dnia (N. 23 \u00a7 3), jak podaje Ko\u015bci\u00f3\u0142, ale co innego jest obiektywnie nie m\u00f3c, a co innego przepisy lekcewa\u017cy\u0107. Najlepiej jest spe\u0142nia\u0107 od (1) do (6), ale Ko\u015bci\u00f3\u0142 nie m\u00f3wi, \u017ce absolutnie nie mo\u017cna inaczej. Nale\u017cy spe\u0142ni\u0142 to jednak w okresie stanu \u0142aski czyli wed\u0142ug naszych zalece\u0144 w ci\u0105gu tygodnia, maj\u0105c t\u0119 sam\u0105 intencj\u0119 zyskania odpustu zupe\u0142nego i widz\u0105c wewn\u0119trzny zwi\u0105zek pomi\u0119dzy tymi czynno\u015bciami, kt\u00f3ry przy odpowiedniej intencji mie\u0107 si\u0119 b\u0119dzie.<\/span><\/p>\n\n\n\n<script async src=\"https:\/\/pagead2.googlesyndication.com\/pagead\/js\/adsbygoogle.js?client=ca-pub-1329642704887632\"\r\n     crossorigin=\"anonymous\"><\/script>\r\n<ins class=\"adsbygoogle\"\r\n     style=\"display:block; text-align:center;\"\r\n     data-ad-layout=\"in-article\"\r\n     data-ad-format=\"fluid\"\r\n     data-ad-client=\"ca-pub-1329642704887632\"\r\n     data-ad-slot=\"8468107488\"><\/ins>\r\n<script>\r\n     (adsbygoogle = window.adsbygoogle || []).push({});\r\n<\/script>\n\n\n\n<h3 class=\"wp-block-heading\"><span style=\"font-family: verdana, geneva, sans-serif;\">Ad 3. Komunia \u015bwi\u0119ta (N. 23 \u00a7 1)<\/span><\/h3>\n\n\n\n<p class=\"has-text-align-justify wp-block-paragraph\"><span style=\"font-family: verdana, geneva, sans-serif;\">Przyj\u0119cie komunii \u015bwi\u0119tej jest wielkim przyrostem \u0142aski, kt\u00f3r\u0105 mo\u017cemy za kogo\u015b ofiarowa\u0107. I dlatego ka\u017cdorazowo w celu pozyskania odpustu zupe\u0142nego nale\u017cy w danym dniu przyj\u0105\u0107 komuni\u0119 \u015bwi\u0119t\u0105. Zatem jedna komunia, jeden odpust zupe\u0142ny.<\/span><\/p>\n\n\n\n<h3 class=\"wp-block-heading\"><span style=\"font-family: verdana, geneva, sans-serif;\">Ad 4. Brak przywi\u0105zania do jakiegokolwiek grzechu (N. 23 \u00a7 1)<\/span><\/h3>\n\n\n\n<p class=\"has-text-align-justify wp-block-paragraph\"><span style=\"font-family: verdana, geneva, sans-serif;\">Aby uzyska\u0107 odpust zupe\u0142ny nie tylko nie wolno grzeszy\u0107, ale nie by\u0107 nawet do grzechu lekkiego przywi\u0105zanym. Co to znaczy? Za\u0142\u00f3\u017cmy, \u017ce kto\u015b jest \u0142akomy i lubi podjada\u0107 z lod\u00f3wki mi\u0119dzy posi\u0142kami. Poniewa\u017c wie, \u017ce nieumiarkowanie w jedzeniu jest jego grzechem g\u0142\u00f3wnym i s\u0142abo\u015bci\u0105, dlatego si\u0119 z tego spowiada, chocia\u017c to grzech lekki. Jest jednak do tego grzechu przywi\u0105zany w takim rozumieniu, \u017ce t\u0142umaczy si\u0119, \u017ce<\/span><\/p>\n\n\n\n<blockquote class=\"wp-block-quote is-layout-flow wp-block-quote-is-layout-flow\">\n<p class=\"wp-block-paragraph\"><span style=\"font-family: verdana, geneva, sans-serif;\">\u201eto nic takiego, s\u0142abo\u015b\u0107 ludzka, ot, co\u015b tam, przecie\u017c do piek\u0142a od razu za to nie p\u00f3jdzie\u201d?<\/span><\/p>\n<\/blockquote>\n\n\n\n<p class=\"wp-block-paragraph\"><span style=\"font-family: verdana, geneva, sans-serif;\">Inn\u0105 mo\u017cliw\u0105 formu\u0142\u0105 \u015bwiadcz\u0105c\u0105 o przywi\u0105zaniu do grzechu powszedniego jest my\u015blenie:<\/span><\/p>\n\n\n\n<blockquote class=\"wp-block-quote is-layout-flow wp-block-quote-is-layout-flow\">\n<p class=\"wp-block-paragraph\"><span style=\"font-family: verdana, geneva, sans-serif;\">&#8220;No tak, to grzech, ale lubi\u0119.&#8221;<\/span><\/p>\n<\/blockquote>\n\n\n\n<p class=\"has-text-align-justify wp-block-paragraph\"><span style=\"font-family: verdana, geneva, sans-serif;\">Je\u017celi kto\u015b tak o swoich grzechach lekkich my\u015bli, to niestety jest do nich przywi\u0105zany. A je\u017celi jest przywi\u0105zany, to niestety pr\u0119dzej czy p\u00f3\u017aniej w ten sam spos\u00f3b zgrzeszy i niestety tego warunku zdobycia odpustu zupe\u0142nego nie spe\u0142nia. Oczywi\u015bcie nikt nie mo\u017ce zagwarantowa\u0107, \u017ce nigdy w jaki\u015b grzech lekki nie popadnie. Ale co innego gwarantowa\u0107, a co innego by\u0107 do\u0144 przywi\u0105zanym jak do swego prawa do grzeszenia w ten spos\u00f3b i my\u015ble\u0107:<\/span><\/p>\n\n\n\n<blockquote class=\"wp-block-quote is-layout-flow wp-block-quote-is-layout-flow\">\n<p class=\"wp-block-paragraph\"><span style=\"font-family: verdana, geneva, sans-serif;\">&#8220;To tylko grzech lekki. Nast\u0119pnym razem jak zgrzesz\u0119 sobie, to si\u0119 co najwy\u017cej wyspowiadam, bo to takie nic&#8221;.<\/span><\/p>\n<\/blockquote>\n\n\n\n<script async src=\"https:\/\/pagead2.googlesyndication.com\/pagead\/js\/adsbygoogle.js?client=ca-pub-1329642704887632\"\r\n     crossorigin=\"anonymous\"><\/script>\r\n<ins class=\"adsbygoogle\"\r\n     style=\"display:block; text-align:center;\"\r\n     data-ad-layout=\"in-article\"\r\n     data-ad-format=\"fluid\"\r\n     data-ad-client=\"ca-pub-1329642704887632\"\r\n     data-ad-slot=\"8468107488\"><\/ins>\r\n<script>\r\n     (adsbygoogle = window.adsbygoogle || []).push({});\r\n<\/script>\n\n\n\n<p class=\"has-text-align-justify wp-block-paragraph\"><span style=\"font-family: verdana, geneva, sans-serif;\">Je\u017celi mam \u015bwiadomo\u015b\u0107, \u017ce to grzech, chocia\u017c lekki, \u017ce tym grzechem Pana Boga obra\u017cam, \u017ce w ten spos\u00f3b pomniejszam we mnie \u017cycie \u0142aski, zabrudzam \u015bwi\u0105tyni\u0119 Ducha \u015awi\u0119tego, kt\u00f3r\u0105 od chrztu jestem etc. etc. to prawdopodobie\u0144stwo, \u017ce nie jestem do niego przywi\u0105zany jest wi\u0119ksze. Wraz ze zbli\u017caniem si\u0119 do Boga mamy coraz bardziej w nienawi\u015bci ka\u017cdy grzech, tak\u017ce lekki, wi\u0119c tak\u017ce tego nie lekcewa\u017cymy i traktujemy go jako swojego prawa cz\u0142owieka, &#8220;bo \u017cy\u0107 trzeba i bez przesady&#8221;. Maria Simma, kt\u00f3ra sporo dusz czy\u015b\u0107cowych spotka\u0142a, twierdzi\u0142a, \u017ce ma\u0142o kto odpust\u00f3w zupe\u0142nych dost\u0119puje, bo ma\u0142o kto rzeczywi\u015bcie do grzech\u00f3w przywi\u0105zany nie jest. Wydaje si\u0119 nam, \u017ce to s\u0142uszne, bo gdyby przywi\u0105zani nie byli, nie trafili by do czy\u015b\u0107ca pozyskuj\u0105c odpust zupe\u0142ny czyli darowanie wszystkich kar czy\u015bccowych.<\/span><\/p>\n\n\n\n<p class=\"has-text-align-justify wp-block-paragraph\"><span style=\"font-family: verdana, geneva, sans-serif;\">Ale nie chcemy wprowadza\u0107 tutaj czytelnik\u00f3w w skrupu\u0142y co do kwestii czy zdobycie odpustu zupe\u0142nego jest mo\u017cliwe. Jest mo\u017cliwe. Pragniemy jedynie zach\u0119ci\u0107, by zastanowili si\u0119 nad tym, do jakiego grzechu lekkiego s\u0105 przywi\u0105zani i wzbudzili intencj\u0119, by nie by\u0107 i aktem woli zadeklarowali, \u017ce nie s\u0105. Inaczej nigdy nie b\u0119d\u0105 pewni, czy w og\u00f3le mog\u0105 odpust zupe\u0142ny uzyska\u0107. Mog\u0105 uzyska\u0107 go , o ile nie b\u0119d\u0105 do grzech\u00f3w, nawet do grzech\u00f3w lekkich, przywi\u0105zani. Je\u017celi s\u0105 do nich przywi\u0105zani, to spe\u0142niaj\u0105c powy\u017csze warunki zdob\u0119d\u0105 jedynie odpust cz\u0119\u015bciowy i duszy w czy\u015b\u0107cu cierpi\u0105cej na pewno pomog\u0105. Je\u017celi jednak mo\u017cliwo\u015b\u0107 pozyskiwania odpust\u00f3w zupe\u0142nych istnieje, to znaczy, \u017ce pozyskanie ich jest mo\u017cliwe. Inaczej by Ko\u015bci\u00f3\u0142 takiej praktyki nie wprowadzi\u0142.<\/span><\/p>\n\n\n\n<script async src=\"https:\/\/pagead2.googlesyndication.com\/pagead\/js\/adsbygoogle.js?client=ca-pub-1329642704887632\"\r\n     crossorigin=\"anonymous\"><\/script>\r\n<ins class=\"adsbygoogle\"\r\n     style=\"display:block; text-align:center;\"\r\n     data-ad-layout=\"in-article\"\r\n     data-ad-format=\"fluid\"\r\n     data-ad-client=\"ca-pub-1329642704887632\"\r\n     data-ad-slot=\"8468107488\"><\/ins>\r\n<script>\r\n     (adsbygoogle = window.adsbygoogle || []).push({});\r\n<\/script>\n\n\n\n<h3 class=\"wp-block-heading\"><span style=\"font-family: verdana, geneva, sans-serif;\">Ad 5. Modlitwa w intencja Ojca \u015awi\u0119tego (N. 23 \u00a7 1, \u00a7 3, \u00a7 5).<\/span><\/h3>\n\n\n\n<p class=\"has-text-align-justify wp-block-paragraph\"><span style=\"font-family: verdana, geneva, sans-serif;\">Jest to wsparcie tych intencji, za kt\u00f3re modli si\u0119 papie\u017c, a kt\u00f3re podaje do wiadomo\u015bci publicznej.<a href=\"#_ftn8\" name=\"_ftnref8\">[8]<\/a> Nie jest jednak konieczne, by dok\u0142adnie wiedzie\u0107 jaka intencja obowi\u0105zuje w konkretnym miesi\u0105cu, w kt\u00f3rym pragniemy uzyska\u0107 odpust zupe\u0142ny. Wystarczy og\u00f3lna intencja modlenia si\u0119 w tych dobrych, katolickich intencjach, za kt\u00f3re modli si\u0119 papie\u017c.<a href=\"#_ftn9\" name=\"_ftnref9\">[9]<\/a> Jako modlitw\u0119 wybra\u0107 mo\u017cna <em>Ojcze nas<\/em>z, <em>Zdrowa\u015b Maryjo, Wierz\u0119 w Boga, Pod Twoj\u0105 obron\u0119<\/em> i modli\u0107 si\u0119 na g\u0142os (N. 26) lub gdy kto\u015b inny modli si\u0119 na g\u0142os, np. w rodzinie, modli\u0107 si\u0119 w my\u015bli.<\/span><\/p>\n\n\n\n<p class=\"has-text-align-justify wp-block-paragraph\"><span style=\"font-family: verdana, geneva, sans-serif;\">Modlitw\u0105 w intencji papie\u017ca, nie jest np. by papie\u017c Franciszek si\u0119 nawr\u00f3ci\u0142, ale wychodzi si\u0119 z za\u0142o\u017cenia, \u017ce katolicki papie\u017c modli si\u0119 w katolickich intencjach takich jak: przezwyci\u0119\u017cenie herezji, rozszerzanie si\u0119 wiary, nawr\u00f3cenie grzesznik\u00f3w etc. Je\u017celiby si\u0119 jaki\u015b papie\u017c w tych intencjach nie modli\u0142 albo nie modli\u0142 si\u0119 wcale, co nie daj Bo\u017ce, to nie nasza ju\u017c sprawa, bo my\u015bmy z naszej strony warunk\u00f3w formalnych odpustu dope\u0142nili.<\/span><\/p>\n\n\n\n<script async src=\"https:\/\/pagead2.googlesyndication.com\/pagead\/js\/adsbygoogle.js?client=ca-pub-1329642704887632\"\r\n     crossorigin=\"anonymous\"><\/script>\r\n<ins class=\"adsbygoogle\"\r\n     style=\"display:block; text-align:center;\"\r\n     data-ad-layout=\"in-article\"\r\n     data-ad-format=\"fluid\"\r\n     data-ad-client=\"ca-pub-1329642704887632\"\r\n     data-ad-slot=\"8468107488\"><\/ins>\r\n<script>\r\n     (adsbygoogle = window.adsbygoogle || []).push({});\r\n<\/script>\n\n\n\n<h3 class=\"wp-block-heading\"><span style=\"font-family: verdana, geneva, sans-serif;\">Ad 6. Czynno\u015b\u0107 zwi\u0105zana z uzyskaniem odpustu (N. 23 \u00a7 1)<\/span><\/h3>\n\n\n\n<p class=\"has-text-align-justify wp-block-paragraph\"><span style=\"font-family: verdana, geneva, sans-serif;\">Spe\u0142niwszy warunki wst\u0119pne czyli (1) do (5) mo\u017cna przyst\u0105pi\u0107 do zasadniczej czynno\u015bci zwi\u0105zanej z odpustem. Niestety od czas\u00f3w konstytucji apostolskiej Paw\u0142a VI z roku 1967 r. <em>Indulgentiarum doctrina <\/em>mn\u00f3stwo dotychczasowych czynno\u015bci zwi\u0105zanych z uzyskaniem odpust\u00f3w i samych odpust\u00f3w zosta\u0142o zniesionych. W historii Ko\u015bcio\u0142a odpust zupe\u0142ny, po spe\u0142nieniu warunk\u00f3w wst\u0119pnych, uzyska\u0107 mo\u017cna by\u0142o np. za:<\/span><\/p>\n\n\n\n<ol class=\"wp-block-list\">\n<li><span style=\"font-family: verdana, geneva, sans-serif;\">Udzia\u0142 w wyprawie krzy\u017cowej,<\/span><\/li>\n\n\n\n<li><span style=\"font-family: verdana, geneva, sans-serif;\">Pielgrzymk\u0119,<\/span><\/li>\n\n\n\n<li><span style=\"font-family: verdana, geneva, sans-serif;\">Nawiedzenie miejsc \u015bwi\u0119tych, np. pewnych sanktuari\u00f3w lub ko\u015bcio\u0142\u00f3w (cz\u0119\u015bciowo jest tak do dzi\u015b),<\/span><\/li>\n\n\n\n<li><span style=\"font-family: verdana, geneva, sans-serif;\">Za inne czynno\u015bci.<\/span><\/li>\n<\/ol>\n\n\n\n<p class=\"wp-block-paragraph\"><\/p>\n\n\n\n<p class=\"has-text-align-justify wp-block-paragraph\"><span style=\"font-family: verdana, geneva, sans-serif;\">Poniewa\u017c na razie niczego wi\u0119cej na temat historii odpust\u00f3w nie wiemy, wi\u0119c wi\u0119cej przyk\u0142ad\u00f3w w tym miejscu, jak by\u0142o przedtem, a jak jest teraz, nie podamy. Z pewno\u015bci\u0105 praktyk\u0119 pozyskiwania odpust\u00f3w bardzo zaostrzy\u0142 Sob\u00f3r Trydencki, ze wzgl\u0119du na wcze\u015bniejsze nadu\u017cycia. Ale na ile takowe rzeczywi\u015bcie wyst\u0119powa\u0142y, a co by\u0142o propagand\u0105 protestanck\u0105, to nale\u017ca\u0142oby zbada\u0107. Fakt jednak faktem, \u017ce po Soborze Watyka\u0144skim II ma\u0142o co z dzie\u0142 zwi\u0105zanych z odpustami zosta\u0142o i g\u0142\u00f3wn\u0105 \u201eczynno\u015bci\u0105 odpustow\u0105\u201d jest modlitwa. Osoby zainteresowana szczeg\u00f3\u0142ami odsy\u0142amy na \u0142aci\u0144skiego spisu obowi\u0105zuj\u0105cych dzi\u015b odpust\u00f3w<a name=\"_ftnref10\" href=\"#_ftn10\">[10]<\/a> lub zalecamy zakup ksi\u0105\u017cki po polsku z ich zestawieniem.<a name=\"_ftnref11\" href=\"#_ftn11\">[11]<\/a><\/span><\/p>\n\n\n\n<p class=\"has-text-align-justify wp-block-paragraph\"><span style=\"font-family: verdana, geneva, sans-serif;\">Ale dlaczego w og\u00f3le wymagana jest jaka\u015b czynno\u015b\u0107, skoro ja jestem w stanie \u0142aski i dope\u0142ni\u0142em wszystkich wymog\u00f3w pozyskania odpustu? Poniewa\u017c ja odpustu nie \u201egeneruj\u0119 sam\u201d, ale korzystam ze skarbca Ko\u015bcio\u0142a (<em>thesaurus Ecclesiae<\/em>), kt\u00f3ry sk\u0142ada si\u0119 z zas\u0142ug zado\u015b\u0107czyni\u0105cych Chrystusa, NMP i wszystkich \u015bwi\u0119tych (<em>thesaurus satisfactionum Christi et Sanctorum<\/em>). Zatem, m\u00f3wi\u0105c potocznie, oni na to pracuj\u0105, a tak\u017ce ja ka\u017cde swoje cierpienie lub u\u015bwi\u0119cenie mog\u0119 do tego skarbca dok\u0142ada\u0107, aby zado\u015b\u0107uczyni\u0107 grzechom \u015bwiata i &#8220;generowa\u0107&#8221; \u015bwi\u0119to\u015b\u0107, z kt\u00f3rej mog\u0105 wszyscy skorzysta\u0107. Ten skarbiec jest niewyczerpalny i dlatego s\u0105 odpusty i to odpusty zupe\u0142ne. Jest to niewyczerpane konto, powi\u0119kszane przez zas\u0142ugi cz\u0142onk\u00f3w ziemskiego i niebia\u0144skiego Ko\u015bcio\u0142a, z kt\u00f3rego mo\u017cna \u201epod\u017cyrowa\u0107\u201d duszom w czy\u015b\u0107cu cierpi\u0105cym i sobie za \u017cycia te\u017c, gdy\u017c mo\u017cna ze\u0144 czerpa\u0107 tak\u017ce odpusty zupe\u0142ne i cz\u0105stkowe we w\u0142asnej intencji. <\/span><\/p>\n\n\n\n<script async src=\"https:\/\/pagead2.googlesyndication.com\/pagead\/js\/adsbygoogle.js?client=ca-pub-1329642704887632\"\r\n     crossorigin=\"anonymous\"><\/script>\r\n<ins class=\"adsbygoogle\"\r\n     style=\"display:block; text-align:center;\"\r\n     data-ad-layout=\"in-article\"\r\n     data-ad-format=\"fluid\"\r\n     data-ad-client=\"ca-pub-1329642704887632\"\r\n     data-ad-slot=\"8468107488\"><\/ins>\r\n<script>\r\n     (adsbygoogle = window.adsbygoogle || []).push({});\r\n<\/script>\n\n\n\n<p class=\"has-text-align-justify wp-block-paragraph\"><span style=\"font-family: verdana, geneva, sans-serif;\">I dlatego niekt\u00f3rzy \u015bwi\u0119ci mieli tak ci\u0119\u017ckie \u017cycie, bo generowali zas\u0142ugi do skarbca Ko\u015bcio\u0142a, a nie tylko samym sobie niejako &#8220;lepsze miejsce w niebie&#8221;. A kto ma klucze do tego skarbca? Papie\u017c, kanonicznie wybrany, oczywi\u015bcie. I dlatego papie\u017c mo\u017ce znosi\u0107 odpusty i ustanawia\u0107 nowe, na po\u017cytek \u017cyj\u0105cych wiernych i dusz w czy\u015b\u0107cu cierpi\u0105cych. I w\u0142a\u015bnie t\u0119 prawd\u0119 zakwestionowa\u0142 w przeddzie\u0144 dnia Wszystkich \u015awi\u0119tych Luter, kt\u00f3rego argumentacj\u0119 i jej odparcie w tej chwili pominiemy. Istnieje zatem olbrzymie konto, kt\u00f3re nigdy si\u0119 nie wyczerpie, bo zas\u0142ugi Chrystusa s\u0105 niesko\u0144czone, zas\u0142ugi \u015bwi\u0119tych wielkie, a codziennie, dzi\u0119ki ofiarnym duszom, co\u015b do tego skarbca przybywa. My tak\u017ce od czasu do czasu mo\u017cemy ofiarowa\u0107 co\u015b do skarbca Ko\u015bcio\u0142a (<em>thesaurus Ecclesiae<\/em>), co jest dobr\u0105 i bezinteresown\u0105 praktyk\u0105, gdy\u017c pozostawiamy Panu Bogu mo\u017cliwo\u015b\u0107 dysponowania naszymi zas\u0142ugami, w tym i cierpieniem.<\/span><\/p>\n\n\n\n<h4 class=\"wp-block-heading\"><span style=\"font-family: verdana, geneva, sans-serif;\">&nbsp;&nbsp;&nbsp;&nbsp;&nbsp;&nbsp;&nbsp;&nbsp;&nbsp;&nbsp;&nbsp; Ad 6.a) Odpust zupe\u0142ny za zmar\u0142ych w dniach 1 do 8 listopada (Ind. 29 \u00a7 1.1)<\/span><\/h4>\n\n\n\n<p class=\"has-text-align-justify wp-block-paragraph\"><span style=\"font-family: verdana, geneva, sans-serif;\">W dniach od 1 do 8 listopada czynno\u015bci\u0105 zwi\u0105zan\u0105 z odpustem cz\u0105stkowym lub zupe\u0142nym za zmar\u0142ych jest nawiedzenie cmentarza. Natomiast w dniu 2 listopada, to jest w Dzie\u0144 Zaduszny, kt\u00f3ry rozpoczyna si\u0119 1 listopada wieczorem, a ko\u0144czy dnia 2 listopada o p\u00f3\u0142nocy (N. 17), wystarczy nawiedzenie ko\u015bcio\u0142a lub kaplicy. I dlatego w og\u0142oszeniach parafialnych us\u0142ysze\u0107 mo\u017cna:<\/span><\/p>\n\n\n\n<blockquote class=\"wp-block-quote is-layout-flow wp-block-quote-is-layout-flow\">\n<p class=\"wp-block-paragraph\"><span style=\"font-family: verdana, geneva, sans-serif;\">\u201eOd dzi\u015b [1 listopada] godz. 12 do jutra godz. 24 we wszystkich ko\u015bcio\u0142ach oraz kaplicach ci, kt\u00f3rzy prawnie z nich korzystaj\u0105, mog\u0105 uzyska\u0107 odpust zupe\u0142ny, kt\u00f3ry wolno ofiarowa\u0107 tylko w jednym z ww. termin\u00f3w, tylko raz i tylko za jednego zmar\u0142ego, je\u017celi pobo\u017cnie nawiedz\u0105 ww. dom Bo\u017cy i r\u00f3wnocze\u015bnie zm\u00f3wi\u0105<strong>: Ojcze nasz i Wierz\u0119 w Boga<\/strong>. Ka\u017cdego dnia od 1 do 8 listopada mo\u017cna dost\u0105pi\u0107 odpustu zupe\u0142nego dla zmar\u0142ych za nawiedzenie cmentarza grzebalnego i r\u00f3wnocze\u015bnie zm\u00f3wienie cho\u0107by my\u015blnej modlitwy w intencji zmar\u0142ych\u201d.<a href=\"#_ftn12\" name=\"_ftnref12\">[12]<\/a><\/span><\/p>\n<\/blockquote>\n\n\n\n<p class=\"wp-block-paragraph\"><span style=\"font-family: verdana, geneva, sans-serif;\">Zatem:<\/span><\/p>\n\n\n\n<ul class=\"wp-block-list\">\n<li><span style=\"font-family: verdana, geneva, sans-serif;\">Dnia 2 listopada, wzgl\u0119dnie 1 listopada od 12.00 do 2 listopada do godziny 24.00 wystarczy nawiedzi\u0107 kaplic\u0119 i ko\u015bci\u00f3\u0142 i spe\u0142niwszy warunki (1) do (5) odm\u00f3wi\u0107:<\/span>\n<ul class=\"wp-block-list\">\n<li><span style=\"font-family: verdana, geneva, sans-serif;\"><em>Ojcze Nasz<\/em> i <em>Wierz\u0119 w Boga<\/em> na g\u0142os, aby zyska\u0107 odpust zupe\u0142ny za jedn\u0105 dusz\u0119 zmar\u0142\u0105.<\/span><\/li>\n<\/ul>\n<\/li>\n\n\n\n<li><span style=\"font-family: verdana, geneva, sans-serif;\">W dniach od 1 listopada do 8 listopada w celu dost\u0105pienia odpustu zupe\u0142nego, spe\u0142niwszy warunki (1) do (5) nale\u017cy:<\/span>\n<ul class=\"wp-block-list\">\n<li><span style=\"font-family: verdana, geneva, sans-serif;\">Nawiedzi\u0107 cmentarz z poch\u00f3wkiem ziemnym i zm\u00f3wi\u0107 cho\u0107by my\u015bln\u0105, je\u017celi modli si\u0119 kto\u015b inny, a lepiej na samemu g\u0142os, jedn\u0105 modlitw\u0119 w intencji jednej duszy zmar\u0142ej.<\/span><\/li>\n<\/ul>\n<\/li>\n<\/ul>\n\n\n\n<p class=\"wp-block-paragraph\"><\/p>\n\n\n\n<script async src=\"https:\/\/pagead2.googlesyndication.com\/pagead\/js\/adsbygoogle.js?client=ca-pub-1329642704887632\"\r\n     crossorigin=\"anonymous\"><\/script>\r\n<ins class=\"adsbygoogle\"\r\n     style=\"display:block; text-align:center;\"\r\n     data-ad-layout=\"in-article\"\r\n     data-ad-format=\"fluid\"\r\n     data-ad-client=\"ca-pub-1329642704887632\"\r\n     data-ad-slot=\"8468107488\"><\/ins>\r\n<script>\r\n     (adsbygoogle = window.adsbygoogle || []).push({});\r\n<\/script>\n\n\n\n<p class=\"wp-block-paragraph\"><span style=\"font-family: verdana, geneva, sans-serif;\">Uwaga og\u00f3lna:<\/span><\/p>\n\n\n\n<p class=\"has-text-align-justify wp-block-paragraph\"><span style=\"font-family: verdana, geneva, sans-serif;\">Jedna spowied\u017a sakramentalna (najlepiej jedna na tydzie\u0144) wystarcza dla pozyskania kilku odpust\u00f3w zupe\u0142nych w ci\u0105gu jednego tygodnia, jednak\u017ce, po ostatnim Soborze, obowi\u0105zuje zasada: \u201ejeden odpust zupe\u0142ny jednego dnia\u201d (N. 21 \u00a7 1) a \u201ekilka odpust\u00f3w cz\u0105stkowych jednego dnia\u201d (N. 21 \u00a7 3). Zatem nie nale\u017cy ka\u017cdorazowo przed pozyskaniem jednego odpustu zupe\u0142nego si\u0119 spowiada\u0107, jedna spowied\u017a, naszym i przedsoborowym zdaniem raz na tydzie\u0144, starcza na siedem odpust\u00f3w zupe\u0142nych.<\/span><\/p>\n\n\n\n<p class=\"wp-block-paragraph\"><span style=\"font-family: verdana, geneva, sans-serif;\">Jednak\u017ce dla pozyskania jednego odpustu zupe\u0142nego konieczna jest:<\/span><\/p>\n\n\n\n<ol class=\"wp-block-list\">\n<li><span style=\"font-family: verdana, geneva, sans-serif;\">Jedna komunia,<\/span><\/li>\n\n\n\n<li><span style=\"font-family: verdana, geneva, sans-serif;\">Jedna modlitwa w intencji Ojca \u015awi\u0119tego,<\/span><\/li>\n\n\n\n<li><span style=\"font-family: verdana, geneva, sans-serif;\">Jedna czynno\u015b\u0107 zwi\u0105zana z odpustem.<\/span><\/li>\n<\/ol>\n\n\n\n<p class=\"wp-block-paragraph\"><\/p>\n\n\n\n<script async src=\"https:\/\/pagead2.googlesyndication.com\/pagead\/js\/adsbygoogle.js?client=ca-pub-1329642704887632\"\r\n     crossorigin=\"anonymous\"><\/script>\r\n<ins class=\"adsbygoogle\"\r\n     style=\"display:block; text-align:center;\"\r\n     data-ad-layout=\"in-article\"\r\n     data-ad-format=\"fluid\"\r\n     data-ad-client=\"ca-pub-1329642704887632\"\r\n     data-ad-slot=\"8468107488\"><\/ins>\r\n<script>\r\n     (adsbygoogle = window.adsbygoogle || []).push({});\r\n<\/script>\n\n\n\n<p class=\"wp-block-paragraph\"><span style=\"font-family: verdana, geneva, sans-serif;\">Praktycznie uzyskanie odpustu zupe\u0142nego za zmar\u0142ych wygl\u0105da nast\u0119puj\u0105co:<\/span><\/p>\n\n\n\n<ol class=\"wp-block-list\">\n<li><span style=\"font-family: verdana, geneva, sans-serif;\">Id\u0119 do spowiedzi maj\u0105c intencj\u0119 pozyskania odpustu zupe\u0142nego.<\/span><\/li>\n\n\n\n<li><span style=\"font-family: verdana, geneva, sans-serif;\">Nie jestem przywi\u0105zany do \u017cadnego grzechu nawet powszedniego.<\/span><\/li>\n\n\n\n<li><span style=\"font-family: verdana, geneva, sans-serif;\">Id\u0119 do komunii tego samego dnia, co czynno\u015b\u0107<\/span><\/li>\n\n\n\n<li><span style=\"font-family: verdana, geneva, sans-serif;\">Modl\u0119 si\u0119 w intencji Ojca \u015awi\u0119tego tego samego dnia, co czynno\u015b\u0107.<\/span><\/li>\n\n\n\n<li><span style=\"font-family: verdana, geneva, sans-serif;\">Id\u0119 na cmentarz, gdzie odmawiam modlitw\u0119 w intencji jednej osoby zmar\u0142ej tego samego dnia co (3) i (4).<\/span><\/li>\n\n\n\n<li><span style=\"font-family: verdana, geneva, sans-serif;\">Od 12. 00 dnia 1 listopada do 24.00 dnia 2 listopada nie musz\u0119 i\u015b\u0107 na cmentarz, lecz mog\u0119 nawiedzi\u0107 kaplic\u0119 lub ko\u015bci\u00f3\u0142 i odm\u00f3wi\u0107 tam Ojcze Nasz i Wierz\u0119 w intencji jednej osoby zmar\u0142ej.<\/span><\/li>\n<\/ol>\n\n\n\n<p class=\"has-text-align-justify wp-block-paragraph\"><span style=\"font-family: verdana, geneva, sans-serif;\">Punkty (3) do (5) musz\u0105 by\u0107 wykonywane jednorazowo dla jednego odpustu zupe\u0142nego. Znaczy to, \u017ce w przypadku nawiedzenia cmentarza w dniach 1 do 8&nbsp; listopada 2015 roku:<\/span><\/p>\n\n\n\n<ul class=\"wp-block-list\">\n<li><span style=\"font-family: verdana, geneva, sans-serif;\">We wtorek 1 listopada 2016 spowied\u017a, komunia, modlitwa w intencji papie\u017ca i nawiedzenie cmentarza wraz z modlitw\u0105 za np. babci\u0119 (jeden odpust zupe\u0142ny zrealizowany)<\/span><\/li>\n\n\n\n<li><span style=\"font-family: verdana, geneva, sans-serif;\">W \u015brod\u0119 komunia, modlitwa w intencji papie\u017ca i nawiedzenie cmentarza wraz z modlitw\u0105 za np. dziadka (drugi odpust zupe\u0142ny zrealizowany),<\/span><\/li>\n\n\n\n<li><span style=\"font-family: verdana, geneva, sans-serif;\">W czwartek komunia, modlitwa w intencji papie\u017ca i nawiedzenie cmentarza wraz z modlitw\u0105 za np. wujka etc (trzeci odpust zupe\u0142ny zrealizowany)<\/span><\/li>\n\n\n\n<li><span style=\"font-family: verdana, geneva, sans-serif;\">Etc, tak do wtorku 8 listopada 2016, gdzie warto wyspowiada\u0107 si\u0119 znowu i wyzna\u0107 np., ze si\u0119 cz\u0142owiek tym ci\u0105g\u0142ym chodzeniem na cmentarz irytowa\u0142 &#8230; lub oczywi\u015bcie inne grzechy.<\/span><\/li>\n<\/ul>\n\n\n\n<p class=\"wp-block-paragraph\"><\/p>\n\n\n\n<script async src=\"https:\/\/pagead2.googlesyndication.com\/pagead\/js\/adsbygoogle.js?client=ca-pub-1329642704887632\"\r\n     crossorigin=\"anonymous\"><\/script>\r\n<ins class=\"adsbygoogle\"\r\n     style=\"display:block; text-align:center;\"\r\n     data-ad-layout=\"in-article\"\r\n     data-ad-format=\"fluid\"\r\n     data-ad-client=\"ca-pub-1329642704887632\"\r\n     data-ad-slot=\"8468107488\"><\/ins>\r\n<script>\r\n     (adsbygoogle = window.adsbygoogle || []).push({});\r\n<\/script>\n\n\n\n<p class=\"has-text-align-justify wp-block-paragraph\"><span style=\"font-family: verdana, geneva, sans-serif;\">I tak dzia\u0142a\u0107 do 8 listopada, kiedy to ostatni raz za nawiedzenie cmentarza mo\u017cna uzyska\u0107 odpust zupe\u0142ny. Wszystko to na \u201emocy\u201d niejako jednej spowiedzi lub, jak rzekliby posoborowi teologowie, na mocy \u0142aski u\u015bwi\u0119caj\u0105cej i braku przywi\u0105zania do grzechu nawet lekkiego.<\/span><\/p>\n\n\n\n<p class=\"has-text-align-justify wp-block-paragraph\"><span style=\"font-family: verdana, geneva, sans-serif;\">Powstaje w tym kontek\u015bcie pytanie, czy nie mo\u017cna ofiarowa\u0107 jednego odpustu zupe\u0142nego za kilku zmar\u0142ych, \u017ceby \u201emie\u0107 spok\u00f3j\u201d i \u201etak ci\u0105gle na ten cmentarz nie lata\u0107\u201d? Nie, nie mo\u017cna. Skoro bowiem, odpust zupe\u0142ny jest darowaniem wszystkich kar doczesnych, to przecie\u017c jednego \u017cycia, a nie \u201ekilku \u017cy\u0107\u201d (za przeproszeniem, bo po \u015bl\u0105sku to znaczy co\u015b innego). Podobn\u0105 logik\u0105 kieruj\u0105 si\u0119 ustalenia Ko\u015bcio\u0142a przez nas ju\u017c cytowane:<\/span><\/p>\n\n\n\n<blockquote class=\"wp-block-quote is-layout-flow wp-block-quote-is-layout-flow\">\n<p class=\"wp-block-paragraph\"><span style=\"font-family: verdana, geneva, sans-serif;\">\u201e[wierni] mog\u0105 uzyska\u0107 odpust zupe\u0142ny, kt\u00f3ry wolno ofiarowa\u0107 tylko w jednym z ww. termin\u00f3w tylko raz i tylko za jednego zmar\u0142ego\u201d <a href=\"#_ftn13\" name=\"_ftnref13\">[13]<\/a><\/span><\/p>\n<\/blockquote>\n\n\n\n<p class=\"has-text-align-justify wp-block-paragraph\"><span style=\"font-family: verdana, geneva, sans-serif;\">Czy mo\u017cna przeznaczy\u0107 kilka odpust\u00f3w zupe\u0142nych za jednego zmar\u0142ego? Mo\u017cna, Pan B\u00f3g ju\u017c rozdysponuje, jak nale\u017cy. Ale do 8 listopada nale\u017cy w tym celu, pomijaj\u0105c inne warunki, nale\u017cy codziennie chodzi\u0107 na cmentarz. Je\u017celi postanowimy przez reszt\u0119 roku czyli od 9 listopada wzwy\u017c ca\u0142\u0105 nasz\u0105 rodzin\u0119 odpustami zupe\u0142nymi z czy\u015b\u0107ca wyci\u0105ga\u0107, to b\u0119dziemy musieli wykona\u0107 inn\u0105 czynno\u015b\u0107 zwi\u0105zan\u0105 z odpustem zupe\u0142nym. Czynno\u015bciami tymi na przyk\u0142ad s\u0105:<\/span><\/p>\n\n\n\n<ol class=\"wp-block-list\">\n<li><span style=\"font-family: verdana, geneva, sans-serif;\">Adoracja Naj\u015bwi\u0119tszego Sakramentu przez p\u00f3\u0142 godziny. (Ind. 7)<\/span><\/li>\n\n\n\n<li><span style=\"font-family: verdana, geneva, sans-serif;\">Odm\u00f3wienie cz\u0105stki R\u00f3\u017ca\u0144ca (czyli 5 dziesi\u0105tk\u00f3w) w ko\u015bciele, w publicznej&nbsp;kaplicy, w rodzinie, w spo\u0142eczno\u015bci zakonnej, w stowarzyszeniu publicznym. (Ind. 7)<\/span><\/li>\n\n\n\n<li><span style=\"font-family: verdana, geneva, sans-serif;\">Czytanie lub wys\u0142uchanie czytania Pisma \u015awi\u0119tego przez p\u00f3\u0142 godziny. (Ind. 7)<\/span><\/li>\n\n\n\n<li><span style=\"font-family: verdana, geneva, sans-serif;\">Pobo\u017cne odprawienie Drogi Krzy\u017cowej przy stacjach do tego przewidzianych (Ind. 7)<\/span><\/li>\n\n\n\n<li><span style=\"font-family: verdana, geneva, sans-serif;\">Inne czynno\u015bci zwi\u0105zane z pozyskaniem odpustu zupe\u0142nego.<\/span><\/li>\n<\/ol>\n\n\n\n<script async src=\"https:\/\/pagead2.googlesyndication.com\/pagead\/js\/adsbygoogle.js?client=ca-pub-1329642704887632\"\r\n     crossorigin=\"anonymous\"><\/script>\r\n<ins class=\"adsbygoogle\"\r\n     style=\"display:block; text-align:center;\"\r\n     data-ad-layout=\"in-article\"\r\n     data-ad-format=\"fluid\"\r\n     data-ad-client=\"ca-pub-1329642704887632\"\r\n     data-ad-slot=\"8468107488\"><\/ins>\r\n<script>\r\n     (adsbygoogle = window.adsbygoogle || []).push({});\r\n<\/script>\n\n\n\n<p class=\"wp-block-paragraph\"><span style=\"font-family: verdana, geneva, sans-serif;\">Reasumuj\u0105 w celu uzyskania odpustu zupe\u0142nego poza okresem 1 do 8 listopada nale\u017cy:<\/span><\/p>\n\n\n\n<ul class=\"wp-block-list\">\n<li><span style=\"font-family: verdana, geneva, sans-serif;\">Wzbudzi\u0107 intencj\u0119.<\/span><\/li>\n\n\n\n<li><span style=\"font-family: verdana, geneva, sans-serif;\">Wyspowiada\u0107 si\u0119.<\/span><\/li>\n\n\n\n<li><span style=\"font-family: verdana, geneva, sans-serif;\">Nie by\u0107 przywi\u0105zanym do grzechu.<\/span><\/li>\n\n\n\n<li><span style=\"font-family: verdana, geneva, sans-serif;\">Na msz\u0119, do komunii.<\/span><\/li>\n\n\n\n<li><span style=\"font-family: verdana, geneva, sans-serif;\">Modlitwa w intencji Ojca \u015awi\u0119tego.<\/span><\/li>\n\n\n\n<li><span style=\"font-family: verdana, geneva, sans-serif;\">Oraz ww. czynno\u015b\u0107 (1) do (5) i tak mo\u017cna codziennie, odpusty zupe\u0142ne dla siebie lub zmar\u0142ych zyskiwa\u0107.<\/span><\/li>\n<\/ul>\n\n\n\n<p class=\"wp-block-paragraph\"><\/p>\n\n\n\n<p class=\"has-text-align-justify wp-block-paragraph\"><span style=\"font-family: verdana, geneva, sans-serif;\">Z pewno\u015bci\u0105 kwesti\u0119 odpust\u00f3w jeszcze kiedy\u015b pog\u0142\u0119bimy, ale na razie musi starczy\u0107. Wpis wyszed\u0142 d\u0142u\u017cszy, ale sprawa wa\u017cna, a dusze czy\u015b\u0107cowe si\u0119 uciesz\u0105 i zrewan\u017cuj\u0105 jak wyjd\u0105 i do nieba przejd\u0105.<\/span><\/p>\n\n\n\n<p class=\"has-small-font-size wp-block-paragraph\" style=\"line-height:1.3\"><span style=\"font-family: verdana, geneva, sans-serif;\"><a href=\"#_ftnref1\" name=\"_ftn1\">[1]<\/a> <a href=\"http:\/\/www.vatican.va\/roman_curia\/tribunals\/apost_penit\/documents\/rc_trib_appen_doc_20020826_enchiridion-indulgentiarum_lt.html#top\" rel=\"nofollow\">http:\/\/www.vatican.va\/roman_curia\/tribunals\/apost_penit\/documents\/rc_trib_appen_doc_20020826_enchiridion-indulgentiarum_lt.html#top<\/a><\/span><\/p>\n\n\n\n<p class=\"has-small-font-size wp-block-paragraph\" style=\"line-height:1.3\"><span style=\"font-family: verdana, geneva, sans-serif;\"><a href=\"#_ftnref2\" name=\"_ftn2\">[2]<\/a> <a href=\"https:\/\/wobronietradycjiiwiary.wordpress.com\/2015\/05\/27\/odpusty-czastkowe-a-kary-czysccowe\/\" rel=\"nofollow\">https:\/\/wobronietradycjiiwiary.wordpress.com\/2015\/05\/27\/odpusty-czastkowe-a-kary-czysccowe\/<\/a><\/span><\/p>\n\n\n\n<p class=\"has-text-align-justify has-small-font-size wp-block-paragraph\" style=\"line-height:1.3\"><span style=\"font-family: verdana, geneva, sans-serif;\"><a href=\"#_ftnref3\" name=\"_ftn3\">[3]<\/a> Normy, warunki i ustalenia podajemy oraz za <em>Normae indulgentis<\/em> <a href=\"http:\/\/www.vatican.va\/roman_curia\/tribunals\/apost_penit\/documents\/rc_trib_appen_doc_20020826_enchiridion-indulgentiarum_lt.html#top\">http:\/\/www.vatican.va\/roman_curia\/tribunals\/apost_penit\/documents\/rc_trib_appen_doc_20020826_enchiridion-indulgentiarum_lt.html#top<\/a>. W j\u0119zyku niemieckim przeczyta\u0107 o nich mo\u017cna w Guillet, A. (wyd.), <em>Die Ablassgebete der katholischen Kirche<\/em>, Bern 1999, 14-21. Po polsku redakcja polecan\u0105 przez siebie ksi\u0105\u017ck\u0105 <em>Wykaz odpust\u00f3w<\/em> <a href=\"http:\/\/ksj.pl\/wykaz-odpustow.html\">http:\/\/ksj.pl\/wykaz-odpustow.html<\/a> nie dysponuje. Tak, tak szewc bez but\u00f3w chodzi.<\/span><\/p>\n\n\n\n<p class=\"has-small-font-size wp-block-paragraph\" style=\"line-height:1.3\"><span style=\"font-family: verdana, geneva, sans-serif;\"><a href=\"#_ftnref4\" name=\"_ftn4\">[4]<\/a> <a href=\"https:\/\/wobronietradycjiiwiary.wordpress.com\/2015\/05\/27\/odpusty-czastkowe-a-kary-czysccowe\/\" rel=\"nofollow\">https:\/\/wobronietradycjiiwiary.wordpress.com\/2015\/05\/27\/odpusty-czastkowe-a-kary-czysccowe\/<\/a><\/span><\/p>\n\n\n\n<p class=\"has-small-font-size wp-block-paragraph\" style=\"line-height:1.3\"><span style=\"font-family: verdana, geneva, sans-serif;\"><a href=\"#_ftnref5\" name=\"_ftn5\">[5]<\/a> <a href=\"https:\/\/wobronietradycjiiwiary.wordpress.com\/2015\/09\/15\/godziwosc-liceitas-sakramentow-4-warunki-godziwego-udzielania-sakramentow\/\" rel=\"nofollow\">https:\/\/wobronietradycjiiwiary.wordpress.com\/2015\/09\/15\/godziwosc-liceitas-sakramentow-4-warunki-godziwego-udzielania-sakramentow\/<\/a><\/span><\/p>\n\n\n\n<p class=\"has-small-font-size wp-block-paragraph\" style=\"line-height:1.3\"><span style=\"font-family: verdana, geneva, sans-serif;\"><a href=\"#_ftnref6\" name=\"_ftn6\">[6]<\/a> M\u00fcller, Ernest, <em>Theologia moralis<\/em>,&nbsp; Vol. III, Wien 1896, 425, 426.<\/span><\/p>\n\n\n\n<p class=\"has-small-font-size wp-block-paragraph\" style=\"line-height:1.3\"><span style=\"font-family: verdana, geneva, sans-serif;\"><a href=\"#_ftnref7\" name=\"_ftn7\">[7]<\/a> Tam\u017ce, 426.<\/span><\/p>\n\n\n\n<p class=\"has-small-font-size wp-block-paragraph\" style=\"line-height:1.3\"><span style=\"font-family: verdana, geneva, sans-serif;\"><a href=\"#_ftnref8\" name=\"_ftn8\">[8]<\/a> <a href=\"http:\/\/www.rozaniec.eu\/index.php?m=SimpleSites&#038;a=ShowSimpleSite&#038;ss_id=4\" rel=\"nofollow\">http:\/\/www.rozaniec.eu\/index.php?m=SimpleSites&#038;a=ShowSimpleSite&#038;ss_id=4<\/a><\/span><\/p>\n\n\n\n<p class=\"has-small-font-size wp-block-paragraph\" style=\"line-height:1.3\"><span style=\"font-family: verdana, geneva, sans-serif;\"><a href=\"#_ftnref9\" name=\"_ftn9\">[9]<\/a> <a href=\"http:\/\/parafia-siennica.pl\/index.php?pokaz=a_archiwum\/odpust\/odpust07\" rel=\"nofollow\">http:\/\/parafia-siennica.pl\/index.php?pokaz=a_archiwum\/odpust\/odpust07<\/a><\/span><\/p>\n\n\n\n<p class=\"has-small-font-size wp-block-paragraph\" style=\"line-height:1.3\"><span style=\"font-family: verdana, geneva, sans-serif;\"><a href=\"#_ftnref10\" name=\"_ftn10\">[10]<\/a> <a href=\"http:\/\/www.vatican.va\/roman_curia\/tribunals\/apost_penit\/documents\/rc_trib_appen_doc_20020826_enchiridion-indulgentiarum_lt.html\" rel=\"nofollow\">http:\/\/www.vatican.va\/roman_curia\/tribunals\/apost_penit\/documents\/rc_trib_appen_doc_20020826_enchiridion-indulgentiarum_lt.html<\/a><\/span><\/p>\n\n\n\n<p class=\"has-small-font-size wp-block-paragraph\" style=\"line-height:1.3\"><span style=\"font-family: verdana, geneva, sans-serif;\"><a href=\"#_ftnref11\" name=\"_ftn11\">[11]<\/a> <a href=\"http:\/\/ksj.pl\/wykaz-odpustow.html\" rel=\"nofollow\">http:\/\/ksj.pl\/wykaz-odpustow.html<\/a><\/span><\/p>\n\n\n\n<p class=\"has-small-font-size wp-block-paragraph\" style=\"line-height:1.3\"><span style=\"font-family: verdana, geneva, sans-serif;\"><a href=\"#_ftnref12\" name=\"_ftn12\">[12]<\/a> <a href=\"http:\/\/www.katolik.pl\/odpusty-dla-zmarlych&#038;#8211\" rel=\"nofollow\">http:\/\/www.katolik.pl\/odpusty-dla-zmarlych&#038;#8211<\/a>;,22481,416,cz.html<\/span><\/p>\n\n\n\n<p class=\"has-small-font-size wp-block-paragraph\" style=\"line-height:1.3\"><span style=\"font-family: verdana, geneva, sans-serif;\"><a href=\"#_ftnref13\" name=\"_ftn13\">[13]<\/a> <a href=\"http:\/\/www.katolik.pl\/odpusty-dla-zmarlych&#038;#8211\" rel=\"nofollow\">http:\/\/www.katolik.pl\/odpusty-dla-zmarlych&#038;#8211<\/a>;,22481,416,cz.html<\/span><\/p>\n\n\n\n\n","protected":false},"excerpt":{"rendered":"<p>Kr\u00f3tki wyk\u0142ad teologiczny na temat istoty odpust\u00f3w oraz mo\u017cliwo\u015bci ich pozyskiwania.<\/p>","protected":false},"author":60508433,"featured_media":7633,"comment_status":"open","ping_status":"closed","sticky":false,"template":"","format":"standard","meta":{"_bbp_topic_count":0,"_bbp_reply_count":0,"_bbp_total_topic_count":0,"_bbp_total_reply_count":0,"_bbp_voice_count":0,"_bbp_anonymous_reply_count":0,"_bbp_topic_count_hidden":0,"_bbp_reply_count_hidden":0,"_bbp_forum_subforum_count":0,"_editorskit_title_hidden":false,"_editorskit_reading_time":13,"_editorskit_is_block_options_detached":false,"_editorskit_block_options_position":"{}","_coblocks_attr":"","_coblocks_dimensions":"","_coblocks_responsive_height":"","_coblocks_accordion_ie_support":"","_exactmetrics_skip_tracking":false,"_jetpack_newsletter_access":"","_jetpack_dont_email_post_to_subs":false,"_jetpack_newsletter_tier_id":0,"_jetpack_memberships_contains_paywalled_content":false,"_wpcom_ai_launchpad_first_post":false,"_jetpack_feature_clip_id":0,"_jetpack_memberships_contains_paid_content":false,"footnotes":"","jetpack_publicize_message":"{title}\n\n{excerpt}\n\n{url}","jetpack_publicize_feature_enabled":true,"jetpack_social_post_already_shared":true,"jetpack_social_options":{"image_generator_settings":{"template":"highway","default_image_id":0,"font":"","enabled":false},"version":2},"_wpas_customize_per_network":false,"jetpack_post_was_ever_published":false},"categories":[610131294,610131185,416828696],"tags":[],"class_list":["post-106663","post","type-post","status-publish","format-standard","has-post-thumbnail","hentry","category-czysciec","category-doktryna","category-odpusty-sakramenty"],"yoast_head":"<!-- This site is optimized with the Yoast SEO plugin v28.4 - https:\/\/yoast.com\/product\/yoast-seo-wordpress\/ -->\n<title>O odpustach konkretnie - Tradycja i Wiara<\/title>\n<meta name=\"description\" content=\"O odpustach konkretnie zasady odpust\u00f3w czy\u015bciec listopad katolicyzm cmentarz komunia stan \u0142aski modlitwa\" \/>\n<meta name=\"robots\" content=\"index, follow, max-snippet:-1, max-image-preview:large, max-video-preview:-1\" \/>\n<link rel=\"canonical\" href=\"https:\/\/wobronietradycjiiwiary.com\/en\/o-odpustach-konkretnie\/\" \/>\n<meta property=\"og:locale\" content=\"en_US\" \/>\n<meta property=\"og:type\" content=\"article\" \/>\n<meta property=\"og:title\" content=\"O odpustach konkretnie - Tradycja i Wiara\" \/>\n<meta property=\"og:description\" content=\"O odpustach konkretnie zasady odpust\u00f3w czy\u015bciec listopad katolicyzm cmentarz komunia stan \u0142aski modlitwa\" \/>\n<meta property=\"og:url\" content=\"https:\/\/wobronietradycjiiwiary.com\/en\/o-odpustach-konkretnie\/\" \/>\n<meta property=\"og:site_name\" content=\"Tradycja i Wiara\" \/>\n<meta property=\"article:publisher\" content=\"https:\/\/www.facebook.com\/Tradycja-i-Wiara-108813920592249\" \/>\n<meta property=\"article:published_time\" content=\"2023-11-02T07:58:09+00:00\" \/>\n<meta property=\"article:modified_time\" content=\"2025-11-04T17:20:16+00:00\" \/>\n<meta property=\"og:image\" content=\"https:\/\/wobronietradycjiiwiary.com\/wp-content\/uploads\/2015\/11\/2980184510.jpg\" \/>\n\t<meta property=\"og:image:width\" content=\"298\" \/>\n\t<meta property=\"og:image:height\" content=\"425\" \/>\n\t<meta property=\"og:image:type\" content=\"image\/jpeg\" \/>\n<meta name=\"author\" content=\"Traditio et Fides\" \/>\n<meta name=\"twitter:card\" content=\"summary_large_image\" \/>\n<meta name=\"twitter:label1\" content=\"Written by\" \/>\n\t<meta name=\"twitter:data1\" content=\"Traditio et Fides\" \/>\n\t<meta name=\"twitter:label2\" content=\"Est. reading time\" \/>\n\t<meta name=\"twitter:data2\" content=\"20 minutes\" \/>\n<script type=\"application\/ld+json\" class=\"yoast-schema-graph\">{\"@context\":\"https:\\\/\\\/schema.org\",\"@graph\":[{\"@type\":\"Article\",\"@id\":\"https:\\\/\\\/wobronietradycjiiwiary.com\\\/o-odpustach-konkretnie\\\/#article\",\"isPartOf\":{\"@id\":\"https:\\\/\\\/wobronietradycjiiwiary.com\\\/o-odpustach-konkretnie\\\/\"},\"author\":{\"name\":\"Traditio et Fides\",\"@id\":\"https:\\\/\\\/wobronietradycjiiwiary.com\\\/pl\\\/#\\\/schema\\\/person\\\/2d6180ce6abcb681fef0daab7816e8f3\"},\"headline\":\"O odpustach konkretnie\",\"datePublished\":\"2023-11-02T07:58:09+00:00\",\"dateModified\":\"2025-11-04T17:20:16+00:00\",\"mainEntityOfPage\":{\"@id\":\"https:\\\/\\\/wobronietradycjiiwiary.com\\\/o-odpustach-konkretnie\\\/\"},\"wordCount\":4277,\"commentCount\":0,\"publisher\":{\"@id\":\"https:\\\/\\\/wobronietradycjiiwiary.com\\\/pl\\\/#organization\"},\"image\":{\"@id\":\"https:\\\/\\\/wobronietradycjiiwiary.com\\\/o-odpustach-konkretnie\\\/#primaryimage\"},\"thumbnailUrl\":\"https:\\\/\\\/wobronietradycjiiwiary.com\\\/wp-content\\\/uploads\\\/2015\\\/11\\\/2980184510.jpg\",\"articleSection\":[\"Czy\u015bciec\",\"Doktryna\",\"Odpusty\"],\"inLanguage\":\"en-US\",\"potentialAction\":[{\"@type\":\"CommentAction\",\"name\":\"Comment\",\"target\":[\"https:\\\/\\\/wobronietradycjiiwiary.com\\\/o-odpustach-konkretnie\\\/#respond\"]}]},{\"@type\":\"WebPage\",\"@id\":\"https:\\\/\\\/wobronietradycjiiwiary.com\\\/o-odpustach-konkretnie\\\/\",\"url\":\"https:\\\/\\\/wobronietradycjiiwiary.com\\\/o-odpustach-konkretnie\\\/\",\"name\":\"O odpustach konkretnie - Tradycja i Wiara\",\"isPartOf\":{\"@id\":\"https:\\\/\\\/wobronietradycjiiwiary.com\\\/pl\\\/#website\"},\"primaryImageOfPage\":{\"@id\":\"https:\\\/\\\/wobronietradycjiiwiary.com\\\/o-odpustach-konkretnie\\\/#primaryimage\"},\"image\":{\"@id\":\"https:\\\/\\\/wobronietradycjiiwiary.com\\\/o-odpustach-konkretnie\\\/#primaryimage\"},\"thumbnailUrl\":\"https:\\\/\\\/wobronietradycjiiwiary.com\\\/wp-content\\\/uploads\\\/2015\\\/11\\\/2980184510.jpg\",\"datePublished\":\"2023-11-02T07:58:09+00:00\",\"dateModified\":\"2025-11-04T17:20:16+00:00\",\"description\":\"O odpustach konkretnie zasady odpust\u00f3w czy\u015bciec listopad katolicyzm cmentarz komunia stan \u0142aski modlitwa\",\"breadcrumb\":{\"@id\":\"https:\\\/\\\/wobronietradycjiiwiary.com\\\/o-odpustach-konkretnie\\\/#breadcrumb\"},\"inLanguage\":\"en-US\",\"potentialAction\":[{\"@type\":\"ReadAction\",\"target\":[\"https:\\\/\\\/wobronietradycjiiwiary.com\\\/o-odpustach-konkretnie\\\/\"]}]},{\"@type\":\"ImageObject\",\"inLanguage\":\"en-US\",\"@id\":\"https:\\\/\\\/wobronietradycjiiwiary.com\\\/o-odpustach-konkretnie\\\/#primaryimage\",\"url\":\"https:\\\/\\\/wobronietradycjiiwiary.com\\\/wp-content\\\/uploads\\\/2015\\\/11\\\/2980184510.jpg\",\"contentUrl\":\"https:\\\/\\\/wobronietradycjiiwiary.com\\\/wp-content\\\/uploads\\\/2015\\\/11\\\/2980184510.jpg\",\"width\":298,\"height\":425},{\"@type\":\"BreadcrumbList\",\"@id\":\"https:\\\/\\\/wobronietradycjiiwiary.com\\\/o-odpustach-konkretnie\\\/#breadcrumb\",\"itemListElement\":[{\"@type\":\"ListItem\",\"position\":1,\"name\":\"Strona g\u0142\u00f3wna\",\"item\":\"https:\\\/\\\/wobronietradycjiiwiary.com\\\/\"},{\"@type\":\"ListItem\",\"position\":2,\"name\":\"O odpustach konkretnie\"}]},{\"@type\":\"WebSite\",\"@id\":\"https:\\\/\\\/wobronietradycjiiwiary.com\\\/pl\\\/#website\",\"url\":\"https:\\\/\\\/wobronietradycjiiwiary.com\\\/pl\\\/\",\"name\":\"Tradycja i Wiara\",\"description\":\"Portal dla katolik\u00f3w.\",\"publisher\":{\"@id\":\"https:\\\/\\\/wobronietradycjiiwiary.com\\\/pl\\\/#organization\"},\"potentialAction\":[{\"@type\":\"SearchAction\",\"target\":{\"@type\":\"EntryPoint\",\"urlTemplate\":\"https:\\\/\\\/wobronietradycjiiwiary.com\\\/pl\\\/?s={search_term_string}\"},\"query-input\":{\"@type\":\"PropertyValueSpecification\",\"valueRequired\":true,\"valueName\":\"search_term_string\"}}],\"inLanguage\":\"en-US\"},{\"@type\":\"Organization\",\"@id\":\"https:\\\/\\\/wobronietradycjiiwiary.com\\\/pl\\\/#organization\",\"name\":\"Tradycja i Wiara\",\"url\":\"https:\\\/\\\/wobronietradycjiiwiary.com\\\/pl\\\/\",\"logo\":{\"@type\":\"ImageObject\",\"inLanguage\":\"en-US\",\"@id\":\"https:\\\/\\\/wobronietradycjiiwiary.com\\\/pl\\\/#\\\/schema\\\/logo\\\/image\\\/\",\"url\":\"https:\\\/\\\/i0.wp.com\\\/wobronietradycjiiwiary.com\\\/wp-content\\\/uploads\\\/2015\\\/10\\\/cropped-st-peters-dome-vatican.jpg?fit=940%2C198&ssl=1\",\"contentUrl\":\"https:\\\/\\\/i0.wp.com\\\/wobronietradycjiiwiary.com\\\/wp-content\\\/uploads\\\/2015\\\/10\\\/cropped-st-peters-dome-vatican.jpg?fit=940%2C198&ssl=1\",\"width\":940,\"height\":198,\"caption\":\"Tradycja i Wiara\"},\"image\":{\"@id\":\"https:\\\/\\\/wobronietradycjiiwiary.com\\\/pl\\\/#\\\/schema\\\/logo\\\/image\\\/\"},\"sameAs\":[\"https:\\\/\\\/www.facebook.com\\\/Tradycja-i-Wiara-108813920592249\"]},{\"@type\":\"Person\",\"@id\":\"https:\\\/\\\/wobronietradycjiiwiary.com\\\/pl\\\/#\\\/schema\\\/person\\\/2d6180ce6abcb681fef0daab7816e8f3\",\"name\":\"Traditio et Fides\",\"sameAs\":[\"https:\\\/\\\/traditionundglauben.com\"],\"url\":\"https:\\\/\\\/wobronietradycjiiwiary.com\\\/en\\\/author\\\/wobronietradycjiiwiary\\\/\"}]}<\/script>\n<!-- \/ Yoast SEO plugin. -->","yoast_head_json":{"title":"O odpustach konkretnie - Tradycja i Wiara","description":"O odpustach konkretnie zasady odpust\u00f3w czy\u015bciec listopad katolicyzm cmentarz komunia stan \u0142aski modlitwa","robots":{"index":"index","follow":"follow","max-snippet":"max-snippet:-1","max-image-preview":"max-image-preview:large","max-video-preview":"max-video-preview:-1"},"canonical":"https:\/\/wobronietradycjiiwiary.com\/en\/o-odpustach-konkretnie\/","og_locale":"en_US","og_type":"article","og_title":"O odpustach konkretnie - Tradycja i Wiara","og_description":"O odpustach konkretnie zasady odpust\u00f3w czy\u015bciec listopad katolicyzm cmentarz komunia stan \u0142aski modlitwa","og_url":"https:\/\/wobronietradycjiiwiary.com\/en\/o-odpustach-konkretnie\/","og_site_name":"Tradycja i Wiara","article_publisher":"https:\/\/www.facebook.com\/Tradycja-i-Wiara-108813920592249","article_published_time":"2023-11-02T07:58:09+00:00","article_modified_time":"2025-11-04T17:20:16+00:00","og_image":[{"width":298,"height":425,"url":"https:\/\/wobronietradycjiiwiary.com\/wp-content\/uploads\/2015\/11\/2980184510.jpg","type":"image\/jpeg"}],"author":"Traditio et Fides","twitter_card":"summary_large_image","twitter_misc":{"Written by":"Traditio et Fides","Est. reading time":"20 minutes"},"schema":{"@context":"https:\/\/schema.org","@graph":[{"@type":"Article","@id":"https:\/\/wobronietradycjiiwiary.com\/o-odpustach-konkretnie\/#article","isPartOf":{"@id":"https:\/\/wobronietradycjiiwiary.com\/o-odpustach-konkretnie\/"},"author":{"name":"Traditio et Fides","@id":"https:\/\/wobronietradycjiiwiary.com\/pl\/#\/schema\/person\/2d6180ce6abcb681fef0daab7816e8f3"},"headline":"O odpustach konkretnie","datePublished":"2023-11-02T07:58:09+00:00","dateModified":"2025-11-04T17:20:16+00:00","mainEntityOfPage":{"@id":"https:\/\/wobronietradycjiiwiary.com\/o-odpustach-konkretnie\/"},"wordCount":4277,"commentCount":0,"publisher":{"@id":"https:\/\/wobronietradycjiiwiary.com\/pl\/#organization"},"image":{"@id":"https:\/\/wobronietradycjiiwiary.com\/o-odpustach-konkretnie\/#primaryimage"},"thumbnailUrl":"https:\/\/wobronietradycjiiwiary.com\/wp-content\/uploads\/2015\/11\/2980184510.jpg","articleSection":["Czy\u015bciec","Doktryna","Odpusty"],"inLanguage":"en-US","potentialAction":[{"@type":"CommentAction","name":"Comment","target":["https:\/\/wobronietradycjiiwiary.com\/o-odpustach-konkretnie\/#respond"]}]},{"@type":"WebPage","@id":"https:\/\/wobronietradycjiiwiary.com\/o-odpustach-konkretnie\/","url":"https:\/\/wobronietradycjiiwiary.com\/o-odpustach-konkretnie\/","name":"O odpustach konkretnie - Tradycja i Wiara","isPartOf":{"@id":"https:\/\/wobronietradycjiiwiary.com\/pl\/#website"},"primaryImageOfPage":{"@id":"https:\/\/wobronietradycjiiwiary.com\/o-odpustach-konkretnie\/#primaryimage"},"image":{"@id":"https:\/\/wobronietradycjiiwiary.com\/o-odpustach-konkretnie\/#primaryimage"},"thumbnailUrl":"https:\/\/wobronietradycjiiwiary.com\/wp-content\/uploads\/2015\/11\/2980184510.jpg","datePublished":"2023-11-02T07:58:09+00:00","dateModified":"2025-11-04T17:20:16+00:00","description":"O odpustach konkretnie zasady odpust\u00f3w czy\u015bciec listopad katolicyzm cmentarz komunia stan \u0142aski modlitwa","breadcrumb":{"@id":"https:\/\/wobronietradycjiiwiary.com\/o-odpustach-konkretnie\/#breadcrumb"},"inLanguage":"en-US","potentialAction":[{"@type":"ReadAction","target":["https:\/\/wobronietradycjiiwiary.com\/o-odpustach-konkretnie\/"]}]},{"@type":"ImageObject","inLanguage":"en-US","@id":"https:\/\/wobronietradycjiiwiary.com\/o-odpustach-konkretnie\/#primaryimage","url":"https:\/\/wobronietradycjiiwiary.com\/wp-content\/uploads\/2015\/11\/2980184510.jpg","contentUrl":"https:\/\/wobronietradycjiiwiary.com\/wp-content\/uploads\/2015\/11\/2980184510.jpg","width":298,"height":425},{"@type":"BreadcrumbList","@id":"https:\/\/wobronietradycjiiwiary.com\/o-odpustach-konkretnie\/#breadcrumb","itemListElement":[{"@type":"ListItem","position":1,"name":"Strona g\u0142\u00f3wna","item":"https:\/\/wobronietradycjiiwiary.com\/"},{"@type":"ListItem","position":2,"name":"O odpustach konkretnie"}]},{"@type":"WebSite","@id":"https:\/\/wobronietradycjiiwiary.com\/pl\/#website","url":"https:\/\/wobronietradycjiiwiary.com\/pl\/","name":"Tradycja i Wiara","description":"Portal dla katolik\u00f3w.","publisher":{"@id":"https:\/\/wobronietradycjiiwiary.com\/pl\/#organization"},"potentialAction":[{"@type":"SearchAction","target":{"@type":"EntryPoint","urlTemplate":"https:\/\/wobronietradycjiiwiary.com\/pl\/?s={search_term_string}"},"query-input":{"@type":"PropertyValueSpecification","valueRequired":true,"valueName":"search_term_string"}}],"inLanguage":"en-US"},{"@type":"Organization","@id":"https:\/\/wobronietradycjiiwiary.com\/pl\/#organization","name":"Tradycja i Wiara","url":"https:\/\/wobronietradycjiiwiary.com\/pl\/","logo":{"@type":"ImageObject","inLanguage":"en-US","@id":"https:\/\/wobronietradycjiiwiary.com\/pl\/#\/schema\/logo\/image\/","url":"https:\/\/i0.wp.com\/wobronietradycjiiwiary.com\/wp-content\/uploads\/2015\/10\/cropped-st-peters-dome-vatican.jpg?fit=940%2C198&ssl=1","contentUrl":"https:\/\/i0.wp.com\/wobronietradycjiiwiary.com\/wp-content\/uploads\/2015\/10\/cropped-st-peters-dome-vatican.jpg?fit=940%2C198&ssl=1","width":940,"height":198,"caption":"Tradycja i Wiara"},"image":{"@id":"https:\/\/wobronietradycjiiwiary.com\/pl\/#\/schema\/logo\/image\/"},"sameAs":["https:\/\/www.facebook.com\/Tradycja-i-Wiara-108813920592249"]},{"@type":"Person","@id":"https:\/\/wobronietradycjiiwiary.com\/pl\/#\/schema\/person\/2d6180ce6abcb681fef0daab7816e8f3","name":"Traditio et Fides","sameAs":["https:\/\/traditionundglauben.com"],"url":"https:\/\/wobronietradycjiiwiary.com\/en\/author\/wobronietradycjiiwiary\/"}]}},"jetpack_publicize_connections":[],"jetpack_sharing_enabled":true,"jetpack_likes_enabled":true,"jetpack_shortlink":"https:\/\/wp.me\/pc04Sd-rKn","jetpack-related-posts":[{"id":7681,"url":"https:\/\/wobronietradycjiiwiary.com\/en\/augustyn-arndt-s-j-odpusty-lub-o-odpustach-przedsoborowo-1\/","url_meta":{"origin":106663,"position":0},"title":"Augustyn Arndt S.J.: \u201eOdpusty\u201c lub O odpustach przedsoborowo (1) Znaczenie nazwy &#8220;odpust&#8221;","author":"Traditio et Fides","date":"7 November 2015","format":false,"excerpt":"Wprowadzenie do przedsoborowego Podr\u0119cznika na temat odpust\u00f3w pi\u00f3ra ks. Arndta SJ.","rel":"","context":"In &quot;ks. Arndt SJ&quot;","block_context":{"text":"ks. Arndt SJ","link":"https:\/\/wobronietradycjiiwiary.com\/en\/category\/doktryna\/teologia-dogmatyczna\/odpusty-sakramenty\/ks-arndt-sj\/"},"img":{"alt_text":"","src":"https:\/\/i0.wp.com\/wobronietradycjiiwiary.com\/wp-content\/uploads\/2015\/11\/jacopo_vignali_san_michele_arcangelo_libera_le_anime_del_purgatorio1-scaled.jpg?resize=350%2C200&ssl=1","width":350,"height":200,"srcset":"https:\/\/i0.wp.com\/wobronietradycjiiwiary.com\/wp-content\/uploads\/2015\/11\/jacopo_vignali_san_michele_arcangelo_libera_le_anime_del_purgatorio1-scaled.jpg?resize=350%2C200&ssl=1 1x, https:\/\/i0.wp.com\/wobronietradycjiiwiary.com\/wp-content\/uploads\/2015\/11\/jacopo_vignali_san_michele_arcangelo_libera_le_anime_del_purgatorio1-scaled.jpg?resize=525%2C300&ssl=1 1.5x, https:\/\/i0.wp.com\/wobronietradycjiiwiary.com\/wp-content\/uploads\/2015\/11\/jacopo_vignali_san_michele_arcangelo_libera_le_anime_del_purgatorio1-scaled.jpg?resize=700%2C400&ssl=1 2x, https:\/\/i0.wp.com\/wobronietradycjiiwiary.com\/wp-content\/uploads\/2015\/11\/jacopo_vignali_san_michele_arcangelo_libera_le_anime_del_purgatorio1-scaled.jpg?resize=1050%2C600&ssl=1 3x"},"classes":[]},{"id":79993,"url":"https:\/\/wobronietradycjiiwiary.com\/en\/augustyn-arndt-s-j-odpusty-lub-o-odpustach-przedsoborowo-1-2\/","url_meta":{"origin":106663,"position":1},"title":"Augustyn Arndt S.J.: \u201eOdpusty\u201c lub O odpustach przedsoborowo (1) Znaczenie nazwy &#8220;odpust&#8221;","author":"Traditio et Fides","date":"2 November 2022","format":false,"excerpt":"Wprowadzenie do przedsoborowego Podr\u0119cznika na temat odpust\u00f3w pi\u00f3ra ks. Arndta SJ.","rel":"","context":"In &quot;ks. Arndt SJ&quot;","block_context":{"text":"ks. Arndt SJ","link":"https:\/\/wobronietradycjiiwiary.com\/en\/category\/doktryna\/teologia-dogmatyczna\/odpusty-sakramenty\/ks-arndt-sj\/"},"img":{"alt_text":"","src":"https:\/\/i0.wp.com\/wobronietradycjiiwiary.com\/wp-content\/uploads\/2015\/11\/jacopo_vignali_san_michele_arcangelo_libera_le_anime_del_purgatorio1-scaled.jpg?resize=350%2C200&ssl=1","width":350,"height":200,"srcset":"https:\/\/i0.wp.com\/wobronietradycjiiwiary.com\/wp-content\/uploads\/2015\/11\/jacopo_vignali_san_michele_arcangelo_libera_le_anime_del_purgatorio1-scaled.jpg?resize=350%2C200&ssl=1 1x, https:\/\/i0.wp.com\/wobronietradycjiiwiary.com\/wp-content\/uploads\/2015\/11\/jacopo_vignali_san_michele_arcangelo_libera_le_anime_del_purgatorio1-scaled.jpg?resize=525%2C300&ssl=1 1.5x, https:\/\/i0.wp.com\/wobronietradycjiiwiary.com\/wp-content\/uploads\/2015\/11\/jacopo_vignali_san_michele_arcangelo_libera_le_anime_del_purgatorio1-scaled.jpg?resize=700%2C400&ssl=1 2x, https:\/\/i0.wp.com\/wobronietradycjiiwiary.com\/wp-content\/uploads\/2015\/11\/jacopo_vignali_san_michele_arcangelo_libera_le_anime_del_purgatorio1-scaled.jpg?resize=1050%2C600&ssl=1 3x"},"classes":[]},{"id":39439,"url":"https:\/\/wobronietradycjiiwiary.com\/en\/augustyn-arndt-s-j-odpusty-lub-o-odpustach-przedsoborowo-1-znaczenie-nazwy-odpust\/","url_meta":{"origin":106663,"position":2},"title":"Augustyn Arndt S.J.: \u201eOdpusty\u201c lub O odpustach przedsoborowo (1) Znaczenie nazwy &#8220;odpust&#8221;","author":"Traditio et Fides","date":"3 November 2020","format":false,"excerpt":"Poniewa\u017c B\u00f3g jest niezmienny i prawda jest niezmienna tote\u017c tre\u015bci teologii katolickiej, tej prawowiernej nie heretyckiej, tak\u017ce s\u0105 niezmienne. Kto\u015b, kto m\u00f3wi prawd\u0119 mo\u017ce trzyma\u0107 si\u0119 jednej wersji, natomiast k\u0142amca musi ci\u0105gle nowe rzeczy wymy\u015bla\u0107, by dopasowywa\u0107 jedn\u0105 wersj\u0119 do wersji kolejnej. Teolog katolicki nie musi tworzy\u0107 niczego od nowa,\u2026","rel":"","context":"In &quot;ks. Arndt SJ&quot;","block_context":{"text":"ks. Arndt SJ","link":"https:\/\/wobronietradycjiiwiary.com\/en\/category\/doktryna\/teologia-dogmatyczna\/odpusty-sakramenty\/ks-arndt-sj\/"},"img":{"alt_text":"","src":"https:\/\/i0.wp.com\/wobronietradycjiiwiary.com\/wp-content\/uploads\/2015\/11\/jacopo_vignali_san_michele_arcangelo_libera_le_anime_del_purgatorio1-scaled.jpg?resize=350%2C200&ssl=1","width":350,"height":200,"srcset":"https:\/\/i0.wp.com\/wobronietradycjiiwiary.com\/wp-content\/uploads\/2015\/11\/jacopo_vignali_san_michele_arcangelo_libera_le_anime_del_purgatorio1-scaled.jpg?resize=350%2C200&ssl=1 1x, https:\/\/i0.wp.com\/wobronietradycjiiwiary.com\/wp-content\/uploads\/2015\/11\/jacopo_vignali_san_michele_arcangelo_libera_le_anime_del_purgatorio1-scaled.jpg?resize=525%2C300&ssl=1 1.5x, https:\/\/i0.wp.com\/wobronietradycjiiwiary.com\/wp-content\/uploads\/2015\/11\/jacopo_vignali_san_michele_arcangelo_libera_le_anime_del_purgatorio1-scaled.jpg?resize=700%2C400&ssl=1 2x, https:\/\/i0.wp.com\/wobronietradycjiiwiary.com\/wp-content\/uploads\/2015\/11\/jacopo_vignali_san_michele_arcangelo_libera_le_anime_del_purgatorio1-scaled.jpg?resize=1050%2C600&ssl=1 3x"},"classes":[]},{"id":8838,"url":"https:\/\/wobronietradycjiiwiary.com\/en\/augustyn-arndt-s-j-odpusty-8-odpusty-zwiazane-z-miejscami\/","url_meta":{"origin":106663,"position":3},"title":"Augustyn Arndt S.J.: \u201eOdpusty\u201c (8). Odpusty zwi\u0105zane z miejscami, osobami i przedmiotami.","author":"Traditio et Fides","date":"8 April 2016","format":false,"excerpt":"Czas lektury: 8 minut Po tak\u017ce sporej przerwie wracamy do publikacji ksi\u0105\u017cki ks. Arndta SJ o odpustach. Pami\u0119ta\u0107 bowiem trzeba, \u017ce chocia\u017c miesi\u0105cem pami\u0119ci i zmar\u0142ych jest listopad, to odpusty dla nich i dla samych siebie zdobywa\u0107 mo\u017cemy przez ca\u0142y rok, czyli 365 dni w roku, 7 dni w tygodniu\u2026","rel":"","context":"In &quot;ks. Arndt SJ&quot;","block_context":{"text":"ks. Arndt SJ","link":"https:\/\/wobronietradycjiiwiary.com\/en\/category\/doktryna\/teologia-dogmatyczna\/odpusty-sakramenty\/ks-arndt-sj\/"},"img":{"alt_text":"","src":"https:\/\/i0.wp.com\/wobronietradycjiiwiary.com\/wp-content\/uploads\/2015\/11\/jacopo_vignali_san_michele_arcangelo_libera_le_anime_del_purgatorio1-scaled.jpg?resize=350%2C200&ssl=1","width":350,"height":200,"srcset":"https:\/\/i0.wp.com\/wobronietradycjiiwiary.com\/wp-content\/uploads\/2015\/11\/jacopo_vignali_san_michele_arcangelo_libera_le_anime_del_purgatorio1-scaled.jpg?resize=350%2C200&ssl=1 1x, https:\/\/i0.wp.com\/wobronietradycjiiwiary.com\/wp-content\/uploads\/2015\/11\/jacopo_vignali_san_michele_arcangelo_libera_le_anime_del_purgatorio1-scaled.jpg?resize=525%2C300&ssl=1 1.5x, https:\/\/i0.wp.com\/wobronietradycjiiwiary.com\/wp-content\/uploads\/2015\/11\/jacopo_vignali_san_michele_arcangelo_libera_le_anime_del_purgatorio1-scaled.jpg?resize=700%2C400&ssl=1 2x, https:\/\/i0.wp.com\/wobronietradycjiiwiary.com\/wp-content\/uploads\/2015\/11\/jacopo_vignali_san_michele_arcangelo_libera_le_anime_del_purgatorio1-scaled.jpg?resize=1050%2C600&ssl=1 3x"},"classes":[]},{"id":79986,"url":"https:\/\/wobronietradycjiiwiary.com\/en\/augustyn-arndt-s-j-odpusty-8-odpusty-zwiazane-z-miejscami-2\/","url_meta":{"origin":106663,"position":4},"title":"Augustyn Arndt S.J.: \u201eOdpusty\u201c (8). Odpusty zwi\u0105zane z miejscami, osobami i przedmiotami.","author":"Traditio et Fides","date":"9 November 2022","format":false,"excerpt":"Czas lektury: 8 minut Po tak\u017ce sporej przerwie wracamy do publikacji ksi\u0105\u017cki ks. Arndta SJ o odpustach. Pami\u0119ta\u0107 bowiem trzeba, \u017ce chocia\u017c miesi\u0105cem pami\u0119ci i zmar\u0142ych jest listopad, to odpusty dla nich i dla samych siebie zdobywa\u0107 mo\u017cemy przez ca\u0142y rok, czyli 365 dni w roku, 7 dni w tygodniu\u2026","rel":"","context":"In &quot;ks. Arndt SJ&quot;","block_context":{"text":"ks. Arndt SJ","link":"https:\/\/wobronietradycjiiwiary.com\/en\/category\/doktryna\/teologia-dogmatyczna\/odpusty-sakramenty\/ks-arndt-sj\/"},"img":{"alt_text":"","src":"https:\/\/i0.wp.com\/wobronietradycjiiwiary.com\/wp-content\/uploads\/2015\/11\/jacopo_vignali_san_michele_arcangelo_libera_le_anime_del_purgatorio1-scaled.jpg?resize=350%2C200&ssl=1","width":350,"height":200,"srcset":"https:\/\/i0.wp.com\/wobronietradycjiiwiary.com\/wp-content\/uploads\/2015\/11\/jacopo_vignali_san_michele_arcangelo_libera_le_anime_del_purgatorio1-scaled.jpg?resize=350%2C200&ssl=1 1x, https:\/\/i0.wp.com\/wobronietradycjiiwiary.com\/wp-content\/uploads\/2015\/11\/jacopo_vignali_san_michele_arcangelo_libera_le_anime_del_purgatorio1-scaled.jpg?resize=525%2C300&ssl=1 1.5x, https:\/\/i0.wp.com\/wobronietradycjiiwiary.com\/wp-content\/uploads\/2015\/11\/jacopo_vignali_san_michele_arcangelo_libera_le_anime_del_purgatorio1-scaled.jpg?resize=700%2C400&ssl=1 2x, https:\/\/i0.wp.com\/wobronietradycjiiwiary.com\/wp-content\/uploads\/2015\/11\/jacopo_vignali_san_michele_arcangelo_libera_le_anime_del_purgatorio1-scaled.jpg?resize=1050%2C600&ssl=1 3x"},"classes":[]},{"id":39453,"url":"https:\/\/wobronietradycjiiwiary.com\/en\/augustyn-arndt-s-j-odpusty-7-odpusty-zupelne-i-czastkowe\/","url_meta":{"origin":106663,"position":5},"title":"Augustyn Arndt S.J.: \u201eOdpusty\u201c (7). Odpusty zupe\u0142ne i cz\u0105stkowe","author":"Traditio et Fides","date":"27 November 2020","format":false,"excerpt":"Ks. Arndt SJ przedstawia nauk\u0119 o odpustach zupe\u0142nych i cz\u0105stkowych przedstawionych ju\u017c przez nas na niniejszym blogu. Warto przypomnie\u0107 sobie fakt, i\u017c odpust zupe\u0142ny g\u0142adzi rzeczywi\u015bcie, o ile spe\u0142nimy odpowiednie warunki z brakiem przywi\u0105zania do grzechu lekkiego w\u0142\u0105cznie, rzeczywi\u015bcie kary doczesne za wszystkie wyspowiadane grzechy i tym samym od kar\u2026","rel":"","context":"In &quot;ks. Arndt SJ&quot;","block_context":{"text":"ks. Arndt SJ","link":"https:\/\/wobronietradycjiiwiary.com\/en\/category\/doktryna\/teologia-dogmatyczna\/odpusty-sakramenty\/ks-arndt-sj\/"},"img":{"alt_text":"","src":"https:\/\/i0.wp.com\/wobronietradycjiiwiary.com\/wp-content\/uploads\/2015\/11\/jacopo_vignali_san_michele_arcangelo_libera_le_anime_del_purgatorio1-scaled.jpg?resize=350%2C200&ssl=1","width":350,"height":200,"srcset":"https:\/\/i0.wp.com\/wobronietradycjiiwiary.com\/wp-content\/uploads\/2015\/11\/jacopo_vignali_san_michele_arcangelo_libera_le_anime_del_purgatorio1-scaled.jpg?resize=350%2C200&ssl=1 1x, https:\/\/i0.wp.com\/wobronietradycjiiwiary.com\/wp-content\/uploads\/2015\/11\/jacopo_vignali_san_michele_arcangelo_libera_le_anime_del_purgatorio1-scaled.jpg?resize=525%2C300&ssl=1 1.5x, https:\/\/i0.wp.com\/wobronietradycjiiwiary.com\/wp-content\/uploads\/2015\/11\/jacopo_vignali_san_michele_arcangelo_libera_le_anime_del_purgatorio1-scaled.jpg?resize=700%2C400&ssl=1 2x, https:\/\/i0.wp.com\/wobronietradycjiiwiary.com\/wp-content\/uploads\/2015\/11\/jacopo_vignali_san_michele_arcangelo_libera_le_anime_del_purgatorio1-scaled.jpg?resize=1050%2C600&ssl=1 3x"},"classes":[]}],"amp_enabled":true,"jetpack_featured_media_url":"https:\/\/wobronietradycjiiwiary.com\/wp-content\/uploads\/2015\/11\/2980184510.jpg","_links":{"self":[{"href":"https:\/\/wobronietradycjiiwiary.com\/en\/wp-json\/wp\/v2\/posts\/106663","targetHints":{"allow":["GET"]}}],"collection":[{"href":"https:\/\/wobronietradycjiiwiary.com\/en\/wp-json\/wp\/v2\/posts"}],"about":[{"href":"https:\/\/wobronietradycjiiwiary.com\/en\/wp-json\/wp\/v2\/types\/post"}],"author":[{"embeddable":true,"href":"https:\/\/wobronietradycjiiwiary.com\/en\/wp-json\/wp\/v2\/users\/60508433"}],"replies":[{"embeddable":true,"href":"https:\/\/wobronietradycjiiwiary.com\/en\/wp-json\/wp\/v2\/comments?post=106663"}],"version-history":[{"count":6,"href":"https:\/\/wobronietradycjiiwiary.com\/en\/wp-json\/wp\/v2\/posts\/106663\/revisions"}],"predecessor-version":[{"id":107025,"href":"https:\/\/wobronietradycjiiwiary.com\/en\/wp-json\/wp\/v2\/posts\/106663\/revisions\/107025"}],"wp:featuredmedia":[{"embeddable":true,"href":"https:\/\/wobronietradycjiiwiary.com\/en\/wp-json\/wp\/v2\/media\/7633"}],"wp:attachment":[{"href":"https:\/\/wobronietradycjiiwiary.com\/en\/wp-json\/wp\/v2\/media?parent=106663"}],"wp:term":[{"taxonomy":"category","embeddable":true,"href":"https:\/\/wobronietradycjiiwiary.com\/en\/wp-json\/wp\/v2\/categories?post=106663"},{"taxonomy":"post_tag","embeddable":true,"href":"https:\/\/wobronietradycjiiwiary.com\/en\/wp-json\/wp\/v2\/tags?post=106663"}],"curies":[{"name":"wp","href":"https:\/\/api.w.org\/{rel}","templated":true}]}}