{"id":10505,"date":"2016-10-17T17:59:10","date_gmt":"2016-10-17T15:59:10","guid":{"rendered":"https:\/\/wobronietradycjiiwiary.com\/?p=10505"},"modified":"2025-12-23T18:04:00","modified_gmt":"2025-12-23T17:04:00","slug":"przed-nim-krocza-majestat-i-piekno-wizualne-wprowadzenie-do-mszy-trydenckiej-cz-15-z-16","status":"publish","type":"post","link":"https:\/\/wobronietradycjiiwiary.com\/en\/przed-nim-krocza-majestat-i-piekno-wizualne-wprowadzenie-do-mszy-trydenckiej-cz-15-z-16\/","title":{"rendered":"Przed Nim krocz\u0105 majestat i pi\u0119kno\u201d. Wizualne wprowadzenie do Mszy Trydenckiej. (cz. 15 z 16). Quod ore &#8211; Postcommunio."},"content":{"rendered":"<div id=\"bsf_rt_marker\"><\/div><p><span class=\"embed-youtube\" style=\"text-align:center; display: block;\"><iframe class=\"youtube-player\" width=\"580\" height=\"327\" src=\"https:\/\/www.youtube.com\/embed\/vqCD5d4SFZQ?version=3&#038;rel=1&#038;showsearch=0&#038;showinfo=1&#038;iv_load_policy=1&#038;fs=1&#038;hl=en-US&#038;autohide=2&#038;wmode=transparent\" allowfullscreen=\"true\" style=\"border:0;\" sandbox=\"allow-scripts allow-same-origin allow-popups allow-presentation allow-popups-to-escape-sandbox\"><\/iframe><\/span><\/p>\n\n\n\n<p class=\"wp-block-paragraph\"><span style=\"color: #800080;\"><strong>Po komunii ludu kap\u0142an dokonuje puryfikacji pateny oraz kielicha, po czym nast\u0119puje modlitwa Postcommunio, inna podczas ka\u017cdej mszy. Tak\u017ce w tej cz\u0119\u015bci wida\u0107 wymagan\u0105 precyzj\u0119 ruch\u00f3w i gest\u00f3w. Kolejny balet r\u0105k i palc\u00f3w.<br><\/strong><\/span><\/p>\n\n\n\n<p class=\"wp-block-paragraph\"><b><span style=\"color: #000000;\">Dzi\u0119kczynienie<\/span><\/b><\/p>\n\n\n\n<p class=\"wp-block-paragraph\"><i><span style=\"color: #ff0000;\">Po czym ministrant bierze ampu\u0142ki i nalewa wina do kielicha. Kap\u0142an modli si\u0119: <\/span><\/i><\/p>\n\n\n\n<figure class=\"wp-block-table\"><table class=\"has-fixed-layout\"><tbody><tr><td>Quod ore sumpsimus Domine, pura mente capiamus: et de munere temporali fiat nobis remedium sempiternum.<\/td><td>Co\u015bmy usty spo\u017cyli, Panie, daj czystym przyj\u0105\u0107 umys\u0142em, a dar ten doczesny niech si\u0119 nam stanie lekarstwem na wieczno\u015b\u0107<\/td><\/tr><\/tbody><\/table><\/figure>\n\n\n\n<p class=\"wp-block-paragraph\"><i><span style=\"color: #ff0000;\">Ministrant polewa palce kap\u0142ana winem i wod\u0105 &#8211; Kap\u0142an modli si\u0119.<\/span><\/i><\/p>\n\n\n\n<figure class=\"wp-block-table\"><table class=\"has-fixed-layout\"><tbody><tr><td>Corpus tuum, Domine, quod sumpsi, et Sanguis, quem potavi, adhaereat visceribus meis: et praesta, ut in me non remaneat scelerum macula, quem pura et sancta refecerunt sacramenta. Qui vivis et regnas in saecula saeculorum. Amen.<\/td><td>Cia\u0142o Twe, Panie, kt\u00f3re spo\u017cy\u0142em, i Krew, kt\u00f3r\u0105 wypi\u0142em, niech przywrze do mego wn\u0119trza, i spraw, aby zmaza grzech\u00f3w nie zosta\u0142a we mnie, kt\u00f3rego czyste i \u015bwi\u0119te posili\u0142y Sakramenta. Kt\u00f3ry \u017cyjesz i kr\u00f3lujesz na wieki wiek\u00f3w. Amen.<\/td><\/tr><\/tbody><\/table><\/figure>\n\n\n\n<p class=\"wp-block-paragraph\"><i><span style=\"color: #ff0000;\">Kap\u0142an wyciera kielich i przykrywa go welonem. &#8211; Ministrant przenosi Msza\u0142. <\/span><\/i><\/p>\n\n\n\n<p class=\"wp-block-paragraph\"><b><span style=\"color: #000000;\">Postcommunio &#8211; Modlitwy po Komunii <\/span><\/b><\/p>\n\n\n\n<figure class=\"wp-block-table\"><table class=\"has-fixed-layout\"><tbody><tr><td><b>S.<\/b> Dominus vobiscum.<br><b>M.<\/b> Et cum spiritu tuo.<br><b>S.<\/b> Oremus.<\/td><td><b>K.<\/b> Pan z wami.<br><b>W.<\/b> I z duchem Twoim.<br><b>K.<\/b> M\u00f3dlmy sie.<\/td><\/tr><\/tbody><\/table><\/figure>\n\n\n\n<p class=\"wp-block-paragraph\"><i><span style=\"color: #ff0000;\">Kap\u0142an odczytuje modlitw\u0119 Postcommunio. Dzi\u0119kujmy razem z kap\u0142anem Panu Bogu, \u017ce nas raczy\u0142 posili\u0107 Cia\u0142em Syna Swego Jezusa Chrystusa i pro\u015bmy, aby ta Komunia \u015aw. da\u0142a nam si\u0142\u0119 do spe\u0142nienia naszych obowi\u0105zk\u00f3w i doprowadzi\u0142a do \u017cycia wiecznego przez tego\u017c Chrystusa, Pana naszego, kt\u00f3ry z Bogiem Ojcem \u017cyje i kr\u00f3luje w jedno\u015bci Ducha \u015awi\u0119tego. <\/span><\/i><\/p>\n\n\n\n<figure class=\"wp-block-table\"><table class=\"has-fixed-layout\"><tbody><tr><td><b>S.<\/b> Per omnia saecula saeculorum.<br><b>M.<\/b> Amen.<\/td><td><b>K.<\/b> Przez wszystkie wieki wiek\u00f3w.<br><b>W.<\/b> Amen.<\/td><\/tr><\/tbody><\/table><\/figure>","protected":false},"excerpt":{"rendered":"<p>Po komunii ludu kap\u0142an dokonuje puryfikacji pateny oraz kielicha, po czym nast\u0119puje modlitwa Postcommunio, inna podczas ka\u017cdej mszy. Tak\u017ce w tej cz\u0119\u015bci wida\u0107 wymagan\u0105 precyzj\u0119 ruch\u00f3w i gest\u00f3w. Kolejny balet r\u0105k i palc\u00f3w. Dzi\u0119kczynienie Po czym ministrant bierze ampu\u0142ki i nalewa wina do kielicha. Kap\u0142an modli si\u0119: Quod ore sumpsimus Domine, pura mente capiamus: et [&hellip;]<\/p>\n","protected":false},"author":60508433,"featured_media":27891,"comment_status":"closed","ping_status":"closed","sticky":false,"template":"","format":"standard","meta":{"_bbp_topic_count":0,"_bbp_reply_count":0,"_bbp_total_topic_count":0,"_bbp_total_reply_count":0,"_bbp_voice_count":0,"_bbp_anonymous_reply_count":0,"_bbp_topic_count_hidden":0,"_bbp_reply_count_hidden":0,"_bbp_forum_subforum_count":0,"_editorskit_title_hidden":false,"_editorskit_reading_time":0,"_editorskit_is_block_options_detached":false,"_editorskit_block_options_position":"{}","_coblocks_attr":"","_coblocks_dimensions":"","_coblocks_responsive_height":"","_coblocks_accordion_ie_support":"","_exactmetrics_skip_tracking":false,"_jetpack_newsletter_access":"","_jetpack_dont_email_post_to_subs":false,"_jetpack_newsletter_tier_id":0,"_jetpack_memberships_contains_paywalled_content":false,"_wpcom_ai_launchpad_first_post":false,"_jetpack_feature_clip_id":0,"_jetpack_memberships_contains_paid_content":false,"footnotes":"","jetpack_publicize_message":"{title}\n\n{excerpt}\n\n{url}","jetpack_publicize_feature_enabled":true,"jetpack_social_post_already_shared":true,"jetpack_social_options":{"image_generator_settings":{"template":"highway","default_image_id":0,"font":"","enabled":false},"version":2},"_wpas_customize_per_network":false,"jetpack_post_was_ever_published":false},"categories":[543409776],"tags":[543538592,1181,302487833,1053804,26248122,205719627,610132562,543538587],"class_list":["post-10505","post","type-post","status-publish","format-standard","has-post-thumbnail","hentry","category-tridentina-visualis","tag-corpus-tuum","tag-dvd","tag-jak-odprawiac-msze-swieta-trydencka","tag-missa-tridentina","tag-msza-wszechczasow","tag-postcommunio","tag-premium","tag-quod-ore"],"yoast_head":"<!-- This site is optimized with the Yoast SEO plugin v28.4 - https:\/\/yoast.com\/product\/yoast-seo-wordpress\/ -->\n<title>Przed Nim krocz\u0105 majestat i pi\u0119kno\u201d. Wizualne wprowadzenie do Mszy Trydenckiej. (cz. 15 z 16). Quod ore - Postcommunio. - Tradycja i Wiara<\/title>\n<meta name=\"robots\" content=\"index, follow, max-snippet:-1, max-image-preview:large, max-video-preview:-1\" \/>\n<link rel=\"canonical\" href=\"https:\/\/wobronietradycjiiwiary.com\/en\/przed-nim-krocza-majestat-i-piekno-wizualne-wprowadzenie-do-mszy-trydenckiej-cz-15-z-16\/\" \/>\n<meta property=\"og:locale\" content=\"en_US\" \/>\n<meta property=\"og:type\" content=\"article\" \/>\n<meta property=\"og:title\" content=\"Przed Nim krocz\u0105 majestat i pi\u0119kno\u201d. Wizualne wprowadzenie do Mszy Trydenckiej. (cz. 15 z 16). Quod ore - Postcommunio. - Tradycja i Wiara\" \/>\n<meta property=\"og:description\" content=\"Po komunii ludu kap\u0142an dokonuje puryfikacji pateny oraz kielicha, po czym nast\u0119puje modlitwa Postcommunio, inna podczas ka\u017cdej mszy. Tak\u017ce w tej cz\u0119\u015bci wida\u0107 wymagan\u0105 precyzj\u0119 ruch\u00f3w i gest\u00f3w. Kolejny balet r\u0105k i palc\u00f3w. Dzi\u0119kczynienie Po czym ministrant bierze ampu\u0142ki i nalewa wina do kielicha. Kap\u0142an modli si\u0119: Quod ore sumpsimus Domine, pura mente capiamus: et [&hellip;]\" \/>\n<meta property=\"og:url\" content=\"https:\/\/wobronietradycjiiwiary.com\/en\/przed-nim-krocza-majestat-i-piekno-wizualne-wprowadzenie-do-mszy-trydenckiej-cz-15-z-16\/\" \/>\n<meta property=\"og:site_name\" content=\"Tradycja i Wiara\" \/>\n<meta property=\"article:publisher\" content=\"https:\/\/www.facebook.com\/Tradycja-i-Wiara-108813920592249\" \/>\n<meta property=\"article:published_time\" content=\"2016-10-17T15:59:10+00:00\" \/>\n<meta property=\"article:modified_time\" content=\"2025-12-23T17:04:00+00:00\" \/>\n<meta property=\"og:image\" content=\"https:\/\/i2.wp.com\/wobronietradycjiiwiary.com\/wp-content\/uploads\/2020\/04\/a66b8eb860630f3502c97fb29fc5de6e.jpg?fit=919%2C1280&ssl=1\" \/>\n\t<meta property=\"og:image:width\" content=\"919\" \/>\n\t<meta property=\"og:image:height\" content=\"1280\" \/>\n\t<meta property=\"og:image:type\" content=\"image\/jpeg\" \/>\n<meta name=\"author\" content=\"Traditio et Fides\" \/>\n<meta name=\"twitter:card\" content=\"summary_large_image\" \/>\n<meta name=\"twitter:label1\" content=\"Written by\" \/>\n\t<meta name=\"twitter:data1\" content=\"Traditio et Fides\" \/>\n\t<meta name=\"twitter:label2\" content=\"Est. reading time\" \/>\n\t<meta name=\"twitter:data2\" content=\"2 minutes\" \/>\n<script type=\"application\/ld+json\" class=\"yoast-schema-graph\">{\"@context\":\"https:\\\/\\\/schema.org\",\"@graph\":[{\"@type\":\"Article\",\"@id\":\"https:\\\/\\\/wobronietradycjiiwiary.com\\\/przed-nim-krocza-majestat-i-piekno-wizualne-wprowadzenie-do-mszy-trydenckiej-cz-15-z-16\\\/#article\",\"isPartOf\":{\"@id\":\"https:\\\/\\\/wobronietradycjiiwiary.com\\\/przed-nim-krocza-majestat-i-piekno-wizualne-wprowadzenie-do-mszy-trydenckiej-cz-15-z-16\\\/\"},\"author\":{\"name\":\"Traditio et Fides\",\"@id\":\"https:\\\/\\\/wobronietradycjiiwiary.com\\\/pl\\\/#\\\/schema\\\/person\\\/2d6180ce6abcb681fef0daab7816e8f3\"},\"headline\":\"Przed Nim krocz\u0105 majestat i pi\u0119kno\u201d. Wizualne wprowadzenie do Mszy Trydenckiej. (cz. 15 z 16). Quod ore &#8211; Postcommunio.\",\"datePublished\":\"2016-10-17T15:59:10+00:00\",\"dateModified\":\"2025-12-23T17:04:00+00:00\",\"mainEntityOfPage\":{\"@id\":\"https:\\\/\\\/wobronietradycjiiwiary.com\\\/przed-nim-krocza-majestat-i-piekno-wizualne-wprowadzenie-do-mszy-trydenckiej-cz-15-z-16\\\/\"},\"wordCount\":347,\"publisher\":{\"@id\":\"https:\\\/\\\/wobronietradycjiiwiary.com\\\/pl\\\/#organization\"},\"image\":{\"@id\":\"https:\\\/\\\/wobronietradycjiiwiary.com\\\/przed-nim-krocza-majestat-i-piekno-wizualne-wprowadzenie-do-mszy-trydenckiej-cz-15-z-16\\\/#primaryimage\"},\"thumbnailUrl\":\"https:\\\/\\\/wobronietradycjiiwiary.com\\\/wp-content\\\/uploads\\\/2020\\\/04\\\/a66b8eb860630f3502c97fb29fc5de6e.jpg\",\"keywords\":[\"Corpus tuum\",\"DVD\",\"jak odprawia\u0107 Msz\u0119 \u015awi\u0119t\u0105 Trydenck\u0105\",\"Missa Tridentina\",\"Msza Wszechczas\u00f3w\",\"Postcommunio\",\"Premium\",\"Quod ore\"],\"articleSection\":[\"Tridentina visualis\"],\"inLanguage\":\"en-US\"},{\"@type\":\"WebPage\",\"@id\":\"https:\\\/\\\/wobronietradycjiiwiary.com\\\/przed-nim-krocza-majestat-i-piekno-wizualne-wprowadzenie-do-mszy-trydenckiej-cz-15-z-16\\\/\",\"url\":\"https:\\\/\\\/wobronietradycjiiwiary.com\\\/przed-nim-krocza-majestat-i-piekno-wizualne-wprowadzenie-do-mszy-trydenckiej-cz-15-z-16\\\/\",\"name\":\"Przed Nim krocz\u0105 majestat i pi\u0119kno\u201d. Wizualne wprowadzenie do Mszy Trydenckiej. (cz. 15 z 16). Quod ore - Postcommunio. - Tradycja i Wiara\",\"isPartOf\":{\"@id\":\"https:\\\/\\\/wobronietradycjiiwiary.com\\\/pl\\\/#website\"},\"primaryImageOfPage\":{\"@id\":\"https:\\\/\\\/wobronietradycjiiwiary.com\\\/przed-nim-krocza-majestat-i-piekno-wizualne-wprowadzenie-do-mszy-trydenckiej-cz-15-z-16\\\/#primaryimage\"},\"image\":{\"@id\":\"https:\\\/\\\/wobronietradycjiiwiary.com\\\/przed-nim-krocza-majestat-i-piekno-wizualne-wprowadzenie-do-mszy-trydenckiej-cz-15-z-16\\\/#primaryimage\"},\"thumbnailUrl\":\"https:\\\/\\\/wobronietradycjiiwiary.com\\\/wp-content\\\/uploads\\\/2020\\\/04\\\/a66b8eb860630f3502c97fb29fc5de6e.jpg\",\"datePublished\":\"2016-10-17T15:59:10+00:00\",\"dateModified\":\"2025-12-23T17:04:00+00:00\",\"breadcrumb\":{\"@id\":\"https:\\\/\\\/wobronietradycjiiwiary.com\\\/przed-nim-krocza-majestat-i-piekno-wizualne-wprowadzenie-do-mszy-trydenckiej-cz-15-z-16\\\/#breadcrumb\"},\"inLanguage\":\"en-US\",\"potentialAction\":[{\"@type\":\"ReadAction\",\"target\":[\"https:\\\/\\\/wobronietradycjiiwiary.com\\\/przed-nim-krocza-majestat-i-piekno-wizualne-wprowadzenie-do-mszy-trydenckiej-cz-15-z-16\\\/\"]}]},{\"@type\":\"ImageObject\",\"inLanguage\":\"en-US\",\"@id\":\"https:\\\/\\\/wobronietradycjiiwiary.com\\\/przed-nim-krocza-majestat-i-piekno-wizualne-wprowadzenie-do-mszy-trydenckiej-cz-15-z-16\\\/#primaryimage\",\"url\":\"https:\\\/\\\/wobronietradycjiiwiary.com\\\/wp-content\\\/uploads\\\/2020\\\/04\\\/a66b8eb860630f3502c97fb29fc5de6e.jpg\",\"contentUrl\":\"https:\\\/\\\/wobronietradycjiiwiary.com\\\/wp-content\\\/uploads\\\/2020\\\/04\\\/a66b8eb860630f3502c97fb29fc5de6e.jpg\",\"width\":919,\"height\":1280,\"caption\":\"\u201ePrzed Nim krocz\u0105 majestat i pi\u0119kno\u201d. Wizualne wprowadzenie do Mszy Trydenckiej. (cz. 12 z 16)\"},{\"@type\":\"BreadcrumbList\",\"@id\":\"https:\\\/\\\/wobronietradycjiiwiary.com\\\/przed-nim-krocza-majestat-i-piekno-wizualne-wprowadzenie-do-mszy-trydenckiej-cz-15-z-16\\\/#breadcrumb\",\"itemListElement\":[{\"@type\":\"ListItem\",\"position\":1,\"name\":\"Strona g\u0142\u00f3wna\",\"item\":\"https:\\\/\\\/wobronietradycjiiwiary.com\\\/\"},{\"@type\":\"ListItem\",\"position\":2,\"name\":\"Przed Nim krocz\u0105 majestat i pi\u0119kno\u201d. Wizualne wprowadzenie do Mszy Trydenckiej. (cz. 15 z 16)\"}]},{\"@type\":\"WebSite\",\"@id\":\"https:\\\/\\\/wobronietradycjiiwiary.com\\\/pl\\\/#website\",\"url\":\"https:\\\/\\\/wobronietradycjiiwiary.com\\\/pl\\\/\",\"name\":\"Tradycja i Wiara\",\"description\":\"Portal dla katolik\u00f3w.\",\"publisher\":{\"@id\":\"https:\\\/\\\/wobronietradycjiiwiary.com\\\/pl\\\/#organization\"},\"potentialAction\":[{\"@type\":\"SearchAction\",\"target\":{\"@type\":\"EntryPoint\",\"urlTemplate\":\"https:\\\/\\\/wobronietradycjiiwiary.com\\\/pl\\\/?s={search_term_string}\"},\"query-input\":{\"@type\":\"PropertyValueSpecification\",\"valueRequired\":true,\"valueName\":\"search_term_string\"}}],\"inLanguage\":\"en-US\"},{\"@type\":\"Organization\",\"@id\":\"https:\\\/\\\/wobronietradycjiiwiary.com\\\/pl\\\/#organization\",\"name\":\"Tradycja i Wiara\",\"url\":\"https:\\\/\\\/wobronietradycjiiwiary.com\\\/pl\\\/\",\"logo\":{\"@type\":\"ImageObject\",\"inLanguage\":\"en-US\",\"@id\":\"https:\\\/\\\/wobronietradycjiiwiary.com\\\/pl\\\/#\\\/schema\\\/logo\\\/image\\\/\",\"url\":\"https:\\\/\\\/i0.wp.com\\\/wobronietradycjiiwiary.com\\\/wp-content\\\/uploads\\\/2015\\\/10\\\/cropped-st-peters-dome-vatican.jpg?fit=940%2C198&ssl=1\",\"contentUrl\":\"https:\\\/\\\/i0.wp.com\\\/wobronietradycjiiwiary.com\\\/wp-content\\\/uploads\\\/2015\\\/10\\\/cropped-st-peters-dome-vatican.jpg?fit=940%2C198&ssl=1\",\"width\":940,\"height\":198,\"caption\":\"Tradycja i Wiara\"},\"image\":{\"@id\":\"https:\\\/\\\/wobronietradycjiiwiary.com\\\/pl\\\/#\\\/schema\\\/logo\\\/image\\\/\"},\"sameAs\":[\"https:\\\/\\\/www.facebook.com\\\/Tradycja-i-Wiara-108813920592249\"]},{\"@type\":\"Person\",\"@id\":\"https:\\\/\\\/wobronietradycjiiwiary.com\\\/pl\\\/#\\\/schema\\\/person\\\/2d6180ce6abcb681fef0daab7816e8f3\",\"name\":\"Traditio et Fides\",\"sameAs\":[\"https:\\\/\\\/traditionundglauben.com\"],\"url\":\"https:\\\/\\\/wobronietradycjiiwiary.com\\\/en\\\/author\\\/wobronietradycjiiwiary\\\/\"}]}<\/script>\n<!-- \/ Yoast SEO plugin. -->","yoast_head_json":{"title":"Przed Nim krocz\u0105 majestat i pi\u0119kno\u201d. Wizualne wprowadzenie do Mszy Trydenckiej. (cz. 15 z 16). Quod ore - Postcommunio. - Tradycja i Wiara","robots":{"index":"index","follow":"follow","max-snippet":"max-snippet:-1","max-image-preview":"max-image-preview:large","max-video-preview":"max-video-preview:-1"},"canonical":"https:\/\/wobronietradycjiiwiary.com\/en\/przed-nim-krocza-majestat-i-piekno-wizualne-wprowadzenie-do-mszy-trydenckiej-cz-15-z-16\/","og_locale":"en_US","og_type":"article","og_title":"Przed Nim krocz\u0105 majestat i pi\u0119kno\u201d. Wizualne wprowadzenie do Mszy Trydenckiej. (cz. 15 z 16). Quod ore - Postcommunio. - Tradycja i Wiara","og_description":"Po komunii ludu kap\u0142an dokonuje puryfikacji pateny oraz kielicha, po czym nast\u0119puje modlitwa Postcommunio, inna podczas ka\u017cdej mszy. Tak\u017ce w tej cz\u0119\u015bci wida\u0107 wymagan\u0105 precyzj\u0119 ruch\u00f3w i gest\u00f3w. Kolejny balet r\u0105k i palc\u00f3w. Dzi\u0119kczynienie Po czym ministrant bierze ampu\u0142ki i nalewa wina do kielicha. Kap\u0142an modli si\u0119: Quod ore sumpsimus Domine, pura mente capiamus: et [&hellip;]","og_url":"https:\/\/wobronietradycjiiwiary.com\/en\/przed-nim-krocza-majestat-i-piekno-wizualne-wprowadzenie-do-mszy-trydenckiej-cz-15-z-16\/","og_site_name":"Tradycja i Wiara","article_publisher":"https:\/\/www.facebook.com\/Tradycja-i-Wiara-108813920592249","article_published_time":"2016-10-17T15:59:10+00:00","article_modified_time":"2025-12-23T17:04:00+00:00","og_image":[{"width":919,"height":1280,"url":"https:\/\/i2.wp.com\/wobronietradycjiiwiary.com\/wp-content\/uploads\/2020\/04\/a66b8eb860630f3502c97fb29fc5de6e.jpg?fit=919%2C1280&ssl=1","type":"image\/jpeg"}],"author":"Traditio et Fides","twitter_card":"summary_large_image","twitter_misc":{"Written by":"Traditio et Fides","Est. reading time":"2 minutes"},"schema":{"@context":"https:\/\/schema.org","@graph":[{"@type":"Article","@id":"https:\/\/wobronietradycjiiwiary.com\/przed-nim-krocza-majestat-i-piekno-wizualne-wprowadzenie-do-mszy-trydenckiej-cz-15-z-16\/#article","isPartOf":{"@id":"https:\/\/wobronietradycjiiwiary.com\/przed-nim-krocza-majestat-i-piekno-wizualne-wprowadzenie-do-mszy-trydenckiej-cz-15-z-16\/"},"author":{"name":"Traditio et Fides","@id":"https:\/\/wobronietradycjiiwiary.com\/pl\/#\/schema\/person\/2d6180ce6abcb681fef0daab7816e8f3"},"headline":"Przed Nim krocz\u0105 majestat i pi\u0119kno\u201d. Wizualne wprowadzenie do Mszy Trydenckiej. (cz. 15 z 16). Quod ore &#8211; Postcommunio.","datePublished":"2016-10-17T15:59:10+00:00","dateModified":"2025-12-23T17:04:00+00:00","mainEntityOfPage":{"@id":"https:\/\/wobronietradycjiiwiary.com\/przed-nim-krocza-majestat-i-piekno-wizualne-wprowadzenie-do-mszy-trydenckiej-cz-15-z-16\/"},"wordCount":347,"publisher":{"@id":"https:\/\/wobronietradycjiiwiary.com\/pl\/#organization"},"image":{"@id":"https:\/\/wobronietradycjiiwiary.com\/przed-nim-krocza-majestat-i-piekno-wizualne-wprowadzenie-do-mszy-trydenckiej-cz-15-z-16\/#primaryimage"},"thumbnailUrl":"https:\/\/wobronietradycjiiwiary.com\/wp-content\/uploads\/2020\/04\/a66b8eb860630f3502c97fb29fc5de6e.jpg","keywords":["Corpus tuum","DVD","jak odprawia\u0107 Msz\u0119 \u015awi\u0119t\u0105 Trydenck\u0105","Missa Tridentina","Msza Wszechczas\u00f3w","Postcommunio","Premium","Quod ore"],"articleSection":["Tridentina visualis"],"inLanguage":"en-US"},{"@type":"WebPage","@id":"https:\/\/wobronietradycjiiwiary.com\/przed-nim-krocza-majestat-i-piekno-wizualne-wprowadzenie-do-mszy-trydenckiej-cz-15-z-16\/","url":"https:\/\/wobronietradycjiiwiary.com\/przed-nim-krocza-majestat-i-piekno-wizualne-wprowadzenie-do-mszy-trydenckiej-cz-15-z-16\/","name":"Przed Nim krocz\u0105 majestat i pi\u0119kno\u201d. Wizualne wprowadzenie do Mszy Trydenckiej. (cz. 15 z 16). Quod ore - Postcommunio. - Tradycja i Wiara","isPartOf":{"@id":"https:\/\/wobronietradycjiiwiary.com\/pl\/#website"},"primaryImageOfPage":{"@id":"https:\/\/wobronietradycjiiwiary.com\/przed-nim-krocza-majestat-i-piekno-wizualne-wprowadzenie-do-mszy-trydenckiej-cz-15-z-16\/#primaryimage"},"image":{"@id":"https:\/\/wobronietradycjiiwiary.com\/przed-nim-krocza-majestat-i-piekno-wizualne-wprowadzenie-do-mszy-trydenckiej-cz-15-z-16\/#primaryimage"},"thumbnailUrl":"https:\/\/wobronietradycjiiwiary.com\/wp-content\/uploads\/2020\/04\/a66b8eb860630f3502c97fb29fc5de6e.jpg","datePublished":"2016-10-17T15:59:10+00:00","dateModified":"2025-12-23T17:04:00+00:00","breadcrumb":{"@id":"https:\/\/wobronietradycjiiwiary.com\/przed-nim-krocza-majestat-i-piekno-wizualne-wprowadzenie-do-mszy-trydenckiej-cz-15-z-16\/#breadcrumb"},"inLanguage":"en-US","potentialAction":[{"@type":"ReadAction","target":["https:\/\/wobronietradycjiiwiary.com\/przed-nim-krocza-majestat-i-piekno-wizualne-wprowadzenie-do-mszy-trydenckiej-cz-15-z-16\/"]}]},{"@type":"ImageObject","inLanguage":"en-US","@id":"https:\/\/wobronietradycjiiwiary.com\/przed-nim-krocza-majestat-i-piekno-wizualne-wprowadzenie-do-mszy-trydenckiej-cz-15-z-16\/#primaryimage","url":"https:\/\/wobronietradycjiiwiary.com\/wp-content\/uploads\/2020\/04\/a66b8eb860630f3502c97fb29fc5de6e.jpg","contentUrl":"https:\/\/wobronietradycjiiwiary.com\/wp-content\/uploads\/2020\/04\/a66b8eb860630f3502c97fb29fc5de6e.jpg","width":919,"height":1280,"caption":"\u201ePrzed Nim krocz\u0105 majestat i pi\u0119kno\u201d. Wizualne wprowadzenie do Mszy Trydenckiej. (cz. 12 z 16)"},{"@type":"BreadcrumbList","@id":"https:\/\/wobronietradycjiiwiary.com\/przed-nim-krocza-majestat-i-piekno-wizualne-wprowadzenie-do-mszy-trydenckiej-cz-15-z-16\/#breadcrumb","itemListElement":[{"@type":"ListItem","position":1,"name":"Strona g\u0142\u00f3wna","item":"https:\/\/wobronietradycjiiwiary.com\/"},{"@type":"ListItem","position":2,"name":"Przed Nim krocz\u0105 majestat i pi\u0119kno\u201d. Wizualne wprowadzenie do Mszy Trydenckiej. (cz. 15 z 16)"}]},{"@type":"WebSite","@id":"https:\/\/wobronietradycjiiwiary.com\/pl\/#website","url":"https:\/\/wobronietradycjiiwiary.com\/pl\/","name":"Tradycja i Wiara","description":"Portal dla katolik\u00f3w.","publisher":{"@id":"https:\/\/wobronietradycjiiwiary.com\/pl\/#organization"},"potentialAction":[{"@type":"SearchAction","target":{"@type":"EntryPoint","urlTemplate":"https:\/\/wobronietradycjiiwiary.com\/pl\/?s={search_term_string}"},"query-input":{"@type":"PropertyValueSpecification","valueRequired":true,"valueName":"search_term_string"}}],"inLanguage":"en-US"},{"@type":"Organization","@id":"https:\/\/wobronietradycjiiwiary.com\/pl\/#organization","name":"Tradycja i Wiara","url":"https:\/\/wobronietradycjiiwiary.com\/pl\/","logo":{"@type":"ImageObject","inLanguage":"en-US","@id":"https:\/\/wobronietradycjiiwiary.com\/pl\/#\/schema\/logo\/image\/","url":"https:\/\/i0.wp.com\/wobronietradycjiiwiary.com\/wp-content\/uploads\/2015\/10\/cropped-st-peters-dome-vatican.jpg?fit=940%2C198&ssl=1","contentUrl":"https:\/\/i0.wp.com\/wobronietradycjiiwiary.com\/wp-content\/uploads\/2015\/10\/cropped-st-peters-dome-vatican.jpg?fit=940%2C198&ssl=1","width":940,"height":198,"caption":"Tradycja i Wiara"},"image":{"@id":"https:\/\/wobronietradycjiiwiary.com\/pl\/#\/schema\/logo\/image\/"},"sameAs":["https:\/\/www.facebook.com\/Tradycja-i-Wiara-108813920592249"]},{"@type":"Person","@id":"https:\/\/wobronietradycjiiwiary.com\/pl\/#\/schema\/person\/2d6180ce6abcb681fef0daab7816e8f3","name":"Traditio et Fides","sameAs":["https:\/\/traditionundglauben.com"],"url":"https:\/\/wobronietradycjiiwiary.com\/en\/author\/wobronietradycjiiwiary\/"}]}},"jetpack_publicize_connections":[],"jetpack_sharing_enabled":true,"jetpack_likes_enabled":true,"jetpack_shortlink":"https:\/\/wp.me\/pc04Sd-2Jr","jetpack-related-posts":[{"id":113578,"url":"https:\/\/wobronietradycjiiwiary.com\/en\/o-przyjmowaniu-komunii-sw-poza-msza-sw-przed-piusem-x-uwag-kilka-3\/","url_meta":{"origin":10505,"position":0},"title":"O przyjmowaniu komunii \u015bw. poza Msz\u0105 \u015aw. przed Piusem X uwag kilka (3 z 4)","author":"Traditio et Fides","date":"11 March 2024","format":false,"excerpt":"Cykl o tym, jak wygl\u0105da\u0142a praktyka przyjmowania komunii \u015bw. przed reformami Piusa X z lat 1905-1910.","rel":"","context":"In &quot;Doktryna&quot;","block_context":{"text":"Doktryna","link":"https:\/\/wobronietradycjiiwiary.com\/en\/category\/doktryna\/"},"img":{"alt_text":"","src":"https:\/\/i0.wp.com\/wobronietradycjiiwiary.com\/wp-content\/uploads\/2024\/02\/French-First-Communion.webp?resize=350%2C200&ssl=1","width":350,"height":200,"srcset":"https:\/\/i0.wp.com\/wobronietradycjiiwiary.com\/wp-content\/uploads\/2024\/02\/French-First-Communion.webp?resize=350%2C200&ssl=1 1x, https:\/\/i0.wp.com\/wobronietradycjiiwiary.com\/wp-content\/uploads\/2024\/02\/French-First-Communion.webp?resize=525%2C300&ssl=1 1.5x"},"classes":[]},{"id":158845,"url":"https:\/\/wobronietradycjiiwiary.com\/en\/intencja-podczas-udzielania-sakramentow-1-z-6-kwestia-intencji\/","url_meta":{"origin":10505,"position":1},"title":"Intencja podczas sprawowania sakrament\u00f3w (1 z 6). Kwestia intencji.","author":"Traditio et Fides","date":"12 January 2026","format":false,"excerpt":"O tym, jak powinna wygl\u0105da\u0107 intencja kap\u0142ana powoduj\u0105ca - mi\u0119dzy innymi - wa\u017cno\u015b\u0107 sakramentu. Wprowadzenie.","rel":"","context":"In &quot;Doktryna&quot;","block_context":{"text":"Doktryna","link":"https:\/\/wobronietradycjiiwiary.com\/en\/category\/doktryna\/"},"img":{"alt_text":"","src":"https:\/\/i0.wp.com\/wobronietradycjiiwiary.com\/wp-content\/uploads\/2026\/01\/Pieter_Neeffs_-_A_Church_at_Night_with_a_Priest_celebrating_Mass_in_a_side_Chapel_-_MeisterDrucke-837370.jpg?resize=350%2C200&ssl=1","width":350,"height":200,"srcset":"https:\/\/i0.wp.com\/wobronietradycjiiwiary.com\/wp-content\/uploads\/2026\/01\/Pieter_Neeffs_-_A_Church_at_Night_with_a_Priest_celebrating_Mass_in_a_side_Chapel_-_MeisterDrucke-837370.jpg?resize=350%2C200&ssl=1 1x, https:\/\/i0.wp.com\/wobronietradycjiiwiary.com\/wp-content\/uploads\/2026\/01\/Pieter_Neeffs_-_A_Church_at_Night_with_a_Priest_celebrating_Mass_in_a_side_Chapel_-_MeisterDrucke-837370.jpg?resize=525%2C300&ssl=1 1.5x, https:\/\/i0.wp.com\/wobronietradycjiiwiary.com\/wp-content\/uploads\/2026\/01\/Pieter_Neeffs_-_A_Church_at_Night_with_a_Priest_celebrating_Mass_in_a_side_Chapel_-_MeisterDrucke-837370.jpg?resize=700%2C400&ssl=1 2x, https:\/\/i0.wp.com\/wobronietradycjiiwiary.com\/wp-content\/uploads\/2026\/01\/Pieter_Neeffs_-_A_Church_at_Night_with_a_Priest_celebrating_Mass_in_a_side_Chapel_-_MeisterDrucke-837370.jpg?resize=1050%2C600&ssl=1 3x"},"classes":[]},{"id":36215,"url":"https:\/\/wobronietradycjiiwiary.com\/en\/sw-tomasz-o-mszy-sw-6-2-z-6-3\/","url_meta":{"origin":10505,"position":2},"title":"\u015aw. Tomasz o Mszy \u015aw. (6.2 z 6.3).","author":"Traditio et Fides","date":"9 September 2020","format":false,"excerpt":"CZY PRZEPISY KO\u015aCIO\u0141A STANOWI\u0104 DOSTATECZN\u0104 GWARANCJ\u0118 UNIKNI\u0118CIA DEFORMACJI CELEBRY? Summ. theol., III q. 83 a. 6. corp. ad 1 - ad 3. A jednak ani B\u00f3g, ani Ko\u015bci\u00f3\u0142 nie nakazuje rzeczy niemo\u017cliwych. Komentarz: Pi\u0119kna maksyma, kt\u00f3r\u0105 nale\u017ca\u0142oby wykaligrafowa\u0107 i powiesi\u0107 sobie nad \u0142\u00f3\u017ckiem. A co jest niemo\u017cliwe? Co\u015b, co jest\u2026","rel":"","context":"In &quot;Duchowo\u015b\u0107&quot;","block_context":{"text":"Duchowo\u015b\u0107","link":"https:\/\/wobronietradycjiiwiary.com\/en\/category\/duchowosc\/"},"img":{"alt_text":"","src":"https:\/\/i0.wp.com\/wobronietradycjiiwiary.com\/wp-content\/uploads\/2020\/05\/Crucifixion_with_Saints_Angelico_1-e1394131582844.jpg?resize=350%2C200&ssl=1","width":350,"height":200,"srcset":"https:\/\/i0.wp.com\/wobronietradycjiiwiary.com\/wp-content\/uploads\/2020\/05\/Crucifixion_with_Saints_Angelico_1-e1394131582844.jpg?resize=350%2C200&ssl=1 1x, https:\/\/i0.wp.com\/wobronietradycjiiwiary.com\/wp-content\/uploads\/2020\/05\/Crucifixion_with_Saints_Angelico_1-e1394131582844.jpg?resize=525%2C300&ssl=1 1.5x"},"classes":[]},{"id":157992,"url":"https:\/\/wobronietradycjiiwiary.com\/en\/mater-populi-fidelis-lub-likwidacja-ontologicznego-wymiaru-maryi-3-z-5\/","url_meta":{"origin":10505,"position":3},"title":"Mater Populi fidelis lub likwidacja ontologicznego wymiaru Maryi (3 z 5). \u0141aski maryjne.","author":"Traditio et Fides","date":"22 December 2025","format":false,"excerpt":"O specjalnych \u0142askach maryjnych.","rel":"","context":"In &quot;Doktryna&quot;","block_context":{"text":"Doktryna","link":"https:\/\/wobronietradycjiiwiary.com\/en\/category\/doktryna\/"},"img":{"alt_text":"","src":"https:\/\/i0.wp.com\/wobronietradycjiiwiary.com\/wp-content\/uploads\/2025\/12\/Coredemptrix.webp?resize=350%2C200&ssl=1","width":350,"height":200,"srcset":"https:\/\/i0.wp.com\/wobronietradycjiiwiary.com\/wp-content\/uploads\/2025\/12\/Coredemptrix.webp?resize=350%2C200&ssl=1 1x, https:\/\/i0.wp.com\/wobronietradycjiiwiary.com\/wp-content\/uploads\/2025\/12\/Coredemptrix.webp?resize=525%2C300&ssl=1 1.5x, https:\/\/i0.wp.com\/wobronietradycjiiwiary.com\/wp-content\/uploads\/2025\/12\/Coredemptrix.webp?resize=700%2C400&ssl=1 2x"},"classes":[]},{"id":113424,"url":"https:\/\/wobronietradycjiiwiary.com\/en\/o-przyjmowaniu-komunii-sw-przed-reformami-piusa-x\/","url_meta":{"origin":10505,"position":4},"title":"O przyjmowaniu komunii \u015bw. przed reformami Piusa X","author":"Traditio et Fides","date":"27 February 2024","format":false,"excerpt":"O tym, \u017ce komunia przed reformami Piusa X udzielana by\u0142a po Mszy i o zaletach tego rozwi\u0105zania.","rel":"","context":"In &quot;Doktryna&quot;","block_context":{"text":"Doktryna","link":"https:\/\/wobronietradycjiiwiary.com\/en\/category\/doktryna\/"},"img":{"alt_text":"","src":"https:\/\/i0.wp.com\/wobronietradycjiiwiary.com\/wp-content\/uploads\/2024\/02\/1006px-Harriet_Backer_-_The_Holy_Communion_celebrated_in_Stange_Church_-_NG.M.00905_-_National_Museum_of_Art_Architecture_and_Design.jpg?resize=350%2C200&ssl=1","width":350,"height":200,"srcset":"https:\/\/i0.wp.com\/wobronietradycjiiwiary.com\/wp-content\/uploads\/2024\/02\/1006px-Harriet_Backer_-_The_Holy_Communion_celebrated_in_Stange_Church_-_NG.M.00905_-_National_Museum_of_Art_Architecture_and_Design.jpg?resize=350%2C200&ssl=1 1x, https:\/\/i0.wp.com\/wobronietradycjiiwiary.com\/wp-content\/uploads\/2024\/02\/1006px-Harriet_Backer_-_The_Holy_Communion_celebrated_in_Stange_Church_-_NG.M.00905_-_National_Museum_of_Art_Architecture_and_Design.jpg?resize=525%2C300&ssl=1 1.5x, https:\/\/i0.wp.com\/wobronietradycjiiwiary.com\/wp-content\/uploads\/2024\/02\/1006px-Harriet_Backer_-_The_Holy_Communion_celebrated_in_Stange_Church_-_NG.M.00905_-_National_Museum_of_Art_Architecture_and_Design.jpg?resize=700%2C400&ssl=1 2x"},"classes":[]},{"id":103386,"url":"https:\/\/wobronietradycjiiwiary.com\/en\/rozwazania-o-ratyfikacji-przeistoczenia-przez-lud\/","url_meta":{"origin":10505,"position":5},"title":"Rozwa\u017cania o ratyfikacji Przeistoczenia przez lud","author":"Traditio et Fides","date":"21 September 2023","format":false,"excerpt":"","rel":"","context":"In &quot;Ad 4) 1. Aktywne uczestnictwo&quot;","block_context":{"text":"Ad 4) 1. Aktywne uczestnictwo","link":"https:\/\/wobronietradycjiiwiary.com\/en\/category\/doktryna\/teologia-liturgii\/byrne-doktryna\/byrne\/komentarze-do-byrne\/ad-4-jan-xxiii\/ad-4-1-aktywne-uczestnictwo\/"},"img":{"alt_text":"","src":"https:\/\/i0.wp.com\/wobronietradycjiiwiary.com\/wp-content\/uploads\/2023\/09\/celebrating-holy-mass-1.jpg?resize=350%2C200&ssl=1","width":350,"height":200,"srcset":"https:\/\/i0.wp.com\/wobronietradycjiiwiary.com\/wp-content\/uploads\/2023\/09\/celebrating-holy-mass-1.jpg?resize=350%2C200&ssl=1 1x, https:\/\/i0.wp.com\/wobronietradycjiiwiary.com\/wp-content\/uploads\/2023\/09\/celebrating-holy-mass-1.jpg?resize=525%2C300&ssl=1 1.5x"},"classes":[]}],"amp_enabled":true,"jetpack_featured_media_url":"https:\/\/wobronietradycjiiwiary.com\/wp-content\/uploads\/2020\/04\/a66b8eb860630f3502c97fb29fc5de6e.jpg","_links":{"self":[{"href":"https:\/\/wobronietradycjiiwiary.com\/en\/wp-json\/wp\/v2\/posts\/10505","targetHints":{"allow":["GET"]}}],"collection":[{"href":"https:\/\/wobronietradycjiiwiary.com\/en\/wp-json\/wp\/v2\/posts"}],"about":[{"href":"https:\/\/wobronietradycjiiwiary.com\/en\/wp-json\/wp\/v2\/types\/post"}],"author":[{"embeddable":true,"href":"https:\/\/wobronietradycjiiwiary.com\/en\/wp-json\/wp\/v2\/users\/60508433"}],"replies":[{"embeddable":true,"href":"https:\/\/wobronietradycjiiwiary.com\/en\/wp-json\/wp\/v2\/comments?post=10505"}],"version-history":[{"count":1,"href":"https:\/\/wobronietradycjiiwiary.com\/en\/wp-json\/wp\/v2\/posts\/10505\/revisions"}],"predecessor-version":[{"id":157987,"href":"https:\/\/wobronietradycjiiwiary.com\/en\/wp-json\/wp\/v2\/posts\/10505\/revisions\/157987"}],"wp:featuredmedia":[{"embeddable":true,"href":"https:\/\/wobronietradycjiiwiary.com\/en\/wp-json\/wp\/v2\/media\/27891"}],"wp:attachment":[{"href":"https:\/\/wobronietradycjiiwiary.com\/en\/wp-json\/wp\/v2\/media?parent=10505"}],"wp:term":[{"taxonomy":"category","embeddable":true,"href":"https:\/\/wobronietradycjiiwiary.com\/en\/wp-json\/wp\/v2\/categories?post=10505"},{"taxonomy":"post_tag","embeddable":true,"href":"https:\/\/wobronietradycjiiwiary.com\/en\/wp-json\/wp\/v2\/tags?post=10505"}],"curies":[{"name":"wp","href":"https:\/\/api.w.org\/{rel}","templated":true}]}}