{"id":104560,"date":"2023-10-02T09:15:33","date_gmt":"2023-10-02T07:15:33","guid":{"rendered":"https:\/\/wobronietradycjiiwiary.com\/?p=104560"},"modified":"2025-02-10T11:15:06","modified_gmt":"2025-02-10T10:15:06","slug":"2-go-pazdziernika-uroczystosc-aniolow-strozy","status":"publish","type":"post","link":"https:\/\/wobronietradycjiiwiary.com\/en\/2-go-pazdziernika-uroczystosc-aniolow-strozy\/","title":{"rendered":"2-go pa\u017adziernika. Uroczysto\u015b\u0107 Anio\u0142\u00f3w Str\u00f3\u017cy."},"content":{"rendered":"<div id=\"bsf_rt_marker\"><\/div>\n<p class=\"has-text-align-center wp-block-paragraph\">Niegdy\u015b w pierwsz\u0105 Niedziel\u0119 Wrze\u015bnia.<\/p>\n\n\n\n<p class=\"has-text-align-center wp-block-paragraph\">(\u015awi\u0119to to ustanowione zosta\u0142o oko\u0142o roku Pa\u0144skiego tysi\u0105c sze\u015b\u0107set dziesi\u0105tego).<\/p>\n\n\n\n<p class=\"wp-block-paragraph\">LEKCYA (z drugiej ksi\u0119gi Moj\u017cesza rozdzia\u0142 23, wiersz 20\u201423).\u2009<\/p>\n\n\n\n<p class=\"has-text-align-justify wp-block-paragraph\">Te s\u0142owa m\u00f3wi Pan B\u00f3g: Oto ja po\u015bl\u0119 Anio\u0142a Mego kt\u00f3ryby szed\u0142 przed tob\u0105, i strzeg\u0142 na drodze i wyprowadzi\u0142 ci\u0119 na miejsce, kt\u00f3rem nagotowa\u0142. Szanuj go i s\u0142uchaj g\u0142osu jego, ani go lekce powa\u017caj: bo\u0107 nie opu\u015bci, kiedy zgrzeszysz, i jest imi\u0119 Moje w nim. A je\u015bli us\u0142uchasz g\u0142osu jego, a uczynisz wszystko co m\u00f3wi\u0119, nieprzyjacielem b\u0119d\u0119 nieprzyjacio\u0142om twoim i utrapi\u0119, kt\u00f3rzy ci\u0119 trapi\u0105 i p\u00f3jdzie Anio\u0142 M\u00f3j przed tob\u0105.<\/p>\n\n\n\n<p class=\"wp-block-paragraph\"><br>EWANGELIA (u \u015bwi\u0119tego Mateusza rozdzia\u0142 osiemnasty, wiersz 1\u201410).<\/p>\n\n\n\n<p class=\"has-text-align-justify wp-block-paragraph\">Wonczas przyszli do Jezusa uczniowie, m\u00f3wi\u0105c: Kto mniemasz wi\u0119kszym jest w Kr\u00f3lestwie niebieskiem? A Jezus, wezwawszy dzieci\u0119, postawi\u0142 w po\u015brodku nich i rzek\u0142: Zaprawd\u0119, powiadam wam, je\u015bli si\u0119 nie nawr\u00f3cicie i nie staniecie si\u0119 jako ma\u0142e dziatki, nie wejdziecie do Kr\u00f3lestwa niebieskiego. Kto si\u0119 tedy uni\u017cy jako to dzieci\u0105tko, ten jest wi\u0119kszy w Kr\u00f3lestwie niebieskiem. A ktoby przyj\u0105\u0142 jedno dzieci\u0105tko takowe w Imi\u0119 Moje, Mnie przyjmie. A ktoby zgorszy\u0142 jednego z tych ma\u0142ych, kt\u00f3rzy we Mnie wierz\u0105, lepiej mu, aby zawi\u0105zano kamie\u0144 m\u0142y\u0144ski u szyi jego i zatopiono go w g\u0142\u0119boko\u015bci morskiej. Biada \u015bwiatu dla zgorszenia! Albowiem musz\u0105 przyj\u015b\u0107 zgorszenia: a wszak\u017ce biada cz\u0142owiekowi onemu, przez kt\u00f3rego zgorszenie przychodzi. A je\u015bli r\u0119ka twoja, albo noga twoja gorszy ci\u0119, odetnij j\u0105 i rzu\u0107 od siebie. Lepiej tobie u\u0142omnym albo chromym wej\u015b\u0107 do \u017cywota, ni\u017ali maj\u0105c dwie r\u0119ce lub nogi, by\u0107 wrzuconym w ogie\u0144 wieczny. A je\u015bli oko twoje gorszy ci\u0119, wy\u0142up je i rzu\u0107 od siebie. Lepiej tobiej z jednem okiem wej\u015b\u0107 do \u017cywota, ni\u017c dwoje oczu maj\u0105c, by\u0107 wrzuconym do piek\u0142a ognistego. Patrzcie\u017c, aby\u015bcie nie wzgardzili jednym z tych ma\u0142ych, albowiem wam powiadam, \u017ce Anio\u0142owie ich w Niebie zawsze widz\u0105 oblicze Ojca Mego, kt\u00f3ry jest w Niebiesiech.<\/p>\n\n\n\n<hr class=\"wp-block-separator has-css-opacity\"\/>\n\n\n\n<p class=\"has-text-align-justify wp-block-paragraph\">\u2009Ko\u015bci\u00f3\u0142 katolicki obchodzi corocznie radosn\u0105 uroczysto\u015b\u0107 \u015bwi\u0119tych Anio\u0142\u00f3w Str\u00f3\u017cy, w kt\u00f3rej winni\u015bmy bra\u0107 serdeczny udzia\u0142.<br><\/p>\n\n\n\n<p class=\"has-text-align-justify wp-block-paragraph\">\u2009W sprawie Anio\u0142\u00f3w dowiadujemy si\u0119 z Pisma \u015bwi\u0119tego, \u017ce liczba ich jest daleko znaczniejsz\u0105, ani\u017celi si\u0119 domy\u015blamy, i \u017ce pod wzgl\u0119dem si\u0142, pi\u0119kno\u015bci i doskona\u0142o\u015bci dziel\u0105 si\u0119 oni na dziewi\u0119\u0107 ch\u00f3r\u00f3w czyli stopni, tak jak duchowie\u0144stwo Ko\u015bcio\u0142a katolickiego na okr\u0119gu ziemskim na dziewi\u0119\u0107 stopni si\u0119 dzieli, pocz\u0105wszy od prostego kap\u0142ana a\u017c do Papie\u017ca.<\/p>\n\n\n\n<p class=\"has-text-align-justify wp-block-paragraph\">\u2009Zast\u0119py one niebieskie i ch\u00f3ry duch\u00f3w pozostaj\u0105 wed\u0142ug rozporz\u0105dzenia wszechmocnego Stw\u00f3rcy w stosunku przyjaznym i przychylnym do nas ludzi. Pawe\u0142 \u015bwi\u0119ty (Hebrajczyk\u00f3w 1, 14), powiada: \u201eIzali wszyscy nie s\u0105 duchowie us\u0142uguj\u0105cy, na pos\u0142ug\u0119 pos\u0142ani do tych, kt\u00f3rzy dziedzictwo zbawienia wzi\u0105\u0107 maj\u0105?\u201c T\u0119 nauk\u0119 Aposto\u0142a, \u017ce B\u00f3g nie tylko z najni\u017cszego ch\u00f3ru, ale i z wy\u017cszych stopni Anio\u0142\u00f3w zsy\u0142a na \u015bwiat na dobro ludzi, stwierdzaj\u0105 liczne przyk\u0142ady Pisma \u015bwi\u0119tego. Czytamy na przyk\u0142ad w Biblii o wy\u017cszego rz\u0119du Aniele z mieczem p\u0142omienistym, kt\u00f3ry strze\u017ce wej\u015bcia do Raju, aby grzesznik cz\u0142owiek nie u\u017cywa\u0142 ju\u017c rozkoszy Raju ziemskiego, ale natomiast niebieskiego. M\u00f3wi opr\u00f3cz tego Pismo \u015bwi\u0119te, \u017ce Anio\u0142 Serafin oczy\u015bci\u0142 Prorokowi Izajaszowi usta \u017carz\u0105cym w\u0119glem. Rafa\u0142, kt\u00f3ry towarzyszy\u0142 tak troskliwie m\u0142odemu Tobiaszowi w czasie jego w\u0119dr\u00f3wki, by\u0142 jednym z siedmiu Anio\u0142\u00f3w, stoj\u0105cych przed majestatem Bo\u017cym; Gabryel znowu, co przyni\u00f3s\u0142 Naj\u015bw. Maryi Pannie pozdrowienie Niebios, by\u0142 jednym z Anio\u0142\u00f3w najwy\u017cszego rz\u0119du. Zaiste wi\u0119c, je\u017celi B\u00f3g, kt\u00f3ry nie po\u017ca\u0142owa\u0142 ofiary jednorodzonego Syna, lecz zes\u0142a\u0142 Go na \u015bwiat dla nas ludzi i na zbawienie nasze, jak\u017ceby ten B\u00f3g mia\u0142 powstrzyma\u0107 Swe s\u0142ugi od wzi\u0119cia udzia\u0142u w ocaleniu ludzko\u015bci? Ciesz si\u0119 przeto, duszo chrze\u015bcija\u0144ska, \u017ce wszyscy Anio\u0142owie Niebios s\u0105 gotowi biedz ci na pomoc i czekaj\u0105 na skinienie Ojca Przedwiecznego, mi\u0142uj\u0105cego ci\u0119 szczerze!<\/p>\n\n\n\n<p class=\"has-text-align-justify wp-block-paragraph\">\u017be ka\u017cdy cz\u0142owiek ma od chwili urodzenia Anio\u0142a opieku\u0144czego, tego ucz\u0105 jednozgodnie wszyscy Ojcowie Ko\u015bcio\u0142a i\u00a0katechizm rzymski. Na mocy Pisma \u015bwi\u0119tego powsta\u0142a natomiast w\u0105tpliwo\u015b\u0107, czy cz\u0142owiek osobny ma tylko jednego lub te\u017c kilku Anio\u0142\u00f3w Str\u00f3\u017cy. Na pytanie to odpowiadaj\u0105 zwykle, i\u017c ka\u017cdy cz\u0142owiek z pojedyncza miewa tylko jednego Anio\u0142a Str\u00f3\u017ca z urz\u0119du i szczeg\u00f3lnego Boskiego polecenia; wskutek rozkazu Boga wspiera go jednak kilku Anio\u0142\u00f3w, jak to po\u015bwiadcza Psalmista Pa\u0144ski: \u201eAlbowiem Anio\u0142om Swoim rozkaza\u0142 o tobie, aby ci\u0119 strzegli na wszystkich drogach twoich.\u201c (Psalm 90, 11). A Pan Jezus m\u00f3wi:\u00a0Powiadam wam, \u017ce tak b\u0119dzie rado\u015b\u0107 w Niebie nad jednym grzesznikiem pokut\u0119 czyni\u0105cym.\u201c (\u0141ukasz 15, 7). Opr\u00f3cz tego ucz\u0105 \u015bwi\u0119ci Doktorowie i \u015bwi\u0119ty Tomasz, \u017ce Papie\u017c\u00f3w, Biskup\u00f3w, Kr\u00f3l\u00f3w i innych wysokich dostojnik\u00f3w wspiera opr\u00f3cz Anio\u0142a, danego im od urodzenia, z dniem obj\u0119cia urz\u0119dowania jeszcze drugi Anio\u0142 wy\u017cszego rz\u0119du.<\/p>\n\n\n\n<p class=\"has-text-align-justify wp-block-paragraph\">Kilku za\u015b Ojc\u00f3w Ko\u015bcio\u0142a dzieli to przekonanie, \u017ce ka\u017cdy kraj, ka\u017cdy nar\u00f3d, ka\u017cdy nawet Ko\u015bci\u00f3\u0142 ma swego Anio\u0142a Str\u00f3\u017ca. Ko\u015bci\u00f3\u0142 katolicki czci swego Anio\u0142a Str\u00f3\u017ca w Archaniele Michale, kt\u00f3ry wed\u0142ug \u015bwiadectwa Proroka Daniela ju\u017c by\u0142 Opiekunem b\u00f3\u017cnicy.<br><\/p>\n\n\n\n<p class=\"has-text-align-justify wp-block-paragraph\">Trojak\u0105 jest pomoc, jak\u0105 otrzymujemy od Anio\u0142\u00f3w Str\u00f3\u017cy:<\/p>\n\n\n\n<p class=\"has-text-align-justify wp-block-paragraph\">1)\u00a0Modl\u0105 si\u0119 za nas. I tak m\u00f3wi\u0142 Rafa\u0142 do Tobiasza: \u201eGdy\u015b si\u0119 modli\u0142 z p\u0142aczem, i pogrzeba\u0142e\u015b umar\u0142e, jam ofiarowa\u0142 twoj\u0105 modlitw\u0119 Panu.\u201c (Tobiasza 12, 12). R\u0119ce Anio\u0142\u00f3w zanosz\u0105 kadzid\u0142o mod\u0142\u00f3w naszych przed tron Najwy\u017cszego, nie dlatego, jakoby B\u00f3g bez pos\u0142ugi Anio\u0142\u00f3w o naszych mod\u0142ach nie wiedzia\u0142, lecz a\u017ceby nasze b\u0142agalne pro\u015bby po\u0142\u0105czone z ich mod\u0142ami milszemi mu by\u0142y. Podczas Mszy \u015bwi\u0119tej m\u00f3wi kap\u0142an: \u201ePozw\u00f3l t\u0119 Ofiar\u0119 r\u0119koma Anio\u0142a \u015bwi\u0119tego zanie\u015b\u0107 przed Sw\u00f3j wznios\u0142y o\u0142tarz i oblicze Swego majestatu Boskiego\u201c, a m\u00f3wi to dlatego, aby ta ofiara by\u0142a Panu nad pany tem milsz\u0105.<\/p>\n\n\n\n<p class=\"has-text-align-justify wp-block-paragraph\">\u20092)\u00a0Napominaj\u0105 nas do dobrego. Anio\u0142owie napominali setnika Korneliusza, a\u017ceby przywo\u0142a\u0142 do siebie \u015bwi\u0119tego Piotra, kt\u00f3ry go mia\u0142 uczy\u0107 wiary i przywie\u015b\u0107 na drog\u0119 zbawienia. Anio\u0142 oswobodzi\u0142 Aposto\u0142\u00f3w z wi\u0119zienia w Jerozolimie i zach\u0119ci\u0142 ich do sumiennego pe\u0142nienia powinno\u015bci swego urz\u0119du, m\u00f3wi\u0105c: \u201eId\u017acie\u017c, a stan\u0105wszy powiadajcie ludowi w ko\u015bciele wszystkie s\u0142owa \u017cywota tego.\u201c (Dzieje Apostolskie 5, 20). \u015awi\u0119ty Pawe\u0142 wyra\u017anie powiada, \u017ce Anio\u0142owie dodani nam s\u0105 do boku w tym celu, aby nam s\u0142u\u017cyli i aby\u015bmy za ich pomoc\u0105 osi\u0105gn\u0119li wieczne zbawienie. Sam nawet Pan Jezus pozwoli\u0142 Anio\u0142owi doda\u0107 Sobie si\u0142y w Getsemane, aby m\u00f3g\u0142 spe\u0142ni\u0107 kielich cierpienia. Anio\u0142owie oddaj\u0105 nam t\u0119 wa\u017cn\u0105 przys\u0142ug\u0119 tym sposobem, \u017ce o\u015bwiecaj\u0105 nasz rozum, wzruszaj\u0105 serce i wol\u0119 nasz\u0105 kieruj\u0105 ku dobremu. Je\u015bli si\u0119 wi\u0119c zapytamy: \u201eJak\u017ce mo\u017ce Anio\u0142 wywiera\u0107 wp\u0142yw na rozum i wol\u0119 nasz\u0105\u201c, to winni\u015bmy spami\u0119ta\u0107 sobie nast\u0119puj\u0105c\u0105 odpowied\u017a: Je\u015bli nawet zewn\u0119trzne i martwe przedmioty, jak np. obraz lub ksi\u0105\u017cka, mog\u0105 podzia\u0142a\u0107 na my\u015bli i \u017cyczenia nasze, czemu\u017cby Anio\u0142owie nie mieli w nas wywo\u0142a\u0107 takich wra\u017ce\u0144.<\/p>\n\n\n\n<p class=\"has-text-align-justify wp-block-paragraph\">\u20093)\u00a0Anio\u0142owie broni\u0105 cia\u0142a i duszy naszej. Uznaj\u0105c si\u0142\u0119 i skuteczno\u015b\u0107 tej obrony we wszystkich po\u0142o\u017ceniach i stosunkach \u017cycia, wo\u0142a Psalmista Pa\u0144ski: \u201eNie przyst\u0105pi do ciebie z\u0142e, i nie przybli\u017cy si\u0119 bicz do przybytku twego. Albowiem Anio\u0142om Swoim rozkaza\u0142 tobie, aby ci\u0119 strzegli na wszystkich drogach twoich. Na r\u0119ku b\u0119d\u0105 ci\u0119 nosi\u0107, by\u015b sna\u0107 nie obrazi\u0142 o kamie\u0144 nogi twojej.\u201c (Psalm 90, 10\u201412). Gdy przysz\u0142a godzina kary Bo\u017cej na Sodom\u0119, a deszcz ognisty z Nieba pada\u0107 pocz\u0105\u0142, Anio\u0142owie naglili Lota do po\u015bpiechu: \u201eWsta\u0144, we\u017amij \u017con\u0119 twoj\u0105 i dwie c\u00f3rki, kt\u00f3re masz, aby\u015b i ty pospo\u0142u nie zgin\u0105\u0142 we z\u0142o\u015bci miasta.\u201c (Ksi\u0119ga Rodzaju 19, 15). A gdy si\u0119 oci\u0105ga\u0142, pochwycili go za rami\u0119 i wyprowadzili; tak mocno si\u0119 troszczyli o \u017cycie jego. Bogobojna Judyta, s\u0142ynna pogromczyni Holofernesa, zar\u0119cza\u0142a wsp\u00f3\u0142ziomkom: \u201eA \u017cywie sam Pan, \u017ce mi\u0119 strzeg\u0142 Anio\u0142 Jego, i st\u0105d id\u0105c\u0105, i tam mieszkaj\u0105c\u0105, i stamt\u0105d si\u0119 wracaj\u0105c\u0105.\u201c (Judyty 13, 20). M\u0142ody Tobiasz, przej\u0119ty wdzi\u0119czno\u015bci\u0105 wzgl\u0119dem Anio\u0142a opieku\u0144czego, zasi\u0119ga rady rodzica w tych\u00a0s\u0142owach: \u201eOjcze, co mu za zap\u0142at\u0119 damy, albo co mo\u017ce by\u0107 godnego dobrodziejstw jego? Mnie prowadzi\u0142 i przyprowadzi\u0142 zdrowego, pieni\u0105dze od Gabela on odebra\u0142, \u017con\u0119 on mi zjedna\u0142, i czarta od niej on zahamowa\u0142, rado\u015b\u0107 rodzicom jej uczyni\u0142, mnie samego od po\u017carcia ryby wybawi\u0142, tobie te\u017c uczyni\u0142, \u017ce widzisz \u015bwiat\u0142o\u015b\u0107 niebiesk\u0105, i wszego dobra jeste\u015bmy nape\u0142nieni przeze\u0144. C\u00f3\u017c mu za to mo\u017cemy da\u0107 s\u0142usznego?\u201c (Tobiasza 12, 2. 3).<\/p>\n\n\n\n<h2 class=\"wp-block-heading\"><strong>Nauka moralna.<\/strong><\/h2>\n\n\n\n<p class=\"has-text-align-justify wp-block-paragraph\">\u2009Na pytanie m\u0142odego Tobiasza, kt\u00f3re mu dyktowa\u0142o poczucie obowi\u0105zuj\u0105ce go wobec Anio\u0142a Str\u00f3\u017ca, odpowiada Ko\u015bci\u00f3\u0142 \u015bwi\u0119ty przez usta \u015bwi\u0119tego Bernarda:<\/p>\n\n\n\n<p class=\"has-text-align-justify wp-block-paragraph\"><br>\u20091) Winni\u015bmy cze\u015b\u0107 przynale\u017cn\u0105 tak wznios\u0142ym istotom, kt\u00f3re przewy\u017cszaj\u0105 wszystkich \u015bmiertelnych m\u0105dro\u015bci\u0105, dzier\u017c\u0105 wszystkie dary Ducha \u015bwi\u0119tego i posiadaj\u0105 wszystkie cnoty i szcz\u0119\u015bcie wiekuiste. Uwa\u017cajmy w nich nie tylko stworzenia godne czci i ciesz\u0105ce si\u0119 \u0142ask\u0105 Bo\u017c\u0105, ale zarazem wys\u0142a\u0144c\u00f3w Ojca niebieskiego i wyobrazicieli Jego mi\u0142osierdzia i troskliwo\u015bci o dobro nasze cielesne i duchowe.<\/p>\n\n\n\n<p class=\"has-text-align-justify wp-block-paragraph\"><br>\u20092) Winni\u015bmy im wdzi\u0119czno\u015b\u0107. Dobrodziejstwa, kt\u00f3remi nas darzyli od dnia urodzenia naszego, pot\u0119ga ich wstawiania si\u0119 za nami do Boga m\u0105dro\u015b\u0107 ich przestr\u00f3g i napomnie\u0144, a nadto ich gotowo\u015b\u0107 pomocy jest tak wielk\u0105, \u017ce trudno nam odgadn\u0105\u0107, jak im si\u0119 za to wszystko odwdzi\u0119czy\u0107 nale\u017cy. Ub\u00f3stwo nasze starczy nam tylko na okazanie im s\u0142owami wdzi\u0119czno\u015bci, na wys\u0142awianie szcz\u0119\u015bcia, jakiego doznaj\u0105 w Niebie, na podziwianie gotowo\u015bci, z jak\u0105 nam czyni\u0105 tak rozliczne przys\u0142ugi, z kt\u00f3rych nie zawsze korzystamy na u\u015bwi\u0119cenie \u017cywota naszego.<\/p>\n\n\n\n<p class=\"has-text-align-justify wp-block-paragraph\"><br>\u20093) Nasze zaufanie do Anio\u0142\u00f3w Str\u00f3\u017cy winno by\u0107 bezwarunkowe. Z jednej strony s\u0105 oni pohopni i sk\u0142onni do opiekowania si\u0119 nami, ale z drugiej s\u0105 s\u0142ugami Boga, poddanymi Jego \u015bwi\u0119tej woli i gotowymi pe\u0142ni\u0107 Jego rozkazy. Wol\u0105 Boga jest, aby\u015bmy Go b\u0142agali o Jego \u015bwi\u0119t\u0105 \u0142ask\u0119 i prosili Anio\u0142\u00f3w Str\u00f3\u017cy o \u0142askawe ich po\u015brednictwo. Gdyby nam udzielali opieki i pomocy bez pro\u015bby naszej, nie \u015bwiadczyliby nam dobrodziejstwa, lecz narzucaliby nam si\u0119 wbrew woli naszej. S\u0142usznie przeto m\u00f3wi \u015bwi\u0119ty Bernard: \u201eJe\u015bli was nawiedza\u0107 b\u0119dzie pokusa albo utrapienie, pro\u015bcie o pomoc tego, kt\u00f3ry was strze\u017ce, kt\u00f3ry jest waszym przewodnikiem, kt\u00f3ry wam nie odmawia swej pomocy w cierpieniu.\u201c Aby nas do takiego zaufania zach\u0119ci\u0107, Ojciec \u015bwi\u0119ty Pius VII przeznaczy\u0142 sto dni odpustu dla tych, kt\u00f3rzy z nabo\u017ce\u0144stwem odm\u00f3wi\u0105 nast\u0119puj\u0105c\u0105<br><\/p>\n\n\n\n<h2 class=\"wp-block-heading\"><strong>Modlitw\u0119.<\/strong><\/h2>\n\n\n\n<blockquote class=\"wp-block-quote is-layout-flow wp-block-quote-is-layout-flow\">\n<p class=\"wp-block-paragraph\">\u2009Aniele Bo\u017cy, Str\u00f3\u017cu m\u00f3j, mnie Tobie z dobroci Boskiej poleconego strze\u017c, rz\u0105d\u017a i kieruj. Amen.<\/p>\n\n\n\n<p class=\"has-text-align-justify wp-block-paragraph\"><br>\u2009Modlitwa powy\u017csza zapewnia odpust ka\u017cdemu, kt\u00f3ry t\u0119 modlitewk\u0119 przez ca\u0142y rok co dzie\u0144 rano i wiecz\u00f3r odmawia. Odpust ten mo\u017ce by\u0107 r\u00f3wnie\u017c ofiarowany za dusze pozostaj\u0105ce w czy\u015b\u0107cu.<\/p>\n<\/blockquote>","protected":false},"excerpt":{"rendered":"<p>Z pewno\u015bci\u0105 ka\u017cdy ochrzczony, a by\u0107 mo\u017ce nawet ka\u017cdy cz\u0142owiek ma swojego Anio\u0142a Str\u00f3\u017ca. Przydzia\u0142 jest na ca\u0142e \u017cycie, cz\u0142owieka nie anio\u0142a, a anio\u0142 troszczy si\u0119 ch\u0119tnie, skoro taka wola Bo\u017ca. Nie wiemy, co wszystko naszemu anio\u0142owi zawdzi\u0119czamy.<\/p>","protected":false},"author":60508433,"featured_media":52162,"comment_status":"open","ping_status":"open","sticky":false,"template":"","format":"standard","meta":{"_bbp_topic_count":0,"_bbp_reply_count":0,"_bbp_total_topic_count":0,"_bbp_total_reply_count":0,"_bbp_voice_count":0,"_bbp_anonymous_reply_count":0,"_bbp_topic_count_hidden":0,"_bbp_reply_count_hidden":0,"_bbp_forum_subforum_count":0,"_editorskit_title_hidden":false,"_editorskit_reading_time":6,"_editorskit_is_block_options_detached":false,"_editorskit_block_options_position":"{}","_coblocks_attr":"","_coblocks_dimensions":"","_coblocks_responsive_height":"","_coblocks_accordion_ie_support":"","_exactmetrics_skip_tracking":false,"_jetpack_newsletter_access":"","_jetpack_dont_email_post_to_subs":false,"_jetpack_newsletter_tier_id":0,"_jetpack_memberships_contains_paywalled_content":false,"_wpcom_ai_launchpad_first_post":false,"_jetpack_feature_clip_id":0,"_jetpack_memberships_contains_paid_content":false,"footnotes":"","jetpack_publicize_message":"{title}\n\n{excerpt}\n\n{url}","jetpack_publicize_feature_enabled":true,"jetpack_social_post_already_shared":true,"jetpack_social_options":{"image_generator_settings":{"template":"highway","default_image_id":0,"font":"","enabled":false},"version":2},"_wpas_customize_per_network":false,"jetpack_post_was_ever_published":false},"categories":[610131825,610131184,336375535,610131268,610131155],"tags":[],"class_list":["post-104560","post","type-post","status-publish","format-standard","has-post-thumbnail","hentry","category-swieta-w-pazdzierniku","category-duchowosc","category-liturgia-i-liturgika","category-rok-liturgiczny","category-rozwazania"],"yoast_head":"<!-- This site is optimized with the Yoast SEO plugin v28.4 - https:\/\/yoast.com\/product\/yoast-seo-wordpress\/ -->\n<title>2-go pa\u017adziernika. Uroczysto\u015b\u0107 Anio\u0142\u00f3w Str\u00f3\u017cy. - Tradycja i Wiara<\/title>\n<meta name=\"robots\" content=\"index, follow, max-snippet:-1, max-image-preview:large, max-video-preview:-1\" \/>\n<link rel=\"canonical\" href=\"https:\/\/wobronietradycjiiwiary.com\/en\/2-go-pazdziernika-uroczystosc-aniolow-strozy\/\" \/>\n<meta property=\"og:locale\" content=\"en_US\" \/>\n<meta property=\"og:type\" content=\"article\" \/>\n<meta property=\"og:title\" content=\"2-go pa\u017adziernika. Uroczysto\u015b\u0107 Anio\u0142\u00f3w Str\u00f3\u017cy. - Tradycja i Wiara\" \/>\n<meta property=\"og:description\" content=\"Z pewno\u015bci\u0105 ka\u017cdy ochrzczony, a by\u0107 mo\u017ce nawet ka\u017cdy cz\u0142owiek ma swojego Anio\u0142a Str\u00f3\u017ca. Przydzia\u0142 jest na ca\u0142e \u017cycie, cz\u0142owieka nie anio\u0142a, a anio\u0142 troszczy si\u0119 ch\u0119tnie, skoro taka wola Bo\u017ca. Nie wiemy, co wszystko naszemu anio\u0142owi zawdzi\u0119czamy.\" \/>\n<meta property=\"og:url\" content=\"https:\/\/wobronietradycjiiwiary.com\/en\/2-go-pazdziernika-uroczystosc-aniolow-strozy\/\" \/>\n<meta property=\"og:site_name\" content=\"Tradycja i Wiara\" \/>\n<meta property=\"article:publisher\" content=\"https:\/\/www.facebook.com\/Tradycja-i-Wiara-108813920592249\" \/>\n<meta property=\"article:published_time\" content=\"2023-10-02T07:15:33+00:00\" \/>\n<meta property=\"article:modified_time\" content=\"2025-02-10T10:15:06+00:00\" \/>\n<meta property=\"og:image\" content=\"https:\/\/wobronietradycjiiwiary.com\/wp-content\/uploads\/2021\/08\/Aniol-Stroz.jpg\" \/>\n\t<meta property=\"og:image:width\" content=\"413\" \/>\n\t<meta property=\"og:image:height\" content=\"480\" \/>\n\t<meta property=\"og:image:type\" content=\"image\/jpeg\" \/>\n<meta name=\"author\" content=\"Traditio et Fides\" \/>\n<meta name=\"twitter:card\" content=\"summary_large_image\" \/>\n<meta name=\"twitter:label1\" content=\"Written by\" \/>\n\t<meta name=\"twitter:data1\" content=\"Traditio et Fides\" \/>\n\t<meta name=\"twitter:label2\" content=\"Est. reading time\" \/>\n\t<meta name=\"twitter:data2\" content=\"10 minutes\" \/>\n<script type=\"application\/ld+json\" class=\"yoast-schema-graph\">{\"@context\":\"https:\\\/\\\/schema.org\",\"@graph\":[{\"@type\":\"Article\",\"@id\":\"https:\\\/\\\/wobronietradycjiiwiary.com\\\/2-go-pazdziernika-uroczystosc-aniolow-strozy\\\/#article\",\"isPartOf\":{\"@id\":\"https:\\\/\\\/wobronietradycjiiwiary.com\\\/2-go-pazdziernika-uroczystosc-aniolow-strozy\\\/\"},\"author\":{\"name\":\"Traditio et Fides\",\"@id\":\"https:\\\/\\\/wobronietradycjiiwiary.com\\\/pl\\\/#\\\/schema\\\/person\\\/2d6180ce6abcb681fef0daab7816e8f3\"},\"headline\":\"2-go pa\u017adziernika. Uroczysto\u015b\u0107 Anio\u0142\u00f3w Str\u00f3\u017cy.\",\"datePublished\":\"2023-10-02T07:15:33+00:00\",\"dateModified\":\"2025-02-10T10:15:06+00:00\",\"mainEntityOfPage\":{\"@id\":\"https:\\\/\\\/wobronietradycjiiwiary.com\\\/2-go-pazdziernika-uroczystosc-aniolow-strozy\\\/\"},\"wordCount\":1992,\"commentCount\":0,\"publisher\":{\"@id\":\"https:\\\/\\\/wobronietradycjiiwiary.com\\\/pl\\\/#organization\"},\"image\":{\"@id\":\"https:\\\/\\\/wobronietradycjiiwiary.com\\\/2-go-pazdziernika-uroczystosc-aniolow-strozy\\\/#primaryimage\"},\"thumbnailUrl\":\"https:\\\/\\\/wobronietradycjiiwiary.com\\\/wp-content\\\/uploads\\\/2021\\\/08\\\/Aniol-Stroz.jpg\",\"articleSection\":[\"10. \u015awi\u0119ta w pa\u017adzierniku\",\"Duchowo\u015b\u0107\",\"Liturgia i liturgika\",\"Rok liturgiczny\",\"Rozwa\u017cania liturgiczne\"],\"inLanguage\":\"en-US\",\"potentialAction\":[{\"@type\":\"CommentAction\",\"name\":\"Comment\",\"target\":[\"https:\\\/\\\/wobronietradycjiiwiary.com\\\/2-go-pazdziernika-uroczystosc-aniolow-strozy\\\/#respond\"]}]},{\"@type\":\"WebPage\",\"@id\":\"https:\\\/\\\/wobronietradycjiiwiary.com\\\/2-go-pazdziernika-uroczystosc-aniolow-strozy\\\/\",\"url\":\"https:\\\/\\\/wobronietradycjiiwiary.com\\\/2-go-pazdziernika-uroczystosc-aniolow-strozy\\\/\",\"name\":\"2-go pa\u017adziernika. Uroczysto\u015b\u0107 Anio\u0142\u00f3w Str\u00f3\u017cy. - Tradycja i Wiara\",\"isPartOf\":{\"@id\":\"https:\\\/\\\/wobronietradycjiiwiary.com\\\/pl\\\/#website\"},\"primaryImageOfPage\":{\"@id\":\"https:\\\/\\\/wobronietradycjiiwiary.com\\\/2-go-pazdziernika-uroczystosc-aniolow-strozy\\\/#primaryimage\"},\"image\":{\"@id\":\"https:\\\/\\\/wobronietradycjiiwiary.com\\\/2-go-pazdziernika-uroczystosc-aniolow-strozy\\\/#primaryimage\"},\"thumbnailUrl\":\"https:\\\/\\\/wobronietradycjiiwiary.com\\\/wp-content\\\/uploads\\\/2021\\\/08\\\/Aniol-Stroz.jpg\",\"datePublished\":\"2023-10-02T07:15:33+00:00\",\"dateModified\":\"2025-02-10T10:15:06+00:00\",\"breadcrumb\":{\"@id\":\"https:\\\/\\\/wobronietradycjiiwiary.com\\\/2-go-pazdziernika-uroczystosc-aniolow-strozy\\\/#breadcrumb\"},\"inLanguage\":\"en-US\",\"potentialAction\":[{\"@type\":\"ReadAction\",\"target\":[\"https:\\\/\\\/wobronietradycjiiwiary.com\\\/2-go-pazdziernika-uroczystosc-aniolow-strozy\\\/\"]}]},{\"@type\":\"ImageObject\",\"inLanguage\":\"en-US\",\"@id\":\"https:\\\/\\\/wobronietradycjiiwiary.com\\\/2-go-pazdziernika-uroczystosc-aniolow-strozy\\\/#primaryimage\",\"url\":\"https:\\\/\\\/wobronietradycjiiwiary.com\\\/wp-content\\\/uploads\\\/2021\\\/08\\\/Aniol-Stroz.jpg\",\"contentUrl\":\"https:\\\/\\\/wobronietradycjiiwiary.com\\\/wp-content\\\/uploads\\\/2021\\\/08\\\/Aniol-Stroz.jpg\",\"width\":413,\"height\":480},{\"@type\":\"BreadcrumbList\",\"@id\":\"https:\\\/\\\/wobronietradycjiiwiary.com\\\/2-go-pazdziernika-uroczystosc-aniolow-strozy\\\/#breadcrumb\",\"itemListElement\":[{\"@type\":\"ListItem\",\"position\":1,\"name\":\"Strona g\u0142\u00f3wna\",\"item\":\"https:\\\/\\\/wobronietradycjiiwiary.com\\\/\"},{\"@type\":\"ListItem\",\"position\":2,\"name\":\"2-go pa\u017adziernika. Uroczysto\u015b\u0107 Anio\u0142\u00f3w Str\u00f3\u017cy.\"}]},{\"@type\":\"WebSite\",\"@id\":\"https:\\\/\\\/wobronietradycjiiwiary.com\\\/pl\\\/#website\",\"url\":\"https:\\\/\\\/wobronietradycjiiwiary.com\\\/pl\\\/\",\"name\":\"Tradycja i Wiara\",\"description\":\"Portal dla katolik\u00f3w.\",\"publisher\":{\"@id\":\"https:\\\/\\\/wobronietradycjiiwiary.com\\\/pl\\\/#organization\"},\"potentialAction\":[{\"@type\":\"SearchAction\",\"target\":{\"@type\":\"EntryPoint\",\"urlTemplate\":\"https:\\\/\\\/wobronietradycjiiwiary.com\\\/pl\\\/?s={search_term_string}\"},\"query-input\":{\"@type\":\"PropertyValueSpecification\",\"valueRequired\":true,\"valueName\":\"search_term_string\"}}],\"inLanguage\":\"en-US\"},{\"@type\":\"Organization\",\"@id\":\"https:\\\/\\\/wobronietradycjiiwiary.com\\\/pl\\\/#organization\",\"name\":\"Tradycja i Wiara\",\"url\":\"https:\\\/\\\/wobronietradycjiiwiary.com\\\/pl\\\/\",\"logo\":{\"@type\":\"ImageObject\",\"inLanguage\":\"en-US\",\"@id\":\"https:\\\/\\\/wobronietradycjiiwiary.com\\\/pl\\\/#\\\/schema\\\/logo\\\/image\\\/\",\"url\":\"https:\\\/\\\/i0.wp.com\\\/wobronietradycjiiwiary.com\\\/wp-content\\\/uploads\\\/2015\\\/10\\\/cropped-st-peters-dome-vatican.jpg?fit=940%2C198&ssl=1\",\"contentUrl\":\"https:\\\/\\\/i0.wp.com\\\/wobronietradycjiiwiary.com\\\/wp-content\\\/uploads\\\/2015\\\/10\\\/cropped-st-peters-dome-vatican.jpg?fit=940%2C198&ssl=1\",\"width\":940,\"height\":198,\"caption\":\"Tradycja i Wiara\"},\"image\":{\"@id\":\"https:\\\/\\\/wobronietradycjiiwiary.com\\\/pl\\\/#\\\/schema\\\/logo\\\/image\\\/\"},\"sameAs\":[\"https:\\\/\\\/www.facebook.com\\\/Tradycja-i-Wiara-108813920592249\"]},{\"@type\":\"Person\",\"@id\":\"https:\\\/\\\/wobronietradycjiiwiary.com\\\/pl\\\/#\\\/schema\\\/person\\\/2d6180ce6abcb681fef0daab7816e8f3\",\"name\":\"Traditio et Fides\",\"sameAs\":[\"https:\\\/\\\/traditionundglauben.com\"],\"url\":\"https:\\\/\\\/wobronietradycjiiwiary.com\\\/en\\\/author\\\/wobronietradycjiiwiary\\\/\"}]}<\/script>\n<!-- \/ Yoast SEO plugin. -->","yoast_head_json":{"title":"2-go pa\u017adziernika. Uroczysto\u015b\u0107 Anio\u0142\u00f3w Str\u00f3\u017cy. - Tradycja i Wiara","robots":{"index":"index","follow":"follow","max-snippet":"max-snippet:-1","max-image-preview":"max-image-preview:large","max-video-preview":"max-video-preview:-1"},"canonical":"https:\/\/wobronietradycjiiwiary.com\/en\/2-go-pazdziernika-uroczystosc-aniolow-strozy\/","og_locale":"en_US","og_type":"article","og_title":"2-go pa\u017adziernika. Uroczysto\u015b\u0107 Anio\u0142\u00f3w Str\u00f3\u017cy. - Tradycja i Wiara","og_description":"Z pewno\u015bci\u0105 ka\u017cdy ochrzczony, a by\u0107 mo\u017ce nawet ka\u017cdy cz\u0142owiek ma swojego Anio\u0142a Str\u00f3\u017ca. Przydzia\u0142 jest na ca\u0142e \u017cycie, cz\u0142owieka nie anio\u0142a, a anio\u0142 troszczy si\u0119 ch\u0119tnie, skoro taka wola Bo\u017ca. Nie wiemy, co wszystko naszemu anio\u0142owi zawdzi\u0119czamy.","og_url":"https:\/\/wobronietradycjiiwiary.com\/en\/2-go-pazdziernika-uroczystosc-aniolow-strozy\/","og_site_name":"Tradycja i Wiara","article_publisher":"https:\/\/www.facebook.com\/Tradycja-i-Wiara-108813920592249","article_published_time":"2023-10-02T07:15:33+00:00","article_modified_time":"2025-02-10T10:15:06+00:00","og_image":[{"width":413,"height":480,"url":"https:\/\/wobronietradycjiiwiary.com\/wp-content\/uploads\/2021\/08\/Aniol-Stroz.jpg","type":"image\/jpeg"}],"author":"Traditio et Fides","twitter_card":"summary_large_image","twitter_misc":{"Written by":"Traditio et Fides","Est. reading time":"10 minutes"},"schema":{"@context":"https:\/\/schema.org","@graph":[{"@type":"Article","@id":"https:\/\/wobronietradycjiiwiary.com\/2-go-pazdziernika-uroczystosc-aniolow-strozy\/#article","isPartOf":{"@id":"https:\/\/wobronietradycjiiwiary.com\/2-go-pazdziernika-uroczystosc-aniolow-strozy\/"},"author":{"name":"Traditio et Fides","@id":"https:\/\/wobronietradycjiiwiary.com\/pl\/#\/schema\/person\/2d6180ce6abcb681fef0daab7816e8f3"},"headline":"2-go pa\u017adziernika. Uroczysto\u015b\u0107 Anio\u0142\u00f3w Str\u00f3\u017cy.","datePublished":"2023-10-02T07:15:33+00:00","dateModified":"2025-02-10T10:15:06+00:00","mainEntityOfPage":{"@id":"https:\/\/wobronietradycjiiwiary.com\/2-go-pazdziernika-uroczystosc-aniolow-strozy\/"},"wordCount":1992,"commentCount":0,"publisher":{"@id":"https:\/\/wobronietradycjiiwiary.com\/pl\/#organization"},"image":{"@id":"https:\/\/wobronietradycjiiwiary.com\/2-go-pazdziernika-uroczystosc-aniolow-strozy\/#primaryimage"},"thumbnailUrl":"https:\/\/wobronietradycjiiwiary.com\/wp-content\/uploads\/2021\/08\/Aniol-Stroz.jpg","articleSection":["10. \u015awi\u0119ta w pa\u017adzierniku","Duchowo\u015b\u0107","Liturgia i liturgika","Rok liturgiczny","Rozwa\u017cania liturgiczne"],"inLanguage":"en-US","potentialAction":[{"@type":"CommentAction","name":"Comment","target":["https:\/\/wobronietradycjiiwiary.com\/2-go-pazdziernika-uroczystosc-aniolow-strozy\/#respond"]}]},{"@type":"WebPage","@id":"https:\/\/wobronietradycjiiwiary.com\/2-go-pazdziernika-uroczystosc-aniolow-strozy\/","url":"https:\/\/wobronietradycjiiwiary.com\/2-go-pazdziernika-uroczystosc-aniolow-strozy\/","name":"2-go pa\u017adziernika. Uroczysto\u015b\u0107 Anio\u0142\u00f3w Str\u00f3\u017cy. - Tradycja i Wiara","isPartOf":{"@id":"https:\/\/wobronietradycjiiwiary.com\/pl\/#website"},"primaryImageOfPage":{"@id":"https:\/\/wobronietradycjiiwiary.com\/2-go-pazdziernika-uroczystosc-aniolow-strozy\/#primaryimage"},"image":{"@id":"https:\/\/wobronietradycjiiwiary.com\/2-go-pazdziernika-uroczystosc-aniolow-strozy\/#primaryimage"},"thumbnailUrl":"https:\/\/wobronietradycjiiwiary.com\/wp-content\/uploads\/2021\/08\/Aniol-Stroz.jpg","datePublished":"2023-10-02T07:15:33+00:00","dateModified":"2025-02-10T10:15:06+00:00","breadcrumb":{"@id":"https:\/\/wobronietradycjiiwiary.com\/2-go-pazdziernika-uroczystosc-aniolow-strozy\/#breadcrumb"},"inLanguage":"en-US","potentialAction":[{"@type":"ReadAction","target":["https:\/\/wobronietradycjiiwiary.com\/2-go-pazdziernika-uroczystosc-aniolow-strozy\/"]}]},{"@type":"ImageObject","inLanguage":"en-US","@id":"https:\/\/wobronietradycjiiwiary.com\/2-go-pazdziernika-uroczystosc-aniolow-strozy\/#primaryimage","url":"https:\/\/wobronietradycjiiwiary.com\/wp-content\/uploads\/2021\/08\/Aniol-Stroz.jpg","contentUrl":"https:\/\/wobronietradycjiiwiary.com\/wp-content\/uploads\/2021\/08\/Aniol-Stroz.jpg","width":413,"height":480},{"@type":"BreadcrumbList","@id":"https:\/\/wobronietradycjiiwiary.com\/2-go-pazdziernika-uroczystosc-aniolow-strozy\/#breadcrumb","itemListElement":[{"@type":"ListItem","position":1,"name":"Strona g\u0142\u00f3wna","item":"https:\/\/wobronietradycjiiwiary.com\/"},{"@type":"ListItem","position":2,"name":"2-go pa\u017adziernika. Uroczysto\u015b\u0107 Anio\u0142\u00f3w Str\u00f3\u017cy."}]},{"@type":"WebSite","@id":"https:\/\/wobronietradycjiiwiary.com\/pl\/#website","url":"https:\/\/wobronietradycjiiwiary.com\/pl\/","name":"Tradycja i Wiara","description":"Portal dla katolik\u00f3w.","publisher":{"@id":"https:\/\/wobronietradycjiiwiary.com\/pl\/#organization"},"potentialAction":[{"@type":"SearchAction","target":{"@type":"EntryPoint","urlTemplate":"https:\/\/wobronietradycjiiwiary.com\/pl\/?s={search_term_string}"},"query-input":{"@type":"PropertyValueSpecification","valueRequired":true,"valueName":"search_term_string"}}],"inLanguage":"en-US"},{"@type":"Organization","@id":"https:\/\/wobronietradycjiiwiary.com\/pl\/#organization","name":"Tradycja i Wiara","url":"https:\/\/wobronietradycjiiwiary.com\/pl\/","logo":{"@type":"ImageObject","inLanguage":"en-US","@id":"https:\/\/wobronietradycjiiwiary.com\/pl\/#\/schema\/logo\/image\/","url":"https:\/\/i0.wp.com\/wobronietradycjiiwiary.com\/wp-content\/uploads\/2015\/10\/cropped-st-peters-dome-vatican.jpg?fit=940%2C198&ssl=1","contentUrl":"https:\/\/i0.wp.com\/wobronietradycjiiwiary.com\/wp-content\/uploads\/2015\/10\/cropped-st-peters-dome-vatican.jpg?fit=940%2C198&ssl=1","width":940,"height":198,"caption":"Tradycja i Wiara"},"image":{"@id":"https:\/\/wobronietradycjiiwiary.com\/pl\/#\/schema\/logo\/image\/"},"sameAs":["https:\/\/www.facebook.com\/Tradycja-i-Wiara-108813920592249"]},{"@type":"Person","@id":"https:\/\/wobronietradycjiiwiary.com\/pl\/#\/schema\/person\/2d6180ce6abcb681fef0daab7816e8f3","name":"Traditio et Fides","sameAs":["https:\/\/traditionundglauben.com"],"url":"https:\/\/wobronietradycjiiwiary.com\/en\/author\/wobronietradycjiiwiary\/"}]}},"jetpack_publicize_connections":[],"jetpack_sharing_enabled":true,"jetpack_likes_enabled":true,"jetpack_shortlink":"https:\/\/wp.me\/pc04Sd-rcs","jetpack-related-posts":[{"id":121790,"url":"https:\/\/wobronietradycjiiwiary.com\/en\/2-go-pazdziernika-uroczystosc-aniolow-strozy-2\/","url_meta":{"origin":104560,"position":0},"title":"2-go pa\u017adziernika. Uroczysto\u015b\u0107 Anio\u0142\u00f3w Str\u00f3\u017cy.","author":"Traditio et Fides","date":"2 October 2024","format":false,"excerpt":"Z pewno\u015bci\u0105 ka\u017cdy ochrzczony, a by\u0107 mo\u017ce nawet ka\u017cdy cz\u0142owiek ma swojego Anio\u0142a Str\u00f3\u017ca. Przydzia\u0142 jest na ca\u0142e \u017cycie, cz\u0142owieka nie anio\u0142a, a anio\u0142 troszczy si\u0119 ch\u0119tnie, skoro taka wola Bo\u017ca. Nie wiemy, co wszystko naszemu anio\u0142owi zawdzi\u0119czamy.","rel":"","context":"In &quot;10. \u015awi\u0119ta w pa\u017adzierniku&quot;","block_context":{"text":"10. \u015awi\u0119ta w pa\u017adzierniku","link":"https:\/\/wobronietradycjiiwiary.com\/en\/category\/duchowosc\/liturgia-i-liturgika\/rozwazania\/rok-liturgiczny\/swieta-w-pazdzierniku\/"},"img":{"alt_text":"","src":"https:\/\/i0.wp.com\/wobronietradycjiiwiary.com\/wp-content\/uploads\/2021\/08\/Aniol-Stroz.jpg?resize=350%2C200&ssl=1","width":350,"height":200},"classes":[]},{"id":154650,"url":"https:\/\/wobronietradycjiiwiary.com\/en\/2-go-pazdziernika-uroczystosc-aniolow-strozy-2-2\/","url_meta":{"origin":104560,"position":1},"title":"2-go pa\u017adziernika. Uroczysto\u015b\u0107 Anio\u0142\u00f3w Str\u00f3\u017cy.","author":"Traditio et Fides","date":"2 October 2025","format":false,"excerpt":"Z pewno\u015bci\u0105 ka\u017cdy ochrzczony, a by\u0107 mo\u017ce nawet ka\u017cdy cz\u0142owiek ma swojego Anio\u0142a Str\u00f3\u017ca. Przydzia\u0142 jest na ca\u0142e \u017cycie, cz\u0142owieka nie anio\u0142a, a anio\u0142 troszczy si\u0119 ch\u0119tnie, skoro taka wola Bo\u017ca. Nie wiemy, co wszystko naszemu anio\u0142owi zawdzi\u0119czamy.","rel":"","context":"In &quot;10. \u015awi\u0119ta w pa\u017adzierniku&quot;","block_context":{"text":"10. \u015awi\u0119ta w pa\u017adzierniku","link":"https:\/\/wobronietradycjiiwiary.com\/en\/category\/duchowosc\/liturgia-i-liturgika\/rozwazania\/rok-liturgiczny\/swieta-w-pazdzierniku\/"},"img":{"alt_text":"","src":"https:\/\/i0.wp.com\/wobronietradycjiiwiary.com\/wp-content\/uploads\/2021\/08\/Aniol-Stroz.jpg?resize=350%2C200&ssl=1","width":350,"height":200},"classes":[]},{"id":113327,"url":"https:\/\/wobronietradycjiiwiary.com\/en\/czytania-postne-brewiarza-trydenckiego-sroda-po-czwartej-niedzieli-wielkiego-postu-quadragesima\/","url_meta":{"origin":104560,"position":2},"title":"Czytania postne Brewiarza Trydenckiego. \u015aroda po Czwartej Niedzieli Wielkiego Postu &#8211; Quadragesima","author":"Prospector Veritatis","date":"13 March 2024","format":false,"excerpt":"Czytania Brewiarza Trydenckiego na \u015brod\u0119 po IV niedzieli Wielkiego Postu.","rel":"","context":"In &quot;Liturgia i liturgika&quot;","block_context":{"text":"Liturgia i liturgika","link":"https:\/\/wobronietradycjiiwiary.com\/en\/category\/duchowosc\/liturgia-i-liturgika\/"},"img":{"alt_text":"","src":"https:\/\/i0.wp.com\/wobronietradycjiiwiary.com\/wp-content\/uploads\/2022\/03\/MOnks-praying.jpg?resize=350%2C200&ssl=1","width":350,"height":200,"srcset":"https:\/\/i0.wp.com\/wobronietradycjiiwiary.com\/wp-content\/uploads\/2022\/03\/MOnks-praying.jpg?resize=350%2C200&ssl=1 1x, https:\/\/i0.wp.com\/wobronietradycjiiwiary.com\/wp-content\/uploads\/2022\/03\/MOnks-praying.jpg?resize=525%2C300&ssl=1 1.5x"},"classes":[]},{"id":52159,"url":"https:\/\/wobronietradycjiiwiary.com\/en\/uroczystosc-aniolow-strozy\/","url_meta":{"origin":104560,"position":3},"title":"Uroczysto\u015b\u0107 Anio\u0142\u00f3w Str\u00f3\u017cy.","author":"Traditio et Fides","date":"2 October 2021","format":false,"excerpt":"Z pewno\u015bci\u0105 ka\u017cdy ochrzczony, a by\u0107 mo\u017ce nawet ka\u017cdy cz\u0142owiek ma swojego Anio\u0142a Str\u00f3\u017ca. Przydzia\u0142 jest na ca\u0142e \u017cycie, cz\u0142owieka nie anio\u0142a, a anio\u0142 troszczy si\u0119 ch\u0119tnie, skoro taka wola Bo\u017ca. Nie wiemy, co wszystko naszemu anio\u0142owi zawdzi\u0119czamy.","rel":"","context":"In &quot;10. \u015awi\u0119ta w pa\u017adzierniku&quot;","block_context":{"text":"10. \u015awi\u0119ta w pa\u017adzierniku","link":"https:\/\/wobronietradycjiiwiary.com\/en\/category\/duchowosc\/liturgia-i-liturgika\/rozwazania\/rok-liturgiczny\/swieta-w-pazdzierniku\/"},"img":{"alt_text":"","src":"https:\/\/i0.wp.com\/wobronietradycjiiwiary.com\/wp-content\/uploads\/2021\/08\/Aniol-Stroz.jpg?resize=350%2C200&ssl=1","width":350,"height":200},"classes":[]},{"id":130006,"url":"https:\/\/wobronietradycjiiwiary.com\/en\/czytania-postne-brewiarza-trydenckiego-sroda-po-czwartej-niedzieli-wielkiego-postu-quadragesima-2\/","url_meta":{"origin":104560,"position":4},"title":"Czytania postne Brewiarza Trydenckiego. \u015aroda po Czwartej Niedzieli Wielkiego Postu &#8211; Quadragesima","author":"Prospector Veritatis","date":"2 April 2025","format":false,"excerpt":"Czytania Brewiarza Trydenckiego na \u015brod\u0119 po IV niedzieli Wielkiego Postu.","rel":"","context":"In &quot;Duchowo\u015b\u0107&quot;","block_context":{"text":"Duchowo\u015b\u0107","link":"https:\/\/wobronietradycjiiwiary.com\/en\/category\/duchowosc\/"},"img":{"alt_text":"","src":"https:\/\/i0.wp.com\/wobronietradycjiiwiary.com\/wp-content\/uploads\/2022\/03\/MOnks-praying.jpg?resize=350%2C200&ssl=1","width":350,"height":200,"srcset":"https:\/\/i0.wp.com\/wobronietradycjiiwiary.com\/wp-content\/uploads\/2022\/03\/MOnks-praying.jpg?resize=350%2C200&ssl=1 1x, https:\/\/i0.wp.com\/wobronietradycjiiwiary.com\/wp-content\/uploads\/2022\/03\/MOnks-praying.jpg?resize=525%2C300&ssl=1 1.5x"},"classes":[]},{"id":160234,"url":"https:\/\/wobronietradycjiiwiary.com\/en\/czytania-postne-brewiarza-trydenckiego-sroda-po-czwartej-niedzieli-wielkiego-postu-quadragesima-2-2\/","url_meta":{"origin":104560,"position":5},"title":"Czytania postne Brewiarza Trydenckiego. \u015aroda po Czwartej Niedzieli Wielkiego Postu &#8211; Quadragesima","author":"Prospector Veritatis","date":"18 March 2026","format":false,"excerpt":"Czytania Brewiarza Trydenckiego na \u015brod\u0119 po IV niedzieli Wielkiego Postu.","rel":"","context":"In &quot;Duchowo\u015b\u0107&quot;","block_context":{"text":"Duchowo\u015b\u0107","link":"https:\/\/wobronietradycjiiwiary.com\/en\/category\/duchowosc\/"},"img":{"alt_text":"","src":"https:\/\/i0.wp.com\/wobronietradycjiiwiary.com\/wp-content\/uploads\/2022\/03\/MOnks-praying.jpg?resize=350%2C200&ssl=1","width":350,"height":200,"srcset":"https:\/\/i0.wp.com\/wobronietradycjiiwiary.com\/wp-content\/uploads\/2022\/03\/MOnks-praying.jpg?resize=350%2C200&ssl=1 1x, https:\/\/i0.wp.com\/wobronietradycjiiwiary.com\/wp-content\/uploads\/2022\/03\/MOnks-praying.jpg?resize=525%2C300&ssl=1 1.5x"},"classes":[]}],"amp_enabled":true,"jetpack_featured_media_url":"https:\/\/wobronietradycjiiwiary.com\/wp-content\/uploads\/2021\/08\/Aniol-Stroz.jpg","_links":{"self":[{"href":"https:\/\/wobronietradycjiiwiary.com\/en\/wp-json\/wp\/v2\/posts\/104560","targetHints":{"allow":["GET"]}}],"collection":[{"href":"https:\/\/wobronietradycjiiwiary.com\/en\/wp-json\/wp\/v2\/posts"}],"about":[{"href":"https:\/\/wobronietradycjiiwiary.com\/en\/wp-json\/wp\/v2\/types\/post"}],"author":[{"embeddable":true,"href":"https:\/\/wobronietradycjiiwiary.com\/en\/wp-json\/wp\/v2\/users\/60508433"}],"replies":[{"embeddable":true,"href":"https:\/\/wobronietradycjiiwiary.com\/en\/wp-json\/wp\/v2\/comments?post=104560"}],"version-history":[{"count":7,"href":"https:\/\/wobronietradycjiiwiary.com\/en\/wp-json\/wp\/v2\/posts\/104560\/revisions"}],"predecessor-version":[{"id":104647,"href":"https:\/\/wobronietradycjiiwiary.com\/en\/wp-json\/wp\/v2\/posts\/104560\/revisions\/104647"}],"wp:featuredmedia":[{"embeddable":true,"href":"https:\/\/wobronietradycjiiwiary.com\/en\/wp-json\/wp\/v2\/media\/52162"}],"wp:attachment":[{"href":"https:\/\/wobronietradycjiiwiary.com\/en\/wp-json\/wp\/v2\/media?parent=104560"}],"wp:term":[{"taxonomy":"category","embeddable":true,"href":"https:\/\/wobronietradycjiiwiary.com\/en\/wp-json\/wp\/v2\/categories?post=104560"},{"taxonomy":"post_tag","embeddable":true,"href":"https:\/\/wobronietradycjiiwiary.com\/en\/wp-json\/wp\/v2\/tags?post=104560"}],"curies":[{"name":"wp","href":"https:\/\/api.w.org\/{rel}","templated":true}]}}