{"id":103583,"date":"2023-09-21T15:45:22","date_gmt":"2023-09-21T13:45:22","guid":{"rendered":"https:\/\/wobronietradycjiiwiary.com\/?p=103583"},"modified":"2025-09-05T15:03:40","modified_gmt":"2025-09-05T13:03:40","slug":"czy-biskup-schneider-jest-agentem","status":"publish","type":"post","link":"https:\/\/wobronietradycjiiwiary.com\/en\/czy-biskup-schneider-jest-agentem\/","title":{"rendered":"Czy biskup Schneider jest agentem Bergoglio?"},"content":{"rendered":"<div id=\"bsf_rt_marker\"><\/div>\n<p class=\"wp-block-paragraph\"><\/p>\n\n\n\n<p class=\"has-text-align-justify wp-block-paragraph\">Biskup pomocniczy Astany, Athanasius Schneider powtarza na \u0142amach ameryka\u0144skiego <em>The Remnant<\/em> g\u0142\u00f3wne tezy swojego artyku\u0142u z marca 2019 <em><a aria-label=\" (opens in a new tab)\" href=\"https:\/\/pch24.pl\/w-kwestii-papieza-heretyka\/\" target=\"_blank\" rel=\"noreferrer noopener\" class=\"ek-link\">W kwestii papie\u017ca heretyka<\/a><\/em>, do kt\u00f3rego obszernie i merytorycznie odnie\u015bli\u015bmy si\u0119 <a href=\"https:\/\/wobronietradycjiiwiary.com\/en\/category\/polemika\/papiez-franciszek\/polemika-z-biskupem-schneiderem\/usprawiedliwienie-wlasnego-tchorzostwa\/\" class=\"ek-link\">w tym cyklu<\/a>, rozbijaj\u0105c go na puch, jak twierdz\u0105 niekt\u00f3rzy.<\/p>\n\n\n\n<p class=\"wp-block-paragraph\">Wszyscy ci, kt\u00f3rzy nie maj\u0105 czasu, si\u0142y lub ochoty czyta\u0107 naszego cyklu, niech zapami\u0119taj\u0105 sobie, \u017ce biskup Schneider:<\/p>\n\n\n\n<ul class=\"wp-block-list\">\n<li>cytuje podawane autorytety stronniczo i wybi\u00f3rczo,<\/li>\n\n\n\n<li>pomijaj istotne fragmenty i argumenty przytaczanych przez siebie \u017ar\u00f3de\u0142,<\/li>\n\n\n\n<li>kt\u00f3re nagina do swojej tezy, by nie robi\u0107 nic i odczeka\u0107.<\/li>\n<\/ul>\n\n\n\n<p class=\"wp-block-paragraph\"><\/p>\n\n\n\n<p class=\"has-text-align-justify wp-block-paragraph\">Jest to post\u0119powanie zwodnicze i w najlepszym razie erystyczne, to jest pos\u0142uguj\u0105ce si\u0119 argumentami prawdopodobnymi nie prawdziwymi. W ostatnim tek\u015bcie dla <em>The Remnant<\/em> jest jeszcze gorzej, bowiem biskup z Kazachstanu ukrywa si\u0119 pod og\u00f3lnikami i sformu\u0142owaniami typu &#8222;odwieczne Magisterium Ko\u015bcio\u0142a&#8221;, &#8222;tradycyjne&#8221;, &#8222;via tutior&#8221;,  &#8222;doktrynalne niejasno\u015bci&#8221;, &#8222;nadprzyrodzony&#8221; etc. Robi zatem to, co czyni ka\u017cdy, komu brakuje argument\u00f3w lub kto, wie, \u017ce m\u00f3wi nieprawd\u0119. Zas\u0142ania si\u0119 czym\u015b domniemanym autorytetem.<\/p>\n\n\n\n<p class=\"has-text-align-justify wp-block-paragraph\">Tekst z biskupem kr\u00f3tkim komentarzem w\u0142asnym przedstawimy, a osoby zainteresowane merytoryczn\u0105 dyskusj\u0105 odsy\u0142amy do wspomnianego cyklu sprzed lat, skoro biskup te\u017c nic nowego nie g\u0142osi.<\/p>\n\n\n\n<p class=\"has-medium-font-size has-ek-indent wp-block-paragraph\" style=\"--ek-indent:20px\">A co biskup robi?<\/p>\n\n\n\n<p class=\"wp-block-paragraph\"><\/p>\n\n\n\n<p class=\"has-text-align-justify wp-block-paragraph\">Je\u017adzi po \u015bwiecie i uspokaja tradycjonalist\u00f3w twierdz\u0105c, \u017ce to tylko okres przej\u015bciowy, bywa\u0142o gorzej, trzeba odczeka\u0107, odsiedzie\u0107 i nic nie robi\u0107, bo B\u00f3g ju\u017c wszystkim pokieruje. Gdyby Bergoglio chcia\u0142 kogo\u015b naj\u0105\u0107, kt\u00f3ry ze spirytualistycznego punktu widzenia chcia\u0142by uciszy\u0107 wszelki bunt w zarodku, to nikogo lepszego ni\u017c biskup Schneider by do tego nie znalaz\u0142. W sumie i tak si\u0119 nikt nie buntuje, co najwy\u017cej \u015bwieccy. <\/p>\n\n\n\n<p class=\"has-text-align-justify wp-block-paragraph\">Ale w por\u00f3wnaniu z tekstem z roku 2019 biskup Astany czyni krok do przodu, bo skoro w og\u00f3le pojawi\u0142y si\u0119 w internecie g\u0142osy o niewa\u017cno\u015bci wyboru Bergoglio on &#8211; Schneider &#8211; \u015bpieszy wszystkich zapewni\u0107, \u017ce gdyby nawet tak, to i tak to niczego nie zmieni.<\/p>\n\n\n\n<p class=\"has-text-align-justify wp-block-paragraph\">Je\u015bli Schneider by\u0142by rzeczywi\u015bcie tak dobry, pobo\u017cny i tradycjonalistyczny, to dlaczego nie dogorywa gdzie\u015b w &#8222;lochach Watykanu&#8221; lub zasuspendowany gdzie\u015b na Syberii lub ewentualnie w Kazachstanie. Je\u015bli Bergoglio chcia\u0142by ukaranie Schneidera wprowadzi\u0107 w \u017cycie, to by\u0142by to uczyni\u0142, wi\u0119c tego nie chce. <\/p>\n\n\n\n<p class=\"has-text-align-justify has-medium-font-size has-ek-indent wp-block-paragraph\" style=\"--ek-indent:20px\">A dlaczego? <\/p>\n\n\n\n<p class=\"has-text-align-justify wp-block-paragraph\">Bo w\u0142a\u015bnie takiego Schneidera potrzebuje. Schneider jest dla niekt\u00f3rych tradycjonalist\u00f3w autorytetem, nie dla nas, wi\u0119c, je\u015bli jego mit kiedy\u015b runie, to ich to dodatkowo pogr\u0105\u017cy, a je\u015bli b\u0119dzie nadal spolegliwie dzia\u0142a\u0107, to uczyni tak realizuj\u0105c plany Bergoglio polane tym razem tradycjonalistycznym sosem. Dla obecnego Watykanu to zatem <em>win-win-situation<\/em>.<\/p>\n\n\n\n<p class=\"wp-block-paragraph\">W sumie nie ma wi\u0119kszego znaczenia, czy bp. Schneider jest:<\/p>\n\n\n\n<ul class=\"wp-block-list\">\n<li>na li\u015bcie p\u0142ac Watykanu,<\/li>\n\n\n\n<li>otrzymuje jakie\u015b podarki,<\/li>\n\n\n\n<li>jest szanta\u017cowany,<\/li>\n\n\n\n<li>obiecano mu awans i dalsz\u0105 karier\u0119,<\/li>\n\n\n\n<li>robi tak z dobrej w\u0142asnej nieprzymuszonej woli,<\/li>\n\n\n\n<li>czy w gr\u0119 wchodz\u0105 inne przyczyny.<\/li>\n<\/ul>\n\n\n\n<p class=\"wp-block-paragraph\"><\/p>\n\n\n\n<p class=\"has-text-align-justify wp-block-paragraph\">I tak to na jedno wychodzi. Bergoglio niszczy Ko\u015bci\u00f3\u0142, a Schneider mu w tym nie przeszkadza, uznaj\u0105c za fatum, przeciw kt\u00f3remu wierzga\u0107 nie mo\u017cna. Poniewa\u017c prawdziwe rozwi\u0105zania s\u0105 proste, wi\u0119c i w tym wypadku chodzi z pewno\u015bci\u0105 o agenturalno\u015b\u0107 Schneidera lub\/oraz o jego szanta\u017c. Jest jak za komuny, kto nie siedzi w wi\u0119zieniu &#8211; ten utrwala system. Amen.<\/p>\n\n\n\n<p class=\"wp-block-paragraph\"> A oto wspomniany tekst z <em>The Remnant<\/em>. Tekst niebieski pochodzi od Redakcji.<\/p>\n\n\n\n<h2 class=\"wp-block-heading has-text-align-justify has-ek-indent\" style=\"--ek-indent:20px\">O wa\u017cno\u015bci pontyfikatu papie\u017ca Franciszka<\/h2>\n\n\n\n<p class=\"has-text-align-justify has-medium-font-size has-ek-indent wp-block-paragraph\" style=\"--ek-indent:20px\">Nie ma \u017cadnej w\u0142adzy, aby og\u0142osi\u0107 lub uzna\u0107 wybranego i powszechnie akceptowanego papie\u017ca za papie\u017ca niewa\u017cnego.&nbsp;<\/p>\n\n\n\n<p class=\"has-text-align-justify has-vivid-cyan-blue-color has-text-color has-ek-indent wp-block-paragraph\" style=\"--ek-indent:20px\">Nieprawda, tak\u0105 w\u0142adz\u0105, przynajmniej sugeruj\u0105c\u0105 jest Sob\u00f3r Powszechny. I tak sta\u0142o si\u0119 na Soborze w Konstancji (1414-1418), kiedy to z\u0142o\u017cono z urz\u0119du wszystkich trzech papie\u017cy lub antypapie\u017cy i wybrano nowego, poniewa\u017c trudno by\u0142o doj\u015b\u0107, kt\u00f3ry papie\u017c by\u0142 powszechnie akceptowany. Lub m\u00f3wi\u0105c bardziej precyzyjnie zasugerowano im rezygnacj\u0119. <\/p>\n\n\n\n<p class=\"has-text-align-justify has-medium-font-size has-ek-indent wp-block-paragraph\" style=\"--ek-indent:20px\">Sta\u0142a praktyka Ko\u015bcio\u0142a pokazuje, \u017ce nawet w przypadku niewa\u017cnego wyboru, ten niewa\u017cny wyb\u00f3r zostanie de facto uzdrowiony poprzez powszechn\u0105 akceptacj\u0119 nowego wybranego przez przewa\u017caj\u0105c\u0105 wi\u0119kszo\u015b\u0107 kardyna\u0142\u00f3w i biskup\u00f3w.<\/p>\n\n\n\n<p class=\"has-text-align-justify has-vivid-cyan-blue-color has-text-color has-ek-indent wp-block-paragraph\" style=\"--ek-indent:20px\">Nie ma \u017cadnej \u201epowszechnej praktyki Ko\u015bcio\u0142a\u201d w tej sprawie. Przecie\u017c nie ka\u017cdy antypapa by\u0142 nast\u0119pnie walidowany, niekt\u00f3rzy pozostawali antypapie\u017cami i uznawani nie byli.<\/p>\n\n\n\n<p class=\"has-text-align-justify has-medium-font-size has-ek-indent wp-block-paragraph\" style=\"--ek-indent:20px\">Nawet w przypadku papie\u017ca-heretyka nie straci on automatycznie swojego urz\u0119du i nie ma w Ko\u015bciele \u017cadnego cia\u0142a, kt\u00f3re mog\u0142oby og\u0142osi\u0107 jego obalenie z powodu herezji.&nbsp;Takie dzia\u0142ania ociera\u0142yby si\u0119 o swego rodzaju herezj\u0119 koncyliaryzmu czy episkopalizmu.&nbsp;Herezja koncyliaryzmu czy episkopalizmu m\u00f3wi w zasadzie, \u017ce w Ko\u015bciele istnieje organ (Sob\u00f3r Ekumeniczny, Synod, Kolegium Kardyna\u0142\u00f3w, Kolegium Biskup\u00f3w), kt\u00f3ry mo\u017ce wyda\u0107 prawnie wi\u0105\u017c\u0105cy wyrok w sprawie Papie\u017ca.<\/p>\n\n\n\n<p class=\"has-vivid-cyan-blue-color has-text-color has-ek-indent wp-block-paragraph\" style=\"--ek-indent:20px\">Co za bzdura i bezczelno\u015b\u0107? Zatem zniesienie z urz\u0119du papie\u017ca heretyka by\u0142oby jeszcze wi\u0119ksz\u0105 herezj\u0105, tak? Oj ludzie&#8230;. trzymajcie mnie&#8230;<\/p>\n\n\n\n<p class=\"has-vivid-cyan-blue-color has-text-color has-ek-indent wp-block-paragraph\" style=\"--ek-indent:20px\">Wi\u0119kszo\u015b\u0107 teolog\u00f3w twierdzi co\u015b wr\u0119cz przeciwnego, \u017ce traci. Owszem takiego cia\u0142a de facto jeszcze nie ma, ale takie cia\u0142o mog\u0142oby powsta\u0107, gdyby chcia\u0142o.<\/p>\n\n\n\n<p class=\"has-vivid-cyan-blue-color has-text-color has-ek-indent wp-block-paragraph\" style=\"--ek-indent:20px\">A po za tym, jakiego \u201epapie\u017ca\u201d?<\/p>\n\n\n\n<ol style=\"list-style-type:1\" class=\"wp-block-list\">\n<li><mark style=\"background-color:rgba(0, 0, 0, 0)\" class=\"has-inline-color has-vivid-cyan-blue-color\">Je\u015bli nie zosta\u0142 prawid\u0142owo wybrany, to nie jest papie\u017cem.<\/mark><\/li>\n\n\n\n<li><mark style=\"background-color:rgba(0, 0, 0, 0)\" class=\"has-inline-color has-vivid-cyan-blue-color\">Je\u015bli wpad\u0142by w herezj\u0119 i utraci\u0142 urz\u0105d, to te\u017c nie jest papie\u017cem.<\/mark><\/li>\n<\/ol>\n\n\n\n<p class=\"wp-block-paragraph\"><\/p>\n\n\n\n<p class=\"has-text-align-justify has-medium-font-size has-ek-indent wp-block-paragraph\" style=\"--ek-indent:20px\">Teoria automatycznej utraty papiestwa na skutek herezji pozostaje jedynie opini\u0105 i nawet \u015bw. Robert Bellarmin to zauwa\u017cy\u0142 i nie przedstawi\u0142 jej jako nauki samego Magisterium.&nbsp;<\/p>\n\n\n\n<p class=\"has-vivid-cyan-blue-color has-text-color has-ek-indent wp-block-paragraph\" style=\"--ek-indent:20px\">To prawda, \u017ce jest opini\u0105, ale opini\u0105 wi\u0119kszo\u015bci. Magisterium przed Bergoglio si\u0119 tym zajmowa\u0107 nie musia\u0142o.<\/p>\n\n\n\n<p class=\"has-text-align-justify has-medium-font-size has-ek-indent wp-block-paragraph\" style=\"--ek-indent:20px\">Odwieczne Magisterium papieskie nigdy nie naucza\u0142o takiej opcji.&nbsp;W 1917 roku, kiedy wszed\u0142 w \u017cycie Kodeks Prawa Kanonicznego (<em>Codex Iuris Canonici<\/em>), Magisterium Ko\u015bcio\u0142a wyeliminowa\u0142o z nowego ustawodawstwa uwag\u0119 <em>Decretum&nbsp;Gratiani<\/em>&nbsp;ze starego&nbsp;<em>Corpus Iuris Canonici<\/em>, kt\u00f3ra stanowi\u0142a, \u017ce \u200b\u200bPapie\u017c, kt\u00f3ry odst\u0119puje od w\u0142a\u015bciwej nauki, mo\u017ce zosta\u0107 usuni\u0119ty.&nbsp;Nigdy w historii Magisterium Ko\u015bcio\u0142a nie dopu\u015bci\u0142o \u017cadnych kanonicznych procedur detronizacji heretyckiego papie\u017ca.&nbsp;Ko\u015bci\u00f3\u0142 nie ma nad papie\u017cem \u017cadnej w\u0142adzy formalnej ani s\u0105dowej.<\/p>\n\n\n\n<p class=\"has-text-align-justify has-vivid-cyan-blue-color has-text-color has-ek-indent wp-block-paragraph\" style=\"--ek-indent:20px\">To prawda z t\u0105 eliminacj\u0105 <em>Decretum Gratiani<\/em>, ale \u201eodwieczne Magisterium\u201d nie powsta\u0142o w roku 1917 i kodeks ten, kt\u00f3ry de facto od roku 1983 ju\u017c nie obowi\u0105zuje, nie przewidzia\u0142 wszystkiego. Je\u015bli brak jakiego\u015b prawa, trzeba poszuka\u0107 dawniejszych ustaw lub rozwi\u0105za\u0144 analogicznych (<em>analogia iuris<\/em> i <em>analogia legis<\/em>).<\/p>\n\n\n\n<p class=\"has-text-align-justify has-medium-font-size has-ek-indent wp-block-paragraph\" style=\"--ek-indent:20px\">Pewniejsza tradycja katolicka m\u00f3wi, \u017ce w przypadku papie\u017ca-heretyka cz\u0142onkowie Ko\u015bcio\u0142a mog\u0105 go unika\u0107, stawia\u0107 mu op\u00f3r, odmawia\u0107 mu pos\u0142usze\u0144stwa, a wszystko to mo\u017cna zrobi\u0107 bez konieczno\u015bci posiadania teorii lub opinii, m\u00f3wi\u0105cej, \u017ce heretyk papie\u017c automatycznie traci sw\u00f3j urz\u0105d lub w konsekwencji mo\u017ce zosta\u0107 obalony.<\/p>\n\n\n\n<p class=\"has-vivid-cyan-blue-color has-text-color has-ek-indent wp-block-paragraph\" style=\"--ek-indent:20px\">W tej kwestii w og\u00f3le \u017cadnej \u201etradycji katolickiej\u201d nie ma. To rozwi\u0105zanie jest dla Schneidera po prostu wygodniejsze.<\/p>\n\n\n\n<p class=\"has-text-align-justify has-medium-font-size has-ek-indent wp-block-paragraph\" style=\"--ek-indent:20px\">Dlatego te\u017c musimy pod\u0105\u017ca\u0107 pewniejsz\u0105 drog\u0105 (<em>via tutior<\/em>) i powstrzymywa\u0107 si\u0119 od obrony zwyk\u0142ej opinii teolog\u00f3w (nawet je\u015bli s\u0105 to \u015bwi\u0119ci, jak \u015bw. Robert Bellarmin), kt\u00f3ra g\u0142osi, \u017ce papie\u017c-heretyk automatycznie traci sw\u00f3j urz\u0105d lub mo\u017ce zosta\u0107 obalony z tej przyczyny przez Ko\u015bci\u00f3\u0142.<\/p>\n\n\n\n<p class=\"has-vivid-cyan-blue-color has-text-color has-ek-indent wp-block-paragraph\" style=\"--ek-indent:20px\">\u015aw. Robert Bellarmin (obrazek niniejszego wpisu) jest w odr\u00f3\u017cnieniu od biskupa Schneidera Doktorem Ko\u015bcio\u0142a, wi\u0119c autorytetem pewniejszym, a ca\u0142o\u015b\u0107 jego rozleg\u0142ej argumentacji znale\u017a\u0107 mo\u017cna <a href=\"https:\/\/wobronietradycjiiwiary.com\/en\/usprawiedliwienie-wlasnego-tchorzostwa-lub-biskup-schneider-nie-ma-racji-3-3-z-4\/\" target=\"_blank\" aria-label=\" (opens in a new tab)\" rel=\"noreferrer noopener\" class=\"ek-link\">tu<\/a>.<\/p>\n\n\n\n<p class=\"has-medium-font-size has-ek-indent wp-block-paragraph\" style=\"--ek-indent:20px\">Papie\u017c nie mo\u017ce pope\u0142nia\u0107 herezji, gdy przemawia&nbsp;<em>ex cathedra<\/em>, jest to dogmat wiary.&nbsp;<\/p>\n\n\n\n<p class=\"has-vivid-cyan-blue-color has-text-color has-ek-indent wp-block-paragraph\" style=\"--ek-indent:20px\">No ciekawe co b\u0119dzie, jak Bergoglio wyg\u0142osi herezj\u0119 <em>ex cathedra<\/em>, jak si\u0119 wtedy Schneider sianem wykr\u0119ci?<\/p>\n\n\n\n<p class=\"has-text-align-justify has-medium-font-size has-ek-indent wp-block-paragraph\" style=\"--ek-indent:20px\">W swoim nauczaniu poza&nbsp;<em>wypowiedziami&nbsp;ex cathedra<\/em>&nbsp;mo\u017ce jednak pope\u0142nia\u0107 doktrynalne niejasno\u015bci, b\u0142\u0119dy, a nawet herezje.&nbsp;<\/p>\n\n\n\n<p class=\"has-vivid-cyan-blue-color has-text-color has-ek-indent wp-block-paragraph\" style=\"--ek-indent:20px\">No niestety nie mo\u017ce, bo istnieje <em><a href=\"https:\/\/wobronietradycjiiwiary.com\/en\/?s=assistentia+negativa\" target=\"_blank\" aria-label=\"assistentia negativa (opens in a new tab)\" rel=\"noreferrer noopener\" class=\"ek-link\">assistentia negativa<\/a><\/em>. Inaczej nie dosz\u0142oby do <a href=\"https:\/\/wobronietradycjiiwiary.com\/en\/nieomylnosc-papieska-a-obecny-pontyfikat\/\" class=\"ek-link\">pot\u0119pienia <\/a>papie\u017ca Honoriusza.<\/p>\n\n\n\n<p class=\"has-text-align-justify has-medium-font-size has-ek-indent wp-block-paragraph\" style=\"--ek-indent:20px\">A poniewa\u017c papie\u017c nie jest identyczny z ca\u0142ym Ko\u015bcio\u0142em, Ko\u015bci\u00f3\u0142 jest silniejszy ni\u017c pojedynczy b\u0142\u0105dz\u0105cy lub heretycki papie\u017c.&nbsp;<\/p>\n\n\n\n<p class=\"has-vivid-cyan-blue-color has-text-color has-ek-indent wp-block-paragraph\" style=\"--ek-indent:20px\">I dlatego mo\u017ce go os\u0105dzi\u0107. Co\u015b biskup Schneider sam sobie przeczy.<\/p>\n\n\n\n<p class=\"has-medium-font-size has-ek-indent wp-block-paragraph\" style=\"--ek-indent:20px\">W takim przypadku nale\u017cy go z szacunkiem skorygowa\u0107 (unikaj\u0105c czysto ludzkiej z\u0142o\u015bci i lekcewa\u017c\u0105cego j\u0119zyka),<\/p>\n\n\n\n<p class=\"has-vivid-cyan-blue-color has-text-color has-ek-indent wp-block-paragraph\" style=\"--ek-indent:20px\">Nikt tego nie zrobi\u0142, \u201ebraterska korekta\u201d kardyna\u0142\u00f3w ka\u017ce na siebie czeka\u0107.<\/p>\n\n\n\n<p class=\"has-medium-font-size has-ek-indent wp-block-paragraph\" style=\"--ek-indent:20px\">stawia\u0107 mu op\u00f3r, tak jak stawia si\u0119 op\u00f3r z\u0142emu ojcu rodziny.&nbsp;<\/p>\n\n\n\n<p class=\"has-vivid-cyan-blue-color has-text-color has-ek-indent wp-block-paragraph\" style=\"--ek-indent:20px\">Oporu te\u017c nikt nie stawia, a najmniej Schneider.<\/p>\n\n\n\n<p class=\"has-medium-font-size has-ek-indent wp-block-paragraph\" style=\"--ek-indent:20px\">Jednak\u017ce cz\u0142onkowie rodziny nie mog\u0105 og\u0142osi\u0107, \u017ce ich z\u0142y ojciec zosta\u0142 pozbawiony ojcostwa.&nbsp;<\/p>\n\n\n\n<p class=\"has-vivid-cyan-blue-color has-text-color has-ek-indent wp-block-paragraph\" style=\"--ek-indent:20px\">Je\u015bli nie jest ojcem biologicznym, to mo\u017ce. A Bergoglio od pocz\u0105tku nie jest papie\u017cem, poniewa\u017c Benedykt nie ust\u0105pi\u0142.<\/p>\n\n\n\n<p class=\"has-medium-font-size has-ek-indent wp-block-paragraph\" style=\"--ek-indent:20px\">Mog\u0105 go skorygowa\u0107, odm\u00f3wi\u0107 mu pos\u0142usze\u0144stwa, oddzieli\u0107 si\u0119 od niego, ale nie mog\u0105 og\u0142osi\u0107 jego obalenia.<\/p>\n\n\n\n<p class=\"has-vivid-cyan-blue-color has-text-color has-ek-indent wp-block-paragraph\" style=\"--ek-indent:20px\">Mog\u0105, mog\u0105 \u2026<\/p>\n\n\n\n<p class=\"has-medium-font-size has-ek-indent wp-block-paragraph\" style=\"--ek-indent:20px\">Dobrzy katolicy znaj\u0105 prawd\u0119 i musz\u0105 j\u0105 g\u0142osi\u0107, zado\u015b\u0107uczyni\u0107 za b\u0142\u0119dy b\u0142\u0105dz\u0105cego papie\u017ca.&nbsp;<\/p>\n\n\n\n<p class=\"has-vivid-cyan-blue-color has-text-color has-ek-indent wp-block-paragraph\" style=\"--ek-indent:20px\">Jasne, jeszcze czego \u2026tak, tak, dobre i grzeczne dzieci tak robi\u0105 &#8230;<\/p>\n\n\n\n<p class=\"has-medium-font-size has-ek-indent wp-block-paragraph\" style=\"--ek-indent:20px\">Poniewa\u017c sprawa heretyckiego papie\u017ca jest po ludzku nierozwi\u0105zywalna,<\/p>\n\n\n\n<p class=\"has-vivid-cyan-blue-color has-text-color has-ek-indent wp-block-paragraph\" style=\"--ek-indent:20px\">Jest rozwi\u0105zywalna \u2026tylko nikomu si\u0119 nie chce usi\u0105\u015b\u0107 go\u0142\u0105 d\u2026 w pokrzywy \u2026<\/p>\n\n\n\n<p class=\"has-text-align-justify has-medium-font-size has-ek-indent wp-block-paragraph\" style=\"--ek-indent:20px\">musimy z wiar\u0105 nadprzyrodzon\u0105 b\u0142aga\u0107 o Bo\u017c\u0105 interwencj\u0119, poniewa\u017c ten pojedynczy b\u0142\u0105dz\u0105cy papie\u017c nie jest wieczny, ale doczesny, a Ko\u015bci\u00f3\u0142 nie jest w naszych r\u0119kach, ale w wszechmocnych r\u0119kach Boga.<\/p>\n\n\n\n<p class=\"has-vivid-cyan-blue-color has-text-color has-ek-indent wp-block-paragraph\" style=\"--ek-indent:20px\">Czyli <a aria-label=\" (opens in a new tab)\" href=\"https:\/\/wobronietradycjiiwiary.com\/en\/triumf-niepokalanego-serca-lub-kwietyzm-nasz-powszedni\/\" target=\"_blank\" rel=\"noreferrer noopener\" class=\"ek-link\">kwietyzm nasz powszedni.<\/a> Za\u0142o\u017cy\u0107 r\u0119ce i czeka\u0107. A jak b\u0119dzie ca\u0142y szereg &#8222;pojedynczych, b\u0142\u0105dz\u0105cych papie\u017cy&#8221;, na co <a href=\"https:\/\/wobronietradycjiiwiary.com\/en\/czy-kolejne-konklawe-bedzie-kanoniczne-uwagi-to-wypowiedzi-abp-vigano\/\" class=\"ek-link\">si\u0119 zanosi<\/a>, to co?<\/p>\n\n\n\n<p class=\"has-text-align-justify has-medium-font-size has-ek-indent wp-block-paragraph\" style=\"--ek-indent:20px\">Trzeba mie\u0107 do\u015b\u0107 nadprzyrodzonej wiary, ufno\u015bci, pokory, ducha krzy\u017ca, aby przetrwa\u0107 tak niezwyk\u0142\u0105 pr\u00f3b\u0119.&nbsp;<\/p>\n\n\n\n<p class=\"has-vivid-cyan-blue-color has-text-color has-ek-indent wp-block-paragraph\" style=\"--ek-indent:20px\">I takich gl\u0119dz\u0105cych biskup\u00f3w jak Schneider.<\/p>\n\n\n\n<p class=\"has-text-align-justify has-medium-font-size has-ek-indent wp-block-paragraph\" style=\"--ek-indent:20px\">W tak stosunkowo kr\u00f3tkich sytuacjach (w por\u00f3wnaniu do 2000 lat) nie nale\u017cy ulega\u0107 zbyt ludzkiej reakcji i \u0142atwemu rozwi\u0105zaniu (stwierdzenie niewa\u017cno\u015bci jego pontyfikatu), ale zachowa\u0107 trze\u017awo\u015b\u0107 (zachowa\u0107 zimn\u0105 krew), a jednocze\u015bnie prawdziwy nadprzyrodzony pogl\u0105d i zaufanie w Bo\u017c\u0105 interwencj\u0119 i niezniszczalno\u015b\u0107 Ko\u015bcio\u0142a.<\/p>\n\n\n\n<p class=\"has-text-align-justify has-vivid-cyan-blue-color has-text-color has-ek-indent wp-block-paragraph\" style=\"--ek-indent:20px\">Oj Schneider, Schneider \u2026..nie po to B\u00f3g da\u0142 nam rozum woln\u0105 wol\u0119 i to jedno zycie, \u017ceby teraz interweniowa\u0142. to by musia\u0142 robi\u0107 tak zawsze, inaczej by\u0142by w stosunku do poprzednich pokole\u0144 niesprawiedliwy. <\/p>\n\n\n\n<p class=\"wp-block-paragraph\">+ Atanazy Schneider<\/p>\n\n\n\n<p class=\"wp-block-paragraph\"><\/p>\n\n\n\n<p class=\"wp-block-paragraph\">Podsumowuj\u0105c wyst\u0105pienie biskupa Schneidera przytaczamy stary komunistyczny dowcip, kt\u00f3ry biskupowi powinien by\u0107 znany.<\/p>\n\n\n\n<p class=\"has-medium-font-size has-ek-indent wp-block-paragraph\" style=\"--ek-indent:20px\">Pytanie: Czy usiad\u0142by\u015b go\u0142ym ty\u0142kiem na je\u017ca?<\/p>\n\n\n\n<p class=\"has-medium-font-size has-ek-indent wp-block-paragraph\" style=\"--ek-indent:20px\">Odpowied\u017a: Tak, pod warunkiem, \u017ce:<\/p>\n\n\n\n<ol class=\"wp-block-list\">\n<li class=\"has-medium-font-size has-medium-font-size has-ek-indent\" style=\"--ek-indent:20px\">Je\u017c by\u0142by ogolony.<\/li>\n\n\n\n<li class=\"has-medium-font-size has-medium-font-size has-ek-indent\" style=\"--ek-indent:20px\">Ty\u0142ek by\u0142by cudzy<\/li>\n\n\n\n<li class=\"has-medium-font-size has-medium-font-size has-ek-indent\" style=\"--ek-indent:20px\">I tak chcia\u0142aby partia.<\/li>\n<\/ol>\n\n\n\n<p class=\"wp-block-paragraph\"><\/p>\n\n\n\n<p class=\"wp-block-paragraph\">I widzimy, \u017ce wszystko si\u0119 zmieni\u0142o i nic si\u0119 nie zmieni\u0142o.<\/p>\n\n\n\n<div class=\"wp-block-kadence-infobox kt-info-box74405_787106-ce\"><a class=\"kt-blocks-info-box-link-wrap info-box-link kt-blocks-info-box-media-align-top kt-info-halign-center\" target=\"_blank\" rel=\"noopener noreferrer\" href=\"https:\/\/wobronietradycjiiwiary.com\/en\/subskrypcje-2\/\"><div class=\"kt-blocks-info-box-media-container\"><div class=\"kt-blocks-info-box-media kt-info-media-animate-none\"><div class=\"kadence-info-box-image-inner-intrisic-container\"><div class=\"kadence-info-box-image-intrisic kt-info-animate-none\"><div class=\"kadence-info-box-image-inner-intrisic\"><img decoding=\"async\" data-attachment-id=\"99768\" data-permalink=\"https:\/\/wobronietradycjiiwiary.com\/en\/cropped-cropped-st-peters-dome-vatican-1-jpg\/\" data-orig-file=\"https:\/\/wobronietradycjiiwiary.com\/wp-content\/uploads\/2015\/10\/cropped-cropped-st-peters-dome-vatican-1.jpg\" data-orig-size=\"512,512\" data-comments-opened=\"1\" data-image-meta=\"{&quot;aperture&quot;:&quot;0&quot;,&quot;credit&quot;:&quot;&quot;,&quot;camera&quot;:&quot;&quot;,&quot;caption&quot;:&quot;&quot;,&quot;created_timestamp&quot;:&quot;0&quot;,&quot;copyright&quot;:&quot;&quot;,&quot;focal_length&quot;:&quot;0&quot;,&quot;iso&quot;:&quot;0&quot;,&quot;shutter_speed&quot;:&quot;0&quot;,&quot;title&quot;:&quot;&quot;,&quot;orientation&quot;:&quot;0&quot;}\" data-image-title=\"cropped-cropped-st-peters-dome-vatican-1.jpg\" data-image-description=\"&lt;p&gt;https:\/\/wobronietradycjiiwiary.com\/wp-content\/uploads\/2015\/10\/cropped-cropped-st-peters-dome-vatican-1.jpg&lt;\/p&gt;\" data-image-caption=\"\" data-large-file=\"https:\/\/wobronietradycjiiwiary.com\/wp-content\/uploads\/2015\/10\/cropped-cropped-st-peters-dome-vatican-1.jpg\" src=\"https:\/\/wobronietradycjiiwiary.com\/wp-content\/uploads\/2015\/10\/cropped-cropped-st-peters-dome-vatican-1-150x150.jpg\" alt=\"\" width=\"150\" height=\"150\" class=\"kt-info-box-image wp-image-99768\" srcset=\"https:\/\/wobronietradycjiiwiary.com\/wp-content\/uploads\/2015\/10\/cropped-cropped-st-peters-dome-vatican-1-150x150.jpg 150w, https:\/\/wobronietradycjiiwiary.com\/wp-content\/uploads\/2015\/10\/cropped-cropped-st-peters-dome-vatican-1-300x300.jpg 300w, https:\/\/wobronietradycjiiwiary.com\/wp-content\/uploads\/2015\/10\/cropped-cropped-st-peters-dome-vatican-1-12x12.jpg 12w, https:\/\/wobronietradycjiiwiary.com\/wp-content\/uploads\/2015\/10\/cropped-cropped-st-peters-dome-vatican-1-400x400.jpg?crop=1 400w, https:\/\/wobronietradycjiiwiary.com\/wp-content\/uploads\/2015\/10\/cropped-cropped-st-peters-dome-vatican-1-200x200.jpg?crop=1 200w, https:\/\/wobronietradycjiiwiary.com\/wp-content\/uploads\/2015\/10\/cropped-cropped-st-peters-dome-vatican-1-100x100.jpg?crop=1 100w, https:\/\/wobronietradycjiiwiary.com\/wp-content\/uploads\/2015\/10\/cropped-cropped-st-peters-dome-vatican-1-270x270.jpg 270w, https:\/\/wobronietradycjiiwiary.com\/wp-content\/uploads\/2015\/10\/cropped-cropped-st-peters-dome-vatican-1-192x192.jpg 192w, https:\/\/wobronietradycjiiwiary.com\/wp-content\/uploads\/2015\/10\/cropped-cropped-st-peters-dome-vatican-1-180x180.jpg 180w, https:\/\/wobronietradycjiiwiary.com\/wp-content\/uploads\/2015\/10\/cropped-cropped-st-peters-dome-vatican-1-32x32.jpg 32w, https:\/\/wobronietradycjiiwiary.com\/wp-content\/uploads\/2015\/10\/cropped-cropped-st-peters-dome-vatican-1.jpg 512w\" sizes=\"(max-width: 150px) 100vw, 150px\" \/><\/div><\/div><\/div><\/div><\/div><div class=\"kt-infobox-textcontent\"><h2 class=\"kt-blocks-info-box-title\">Chcesz czyta\u0107 wszystko?<\/h2><p class=\"kt-blocks-info-box-text\"><strong>Wykup abonament.<\/strong><\/p><\/div><\/a><\/div>\n\n\n\n<div class=\"wp-block-cover aligncenter\" style=\"min-height:361px;aspect-ratio:unset;\"><img fetchpriority=\"high\" decoding=\"async\" width=\"524\" height=\"539\" data-attachment-id=\"115630\" data-permalink=\"https:\/\/wobronietradycjiiwiary.com\/en\/church-militant-o-naduzyciach-seksualnych-w-bractwie-sw-piusa-x-nowy-cykl\/ec48bf44892c29b895741920e0bdef09-2\/\" data-orig-file=\"https:\/\/wobronietradycjiiwiary.com\/wp-content\/uploads\/2024\/04\/ec48bf44892c29b895741920e0bdef09.jpg\" data-orig-size=\"524,539\" data-comments-opened=\"1\" data-image-meta=\"{&quot;aperture&quot;:&quot;0&quot;,&quot;credit&quot;:&quot;&quot;,&quot;camera&quot;:&quot;&quot;,&quot;caption&quot;:&quot;&quot;,&quot;created_timestamp&quot;:&quot;0&quot;,&quot;copyright&quot;:&quot;&quot;,&quot;focal_length&quot;:&quot;0&quot;,&quot;iso&quot;:&quot;0&quot;,&quot;shutter_speed&quot;:&quot;0&quot;,&quot;title&quot;:&quot;&quot;,&quot;orientation&quot;:&quot;0&quot;}\" data-image-title=\"ec48bf44892c29b895741920e0bdef09\" data-image-description=\"\" data-image-caption=\"\" data-large-file=\"https:\/\/wobronietradycjiiwiary.com\/wp-content\/uploads\/2024\/04\/ec48bf44892c29b895741920e0bdef09.jpg\" class=\"wp-block-cover__image-background wp-image-115630\" alt=\"\" src=\"https:\/\/wobronietradycjiiwiary.com\/wp-content\/uploads\/2024\/04\/ec48bf44892c29b895741920e0bdef09.jpg\" style=\"object-position:57% 0%\" data-object-fit=\"cover\" data-object-position=\"57% 0%\" srcset=\"https:\/\/wobronietradycjiiwiary.com\/wp-content\/uploads\/2024\/04\/ec48bf44892c29b895741920e0bdef09.jpg 524w, https:\/\/wobronietradycjiiwiary.com\/wp-content\/uploads\/2024\/04\/ec48bf44892c29b895741920e0bdef09-450x463.jpg 450w, https:\/\/wobronietradycjiiwiary.com\/wp-content\/uploads\/2024\/04\/ec48bf44892c29b895741920e0bdef09-292x300.jpg 292w, https:\/\/wobronietradycjiiwiary.com\/wp-content\/uploads\/2024\/04\/ec48bf44892c29b895741920e0bdef09-146x150.jpg 146w, https:\/\/wobronietradycjiiwiary.com\/wp-content\/uploads\/2024\/04\/ec48bf44892c29b895741920e0bdef09-12x12.jpg 12w, https:\/\/wobronietradycjiiwiary.com\/wp-content\/uploads\/2024\/04\/ec48bf44892c29b895741920e0bdef09-58x60.jpg 58w, https:\/\/wobronietradycjiiwiary.com\/wp-content\/uploads\/2024\/04\/ec48bf44892c29b895741920e0bdef09-87x90.jpg 87w\" sizes=\"(max-width: 524px) 100vw, 524px\" \/><span aria-hidden=\"true\" class=\"wp-block-cover__background has-background-dim\"><\/span><div class=\"wp-block-cover__inner-container is-layout-flow wp-block-cover-is-layout-flow\">\n<p class=\"has-text-align-center has-large-font-size wp-block-paragraph\"><mark style=\"background-color:rgba(0, 0, 0, 0)\" class=\"has-inline-color has-luminous-vivid-amber-color\"><strong>Spodoba\u0142o si\u0119? Wspieraj nas!<\/strong><\/mark><\/p>\n\n\n\n<p class=\"has-text-align-center wp-block-paragraph\"><strong>Kart\u0105, paypalem lub bezpo\u015brednim przelewem<\/strong>.<\/p>\n\n\n\n<p class=\"has-text-align-center wp-block-paragraph\" style=\"font-size:39px\"><a aria-label=\" (opens in a new tab)\" class=\"ek-link\" href=\"https:\/\/donate.stripe.com\/6oE7uNfHU4nXe2I7su\" target=\"_blank\" rel=\"noreferrer noopener\"><mark style=\"background-color:rgba(0, 0, 0, 0)\" class=\"has-inline-color has-white-color\"><strong>Datki<\/strong> <\/mark><\/a><\/p>\n<\/div><\/div>","protected":false},"excerpt":{"rendered":"<p>Biskup Schneider powtarza b\u0142\u0119dne argumenty o tym, \u017ce na papie\u017ca heretyka nic poradzi\u0107 nie mo\u017cna. Mo\u017cna, tylko si\u0119 nie chce.<\/p>","protected":false},"author":60508433,"featured_media":103609,"comment_status":"open","ping_status":"open","sticky":false,"template":"","format":"standard","meta":{"_coblocks_attr":"","_coblocks_dimensions":"","_coblocks_responsive_height":"","_coblocks_accordion_ie_support":"","_exactmetrics_skip_tracking":false,"_jetpack_newsletter_access":"","_jetpack_dont_email_post_to_subs":false,"_jetpack_newsletter_tier_id":0,"_jetpack_memberships_contains_paywalled_content":false,"_wpcom_ai_launchpad_first_post":false,"_jetpack_feature_clip_id":0,"_jetpack_memberships_contains_paid_content":false,"footnotes":"","jetpack_publicize_message":"{title}\n\n{excerpt}\n\n{url}","jetpack_publicize_feature_enabled":true,"jetpack_social_post_already_shared":true,"jetpack_social_options":{"image_generator_settings":{"template":"highway","default_image_id":0,"font":"","enabled":false},"version":2},"_wpas_customize_per_network":false,"jetpack_post_was_ever_published":false},"categories":[154619950,610131186,610131624],"tags":[948866,610130740,1386614],"class_list":["post-103583","post","type-post","status-publish","format-standard","has-post-thumbnail","hentry","category-papiez-franciszek","category-polemika","category-polemika-z-biskupem-schneiderem","tag-bergoglio","tag-biskup-schneider","tag-the-remnant"],"yoast_head":"<!-- This site is optimized with the Yoast SEO plugin v28.3 - https:\/\/yoast.com\/product\/yoast-seo-wordpress\/ -->\n<title>Czy biskup Schneider jest agentem Bergoglio? - Tradycja i Wiara<\/title>\n<meta name=\"robots\" content=\"index, follow, max-snippet:-1, max-image-preview:large, max-video-preview:-1\" \/>\n<link rel=\"canonical\" href=\"https:\/\/wobronietradycjiiwiary.com\/en\/czy-biskup-schneider-jest-agentem\/\" \/>\n<meta property=\"og:locale\" content=\"en_US\" \/>\n<meta property=\"og:type\" content=\"article\" \/>\n<meta property=\"og:title\" content=\"Czy biskup Schneider jest agentem Bergoglio? - Tradycja i Wiara\" \/>\n<meta property=\"og:description\" content=\"Biskup Schneider powtarza b\u0142\u0119dne argumenty o tym, \u017ce na papie\u017ca heretyka nic poradzi\u0107 nie mo\u017cna. Mo\u017cna, tylko si\u0119 nie chce.\" \/>\n<meta property=\"og:url\" content=\"https:\/\/wobronietradycjiiwiary.com\/en\/czy-biskup-schneider-jest-agentem\/\" \/>\n<meta property=\"og:site_name\" content=\"Tradycja i Wiara\" \/>\n<meta property=\"article:publisher\" content=\"https:\/\/www.facebook.com\/Tradycja-i-Wiara-108813920592249\" \/>\n<meta property=\"article:published_time\" content=\"2023-09-21T13:45:22+00:00\" \/>\n<meta property=\"article:modified_time\" content=\"2025-09-05T13:03:40+00:00\" \/>\n<meta property=\"og:image\" content=\"https:\/\/wobronietradycjiiwiary.com\/wp-content\/uploads\/2023\/09\/Bellarmin.jpg\" \/>\n\t<meta property=\"og:image:width\" content=\"469\" \/>\n\t<meta property=\"og:image:height\" content=\"700\" \/>\n\t<meta property=\"og:image:type\" content=\"image\/jpeg\" \/>\n<meta name=\"author\" content=\"Traditio et Fides\" \/>\n<meta name=\"twitter:card\" content=\"summary_large_image\" \/>\n<meta name=\"twitter:label1\" content=\"Written by\" \/>\n\t<meta name=\"twitter:data1\" content=\"Traditio et Fides\" \/>\n\t<meta name=\"twitter:label2\" content=\"Est. reading time\" \/>\n\t<meta name=\"twitter:data2\" content=\"10 minutes\" \/>\n<script type=\"application\/ld+json\" class=\"yoast-schema-graph\">{\"@context\":\"https:\\\/\\\/schema.org\",\"@graph\":[{\"@type\":\"Article\",\"@id\":\"https:\\\/\\\/wobronietradycjiiwiary.com\\\/czy-biskup-schneider-jest-agentem\\\/#article\",\"isPartOf\":{\"@id\":\"https:\\\/\\\/wobronietradycjiiwiary.com\\\/czy-biskup-schneider-jest-agentem\\\/\"},\"author\":{\"name\":\"Traditio et Fides\",\"@id\":\"https:\\\/\\\/wobronietradycjiiwiary.com\\\/pl\\\/#\\\/schema\\\/person\\\/2d6180ce6abcb681fef0daab7816e8f3\"},\"headline\":\"Czy biskup Schneider jest agentem Bergoglio?\",\"datePublished\":\"2023-09-21T13:45:22+00:00\",\"dateModified\":\"2025-09-05T13:03:40+00:00\",\"mainEntityOfPage\":{\"@id\":\"https:\\\/\\\/wobronietradycjiiwiary.com\\\/czy-biskup-schneider-jest-agentem\\\/\"},\"wordCount\":1790,\"commentCount\":0,\"publisher\":{\"@id\":\"https:\\\/\\\/wobronietradycjiiwiary.com\\\/pl\\\/#organization\"},\"image\":{\"@id\":\"https:\\\/\\\/wobronietradycjiiwiary.com\\\/czy-biskup-schneider-jest-agentem\\\/#primaryimage\"},\"thumbnailUrl\":\"https:\\\/\\\/wobronietradycjiiwiary.com\\\/wp-content\\\/uploads\\\/2023\\\/09\\\/Bellarmin.jpg\",\"keywords\":[\"Bergoglio\",\"Biskup Schneider\",\"The Remnant\"],\"articleSection\":[\"4. Franciszek\",\"Polemika\",\"Polemika z biskupem Schneiderem\"],\"inLanguage\":\"en-US\",\"potentialAction\":[{\"@type\":\"CommentAction\",\"name\":\"Comment\",\"target\":[\"https:\\\/\\\/wobronietradycjiiwiary.com\\\/czy-biskup-schneider-jest-agentem\\\/#respond\"]}]},{\"@type\":\"WebPage\",\"@id\":\"https:\\\/\\\/wobronietradycjiiwiary.com\\\/czy-biskup-schneider-jest-agentem\\\/\",\"url\":\"https:\\\/\\\/wobronietradycjiiwiary.com\\\/czy-biskup-schneider-jest-agentem\\\/\",\"name\":\"Czy biskup Schneider jest agentem Bergoglio? - Tradycja i Wiara\",\"isPartOf\":{\"@id\":\"https:\\\/\\\/wobronietradycjiiwiary.com\\\/pl\\\/#website\"},\"primaryImageOfPage\":{\"@id\":\"https:\\\/\\\/wobronietradycjiiwiary.com\\\/czy-biskup-schneider-jest-agentem\\\/#primaryimage\"},\"image\":{\"@id\":\"https:\\\/\\\/wobronietradycjiiwiary.com\\\/czy-biskup-schneider-jest-agentem\\\/#primaryimage\"},\"thumbnailUrl\":\"https:\\\/\\\/wobronietradycjiiwiary.com\\\/wp-content\\\/uploads\\\/2023\\\/09\\\/Bellarmin.jpg\",\"datePublished\":\"2023-09-21T13:45:22+00:00\",\"dateModified\":\"2025-09-05T13:03:40+00:00\",\"breadcrumb\":{\"@id\":\"https:\\\/\\\/wobronietradycjiiwiary.com\\\/czy-biskup-schneider-jest-agentem\\\/#breadcrumb\"},\"inLanguage\":\"en-US\",\"potentialAction\":[{\"@type\":\"ReadAction\",\"target\":[\"https:\\\/\\\/wobronietradycjiiwiary.com\\\/czy-biskup-schneider-jest-agentem\\\/\"]}]},{\"@type\":\"ImageObject\",\"inLanguage\":\"en-US\",\"@id\":\"https:\\\/\\\/wobronietradycjiiwiary.com\\\/czy-biskup-schneider-jest-agentem\\\/#primaryimage\",\"url\":\"https:\\\/\\\/wobronietradycjiiwiary.com\\\/wp-content\\\/uploads\\\/2023\\\/09\\\/Bellarmin.jpg\",\"contentUrl\":\"https:\\\/\\\/wobronietradycjiiwiary.com\\\/wp-content\\\/uploads\\\/2023\\\/09\\\/Bellarmin.jpg\",\"width\":469,\"height\":700},{\"@type\":\"BreadcrumbList\",\"@id\":\"https:\\\/\\\/wobronietradycjiiwiary.com\\\/czy-biskup-schneider-jest-agentem\\\/#breadcrumb\",\"itemListElement\":[{\"@type\":\"ListItem\",\"position\":1,\"name\":\"Strona g\u0142\u00f3wna\",\"item\":\"https:\\\/\\\/wobronietradycjiiwiary.com\\\/\"},{\"@type\":\"ListItem\",\"position\":2,\"name\":\"Czy biskup Schneider jest agentem Bergoglio?\"}]},{\"@type\":\"WebSite\",\"@id\":\"https:\\\/\\\/wobronietradycjiiwiary.com\\\/pl\\\/#website\",\"url\":\"https:\\\/\\\/wobronietradycjiiwiary.com\\\/pl\\\/\",\"name\":\"Tradycja i Wiara\",\"description\":\"Portal dla katolik\u00f3w.\",\"publisher\":{\"@id\":\"https:\\\/\\\/wobronietradycjiiwiary.com\\\/pl\\\/#organization\"},\"potentialAction\":[{\"@type\":\"SearchAction\",\"target\":{\"@type\":\"EntryPoint\",\"urlTemplate\":\"https:\\\/\\\/wobronietradycjiiwiary.com\\\/pl\\\/?s={search_term_string}\"},\"query-input\":{\"@type\":\"PropertyValueSpecification\",\"valueRequired\":true,\"valueName\":\"search_term_string\"}}],\"inLanguage\":\"en-US\"},{\"@type\":\"Organization\",\"@id\":\"https:\\\/\\\/wobronietradycjiiwiary.com\\\/pl\\\/#organization\",\"name\":\"Tradycja i Wiara\",\"url\":\"https:\\\/\\\/wobronietradycjiiwiary.com\\\/pl\\\/\",\"logo\":{\"@type\":\"ImageObject\",\"inLanguage\":\"en-US\",\"@id\":\"https:\\\/\\\/wobronietradycjiiwiary.com\\\/pl\\\/#\\\/schema\\\/logo\\\/image\\\/\",\"url\":\"https:\\\/\\\/i0.wp.com\\\/wobronietradycjiiwiary.com\\\/wp-content\\\/uploads\\\/2015\\\/10\\\/cropped-st-peters-dome-vatican.jpg?fit=940%2C198&ssl=1\",\"contentUrl\":\"https:\\\/\\\/i0.wp.com\\\/wobronietradycjiiwiary.com\\\/wp-content\\\/uploads\\\/2015\\\/10\\\/cropped-st-peters-dome-vatican.jpg?fit=940%2C198&ssl=1\",\"width\":940,\"height\":198,\"caption\":\"Tradycja i Wiara\"},\"image\":{\"@id\":\"https:\\\/\\\/wobronietradycjiiwiary.com\\\/pl\\\/#\\\/schema\\\/logo\\\/image\\\/\"},\"sameAs\":[\"https:\\\/\\\/www.facebook.com\\\/Tradycja-i-Wiara-108813920592249\"]},{\"@type\":\"Person\",\"@id\":\"https:\\\/\\\/wobronietradycjiiwiary.com\\\/pl\\\/#\\\/schema\\\/person\\\/2d6180ce6abcb681fef0daab7816e8f3\",\"name\":\"Traditio et Fides\",\"sameAs\":[\"https:\\\/\\\/traditionundglauben.com\"],\"url\":\"https:\\\/\\\/wobronietradycjiiwiary.com\\\/en\\\/author\\\/wobronietradycjiiwiary\\\/\"}]}<\/script>\n<!-- \/ Yoast SEO plugin. -->","yoast_head_json":{"title":"Czy biskup Schneider jest agentem Bergoglio? - Tradycja i Wiara","robots":{"index":"index","follow":"follow","max-snippet":"max-snippet:-1","max-image-preview":"max-image-preview:large","max-video-preview":"max-video-preview:-1"},"canonical":"https:\/\/wobronietradycjiiwiary.com\/en\/czy-biskup-schneider-jest-agentem\/","og_locale":"en_US","og_type":"article","og_title":"Czy biskup Schneider jest agentem Bergoglio? - Tradycja i Wiara","og_description":"Biskup Schneider powtarza b\u0142\u0119dne argumenty o tym, \u017ce na papie\u017ca heretyka nic poradzi\u0107 nie mo\u017cna. Mo\u017cna, tylko si\u0119 nie chce.","og_url":"https:\/\/wobronietradycjiiwiary.com\/en\/czy-biskup-schneider-jest-agentem\/","og_site_name":"Tradycja i Wiara","article_publisher":"https:\/\/www.facebook.com\/Tradycja-i-Wiara-108813920592249","article_published_time":"2023-09-21T13:45:22+00:00","article_modified_time":"2025-09-05T13:03:40+00:00","og_image":[{"width":469,"height":700,"url":"https:\/\/wobronietradycjiiwiary.com\/wp-content\/uploads\/2023\/09\/Bellarmin.jpg","type":"image\/jpeg"}],"author":"Traditio et Fides","twitter_card":"summary_large_image","twitter_misc":{"Written by":"Traditio et Fides","Est. reading time":"10 minutes"},"schema":{"@context":"https:\/\/schema.org","@graph":[{"@type":"Article","@id":"https:\/\/wobronietradycjiiwiary.com\/czy-biskup-schneider-jest-agentem\/#article","isPartOf":{"@id":"https:\/\/wobronietradycjiiwiary.com\/czy-biskup-schneider-jest-agentem\/"},"author":{"name":"Traditio et Fides","@id":"https:\/\/wobronietradycjiiwiary.com\/pl\/#\/schema\/person\/2d6180ce6abcb681fef0daab7816e8f3"},"headline":"Czy biskup Schneider jest agentem Bergoglio?","datePublished":"2023-09-21T13:45:22+00:00","dateModified":"2025-09-05T13:03:40+00:00","mainEntityOfPage":{"@id":"https:\/\/wobronietradycjiiwiary.com\/czy-biskup-schneider-jest-agentem\/"},"wordCount":1790,"commentCount":0,"publisher":{"@id":"https:\/\/wobronietradycjiiwiary.com\/pl\/#organization"},"image":{"@id":"https:\/\/wobronietradycjiiwiary.com\/czy-biskup-schneider-jest-agentem\/#primaryimage"},"thumbnailUrl":"https:\/\/wobronietradycjiiwiary.com\/wp-content\/uploads\/2023\/09\/Bellarmin.jpg","keywords":["Bergoglio","Biskup Schneider","The Remnant"],"articleSection":["4. Franciszek","Polemika","Polemika z biskupem Schneiderem"],"inLanguage":"en-US","potentialAction":[{"@type":"CommentAction","name":"Comment","target":["https:\/\/wobronietradycjiiwiary.com\/czy-biskup-schneider-jest-agentem\/#respond"]}]},{"@type":"WebPage","@id":"https:\/\/wobronietradycjiiwiary.com\/czy-biskup-schneider-jest-agentem\/","url":"https:\/\/wobronietradycjiiwiary.com\/czy-biskup-schneider-jest-agentem\/","name":"Czy biskup Schneider jest agentem Bergoglio? - Tradycja i Wiara","isPartOf":{"@id":"https:\/\/wobronietradycjiiwiary.com\/pl\/#website"},"primaryImageOfPage":{"@id":"https:\/\/wobronietradycjiiwiary.com\/czy-biskup-schneider-jest-agentem\/#primaryimage"},"image":{"@id":"https:\/\/wobronietradycjiiwiary.com\/czy-biskup-schneider-jest-agentem\/#primaryimage"},"thumbnailUrl":"https:\/\/wobronietradycjiiwiary.com\/wp-content\/uploads\/2023\/09\/Bellarmin.jpg","datePublished":"2023-09-21T13:45:22+00:00","dateModified":"2025-09-05T13:03:40+00:00","breadcrumb":{"@id":"https:\/\/wobronietradycjiiwiary.com\/czy-biskup-schneider-jest-agentem\/#breadcrumb"},"inLanguage":"en-US","potentialAction":[{"@type":"ReadAction","target":["https:\/\/wobronietradycjiiwiary.com\/czy-biskup-schneider-jest-agentem\/"]}]},{"@type":"ImageObject","inLanguage":"en-US","@id":"https:\/\/wobronietradycjiiwiary.com\/czy-biskup-schneider-jest-agentem\/#primaryimage","url":"https:\/\/wobronietradycjiiwiary.com\/wp-content\/uploads\/2023\/09\/Bellarmin.jpg","contentUrl":"https:\/\/wobronietradycjiiwiary.com\/wp-content\/uploads\/2023\/09\/Bellarmin.jpg","width":469,"height":700},{"@type":"BreadcrumbList","@id":"https:\/\/wobronietradycjiiwiary.com\/czy-biskup-schneider-jest-agentem\/#breadcrumb","itemListElement":[{"@type":"ListItem","position":1,"name":"Strona g\u0142\u00f3wna","item":"https:\/\/wobronietradycjiiwiary.com\/"},{"@type":"ListItem","position":2,"name":"Czy biskup Schneider jest agentem Bergoglio?"}]},{"@type":"WebSite","@id":"https:\/\/wobronietradycjiiwiary.com\/pl\/#website","url":"https:\/\/wobronietradycjiiwiary.com\/pl\/","name":"Tradycja i Wiara","description":"Portal dla katolik\u00f3w.","publisher":{"@id":"https:\/\/wobronietradycjiiwiary.com\/pl\/#organization"},"potentialAction":[{"@type":"SearchAction","target":{"@type":"EntryPoint","urlTemplate":"https:\/\/wobronietradycjiiwiary.com\/pl\/?s={search_term_string}"},"query-input":{"@type":"PropertyValueSpecification","valueRequired":true,"valueName":"search_term_string"}}],"inLanguage":"en-US"},{"@type":"Organization","@id":"https:\/\/wobronietradycjiiwiary.com\/pl\/#organization","name":"Tradycja i Wiara","url":"https:\/\/wobronietradycjiiwiary.com\/pl\/","logo":{"@type":"ImageObject","inLanguage":"en-US","@id":"https:\/\/wobronietradycjiiwiary.com\/pl\/#\/schema\/logo\/image\/","url":"https:\/\/i0.wp.com\/wobronietradycjiiwiary.com\/wp-content\/uploads\/2015\/10\/cropped-st-peters-dome-vatican.jpg?fit=940%2C198&ssl=1","contentUrl":"https:\/\/i0.wp.com\/wobronietradycjiiwiary.com\/wp-content\/uploads\/2015\/10\/cropped-st-peters-dome-vatican.jpg?fit=940%2C198&ssl=1","width":940,"height":198,"caption":"Tradycja i Wiara"},"image":{"@id":"https:\/\/wobronietradycjiiwiary.com\/pl\/#\/schema\/logo\/image\/"},"sameAs":["https:\/\/www.facebook.com\/Tradycja-i-Wiara-108813920592249"]},{"@type":"Person","@id":"https:\/\/wobronietradycjiiwiary.com\/pl\/#\/schema\/person\/2d6180ce6abcb681fef0daab7816e8f3","name":"Traditio et Fides","sameAs":["https:\/\/traditionundglauben.com"],"url":"https:\/\/wobronietradycjiiwiary.com\/en\/author\/wobronietradycjiiwiary\/"}]}},"jetpack_publicize_connections":[],"jetpack_sharing_enabled":true,"jetpack_likes_enabled":true,"jetpack_shortlink":"https:\/\/wp.me\/pc04Sd-qWH","jetpack-related-posts":[{"id":26992,"url":"https:\/\/wobronietradycjiiwiary.com\/en\/papiez-heretyk-automatycznie-traci-urzad-lub-bledy-biskupa-schneidera-1-z-4\/","url_meta":{"origin":103583,"position":0},"title":"Papie\u017c heretyk automatycznie traci urz\u0105d lub b\u0142\u0119dy biskupa Schneidera (1 z 2)","author":"Traditio et Fides","date":"10 March 2020","format":false,"excerpt":"Opublikowany dnia 28. lutego 2020 tekst biskupa Schneidera pt. W kwestii prawdziwego papie\u017ca w \u015bwietle opinii o automatycznej utracie urz\u0119du papieskiego z powodu herezji oraz domys\u0142\u00f3w odno\u015bnie do ust\u0105pienia Benedykta XVI stanowi zlepek p\u00f3\u0142prawd, b\u0142\u0119d\u00f3w i poszlak i s\u0142u\u017cy utrzymaniu status quo bezczynno\u015bci w Ko\u015bciele. Biskup pomocniczy Astany twierdzi, i\u017c:\u2026","rel":"","context":"In &quot;Haereticus papa&quot;","block_context":{"text":"Haereticus papa","link":"https:\/\/wobronietradycjiiwiary.com\/en\/category\/doktryna\/teologia-dogmatyczna\/papiestwo\/haereticus-papa\/"},"img":{"alt_text":"","src":"https:\/\/i0.wp.com\/wobronietradycjiiwiary.com\/wp-content\/uploads\/2020\/03\/1Medieval_Monster__3274903k.jpg?resize=350%2C200&ssl=1","width":350,"height":200,"srcset":"https:\/\/i0.wp.com\/wobronietradycjiiwiary.com\/wp-content\/uploads\/2020\/03\/1Medieval_Monster__3274903k.jpg?resize=350%2C200&ssl=1 1x, https:\/\/i0.wp.com\/wobronietradycjiiwiary.com\/wp-content\/uploads\/2020\/03\/1Medieval_Monster__3274903k.jpg?resize=525%2C300&ssl=1 1.5x, https:\/\/i0.wp.com\/wobronietradycjiiwiary.com\/wp-content\/uploads\/2020\/03\/1Medieval_Monster__3274903k.jpg?resize=700%2C400&ssl=1 2x"},"classes":[]},{"id":27007,"url":"https:\/\/wobronietradycjiiwiary.com\/en\/papiez-heretyk-automatycznie-traci-urzad-lub-bledy-biskupa-schneidera-i-zniesienie-z-urzedu-koncyliaryzm-2\/","url_meta":{"origin":103583,"position":1},"title":"Papie\u017c heretyk automatycznie traci urz\u0105d lub b\u0142\u0119dy biskupa Schneidera. I. Zniesienie z urz\u0119du. Koncyliaryzm (2 z 2)","author":"Traditio et Fides","date":"17 March 2020","format":false,"excerpt":"B\u0142\u0105d nr. 2: \u201eHerezja koncyliaryzmu\u201d Biskup Schneider pisze: \u201e[\u2026] \u015bredniowieczni i p\u00f3\u017aniejsi teologowie hipotetycznie zak\u0142adali mo\u017cliwo\u015b\u0107 istnienia papie\u017ca-heretyka. Ewentualne pot\u0119pienie papie\u017ca przez tak zwany niedoskona\u0142y sob\u00f3r biskup\u00f3w w zwi\u0105zku z popadni\u0119ciem przez niego w herezj\u0119 jest jedn\u0105 z postaci z\u0142agodzonego koncyliaryzmu. Heretycka teza koncyliaryzmu g\u0142osi, \u017ce sob\u00f3r jest nadrz\u0119dny wobec\u2026","rel":"","context":"In &quot;Haereticus papa&quot;","block_context":{"text":"Haereticus papa","link":"https:\/\/wobronietradycjiiwiary.com\/en\/category\/doktryna\/teologia-dogmatyczna\/papiestwo\/haereticus-papa\/"},"img":{"alt_text":"","src":"https:\/\/i0.wp.com\/wobronietradycjiiwiary.com\/wp-content\/uploads\/2020\/03\/1Medieval_Monster__3274903k.jpg?resize=350%2C200&ssl=1","width":350,"height":200,"srcset":"https:\/\/i0.wp.com\/wobronietradycjiiwiary.com\/wp-content\/uploads\/2020\/03\/1Medieval_Monster__3274903k.jpg?resize=350%2C200&ssl=1 1x, https:\/\/i0.wp.com\/wobronietradycjiiwiary.com\/wp-content\/uploads\/2020\/03\/1Medieval_Monster__3274903k.jpg?resize=525%2C300&ssl=1 1.5x, https:\/\/i0.wp.com\/wobronietradycjiiwiary.com\/wp-content\/uploads\/2020\/03\/1Medieval_Monster__3274903k.jpg?resize=700%2C400&ssl=1 2x"},"classes":[]},{"id":19789,"url":"https:\/\/wobronietradycjiiwiary.com\/en\/usprawiedliwienie-wlasnego-tchorzostwa-lub-biskup-schneider-nie-ma-racji-3-2-z-4\/","url_meta":{"origin":103583,"position":2},"title":"Usprawiedliwienie w\u0142asnego tch\u00f3rzostwa lub biskup Schneider nie ma racji (4 z 8) \u0179r\u00f3d\u0142a i autorytety","author":"Traditio et Fides","date":"26 March 2019","format":false,"excerpt":"\u00a0 Waga \u017ar\u00f3de\u0142 i autorytet\u00f3w Biskup Schneider tak bardzo broni si\u0119 przed konieczno\u015bci\u0105 dzia\u0142ania, \u017ce najwyra\u017aniej \u017c\u0105da, by teza haereticus papa by\u0142a dogmatem, najlepiej sformu\u0142owanym ex cathedra i dlatego, jak ju\u017c ukazali\u015bmy, obni\u017ca kwalifikacj\u0119 dogmatyczn\u0105 tezy haereticus papa z sententia communis na opinio theologica. Biskup z Kazachstanu dokonuje analizy powy\u017cszej\u2026","rel":"","context":"In &quot;4. Franciszek&quot;","block_context":{"text":"4. Franciszek","link":"https:\/\/wobronietradycjiiwiary.com\/en\/category\/polemika\/kosciol-posoborowy\/papieze\/papiez-franciszek\/"},"img":{"alt_text":"","src":"https:\/\/i0.wp.com\/wobronietradycjiiwiary.com\/wp-content\/uploads\/2019\/10\/5.zoroastre-bl-_yates_thompson_28_f._51_0.jpg?resize=350%2C200&ssl=1","width":350,"height":200,"srcset":"https:\/\/i0.wp.com\/wobronietradycjiiwiary.com\/wp-content\/uploads\/2019\/10\/5.zoroastre-bl-_yates_thompson_28_f._51_0.jpg?resize=350%2C200&ssl=1 1x, https:\/\/i0.wp.com\/wobronietradycjiiwiary.com\/wp-content\/uploads\/2019\/10\/5.zoroastre-bl-_yates_thompson_28_f._51_0.jpg?resize=525%2C300&ssl=1 1.5x, https:\/\/i0.wp.com\/wobronietradycjiiwiary.com\/wp-content\/uploads\/2019\/10\/5.zoroastre-bl-_yates_thompson_28_f._51_0.jpg?resize=700%2C400&ssl=1 2x, https:\/\/i0.wp.com\/wobronietradycjiiwiary.com\/wp-content\/uploads\/2019\/10\/5.zoroastre-bl-_yates_thompson_28_f._51_0.jpg?resize=1050%2C600&ssl=1 3x"},"classes":[]},{"id":19743,"url":"https:\/\/wobronietradycjiiwiary.com\/en\/usprawiedliwienie-wlasnego-tchorzostwa-lub-biskup-schneider-nie-ma-racji-1-z-4\/","url_meta":{"origin":103583,"position":3},"title":"Usprawiedliwienie w\u0142asnego tch\u00f3rzostwa lub biskup Schneider nie ma racji (1 z 8) Przeczekanie papie\u017ca-heretyka","author":"Traditio et Fides","date":"22 March 2019","format":false,"excerpt":"Benedykt jest nadal papie\u017cem Artyku\u0142 biskupa Athanasiusa Schneidera pt. W kwestii papie\u017ca heretyka kaza\u0142 na siebie do\u015b\u0107 d\u0142ugo czeka\u0107, gdy\u017c biskup opublikowa\u0142 go dopiero sze\u015b\u0107 lat po wst\u0105pieniu na tron antypapie\u017ca Franciszka, aczkolwiek pytania o post\u0119powanie z papie\u017cem heretykiem pojawi\u0142y si\u0119 w kontek\u015bcie Bergoglio bardzo wcze\u015bnie. Oczywi\u015bcie mo\u017cna by spraw\u0119\u2026","rel":"","context":"In &quot;4. Franciszek&quot;","block_context":{"text":"4. Franciszek","link":"https:\/\/wobronietradycjiiwiary.com\/en\/category\/polemika\/kosciol-posoborowy\/papieze\/papiez-franciszek\/"},"img":{"alt_text":"","src":"https:\/\/i0.wp.com\/wobronietradycjiiwiary.com\/wp-content\/uploads\/2019\/10\/5.zoroastre-bl-_yates_thompson_28_f._51_0.jpg?resize=350%2C200&ssl=1","width":350,"height":200,"srcset":"https:\/\/i0.wp.com\/wobronietradycjiiwiary.com\/wp-content\/uploads\/2019\/10\/5.zoroastre-bl-_yates_thompson_28_f._51_0.jpg?resize=350%2C200&ssl=1 1x, https:\/\/i0.wp.com\/wobronietradycjiiwiary.com\/wp-content\/uploads\/2019\/10\/5.zoroastre-bl-_yates_thompson_28_f._51_0.jpg?resize=525%2C300&ssl=1 1.5x, https:\/\/i0.wp.com\/wobronietradycjiiwiary.com\/wp-content\/uploads\/2019\/10\/5.zoroastre-bl-_yates_thompson_28_f._51_0.jpg?resize=700%2C400&ssl=1 2x, https:\/\/i0.wp.com\/wobronietradycjiiwiary.com\/wp-content\/uploads\/2019\/10\/5.zoroastre-bl-_yates_thompson_28_f._51_0.jpg?resize=1050%2C600&ssl=1 3x"},"classes":[]},{"id":19783,"url":"https:\/\/wobronietradycjiiwiary.com\/en\/usprawiedliwienie-wlasnego-tchorzostwa-lub-biskup-schneider-nie-ma-racji-3-1-z-4\/","url_meta":{"origin":103583,"position":4},"title":"Usprawiedliwienie w\u0142asnego tch\u00f3rzostwa lub biskup Schneider nie ma racji (3 z 8) Opinia teologiczna","author":"Traditio et Fides","date":"26 March 2019","format":false,"excerpt":"Opinia teologiczna? Biskup Schneider pisze, i\u017c: Teoria o zdetronizowaniu papie\u017ca-heretyka lub utracie przez niego urz\u0119du ipso facto z powodu herezji jest jedynie opini\u0105 teologiczn\u0105 [\u2026] Czy aby na pewno? A czym jest opinia teologiczna (opinio theologica)? Jest to najni\u017cszy stopie\u0144 pewno\u015bci dogmatycznej, podczas gdy ilo\u015b\u0107 stopni pewno\u015bci zale\u017cy od obranej\u2026","rel":"","context":"In &quot;4. Franciszek&quot;","block_context":{"text":"4. Franciszek","link":"https:\/\/wobronietradycjiiwiary.com\/en\/category\/polemika\/kosciol-posoborowy\/papieze\/papiez-franciszek\/"},"img":{"alt_text":"","src":"https:\/\/i0.wp.com\/wobronietradycjiiwiary.com\/wp-content\/uploads\/2019\/10\/5.zoroastre-bl-_yates_thompson_28_f._51_0.jpg?resize=350%2C200&ssl=1","width":350,"height":200,"srcset":"https:\/\/i0.wp.com\/wobronietradycjiiwiary.com\/wp-content\/uploads\/2019\/10\/5.zoroastre-bl-_yates_thompson_28_f._51_0.jpg?resize=350%2C200&ssl=1 1x, https:\/\/i0.wp.com\/wobronietradycjiiwiary.com\/wp-content\/uploads\/2019\/10\/5.zoroastre-bl-_yates_thompson_28_f._51_0.jpg?resize=525%2C300&ssl=1 1.5x, https:\/\/i0.wp.com\/wobronietradycjiiwiary.com\/wp-content\/uploads\/2019\/10\/5.zoroastre-bl-_yates_thompson_28_f._51_0.jpg?resize=700%2C400&ssl=1 2x, https:\/\/i0.wp.com\/wobronietradycjiiwiary.com\/wp-content\/uploads\/2019\/10\/5.zoroastre-bl-_yates_thompson_28_f._51_0.jpg?resize=1050%2C600&ssl=1 3x"},"classes":[]},{"id":19880,"url":"https:\/\/wobronietradycjiiwiary.com\/en\/usprawiedliwienie-wlasnego-tchorzostwa-lub-biskup-schneider-nie-ma-racji-4-2-z-4\/","url_meta":{"origin":103583,"position":5},"title":"Usprawiedliwienie w\u0142asnego tch\u00f3rzostwa lub biskup Schneider nie ma racji (8 z 8) Kto uratowa\u0142 Ko\u015bci\u00f3\u0142?","author":"Traditio et Fides","date":"4 April 2019","format":false,"excerpt":"Czy\u017cby to babcie w chustkach Ko\u015bci\u00f3\u0142 od Arian uratowa\u0142y? Biskup Schneider pisze: Ko\u015bci\u00f3\u0142 jest prawdziwie jednym organicznym cia\u0142em i gdy dojdzie do os\u0142abienia lub brak\u00f3w w g\u0142owie cia\u0142a (papie\u017c), reszta cia\u0142a (wierni) lub wyr\u00f3\u017cniaj\u0105ce si\u0119 cz\u0119\u015bci cia\u0142a (biskupi) uzupe\u0142niaj\u0105 tymczasowe b\u0142\u0119dy papieskie. Jeden z najs\u0142ynniejszych i najtragiczniejszych przyk\u0142ad\u00f3w mia\u0142 miejsce\u2026","rel":"","context":"In &quot;4. Franciszek&quot;","block_context":{"text":"4. Franciszek","link":"https:\/\/wobronietradycjiiwiary.com\/en\/category\/polemika\/kosciol-posoborowy\/papieze\/papiez-franciszek\/"},"img":{"alt_text":"","src":"https:\/\/i0.wp.com\/wobronietradycjiiwiary.com\/wp-content\/uploads\/2019\/10\/5.zoroastre-bl-_yates_thompson_28_f._51_0.jpg?resize=350%2C200&ssl=1","width":350,"height":200,"srcset":"https:\/\/i0.wp.com\/wobronietradycjiiwiary.com\/wp-content\/uploads\/2019\/10\/5.zoroastre-bl-_yates_thompson_28_f._51_0.jpg?resize=350%2C200&ssl=1 1x, https:\/\/i0.wp.com\/wobronietradycjiiwiary.com\/wp-content\/uploads\/2019\/10\/5.zoroastre-bl-_yates_thompson_28_f._51_0.jpg?resize=525%2C300&ssl=1 1.5x, https:\/\/i0.wp.com\/wobronietradycjiiwiary.com\/wp-content\/uploads\/2019\/10\/5.zoroastre-bl-_yates_thompson_28_f._51_0.jpg?resize=700%2C400&ssl=1 2x, https:\/\/i0.wp.com\/wobronietradycjiiwiary.com\/wp-content\/uploads\/2019\/10\/5.zoroastre-bl-_yates_thompson_28_f._51_0.jpg?resize=1050%2C600&ssl=1 3x"},"classes":[]}],"jetpack_featured_media_url":"https:\/\/wobronietradycjiiwiary.com\/wp-content\/uploads\/2023\/09\/Bellarmin.jpg","_links":{"self":[{"href":"https:\/\/wobronietradycjiiwiary.com\/en\/wp-json\/wp\/v2\/posts\/103583","targetHints":{"allow":["GET"]}}],"collection":[{"href":"https:\/\/wobronietradycjiiwiary.com\/en\/wp-json\/wp\/v2\/posts"}],"about":[{"href":"https:\/\/wobronietradycjiiwiary.com\/en\/wp-json\/wp\/v2\/types\/post"}],"author":[{"embeddable":true,"href":"https:\/\/wobronietradycjiiwiary.com\/en\/wp-json\/wp\/v2\/users\/60508433"}],"replies":[{"embeddable":true,"href":"https:\/\/wobronietradycjiiwiary.com\/en\/wp-json\/wp\/v2\/comments?post=103583"}],"version-history":[{"count":63,"href":"https:\/\/wobronietradycjiiwiary.com\/en\/wp-json\/wp\/v2\/posts\/103583\/revisions"}],"predecessor-version":[{"id":152535,"href":"https:\/\/wobronietradycjiiwiary.com\/en\/wp-json\/wp\/v2\/posts\/103583\/revisions\/152535"}],"wp:featuredmedia":[{"embeddable":true,"href":"https:\/\/wobronietradycjiiwiary.com\/en\/wp-json\/wp\/v2\/media\/103609"}],"wp:attachment":[{"href":"https:\/\/wobronietradycjiiwiary.com\/en\/wp-json\/wp\/v2\/media?parent=103583"}],"wp:term":[{"taxonomy":"category","embeddable":true,"href":"https:\/\/wobronietradycjiiwiary.com\/en\/wp-json\/wp\/v2\/categories?post=103583"},{"taxonomy":"post_tag","embeddable":true,"href":"https:\/\/wobronietradycjiiwiary.com\/en\/wp-json\/wp\/v2\/tags?post=103583"}],"curies":[{"name":"wp","href":"https:\/\/api.w.org\/{rel}","templated":true}]}}